{"id":4058,"date":"2026-03-10T13:59:09","date_gmt":"2026-03-10T12:59:09","guid":{"rendered":"https:\/\/www.minesparis.psl.eu\/isige\/?post_type=actualites&#038;p=4058"},"modified":"2026-03-10T14:01:04","modified_gmt":"2026-03-10T13:01:04","slug":"interview-de-line-gaumet-alumni-rsedd","status":"publish","type":"actualites","link":"https:\/\/www.minesparis.psl.eu\/isige\/actualites\/interview-de-line-gaumet-alumni-rsedd\/","title":{"rendered":"Interview de Line Gaumet, alumni RSEDD"},"content":{"rendered":"\n<div class=\"container block-full-largeur\">\n\t<div class=\"row mt-4\">\n\t\t<div class=\"col-md-12\">\n\t\t\t<p style=\"text-align: justify\" data-start=\"87\" data-end=\"399\">Forte de plus de 20 ans d\u2019exp\u00e9rience dans les achats et le d\u00e9veloppement de nouveaux produits, entre luxe et FMCG. Dipl\u00f4m\u00e9e de notre MS Executive RSEDD, Line Gaumet a \u00e9galement accompagn\u00e9 des entreprises en conseil sur la RSE, l\u2019\u00e9conomie circulaire et les achats responsables.<\/p>\n<p style=\"text-align: justify\" data-start=\"401\" data-end=\"799\">Aujourd&rsquo;hui, Line combine cr\u00e9ativit\u00e9 et rigueur pour piloter l\u2019innovation, optimiser les marges et accompagner des \u00e9quipes achats internationales, tout en int\u00e9grant durabilit\u00e9 et responsabilit\u00e9 dans chaque projet. Son expertise couvre l\u2019\u00e9co-conception, le packaging, le sourcing strat\u00e9gique et le d\u00e9veloppement de produits dans le luxe, les cosm\u00e9tiques, la maroquinerie et les produits de grande consommation.<\/p>\n<h1 style=\"text-align: justify\" role=\"presentation\"><span style=\"color: #015d9e\"><b data-olk-copy-source=\"MessageBody\">Quelles \u00e9taient vos fonctions et vos responsabilit\u00e9s avant de rejoindre le Mast\u00e8re Sp\u00e9cialis\u00e9, et quelles motivations vous ont conduite \u00e0 int\u00e9grer ce programme ?<\/b><\/span><\/h1>\n<div role=\"presentation\"><\/div>\n<div style=\"text-align: justify\">Apr\u00e8s plusieurs ann\u00e9es dans le secteur du luxe, o\u00f9 j\u2019ai occup\u00e9 des fonctions en achats et en d\u00e9veloppement de nouveaux produits, j\u2019ai \u00e9t\u00e9 progressivement immerg\u00e9e dans les enjeux de responsabilit\u00e9 environnementale et sociale. Sollicit\u00e9e par les Directions R\u00e9glementaire et D\u00e9veloppement Durable, j\u2019ai d\u00e9couvert l\u2019ampleur des d\u00e9fis li\u00e9s \u00e0 nos propres proc\u00e9d\u00e9s et \u00e0 notre cha\u00eene d\u2019approvisionnement.<\/div>\n<div><\/div>\n<div style=\"text-align: justify\">Cette collaboration a \u00e9t\u00e9 une r\u00e9v\u00e9lation : elle m\u2019a permis d\u2019acqu\u00e9rir de nouvelles comp\u00e9tences, d\u2019int\u00e9grer des pratiques comme l\u2019\u00e9coconception, et surtout, de mesurer l\u2019impact positif que chaque m\u00e9tier peut avoir. Cette exp\u00e9rience, \u00e0 la fois enrichissante et motivante, a renforc\u00e9 mon envie d\u2019approfondir mes connaissances et de m\u2019y consacrer pleinement. C\u2019est ce qui m\u2019a conduite \u00e0 reprendre un master \u00e0 l\u2019\u00c9cole des Mines.<\/div>\n<div><\/div>\n<div style=\"text-align: justify\">Le programme de l\u2019\u00c9cole des Mines m\u2019a s\u00e9duite par sa richesse, \u00e0 double titre : d\u2019une part, il s\u2019appuie sur un socle scientifique solide, indispensable pour appr\u00e9hender les grands enjeux environnementaux avec rigueur ; d\u2019autre part, il couvre une grande diversit\u00e9 de sujets soci\u00e9taux, organisationnels, et propose une immersion concr\u00e8te dans les m\u00e9thodes et outils actuels des m\u00e9tiers du d\u00e9veloppement durable et de la RSE.<\/div>\n<div><\/div>\n<div style=\"text-align: justify\">Par ailleurs, le prestige de l\u2019\u00c9cole, synonyme d\u2019excellence acad\u00e9mique, m\u2019a convaincue de la qualit\u00e9 de l\u2019enseignement, alliant avec justesse th\u00e9orie et mise en pratique \u00e0 travers des cas concrets.<\/div>\n<h1 style=\"text-align: justify\"><span style=\"color: #015d9e\"><b>Comment s\u2019organise le cursus et de quelle mani\u00e8re l\u2019exp\u00e9rience en entreprise a-t-elle enrichi votre parcours d\u2019apprentissage ?<\/b><\/span><\/h1>\n<div><\/div>\n<div style=\"text-align: justify\">Ce cursus offre une vision \u00e0 360\u00b0 des enjeux environnementaux et soci\u00e9taux, des m\u00e9tiers de la RSE, ainsi que des m\u00e9thodes et outils en vigueur. Il aborde aussi bien les aspects r\u00e9glementaires que les strat\u00e9gies de d\u00e9ploiement op\u00e9rationnel, formant ainsi un programme complet et ancr\u00e9 dans la r\u00e9alit\u00e9 des organisations.<\/div>\n<div><\/div>\n<div style=\"text-align: justify\">La mise en pratique professionnelle y est cl\u00e9 : elle permet non seulement d\u2019appr\u00e9hender le changement en contexte r\u00e9el, mais aussi de se confronter aux contradictions in\u00e9vitables entre objectifs RSE et imp\u00e9ratifs \u00e9conomiques. Malgr\u00e9 les progr\u00e8s en mati\u00e8re de connaissance et de sensibilisation, ces tensions persistent. D\u2019o\u00f9 l\u2019importance d\u2019identifier les leviers adapt\u00e9s pour embarquer l\u2019ensemble des fonctions et avancer de mani\u00e8re pragmatique.<\/div>\n<div><\/div>\n<h1 style=\"text-align: justify\"><span style=\"color: #015d9e\"><b>Avec le recul, en quoi cette formation vous aide-t-elle aujourd\u2019hui \u00e0 piloter vos activit\u00e9s plus efficacement, et de quelle fa\u00e7on concr\u00e8te ?<\/b><\/span><\/h1>\n<div><\/div>\n<div>\n<p><b><\/b><b><\/b>Cette formation a renforc\u00e9 mon efficacit\u00e9 \u00e0 plusieurs niveaux. Les connaissances techniques\u00a0et la m\u00e9thode m\u2019ont permis de passer d\u2019une approche intuitive \u00e0 une gestion structur\u00e9e des enjeux RSE, en alignant ambitions et r\u00e9alit\u00e9s op\u00e9rationnelles.<\/p>\n<div style=\"text-align: justify\">Le Master m\u2019a offert une appr\u00e9hension pragmatique des enjeux\u00a0: pas de th\u00e9orie d\u00e9connect\u00e9e, mais une immersion dans les r\u00e9alit\u00e9s du terrain, avec leurs contradictions et leurs arbitrages. Savoir naviguer entre les attentes des parties prenantes, les contraintes \u00e9conomiques et les ambitions RSE, c\u2019est ce qui fait la diff\u00e9rence au quotidien.<\/div>\n<div><\/div>\n<div style=\"text-align: justify\">Enfin, le r\u00e9seau est une ressource inestimable, dont notre fameuse Promo13 ! Dans un m\u00e9tier relativement jeune et en mutation, l\u2019entraide entre pairs, les retours d\u2019exp\u00e9rience et les collaborations sont essentielles pour avancer efficacement.<\/div>\n<\/div>\n\t\t<\/div>\n\t<\/div>\n<\/div>","protected":false},"featured_media":4059,"template":"","actualites-formats":[17],"actualites-thematiques":[67],"class_list":["post-4058","actualites","type-actualites","status-publish","has-post-thumbnail","hentry"],"acf":[],"yoast_head":"<!-- This site is optimized with the Yoast SEO plugin v27.2 - https:\/\/yoast.com\/product\/yoast-seo-wordpress\/ -->\n<title>Interview de Line Gaumet, alumni RSEDD - ISIGE Mines Paris - PSL<\/title>\n<meta name=\"description\" content=\"Line Gaumet alumni du MS EEDD parcours RSEDD t\u00e9moigne sur son parcours professionnel.\" \/>\n<meta name=\"robots\" content=\"index, follow, max-snippet:-1, max-image-preview:large, max-video-preview:-1\" \/>\n<link rel=\"canonical\" href=\"https:\/\/www.minesparis.psl.eu\/isige\/actualites\/interview-de-line-gaumet-alumni-rsedd\/\" \/>\n<meta property=\"og:locale\" content=\"fr_FR\" \/>\n<meta property=\"og:type\" content=\"article\" \/>\n<meta property=\"og:title\" content=\"Interview de Line Gaumet, alumni RSEDD - ISIGE Mines Paris - PSL\" \/>\n<meta property=\"og:description\" content=\"Line Gaumet alumni du MS EEDD parcours RSEDD t\u00e9moigne sur son parcours professionnel.\" \/>\n<meta property=\"og:url\" content=\"https:\/\/www.minesparis.psl.eu\/isige\/actualites\/interview-de-line-gaumet-alumni-rsedd\/\" \/>\n<meta property=\"og:site_name\" content=\"ISIGE Mines Paris - PSL\" \/>\n<meta property=\"article:modified_time\" content=\"2026-03-10T13:01:04+00:00\" \/>\n<meta property=\"og:image\" content=\"https:\/\/www.minesparis.psl.eu\/isige\/wp-content\/uploads\/sites\/21\/2026\/03\/Photo-LG-modified-1024x1024.png\" \/>\n\t<meta property=\"og:image:width\" content=\"1024\" \/>\n\t<meta property=\"og:image:height\" content=\"1024\" \/>\n\t<meta property=\"og:image:type\" content=\"image\/png\" \/>\n<meta name=\"twitter:card\" content=\"summary_large_image\" \/>\n<meta name=\"twitter:label1\" content=\"Dur\u00e9e de lecture estim\u00e9e\" \/>\n\t<meta name=\"twitter:data1\" content=\"1 minute\" \/>\n<script type=\"application\/ld+json\" class=\"yoast-schema-graph\">{\"@context\":\"https:\/\/schema.org\",\"@graph\":[{\"@type\":\"WebPage\",\"@id\":\"https:\/\/www.minesparis.psl.eu\/isige\/actualites\/interview-de-line-gaumet-alumni-rsedd\/\",\"url\":\"https:\/\/www.minesparis.psl.eu\/isige\/actualites\/interview-de-line-gaumet-alumni-rsedd\/\",\"name\":\"Interview de Line Gaumet, alumni RSEDD - ISIGE Mines Paris - PSL\",\"isPartOf\":{\"@id\":\"https:\/\/www.minesparis.psl.eu\/isige\/#website\"},\"primaryImageOfPage\":{\"@id\":\"https:\/\/www.minesparis.psl.eu\/isige\/actualites\/interview-de-line-gaumet-alumni-rsedd\/#primaryimage\"},\"image\":{\"@id\":\"https:\/\/www.minesparis.psl.eu\/isige\/actualites\/interview-de-line-gaumet-alumni-rsedd\/#primaryimage\"},\"thumbnailUrl\":\"https:\/\/www.minesparis.psl.eu\/isige\/wp-content\/uploads\/sites\/21\/2026\/03\/Photo-LG-modified.png\",\"datePublished\":\"2026-03-10T12:59:09+00:00\",\"dateModified\":\"2026-03-10T13:01:04+00:00\",\"description\":\"Line Gaumet alumni du MS EEDD parcours RSEDD t\u00e9moigne sur son parcours professionnel.\",\"breadcrumb\":{\"@id\":\"https:\/\/www.minesparis.psl.eu\/isige\/actualites\/interview-de-line-gaumet-alumni-rsedd\/#breadcrumb\"},\"inLanguage\":\"fr-FR\",\"potentialAction\":[{\"@type\":\"ReadAction\",\"target\":[\"https:\/\/www.minesparis.psl.eu\/isige\/actualites\/interview-de-line-gaumet-alumni-rsedd\/\"]}]},{\"@type\":\"ImageObject\",\"inLanguage\":\"fr-FR\",\"@id\":\"https:\/\/www.minesparis.psl.eu\/isige\/actualites\/interview-de-line-gaumet-alumni-rsedd\/#primaryimage\",\"url\":\"https:\/\/www.minesparis.psl.eu\/isige\/wp-content\/uploads\/sites\/21\/2026\/03\/Photo-LG-modified.png\",\"contentUrl\":\"https:\/\/www.minesparis.psl.eu\/isige\/wp-content\/uploads\/sites\/21\/2026\/03\/Photo-LG-modified.png\",\"width\":2298,\"height\":2298,\"caption\":\"Line Gaumet\"},{\"@type\":\"BreadcrumbList\",\"@id\":\"https:\/\/www.minesparis.psl.eu\/isige\/actualites\/interview-de-line-gaumet-alumni-rsedd\/#breadcrumb\",\"itemListElement\":[{\"@type\":\"ListItem\",\"position\":1,\"name\":\"Accueil\",\"item\":\"https:\/\/www.minesparis.psl.eu\/isige\/\"},{\"@type\":\"ListItem\",\"position\":2,\"name\":\"Interview de Line Gaumet, alumni RSEDD\"}]},{\"@type\":\"WebSite\",\"@id\":\"https:\/\/www.minesparis.psl.eu\/isige\/#website\",\"url\":\"https:\/\/www.minesparis.psl.eu\/isige\/\",\"name\":\"ISIGE Mines Paris - PSL\",\"description\":\"\",\"publisher\":{\"@id\":\"https:\/\/www.minesparis.psl.eu\/isige\/#organization\"},\"potentialAction\":[{\"@type\":\"SearchAction\",\"target\":{\"@type\":\"EntryPoint\",\"urlTemplate\":\"https:\/\/www.minesparis.psl.eu\/isige\/?s={search_term_string}\"},\"query-input\":{\"@type\":\"PropertyValueSpecification\",\"valueRequired\":true,\"valueName\":\"search_term_string\"}}],\"inLanguage\":\"fr-FR\"},{\"@type\":\"Organization\",\"@id\":\"https:\/\/www.minesparis.psl.eu\/isige\/#organization\",\"name\":\"ISIGE Mines Paris - PSL\",\"url\":\"https:\/\/www.minesparis.psl.eu\/isige\/\",\"logo\":{\"@type\":\"ImageObject\",\"inLanguage\":\"fr-FR\",\"@id\":\"https:\/\/www.minesparis.psl.eu\/isige\/#\/schema\/logo\/image\/\",\"url\":\"https:\/\/www.minesparis.psl.eu\/isige\/wp-content\/uploads\/sites\/21\/2025\/02\/cropped-MinesParis-PSL-ISIGEOCoRVB-1.png\",\"contentUrl\":\"https:\/\/www.minesparis.psl.eu\/isige\/wp-content\/uploads\/sites\/21\/2025\/02\/cropped-MinesParis-PSL-ISIGEOCoRVB-1.png\",\"width\":1584,\"height\":360,\"caption\":\"ISIGE Mines Paris - PSL\"},\"image\":{\"@id\":\"https:\/\/www.minesparis.psl.eu\/isige\/#\/schema\/logo\/image\/\"}}]}<\/script>\n<!-- \/ Yoast SEO plugin. -->","yoast_head_json":{"title":"Interview de Line Gaumet, alumni RSEDD - ISIGE Mines Paris - PSL","description":"Line Gaumet alumni du MS EEDD parcours RSEDD t\u00e9moigne sur son parcours professionnel.","robots":{"index":"index","follow":"follow","max-snippet":"max-snippet:-1","max-image-preview":"max-image-preview:large","max-video-preview":"max-video-preview:-1"},"canonical":"https:\/\/www.minesparis.psl.eu\/isige\/actualites\/interview-de-line-gaumet-alumni-rsedd\/","og_locale":"fr_FR","og_type":"article","og_title":"Interview de Line Gaumet, alumni RSEDD - ISIGE Mines Paris - PSL","og_description":"Line Gaumet alumni du MS EEDD parcours RSEDD t\u00e9moigne sur son parcours professionnel.","og_url":"https:\/\/www.minesparis.psl.eu\/isige\/actualites\/interview-de-line-gaumet-alumni-rsedd\/","og_site_name":"ISIGE Mines Paris - PSL","article_modified_time":"2026-03-10T13:01:04+00:00","og_image":[{"width":1024,"height":1024,"url":"https:\/\/www.minesparis.psl.eu\/isige\/wp-content\/uploads\/sites\/21\/2026\/03\/Photo-LG-modified-1024x1024.png","type":"image\/png"}],"twitter_card":"summary_large_image","twitter_misc":{"Dur\u00e9e de lecture estim\u00e9e":"1 minute"},"schema":{"@context":"https:\/\/schema.org","@graph":[{"@type":"WebPage","@id":"https:\/\/www.minesparis.psl.eu\/isige\/actualites\/interview-de-line-gaumet-alumni-rsedd\/","url":"https:\/\/www.minesparis.psl.eu\/isige\/actualites\/interview-de-line-gaumet-alumni-rsedd\/","name":"Interview de Line Gaumet, alumni RSEDD - ISIGE Mines Paris - PSL","isPartOf":{"@id":"https:\/\/www.minesparis.psl.eu\/isige\/#website"},"primaryImageOfPage":{"@id":"https:\/\/www.minesparis.psl.eu\/isige\/actualites\/interview-de-line-gaumet-alumni-rsedd\/#primaryimage"},"image":{"@id":"https:\/\/www.minesparis.psl.eu\/isige\/actualites\/interview-de-line-gaumet-alumni-rsedd\/#primaryimage"},"thumbnailUrl":"https:\/\/www.minesparis.psl.eu\/isige\/wp-content\/uploads\/sites\/21\/2026\/03\/Photo-LG-modified.png","datePublished":"2026-03-10T12:59:09+00:00","dateModified":"2026-03-10T13:01:04+00:00","description":"Line Gaumet alumni du MS EEDD parcours RSEDD t\u00e9moigne sur son parcours professionnel.","breadcrumb":{"@id":"https:\/\/www.minesparis.psl.eu\/isige\/actualites\/interview-de-line-gaumet-alumni-rsedd\/#breadcrumb"},"inLanguage":"fr-FR","potentialAction":[{"@type":"ReadAction","target":["https:\/\/www.minesparis.psl.eu\/isige\/actualites\/interview-de-line-gaumet-alumni-rsedd\/"]}]},{"@type":"ImageObject","inLanguage":"fr-FR","@id":"https:\/\/www.minesparis.psl.eu\/isige\/actualites\/interview-de-line-gaumet-alumni-rsedd\/#primaryimage","url":"https:\/\/www.minesparis.psl.eu\/isige\/wp-content\/uploads\/sites\/21\/2026\/03\/Photo-LG-modified.png","contentUrl":"https:\/\/www.minesparis.psl.eu\/isige\/wp-content\/uploads\/sites\/21\/2026\/03\/Photo-LG-modified.png","width":2298,"height":2298,"caption":"Line Gaumet"},{"@type":"BreadcrumbList","@id":"https:\/\/www.minesparis.psl.eu\/isige\/actualites\/interview-de-line-gaumet-alumni-rsedd\/#breadcrumb","itemListElement":[{"@type":"ListItem","position":1,"name":"Accueil","item":"https:\/\/www.minesparis.psl.eu\/isige\/"},{"@type":"ListItem","position":2,"name":"Interview de Line Gaumet, alumni RSEDD"}]},{"@type":"WebSite","@id":"https:\/\/www.minesparis.psl.eu\/isige\/#website","url":"https:\/\/www.minesparis.psl.eu\/isige\/","name":"ISIGE Mines Paris - PSL","description":"","publisher":{"@id":"https:\/\/www.minesparis.psl.eu\/isige\/#organization"},"potentialAction":[{"@type":"SearchAction","target":{"@type":"EntryPoint","urlTemplate":"https:\/\/www.minesparis.psl.eu\/isige\/?s={search_term_string}"},"query-input":{"@type":"PropertyValueSpecification","valueRequired":true,"valueName":"search_term_string"}}],"inLanguage":"fr-FR"},{"@type":"Organization","@id":"https:\/\/www.minesparis.psl.eu\/isige\/#organization","name":"ISIGE Mines Paris - PSL","url":"https:\/\/www.minesparis.psl.eu\/isige\/","logo":{"@type":"ImageObject","inLanguage":"fr-FR","@id":"https:\/\/www.minesparis.psl.eu\/isige\/#\/schema\/logo\/image\/","url":"https:\/\/www.minesparis.psl.eu\/isige\/wp-content\/uploads\/sites\/21\/2025\/02\/cropped-MinesParis-PSL-ISIGEOCoRVB-1.png","contentUrl":"https:\/\/www.minesparis.psl.eu\/isige\/wp-content\/uploads\/sites\/21\/2025\/02\/cropped-MinesParis-PSL-ISIGEOCoRVB-1.png","width":1584,"height":360,"caption":"ISIGE Mines Paris - PSL"},"image":{"@id":"https:\/\/www.minesparis.psl.eu\/isige\/#\/schema\/logo\/image\/"}}]}},"_links":{"self":[{"href":"https:\/\/www.minesparis.psl.eu\/isige\/wp-json\/wp\/v2\/actualites\/4058","targetHints":{"allow":["GET"]}}],"collection":[{"href":"https:\/\/www.minesparis.psl.eu\/isige\/wp-json\/wp\/v2\/actualites"}],"about":[{"href":"https:\/\/www.minesparis.psl.eu\/isige\/wp-json\/wp\/v2\/types\/actualites"}],"wp:featuredmedia":[{"embeddable":true,"href":"https:\/\/www.minesparis.psl.eu\/isige\/wp-json\/wp\/v2\/media\/4059"}],"wp:attachment":[{"href":"https:\/\/www.minesparis.psl.eu\/isige\/wp-json\/wp\/v2\/media?parent=4058"}],"wp:term":[{"taxonomy":"actualites-formats","embeddable":true,"href":"https:\/\/www.minesparis.psl.eu\/isige\/wp-json\/wp\/v2\/actualites-formats?post=4058"},{"taxonomy":"actualites-thematiques","embeddable":true,"href":"https:\/\/www.minesparis.psl.eu\/isige\/wp-json\/wp\/v2\/actualites-thematiques?post=4058"}],"curies":[{"name":"wp","href":"https:\/\/api.w.org\/{rel}","templated":true}]}}