{"id":3985,"date":"2025-09-09T11:05:00","date_gmt":"2025-09-09T09:05:00","guid":{"rendered":"https:\/\/www.minesparis.psl.eu\/isige\/?post_type=actualites&#038;p=3985"},"modified":"2026-02-11T11:21:04","modified_gmt":"2026-02-11T10:21:04","slug":"portrait-de-margaux-pinpin-ms-eedd-parcours-ige-2025-26","status":"publish","type":"actualites","link":"https:\/\/www.minesparis.psl.eu\/isige\/actualites\/portrait-de-margaux-pinpin-ms-eedd-parcours-ige-2025-26\/","title":{"rendered":"Portrait de Margaux Pinpin \u2013 MS EEDD parcours IGE, 2025-26"},"content":{"rendered":"\n<div class=\"container block-full-largeur\">\n\t<div class=\"row mt-4\">\n\t\t<div class=\"col-md-12\">\n\t\t\t<h1 style=\"text-align: center\"><em>\u00ab\u00a0N\u00e9e en Nouvelle-Cal\u00e9donie, j\u2019ai grandi en connaissant les menaces environnementales qui p\u00e8sent sur mon \u00eele (d\u00e9chets industriels et m\u00e9nagers, exploitations mini\u00e8res, incendies, r\u00e9chauffement climatique\u2026).<br \/>\nDans ce contexte insulaire, les probl\u00e9matiques environnementales sont une priorit\u00e9 pour tous les acteurs locaux.\u00a0\u00bb<\/em><\/h1>\n<h1><span style=\"color: #015d9e\">Quel est ton parcours Margaux ?<\/span><\/h1>\n<p style=\"text-align: justify\">Je suis issue d\u2019une formation d\u2019ing\u00e9nieure m\u00e9canique \u00e0 l\u2019ENSTA Bretagne, compl\u00e9t\u00e9e par un Master Of Science in Aerospace Vehicule Design \u00e0 l\u2019universit\u00e9 de Cranfield. Ces formations m\u2019ont apport\u00e9 des connaissances techniques en ing\u00e9nierie que j\u2019ai pu appliquer rapidement dans mes exp\u00e9riences professionnelles dans diff\u00e9rents secteurs : le naval, l\u2019a\u00e9ronautique et la manutention.<\/p>\n<p style=\"text-align: justify\">J\u2019ai commenc\u00e9 par travailler au sein d\u2019une compagnie a\u00e9rienne en tant que superviseur audits, o\u00f9 j\u2019ai eu une exp\u00e9rience \u00e0 la fois terrain et bureau. J\u2019\u00e9tais en contact avec des personnels de m\u00e9tiers diff\u00e9rents et nouveaux pour moi.<\/p>\n<p style=\"text-align: justify\">J\u2019ai ensuite eu deux exp\u00e9riences en bureau de calcul qui m\u2019ont permis de travailler sur des projets complexes et de r\u00e9fl\u00e9chir \u00e0 trouver des solutions \u00e0 un probl\u00e8me technique. J\u2019ai travaill\u00e9 sur l\u2019extension de la dur\u00e9e de vie en fatigue des pi\u00e8ces d\u2019un avion.<\/p>\n<p style=\"text-align: justify\">Ma derni\u00e8re exp\u00e9rience a \u00e9t\u00e9 en gestion de projets industriels o\u00f9 je coordonnais les \u00e9tudes, les achats, les sous-traitants, la pr\u00e9paration de travaux\u2026<\/p>\n<h1><span style=\"color: #015d9e\">Quand as-tu eu le d\u00e9clic pour agir en faveur de l\u2019environnement ?<\/span><\/h1>\n<p style=\"text-align: justify\">Pendant mes \u00e9tudes \u00e0 l\u2019ENSTA, j\u2019ai effectu\u00e9 un \u00e9change \u00e0 l\u2019universit\u00e9 de Buenos Aires. Pendant ce semestre, j\u2019ai eu la chance de pouvoir voyager en Argentine et dans les pays avoisinants. Cette exp\u00e9rience a \u00e9t\u00e9 le d\u00e9clencheur de ma prise de conscience \u00e9cologique car c\u2019est la premi\u00e8re fois que j\u2019\u00e9tais confront\u00e9e a autant de pollution dans la nature.<\/p>\n<p style=\"text-align: justify\">En 2021, j\u2019ai ainsi rejoint TheSeaCleaners, association luttant contre la pollution plastique des oc\u00e9ans, afin de r\u00e9aliser des collectes de d\u00e9chets et des actions de sensibilisation, en parall\u00e8le de mon activit\u00e9 professionnelle.<\/p>\n<p style=\"text-align: center\"><em><span style=\"color: #015d9e\">Mon travail ne me permettait pas de m\u2019\u00e9panouir et je sentais qu\u2019il fallait que je donne plus de sens \u00e0 ce que je faisais.<\/span> <\/em><\/p>\n<p style=\"text-align: justify\">En 2023, j\u2019ai donc pris une ann\u00e9e sabbatique car je voulais r\u00e9fl\u00e9chir plus calmement \u00e0 la suite de mon parcours. Pendant cette ann\u00e9e, j\u2019ai pu d\u00e9couvrir d\u2019autres fa\u00e7ons de vivre, en particulier gr\u00e2ce \u00e0 un stage en permaculture dans un \u00e9co-lieu.<\/p>\n<h1 style=\"text-align: justify\"><span style=\"color: #015d9e\">Pourquoi avoir choisi le MS EEDD parcours IGE ?<\/span><\/h1>\n<p style=\"text-align: center\"><em><span style=\"color: #015d9e\">Je souhaite me r\u00e9orienter vers des m\u00e9tiers en lien avec la transition \u00e9cologique, donner du sens \u00e0 mon engagement et travailler sur des solutions concr\u00e8tes r\u00e9pondant aux enjeux environnementaux.<\/span><\/em><\/p>\n<p style=\"text-align: justify\">Je suis convaincue que cette formation sera un tremplin et une opportunit\u00e9 pour moi de pouvoir basculer vers des secteurs et des types de m\u00e9tiers qui m\u2019int\u00e9ressent et dans lesquels je me sens utile. J\u2019ai choisi cette formation car elle permet de d\u00e9couvrir plusieurs enjeux li\u00e9s \u00e0 la transition et offre donc des connaissances sur l\u2019environnement de mani\u00e8re globale.<\/p>\n<p style=\"text-align: justify\">J\u2019appr\u00e9cie particuli\u00e8rement le fait que les cours soient dispens\u00e9s en mode \u00ab projet \u00bb ce qui permet d\u2019avoir une id\u00e9e concr\u00e8te des enjeux mais aussi de pouvoir r\u00e9fl\u00e9chir \u00e0 des sujets en groupe avec des personnes ayant des parcours diff\u00e9rents. Durant mes exp\u00e9riences professionnelles, j\u2019ai beaucoup \u00e9t\u00e9 entour\u00e9e uniquement d\u2019ing\u00e9nieurs et j\u2019appr\u00e9cie donc le fait que le mast\u00e8re r\u00e9unisse des \u00e9tudiants d\u2019autres formations.<\/p>\n<p style=\"text-align: justify\">Le contenu des modules traite des sujets qui m\u2019int\u00e9ressent particuli\u00e8rement et que je souhaite approfondir : connaissances scientifiques de la transition \u00e9cologique, outils (ACV, empreinte carbone), \u00e9conomie circulaire, enjeux g\u00e9opolitiques\u2026 La formation d\u00e9veloppera mes comp\u00e9tences en gestion de projets op\u00e9rationnels dans les secteurs de l\u2019environnement.<\/p>\n<p style=\"text-align: justify\">De mani\u00e8re g\u00e9n\u00e9rale, int\u00e9grer cette formation est pour moi aujourd\u2019hui la meilleure fa\u00e7on d\u2019apprendre, tout en gardant une vie active gr\u00e2ce \u00e0 l\u2019alternance. J\u2019obtiendrai ainsi un parcours cr\u00e9dible et coh\u00e9rent avec mon projet professionnel.<\/p>\n<h1><span style=\"color: #015d9e\">Aujourd\u2019hui, quel est ton projet professionnel ?<\/span><\/h1>\n<p style=\"text-align: justify\">Mon projet professionnel est d\u2019acqu\u00e9rir de l\u2019exp\u00e9rience dans un \u00e9co-organisme tel que CITEO, au sein d\u2019une collectivit\u00e9 territoriale ou bien dans une soci\u00e9t\u00e9 de conseil pour les collectivit\u00e9s.<\/p>\n<p style=\"text-align: justify\">Aujourd\u2019hui, j\u2019ai pour projet de m\u2019orienter dans le secteur de la gestion des d\u00e9chets. Je souhaite \u00e0 moyen terme pouvoir apporter mes connaissances et mon expertise \u00e0 la Nouvelle-Cal\u00e9donie o\u00f9 la probl\u00e9matique des d\u00e9chets est tr\u00e8s peu d\u00e9velopp\u00e9e. Je souhaiterais donc travailler sur les politiques publiques au sein d\u2019une collectivit\u00e9 territoriale et ainsi, participer \u00e0 l\u2019\u00e9laboration de la strat\u00e9gie de gestion des d\u00e9chets.<\/p>\n<p style=\"text-align: center\"><em><span style=\"color: #015d9e\">Ce projet est le fruit d\u2019une longue r\u00e9flexion, pendant laquelle je me suis renseign\u00e9e et j\u2019ai \u00e9chang\u00e9 avec diff\u00e9rentes personnes du secteur.<\/span><\/em><\/p>\n\t\t<\/div>\n\t<\/div>\n<\/div>","protected":false},"featured_media":3986,"template":"","actualites-formats":[17,18],"actualites-thematiques":[],"class_list":["post-3985","actualites","type-actualites","status-publish","has-post-thumbnail","hentry"],"acf":[],"yoast_head":"<!-- This site is optimized with the Yoast SEO plugin v27.2 - https:\/\/yoast.com\/product\/yoast-seo-wordpress\/ -->\n<title>Portrait de Margaux Pinpin \u2013 MS EEDD parcours IGE, 2025-26 - ISIGE Mines Paris - PSL<\/title>\n<meta name=\"description\" content=\"Aujourd\u2019hui, j\u2019ai pour projet de m\u2019orienter dans le secteur de la gestion des d\u00e9chets afin d&#039;apporter mon expertise \u00e0 la Nouvelle-Cal\u00e9donie o\u00f9 la probl\u00e9matique des d\u00e9chets est tr\u00e8s peu d\u00e9velopp\u00e9e.\" \/>\n<meta name=\"robots\" content=\"index, follow, max-snippet:-1, max-image-preview:large, max-video-preview:-1\" \/>\n<link rel=\"canonical\" href=\"https:\/\/www.minesparis.psl.eu\/isige\/actualites\/portrait-de-margaux-pinpin-ms-eedd-parcours-ige-2025-26\/\" \/>\n<meta property=\"og:locale\" content=\"fr_FR\" \/>\n<meta property=\"og:type\" content=\"article\" \/>\n<meta property=\"og:title\" content=\"Portrait de Margaux Pinpin \u2013 MS EEDD parcours IGE, 2025-26 - ISIGE Mines Paris - PSL\" \/>\n<meta property=\"og:description\" content=\"Aujourd\u2019hui, j\u2019ai pour projet de m\u2019orienter dans le secteur de la gestion des d\u00e9chets afin d&#039;apporter mon expertise \u00e0 la Nouvelle-Cal\u00e9donie o\u00f9 la probl\u00e9matique des d\u00e9chets est tr\u00e8s peu d\u00e9velopp\u00e9e.\" \/>\n<meta property=\"og:url\" content=\"https:\/\/www.minesparis.psl.eu\/isige\/actualites\/portrait-de-margaux-pinpin-ms-eedd-parcours-ige-2025-26\/\" \/>\n<meta property=\"og:site_name\" content=\"ISIGE Mines Paris - PSL\" \/>\n<meta property=\"article:modified_time\" content=\"2026-02-11T10:21:04+00:00\" \/>\n<meta property=\"og:image\" content=\"https:\/\/www.minesparis.psl.eu\/isige\/wp-content\/uploads\/sites\/21\/2026\/02\/IMG_5267-modified-1024x1024.png\" \/>\n\t<meta property=\"og:image:width\" content=\"1024\" \/>\n\t<meta property=\"og:image:height\" content=\"1024\" \/>\n\t<meta property=\"og:image:type\" content=\"image\/png\" \/>\n<meta name=\"twitter:card\" content=\"summary_large_image\" \/>\n<meta name=\"twitter:label1\" content=\"Dur\u00e9e de lecture estim\u00e9e\" \/>\n\t<meta name=\"twitter:data1\" content=\"1 minute\" \/>\n<script type=\"application\/ld+json\" class=\"yoast-schema-graph\">{\"@context\":\"https:\/\/schema.org\",\"@graph\":[{\"@type\":\"WebPage\",\"@id\":\"https:\/\/www.minesparis.psl.eu\/isige\/actualites\/portrait-de-margaux-pinpin-ms-eedd-parcours-ige-2025-26\/\",\"url\":\"https:\/\/www.minesparis.psl.eu\/isige\/actualites\/portrait-de-margaux-pinpin-ms-eedd-parcours-ige-2025-26\/\",\"name\":\"Portrait de Margaux Pinpin \u2013 MS EEDD parcours IGE, 2025-26 - ISIGE Mines Paris - PSL\",\"isPartOf\":{\"@id\":\"https:\/\/www.minesparis.psl.eu\/isige\/#website\"},\"primaryImageOfPage\":{\"@id\":\"https:\/\/www.minesparis.psl.eu\/isige\/actualites\/portrait-de-margaux-pinpin-ms-eedd-parcours-ige-2025-26\/#primaryimage\"},\"image\":{\"@id\":\"https:\/\/www.minesparis.psl.eu\/isige\/actualites\/portrait-de-margaux-pinpin-ms-eedd-parcours-ige-2025-26\/#primaryimage\"},\"thumbnailUrl\":\"https:\/\/www.minesparis.psl.eu\/isige\/wp-content\/uploads\/sites\/21\/2026\/02\/IMG_5267-modified.png\",\"datePublished\":\"2025-09-09T09:05:00+00:00\",\"dateModified\":\"2026-02-11T10:21:04+00:00\",\"description\":\"Aujourd\u2019hui, j\u2019ai pour projet de m\u2019orienter dans le secteur de la gestion des d\u00e9chets afin d'apporter mon expertise \u00e0 la Nouvelle-Cal\u00e9donie o\u00f9 la probl\u00e9matique des d\u00e9chets est tr\u00e8s peu d\u00e9velopp\u00e9e.\",\"breadcrumb\":{\"@id\":\"https:\/\/www.minesparis.psl.eu\/isige\/actualites\/portrait-de-margaux-pinpin-ms-eedd-parcours-ige-2025-26\/#breadcrumb\"},\"inLanguage\":\"fr-FR\",\"potentialAction\":[{\"@type\":\"ReadAction\",\"target\":[\"https:\/\/www.minesparis.psl.eu\/isige\/actualites\/portrait-de-margaux-pinpin-ms-eedd-parcours-ige-2025-26\/\"]}]},{\"@type\":\"ImageObject\",\"inLanguage\":\"fr-FR\",\"@id\":\"https:\/\/www.minesparis.psl.eu\/isige\/actualites\/portrait-de-margaux-pinpin-ms-eedd-parcours-ige-2025-26\/#primaryimage\",\"url\":\"https:\/\/www.minesparis.psl.eu\/isige\/wp-content\/uploads\/sites\/21\/2026\/02\/IMG_5267-modified.png\",\"contentUrl\":\"https:\/\/www.minesparis.psl.eu\/isige\/wp-content\/uploads\/sites\/21\/2026\/02\/IMG_5267-modified.png\",\"width\":2491,\"height\":2491,\"caption\":\"Margaux Pinpin\"},{\"@type\":\"BreadcrumbList\",\"@id\":\"https:\/\/www.minesparis.psl.eu\/isige\/actualites\/portrait-de-margaux-pinpin-ms-eedd-parcours-ige-2025-26\/#breadcrumb\",\"itemListElement\":[{\"@type\":\"ListItem\",\"position\":1,\"name\":\"Accueil\",\"item\":\"https:\/\/www.minesparis.psl.eu\/isige\/\"},{\"@type\":\"ListItem\",\"position\":2,\"name\":\"Portrait de Margaux Pinpin \u2013 MS EEDD parcours IGE, 2025-26\"}]},{\"@type\":\"WebSite\",\"@id\":\"https:\/\/www.minesparis.psl.eu\/isige\/#website\",\"url\":\"https:\/\/www.minesparis.psl.eu\/isige\/\",\"name\":\"ISIGE Mines Paris - PSL\",\"description\":\"\",\"publisher\":{\"@id\":\"https:\/\/www.minesparis.psl.eu\/isige\/#organization\"},\"potentialAction\":[{\"@type\":\"SearchAction\",\"target\":{\"@type\":\"EntryPoint\",\"urlTemplate\":\"https:\/\/www.minesparis.psl.eu\/isige\/?s={search_term_string}\"},\"query-input\":{\"@type\":\"PropertyValueSpecification\",\"valueRequired\":true,\"valueName\":\"search_term_string\"}}],\"inLanguage\":\"fr-FR\"},{\"@type\":\"Organization\",\"@id\":\"https:\/\/www.minesparis.psl.eu\/isige\/#organization\",\"name\":\"ISIGE Mines Paris - PSL\",\"url\":\"https:\/\/www.minesparis.psl.eu\/isige\/\",\"logo\":{\"@type\":\"ImageObject\",\"inLanguage\":\"fr-FR\",\"@id\":\"https:\/\/www.minesparis.psl.eu\/isige\/#\/schema\/logo\/image\/\",\"url\":\"https:\/\/www.minesparis.psl.eu\/isige\/wp-content\/uploads\/sites\/21\/2025\/02\/cropped-MinesParis-PSL-ISIGEOCoRVB-1.png\",\"contentUrl\":\"https:\/\/www.minesparis.psl.eu\/isige\/wp-content\/uploads\/sites\/21\/2025\/02\/cropped-MinesParis-PSL-ISIGEOCoRVB-1.png\",\"width\":1584,\"height\":360,\"caption\":\"ISIGE Mines Paris - PSL\"},\"image\":{\"@id\":\"https:\/\/www.minesparis.psl.eu\/isige\/#\/schema\/logo\/image\/\"}}]}<\/script>\n<!-- \/ Yoast SEO plugin. -->","yoast_head_json":{"title":"Portrait de Margaux Pinpin \u2013 MS EEDD parcours IGE, 2025-26 - ISIGE Mines Paris - PSL","description":"Aujourd\u2019hui, j\u2019ai pour projet de m\u2019orienter dans le secteur de la gestion des d\u00e9chets afin d'apporter mon expertise \u00e0 la Nouvelle-Cal\u00e9donie o\u00f9 la probl\u00e9matique des d\u00e9chets est tr\u00e8s peu d\u00e9velopp\u00e9e.","robots":{"index":"index","follow":"follow","max-snippet":"max-snippet:-1","max-image-preview":"max-image-preview:large","max-video-preview":"max-video-preview:-1"},"canonical":"https:\/\/www.minesparis.psl.eu\/isige\/actualites\/portrait-de-margaux-pinpin-ms-eedd-parcours-ige-2025-26\/","og_locale":"fr_FR","og_type":"article","og_title":"Portrait de Margaux Pinpin \u2013 MS EEDD parcours IGE, 2025-26 - ISIGE Mines Paris - PSL","og_description":"Aujourd\u2019hui, j\u2019ai pour projet de m\u2019orienter dans le secteur de la gestion des d\u00e9chets afin d'apporter mon expertise \u00e0 la Nouvelle-Cal\u00e9donie o\u00f9 la probl\u00e9matique des d\u00e9chets est tr\u00e8s peu d\u00e9velopp\u00e9e.","og_url":"https:\/\/www.minesparis.psl.eu\/isige\/actualites\/portrait-de-margaux-pinpin-ms-eedd-parcours-ige-2025-26\/","og_site_name":"ISIGE Mines Paris - PSL","article_modified_time":"2026-02-11T10:21:04+00:00","og_image":[{"width":1024,"height":1024,"url":"https:\/\/www.minesparis.psl.eu\/isige\/wp-content\/uploads\/sites\/21\/2026\/02\/IMG_5267-modified-1024x1024.png","type":"image\/png"}],"twitter_card":"summary_large_image","twitter_misc":{"Dur\u00e9e de lecture estim\u00e9e":"1 minute"},"schema":{"@context":"https:\/\/schema.org","@graph":[{"@type":"WebPage","@id":"https:\/\/www.minesparis.psl.eu\/isige\/actualites\/portrait-de-margaux-pinpin-ms-eedd-parcours-ige-2025-26\/","url":"https:\/\/www.minesparis.psl.eu\/isige\/actualites\/portrait-de-margaux-pinpin-ms-eedd-parcours-ige-2025-26\/","name":"Portrait de Margaux Pinpin \u2013 MS EEDD parcours IGE, 2025-26 - ISIGE Mines Paris - PSL","isPartOf":{"@id":"https:\/\/www.minesparis.psl.eu\/isige\/#website"},"primaryImageOfPage":{"@id":"https:\/\/www.minesparis.psl.eu\/isige\/actualites\/portrait-de-margaux-pinpin-ms-eedd-parcours-ige-2025-26\/#primaryimage"},"image":{"@id":"https:\/\/www.minesparis.psl.eu\/isige\/actualites\/portrait-de-margaux-pinpin-ms-eedd-parcours-ige-2025-26\/#primaryimage"},"thumbnailUrl":"https:\/\/www.minesparis.psl.eu\/isige\/wp-content\/uploads\/sites\/21\/2026\/02\/IMG_5267-modified.png","datePublished":"2025-09-09T09:05:00+00:00","dateModified":"2026-02-11T10:21:04+00:00","description":"Aujourd\u2019hui, j\u2019ai pour projet de m\u2019orienter dans le secteur de la gestion des d\u00e9chets afin d'apporter mon expertise \u00e0 la Nouvelle-Cal\u00e9donie o\u00f9 la probl\u00e9matique des d\u00e9chets est tr\u00e8s peu d\u00e9velopp\u00e9e.","breadcrumb":{"@id":"https:\/\/www.minesparis.psl.eu\/isige\/actualites\/portrait-de-margaux-pinpin-ms-eedd-parcours-ige-2025-26\/#breadcrumb"},"inLanguage":"fr-FR","potentialAction":[{"@type":"ReadAction","target":["https:\/\/www.minesparis.psl.eu\/isige\/actualites\/portrait-de-margaux-pinpin-ms-eedd-parcours-ige-2025-26\/"]}]},{"@type":"ImageObject","inLanguage":"fr-FR","@id":"https:\/\/www.minesparis.psl.eu\/isige\/actualites\/portrait-de-margaux-pinpin-ms-eedd-parcours-ige-2025-26\/#primaryimage","url":"https:\/\/www.minesparis.psl.eu\/isige\/wp-content\/uploads\/sites\/21\/2026\/02\/IMG_5267-modified.png","contentUrl":"https:\/\/www.minesparis.psl.eu\/isige\/wp-content\/uploads\/sites\/21\/2026\/02\/IMG_5267-modified.png","width":2491,"height":2491,"caption":"Margaux Pinpin"},{"@type":"BreadcrumbList","@id":"https:\/\/www.minesparis.psl.eu\/isige\/actualites\/portrait-de-margaux-pinpin-ms-eedd-parcours-ige-2025-26\/#breadcrumb","itemListElement":[{"@type":"ListItem","position":1,"name":"Accueil","item":"https:\/\/www.minesparis.psl.eu\/isige\/"},{"@type":"ListItem","position":2,"name":"Portrait de Margaux Pinpin \u2013 MS EEDD parcours IGE, 2025-26"}]},{"@type":"WebSite","@id":"https:\/\/www.minesparis.psl.eu\/isige\/#website","url":"https:\/\/www.minesparis.psl.eu\/isige\/","name":"ISIGE Mines Paris - PSL","description":"","publisher":{"@id":"https:\/\/www.minesparis.psl.eu\/isige\/#organization"},"potentialAction":[{"@type":"SearchAction","target":{"@type":"EntryPoint","urlTemplate":"https:\/\/www.minesparis.psl.eu\/isige\/?s={search_term_string}"},"query-input":{"@type":"PropertyValueSpecification","valueRequired":true,"valueName":"search_term_string"}}],"inLanguage":"fr-FR"},{"@type":"Organization","@id":"https:\/\/www.minesparis.psl.eu\/isige\/#organization","name":"ISIGE Mines Paris - PSL","url":"https:\/\/www.minesparis.psl.eu\/isige\/","logo":{"@type":"ImageObject","inLanguage":"fr-FR","@id":"https:\/\/www.minesparis.psl.eu\/isige\/#\/schema\/logo\/image\/","url":"https:\/\/www.minesparis.psl.eu\/isige\/wp-content\/uploads\/sites\/21\/2025\/02\/cropped-MinesParis-PSL-ISIGEOCoRVB-1.png","contentUrl":"https:\/\/www.minesparis.psl.eu\/isige\/wp-content\/uploads\/sites\/21\/2025\/02\/cropped-MinesParis-PSL-ISIGEOCoRVB-1.png","width":1584,"height":360,"caption":"ISIGE Mines Paris - PSL"},"image":{"@id":"https:\/\/www.minesparis.psl.eu\/isige\/#\/schema\/logo\/image\/"}}]}},"_links":{"self":[{"href":"https:\/\/www.minesparis.psl.eu\/isige\/wp-json\/wp\/v2\/actualites\/3985","targetHints":{"allow":["GET"]}}],"collection":[{"href":"https:\/\/www.minesparis.psl.eu\/isige\/wp-json\/wp\/v2\/actualites"}],"about":[{"href":"https:\/\/www.minesparis.psl.eu\/isige\/wp-json\/wp\/v2\/types\/actualites"}],"wp:featuredmedia":[{"embeddable":true,"href":"https:\/\/www.minesparis.psl.eu\/isige\/wp-json\/wp\/v2\/media\/3986"}],"wp:attachment":[{"href":"https:\/\/www.minesparis.psl.eu\/isige\/wp-json\/wp\/v2\/media?parent=3985"}],"wp:term":[{"taxonomy":"actualites-formats","embeddable":true,"href":"https:\/\/www.minesparis.psl.eu\/isige\/wp-json\/wp\/v2\/actualites-formats?post=3985"},{"taxonomy":"actualites-thematiques","embeddable":true,"href":"https:\/\/www.minesparis.psl.eu\/isige\/wp-json\/wp\/v2\/actualites-thematiques?post=3985"}],"curies":[{"name":"wp","href":"https:\/\/api.w.org\/{rel}","templated":true}]}}