{"id":3970,"date":"2026-02-04T09:21:21","date_gmt":"2026-02-04T08:21:21","guid":{"rendered":"https:\/\/www.minesparis.psl.eu\/isige\/?post_type=actualites&#038;p=3970"},"modified":"2026-02-11T10:01:15","modified_gmt":"2026-02-11T09:01:15","slug":"de-linnovation-miniere-a-lingenierie-des-limites-extraire-recycler-ou-repenser-nos-besoins","status":"publish","type":"actualites","link":"https:\/\/www.minesparis.psl.eu\/isige\/actualites\/de-linnovation-miniere-a-lingenierie-des-limites-extraire-recycler-ou-repenser-nos-besoins\/","title":{"rendered":"De l\u2019innovation mini\u00e8re \u00e0 l\u2019ing\u00e9nierie des limites : extraire, recycler ou repenser nos besoins ?"},"content":{"rendered":"\n<div class=\"container block-full-largeur\">\n\t<div class=\"row mt-4\">\n\t\t<div class=\"col-md-12\">\n\t\t\t<p style=\"text-align: justify\"><span class=\"break-words\n          tvm-parent-container\"><span dir=\"ltr\">Cette discussion a r\u00e9uni Philippe Bihouix, directeur d\u2019AREP et expert des ressources min\u00e9rales, et Damien Goetz, professeur de g\u00e9osciences et titulaire de la Chaire Ressources min\u00e9rales pour la transition \u00e9nerg\u00e9tique \u00e0 Mines Paris &#8211; PSL Paris-PSL. Retour sur l&rsquo;organisation de cette table ronde par Jean Rongau et Simon Buchy du MS EEDD parcours IGE.<\/p>\n<p><\/span><\/span><\/p>\n<p><img loading=\"lazy\" decoding=\"async\" class=\"aligncenter wp-image-3971 size-large\" src=\"https:\/\/www.minesparis.psl.eu\/isige\/wp-content\/uploads\/sites\/21\/2026\/02\/1-1024x1024.jpg\" alt=\"\" width=\"1024\" height=\"1024\" srcset=\"https:\/\/www.minesparis.psl.eu\/isige\/wp-content\/uploads\/sites\/21\/2026\/02\/1-1024x1024.jpg 1024w, https:\/\/www.minesparis.psl.eu\/isige\/wp-content\/uploads\/sites\/21\/2026\/02\/1-300x300.jpg 300w, https:\/\/www.minesparis.psl.eu\/isige\/wp-content\/uploads\/sites\/21\/2026\/02\/1-150x150.jpg 150w, https:\/\/www.minesparis.psl.eu\/isige\/wp-content\/uploads\/sites\/21\/2026\/02\/1-768x768.jpg 768w, https:\/\/www.minesparis.psl.eu\/isige\/wp-content\/uploads\/sites\/21\/2026\/02\/1.jpg 1200w\" sizes=\"auto, (max-width: 1024px) 100vw, 1024px\" \/><\/p>\n<h1 style=\"text-align: justify\"><span style=\"color: #015d9e\"><strong>Pourquoi avoir imagin\u00e9 cette table ronde ?\u00a0<\/strong><\/span><\/h1>\n<p style=\"text-align: justify\"><strong><span style=\"color: #015d9e\">Jean\u00a0:<\/span><\/strong> le MS IGE, en plus de toutes ses qualit\u00e9s p\u00e9dagogiques, fait se rencontrer des personnes d\u2019horizons tr\u00e8s diff\u00e9rents. Cette diversit\u00e9 des bagages, des int\u00e9r\u00eats est une vraie richesse que nous voulions valoriser par l\u2019organisation d\u2019une ou plusieurs conf\u00e9rences d\u2019approfondissement de certains volets du contenu p\u00e9dagogique du MS.<\/p>\n<p style=\"text-align: justify\"><span style=\"color: #015d9e\"><strong>Simon\u00a0:<\/strong><\/span> je suis convaincu de la n\u00e9cessit\u00e9 d\u2019une large diffusion des enjeux environnementaux\/\u00e9nerg\u00e9tiques par tous les vecteurs possibles et pour le maximum de personnes. Quand Jean m\u2019a propos\u00e9 de pr\u00e9parer avec lui une conf\u00e9rence\/table ronde, j\u2019ai saisi cette occasion de participer \u00e0 cette transmission de connaissances. Je n\u2019avais jamais organis\u00e9 ce genre d\u2019\u00e9v\u00e8nement et c\u2019\u00e9tait aussi le moment pour moi de me frotter \u00e0 cet exercice.<\/p>\n<h1 style=\"text-align: justify\"><span style=\"color: #015d9e\"><strong>Comment avez-vous choisi les intervenants ?<\/strong><\/span><\/h1>\n<p style=\"text-align: justify\"><strong><span style=\"color: #015d9e\">Simon\u00a0:<\/span> <\/strong>Jean et moi sommes particuli\u00e8rement int\u00e9ress\u00e9s par les enjeux li\u00e9s \u00e0 la \u00ab transition \u00e9nerg\u00e9tique \u00bb, et notamment par les th\u00e9matiques transversales permettant de relier diff\u00e9rentes probl\u00e9matiques. C\u2019est le cas pour l\u2019industrie mini\u00e8re qui existe depuis des centaines d\u2019ann\u00e9es, et dont les ramifications peuvent aller de l\u2019\u00e9nergie aux enjeux g\u00e9opolitiques en passant par l\u2019environnement, l\u2019\u00e9conomie et l\u2019histoire.<\/p>\n<p style=\"text-align: justify\">\u00c9tant justement passionn\u00e9 par ces enjeux miniers depuis plusieurs ann\u00e9es j\u2019en ai fait le c\u0153ur de mon projet professionnel, j\u2019\u00e9tais donc doublement enclin \u00e0 orienter un \u00e9v\u00e8nement sur le sujet. Dans le cadre de notre master IGE nous devions assister \u00e0 un cours de Damien Goetz en janvier, c\u2019\u00e9tait donc coh\u00e9rent en novembre d\u2019imaginer l\u2019inviter dans un autre cadre pour \u00e9ventuellement compl\u00e9ter les enseignements qu\u2019il nous dispenserait en tant qu\u2019expert de cette industrie.<\/p>\n<p style=\"text-align: justify\">Enfin, j\u2019ai connu Philippe Bihouix via ses livres il y a plusieurs ann\u00e9es et j\u2019ai toujours admir\u00e9 sa capacit\u00e9 \u00e0 vulgariser les cons\u00e9quences de notre addiction aux m\u00e9taux d\u2019un point de vue technique mais aussi plus global, en remettant en cause les fondamentaux de nos soci\u00e9t\u00e9s extractivistes et entra\u00een\u00e9es dans une course au \u00ab progr\u00e8s technique \u00bb.<\/p>\n<p style=\"text-align: justify\"><span style=\"color: #015d9e\"><strong>Jean\u00a0:<\/strong><\/span> tout est dit\u00a0!\u00a0Puisqu\u2019une semaine sur les ressources min\u00e9rales \u00e9tait pr\u00e9vue dans le module 2 du MS, nous avions imagin\u00e9 en novembre pouvoir approfondir certains aspects des enseignements de cette semaine par la conf\u00e9rence&#8230; recevoir Philippe Bihouix c&rsquo;\u00e9tait la cerise sur le g\u00e2teau !<\/p>\n<p><img loading=\"lazy\" decoding=\"async\" class=\"aligncenter wp-image-3972 size-full\" src=\"https:\/\/www.minesparis.psl.eu\/isige\/wp-content\/uploads\/sites\/21\/2026\/02\/2.jpg\" alt=\"\" width=\"1200\" height=\"1200\" srcset=\"https:\/\/www.minesparis.psl.eu\/isige\/wp-content\/uploads\/sites\/21\/2026\/02\/2.jpg 1200w, https:\/\/www.minesparis.psl.eu\/isige\/wp-content\/uploads\/sites\/21\/2026\/02\/2-300x300.jpg 300w, https:\/\/www.minesparis.psl.eu\/isige\/wp-content\/uploads\/sites\/21\/2026\/02\/2-1024x1024.jpg 1024w, https:\/\/www.minesparis.psl.eu\/isige\/wp-content\/uploads\/sites\/21\/2026\/02\/2-150x150.jpg 150w, https:\/\/www.minesparis.psl.eu\/isige\/wp-content\/uploads\/sites\/21\/2026\/02\/2-768x768.jpg 768w\" sizes=\"auto, (max-width: 1200px) 100vw, 1200px\" \/><\/p>\n<h1 style=\"text-align: justify\"><span style=\"color: #015d9e\"><strong>Que retenez-vous de cet \u00e9change ?\u00a0<\/strong><\/span><\/h1>\n<p style=\"text-align: justify\"><strong><span style=\"color: #015d9e\">Jean\u00a0:<\/span><\/strong> ce qui m\u2019a marqu\u00e9, c\u2019est la d\u00e9monstration qui a \u00e9t\u00e9 faite\u00a0: la sobri\u00e9t\u00e9 est n\u00e9cessaire pour rendre nos modes de vie soutenables au niveau min\u00e9ral. Les ressources min\u00e9rales de la transition \u00e9cologique sont souvent oubli\u00e9es alors qu\u2019elles sont cruciales d\u2019un point de vue industriel, social et g\u00e9opolitique. Entendre ce rappel de la min\u00e9ralit\u00e9 de nos soci\u00e9t\u00e9s, des cha\u00eenes de valeurs impliqu\u00e9es et des ordres de grandeur \u00e9tait salutaire. En un mot, poser la question des besoins est une condition sine qua non de la transition.<\/p>\n<p style=\"text-align: justify\"><span style=\"color: #015d9e\"><strong>Simon\u00a0:<\/strong> j<\/span>e suis toujours surpris de voir \u00e0 quel point les probl\u00e9matiques mini\u00e8res sont complexes. On pense avoir plus ou moins compris certaines dynamiques alors qu\u2019un niveau de nuance suppl\u00e9mentaire existe syst\u00e9matiquement et remet parfois en cause notre mani\u00e8re de voir le sujet.<\/p>\n<p style=\"text-align: justify\">Je pense ici \u00e0 la discussion sur les tendances de production du cuivre notamment, qui nous a invit\u00e9 \u00e0 prendre du recul sur de potentiels conflits d\u2019int\u00e9r\u00eat. Je retiens donc le n\u00e9cessaire travail de communication et de clarification qui concerne la transition \u00e9nerg\u00e9tique et ici les m\u00e9taux au sujet desquels circulent encore beaucoup d\u2019id\u00e9es re\u00e7ues.<\/p>\n<h1 style=\"text-align: justify\"><span style=\"color: #015d9e\"><strong>Le mot de la fin<\/strong><\/span><\/h1>\n<p style=\"text-align: justify\"><strong><span style=\"color: #015d9e\">Simon\u00a0:<\/span> <\/strong>des amis compl\u00e8tement \u00e9trangers \u00e0 ces th\u00e9matiques ont assist\u00e9 \u00e0 la conf\u00e9rence et m\u2019ont dit avoir appris \u00e9norm\u00e9ment de choses malgr\u00e9 la technicit\u00e9 apparente du sujet, cette table ronde a donc rempli son objectif !<\/p>\n<p style=\"text-align: justify\"><strong><span style=\"color: #015d9e\">Jean\u00a0:<\/span><\/strong> humainement, c\u2019\u00e9tait une tr\u00e8s belle aventure et nous sommes tr\u00e8s reconnaissants pour la confiance et l\u2019autonomie accord\u00e9es par les responsables du MS.<\/p>\n\t\t<\/div>\n\t<\/div>\n<\/div>","protected":false},"featured_media":3976,"template":"","actualites-formats":[17],"actualites-thematiques":[],"class_list":["post-3970","actualites","type-actualites","status-publish","has-post-thumbnail","hentry"],"acf":[],"yoast_head":"<!-- This site is optimized with the Yoast SEO plugin v27.2 - https:\/\/yoast.com\/product\/yoast-seo-wordpress\/ -->\n<title>De l\u2019innovation mini\u00e8re \u00e0 l\u2019ing\u00e9nierie des limites : extraire, recycler ou repenser nos besoins ? - ISIGE Mines Paris - PSL<\/title>\n<meta name=\"description\" content=\"De l\u2019innovation mini\u00e8re \u00e0 l\u2019ing\u00e9nierie des limites : extraire, recycler ou repenser nos besoins ?\" \/>\n<meta name=\"robots\" content=\"index, follow, max-snippet:-1, max-image-preview:large, max-video-preview:-1\" \/>\n<link rel=\"canonical\" href=\"https:\/\/www.minesparis.psl.eu\/isige\/actualites\/de-linnovation-miniere-a-lingenierie-des-limites-extraire-recycler-ou-repenser-nos-besoins\/\" \/>\n<meta property=\"og:locale\" content=\"fr_FR\" \/>\n<meta property=\"og:type\" content=\"article\" \/>\n<meta property=\"og:title\" content=\"De l\u2019innovation mini\u00e8re \u00e0 l\u2019ing\u00e9nierie des limites : extraire, recycler ou repenser nos besoins ? - ISIGE Mines Paris - PSL\" \/>\n<meta property=\"og:description\" content=\"De l\u2019innovation mini\u00e8re \u00e0 l\u2019ing\u00e9nierie des limites : extraire, recycler ou repenser nos besoins ?\" \/>\n<meta property=\"og:url\" content=\"https:\/\/www.minesparis.psl.eu\/isige\/actualites\/de-linnovation-miniere-a-lingenierie-des-limites-extraire-recycler-ou-repenser-nos-besoins\/\" \/>\n<meta property=\"og:site_name\" content=\"ISIGE Mines Paris - PSL\" \/>\n<meta property=\"article:modified_time\" content=\"2026-02-11T09:01:15+00:00\" \/>\n<meta property=\"og:image\" content=\"https:\/\/www.minesparis.psl.eu\/isige\/wp-content\/uploads\/sites\/21\/2026\/02\/IMG_8454-scaled.jpg\" \/>\n\t<meta property=\"og:image:width\" content=\"2560\" \/>\n\t<meta property=\"og:image:height\" content=\"1703\" \/>\n\t<meta property=\"og:image:type\" content=\"image\/jpeg\" \/>\n<meta name=\"twitter:card\" content=\"summary_large_image\" \/>\n<meta name=\"twitter:label1\" content=\"Dur\u00e9e de lecture estim\u00e9e\" \/>\n\t<meta name=\"twitter:data1\" content=\"1 minute\" \/>\n<script type=\"application\/ld+json\" class=\"yoast-schema-graph\">{\"@context\":\"https:\/\/schema.org\",\"@graph\":[{\"@type\":\"WebPage\",\"@id\":\"https:\/\/www.minesparis.psl.eu\/isige\/actualites\/de-linnovation-miniere-a-lingenierie-des-limites-extraire-recycler-ou-repenser-nos-besoins\/\",\"url\":\"https:\/\/www.minesparis.psl.eu\/isige\/actualites\/de-linnovation-miniere-a-lingenierie-des-limites-extraire-recycler-ou-repenser-nos-besoins\/\",\"name\":\"De l\u2019innovation mini\u00e8re \u00e0 l\u2019ing\u00e9nierie des limites : extraire, recycler ou repenser nos besoins ? - ISIGE Mines Paris - PSL\",\"isPartOf\":{\"@id\":\"https:\/\/www.minesparis.psl.eu\/isige\/#website\"},\"primaryImageOfPage\":{\"@id\":\"https:\/\/www.minesparis.psl.eu\/isige\/actualites\/de-linnovation-miniere-a-lingenierie-des-limites-extraire-recycler-ou-repenser-nos-besoins\/#primaryimage\"},\"image\":{\"@id\":\"https:\/\/www.minesparis.psl.eu\/isige\/actualites\/de-linnovation-miniere-a-lingenierie-des-limites-extraire-recycler-ou-repenser-nos-besoins\/#primaryimage\"},\"thumbnailUrl\":\"https:\/\/www.minesparis.psl.eu\/isige\/wp-content\/uploads\/sites\/21\/2026\/02\/IMG_8454-scaled.jpg\",\"datePublished\":\"2026-02-04T08:21:21+00:00\",\"dateModified\":\"2026-02-11T09:01:15+00:00\",\"description\":\"De l\u2019innovation mini\u00e8re \u00e0 l\u2019ing\u00e9nierie des limites : extraire, recycler ou repenser nos besoins ?\",\"breadcrumb\":{\"@id\":\"https:\/\/www.minesparis.psl.eu\/isige\/actualites\/de-linnovation-miniere-a-lingenierie-des-limites-extraire-recycler-ou-repenser-nos-besoins\/#breadcrumb\"},\"inLanguage\":\"fr-FR\",\"potentialAction\":[{\"@type\":\"ReadAction\",\"target\":[\"https:\/\/www.minesparis.psl.eu\/isige\/actualites\/de-linnovation-miniere-a-lingenierie-des-limites-extraire-recycler-ou-repenser-nos-besoins\/\"]}]},{\"@type\":\"ImageObject\",\"inLanguage\":\"fr-FR\",\"@id\":\"https:\/\/www.minesparis.psl.eu\/isige\/actualites\/de-linnovation-miniere-a-lingenierie-des-limites-extraire-recycler-ou-repenser-nos-besoins\/#primaryimage\",\"url\":\"https:\/\/www.minesparis.psl.eu\/isige\/wp-content\/uploads\/sites\/21\/2026\/02\/IMG_8454-scaled.jpg\",\"contentUrl\":\"https:\/\/www.minesparis.psl.eu\/isige\/wp-content\/uploads\/sites\/21\/2026\/02\/IMG_8454-scaled.jpg\",\"width\":2560,\"height\":1703},{\"@type\":\"BreadcrumbList\",\"@id\":\"https:\/\/www.minesparis.psl.eu\/isige\/actualites\/de-linnovation-miniere-a-lingenierie-des-limites-extraire-recycler-ou-repenser-nos-besoins\/#breadcrumb\",\"itemListElement\":[{\"@type\":\"ListItem\",\"position\":1,\"name\":\"Accueil\",\"item\":\"https:\/\/www.minesparis.psl.eu\/isige\/\"},{\"@type\":\"ListItem\",\"position\":2,\"name\":\"De l\u2019innovation mini\u00e8re \u00e0 l\u2019ing\u00e9nierie des limites : extraire, recycler ou repenser nos besoins ?\"}]},{\"@type\":\"WebSite\",\"@id\":\"https:\/\/www.minesparis.psl.eu\/isige\/#website\",\"url\":\"https:\/\/www.minesparis.psl.eu\/isige\/\",\"name\":\"ISIGE Mines Paris - PSL\",\"description\":\"\",\"publisher\":{\"@id\":\"https:\/\/www.minesparis.psl.eu\/isige\/#organization\"},\"potentialAction\":[{\"@type\":\"SearchAction\",\"target\":{\"@type\":\"EntryPoint\",\"urlTemplate\":\"https:\/\/www.minesparis.psl.eu\/isige\/?s={search_term_string}\"},\"query-input\":{\"@type\":\"PropertyValueSpecification\",\"valueRequired\":true,\"valueName\":\"search_term_string\"}}],\"inLanguage\":\"fr-FR\"},{\"@type\":\"Organization\",\"@id\":\"https:\/\/www.minesparis.psl.eu\/isige\/#organization\",\"name\":\"ISIGE Mines Paris - PSL\",\"url\":\"https:\/\/www.minesparis.psl.eu\/isige\/\",\"logo\":{\"@type\":\"ImageObject\",\"inLanguage\":\"fr-FR\",\"@id\":\"https:\/\/www.minesparis.psl.eu\/isige\/#\/schema\/logo\/image\/\",\"url\":\"https:\/\/www.minesparis.psl.eu\/isige\/wp-content\/uploads\/sites\/21\/2025\/02\/cropped-MinesParis-PSL-ISIGEOCoRVB-1.png\",\"contentUrl\":\"https:\/\/www.minesparis.psl.eu\/isige\/wp-content\/uploads\/sites\/21\/2025\/02\/cropped-MinesParis-PSL-ISIGEOCoRVB-1.png\",\"width\":1584,\"height\":360,\"caption\":\"ISIGE Mines Paris - PSL\"},\"image\":{\"@id\":\"https:\/\/www.minesparis.psl.eu\/isige\/#\/schema\/logo\/image\/\"}}]}<\/script>\n<!-- \/ Yoast SEO plugin. -->","yoast_head_json":{"title":"De l\u2019innovation mini\u00e8re \u00e0 l\u2019ing\u00e9nierie des limites : extraire, recycler ou repenser nos besoins ? - ISIGE Mines Paris - PSL","description":"De l\u2019innovation mini\u00e8re \u00e0 l\u2019ing\u00e9nierie des limites : extraire, recycler ou repenser nos besoins ?","robots":{"index":"index","follow":"follow","max-snippet":"max-snippet:-1","max-image-preview":"max-image-preview:large","max-video-preview":"max-video-preview:-1"},"canonical":"https:\/\/www.minesparis.psl.eu\/isige\/actualites\/de-linnovation-miniere-a-lingenierie-des-limites-extraire-recycler-ou-repenser-nos-besoins\/","og_locale":"fr_FR","og_type":"article","og_title":"De l\u2019innovation mini\u00e8re \u00e0 l\u2019ing\u00e9nierie des limites : extraire, recycler ou repenser nos besoins ? - ISIGE Mines Paris - PSL","og_description":"De l\u2019innovation mini\u00e8re \u00e0 l\u2019ing\u00e9nierie des limites : extraire, recycler ou repenser nos besoins ?","og_url":"https:\/\/www.minesparis.psl.eu\/isige\/actualites\/de-linnovation-miniere-a-lingenierie-des-limites-extraire-recycler-ou-repenser-nos-besoins\/","og_site_name":"ISIGE Mines Paris - PSL","article_modified_time":"2026-02-11T09:01:15+00:00","og_image":[{"width":2560,"height":1703,"url":"https:\/\/www.minesparis.psl.eu\/isige\/wp-content\/uploads\/sites\/21\/2026\/02\/IMG_8454-scaled.jpg","type":"image\/jpeg"}],"twitter_card":"summary_large_image","twitter_misc":{"Dur\u00e9e de lecture estim\u00e9e":"1 minute"},"schema":{"@context":"https:\/\/schema.org","@graph":[{"@type":"WebPage","@id":"https:\/\/www.minesparis.psl.eu\/isige\/actualites\/de-linnovation-miniere-a-lingenierie-des-limites-extraire-recycler-ou-repenser-nos-besoins\/","url":"https:\/\/www.minesparis.psl.eu\/isige\/actualites\/de-linnovation-miniere-a-lingenierie-des-limites-extraire-recycler-ou-repenser-nos-besoins\/","name":"De l\u2019innovation mini\u00e8re \u00e0 l\u2019ing\u00e9nierie des limites : extraire, recycler ou repenser nos besoins ? - ISIGE Mines Paris - PSL","isPartOf":{"@id":"https:\/\/www.minesparis.psl.eu\/isige\/#website"},"primaryImageOfPage":{"@id":"https:\/\/www.minesparis.psl.eu\/isige\/actualites\/de-linnovation-miniere-a-lingenierie-des-limites-extraire-recycler-ou-repenser-nos-besoins\/#primaryimage"},"image":{"@id":"https:\/\/www.minesparis.psl.eu\/isige\/actualites\/de-linnovation-miniere-a-lingenierie-des-limites-extraire-recycler-ou-repenser-nos-besoins\/#primaryimage"},"thumbnailUrl":"https:\/\/www.minesparis.psl.eu\/isige\/wp-content\/uploads\/sites\/21\/2026\/02\/IMG_8454-scaled.jpg","datePublished":"2026-02-04T08:21:21+00:00","dateModified":"2026-02-11T09:01:15+00:00","description":"De l\u2019innovation mini\u00e8re \u00e0 l\u2019ing\u00e9nierie des limites : extraire, recycler ou repenser nos besoins ?","breadcrumb":{"@id":"https:\/\/www.minesparis.psl.eu\/isige\/actualites\/de-linnovation-miniere-a-lingenierie-des-limites-extraire-recycler-ou-repenser-nos-besoins\/#breadcrumb"},"inLanguage":"fr-FR","potentialAction":[{"@type":"ReadAction","target":["https:\/\/www.minesparis.psl.eu\/isige\/actualites\/de-linnovation-miniere-a-lingenierie-des-limites-extraire-recycler-ou-repenser-nos-besoins\/"]}]},{"@type":"ImageObject","inLanguage":"fr-FR","@id":"https:\/\/www.minesparis.psl.eu\/isige\/actualites\/de-linnovation-miniere-a-lingenierie-des-limites-extraire-recycler-ou-repenser-nos-besoins\/#primaryimage","url":"https:\/\/www.minesparis.psl.eu\/isige\/wp-content\/uploads\/sites\/21\/2026\/02\/IMG_8454-scaled.jpg","contentUrl":"https:\/\/www.minesparis.psl.eu\/isige\/wp-content\/uploads\/sites\/21\/2026\/02\/IMG_8454-scaled.jpg","width":2560,"height":1703},{"@type":"BreadcrumbList","@id":"https:\/\/www.minesparis.psl.eu\/isige\/actualites\/de-linnovation-miniere-a-lingenierie-des-limites-extraire-recycler-ou-repenser-nos-besoins\/#breadcrumb","itemListElement":[{"@type":"ListItem","position":1,"name":"Accueil","item":"https:\/\/www.minesparis.psl.eu\/isige\/"},{"@type":"ListItem","position":2,"name":"De l\u2019innovation mini\u00e8re \u00e0 l\u2019ing\u00e9nierie des limites : extraire, recycler ou repenser nos besoins ?"}]},{"@type":"WebSite","@id":"https:\/\/www.minesparis.psl.eu\/isige\/#website","url":"https:\/\/www.minesparis.psl.eu\/isige\/","name":"ISIGE Mines Paris - PSL","description":"","publisher":{"@id":"https:\/\/www.minesparis.psl.eu\/isige\/#organization"},"potentialAction":[{"@type":"SearchAction","target":{"@type":"EntryPoint","urlTemplate":"https:\/\/www.minesparis.psl.eu\/isige\/?s={search_term_string}"},"query-input":{"@type":"PropertyValueSpecification","valueRequired":true,"valueName":"search_term_string"}}],"inLanguage":"fr-FR"},{"@type":"Organization","@id":"https:\/\/www.minesparis.psl.eu\/isige\/#organization","name":"ISIGE Mines Paris - PSL","url":"https:\/\/www.minesparis.psl.eu\/isige\/","logo":{"@type":"ImageObject","inLanguage":"fr-FR","@id":"https:\/\/www.minesparis.psl.eu\/isige\/#\/schema\/logo\/image\/","url":"https:\/\/www.minesparis.psl.eu\/isige\/wp-content\/uploads\/sites\/21\/2025\/02\/cropped-MinesParis-PSL-ISIGEOCoRVB-1.png","contentUrl":"https:\/\/www.minesparis.psl.eu\/isige\/wp-content\/uploads\/sites\/21\/2025\/02\/cropped-MinesParis-PSL-ISIGEOCoRVB-1.png","width":1584,"height":360,"caption":"ISIGE Mines Paris - PSL"},"image":{"@id":"https:\/\/www.minesparis.psl.eu\/isige\/#\/schema\/logo\/image\/"}}]}},"_links":{"self":[{"href":"https:\/\/www.minesparis.psl.eu\/isige\/wp-json\/wp\/v2\/actualites\/3970","targetHints":{"allow":["GET"]}}],"collection":[{"href":"https:\/\/www.minesparis.psl.eu\/isige\/wp-json\/wp\/v2\/actualites"}],"about":[{"href":"https:\/\/www.minesparis.psl.eu\/isige\/wp-json\/wp\/v2\/types\/actualites"}],"wp:featuredmedia":[{"embeddable":true,"href":"https:\/\/www.minesparis.psl.eu\/isige\/wp-json\/wp\/v2\/media\/3976"}],"wp:attachment":[{"href":"https:\/\/www.minesparis.psl.eu\/isige\/wp-json\/wp\/v2\/media?parent=3970"}],"wp:term":[{"taxonomy":"actualites-formats","embeddable":true,"href":"https:\/\/www.minesparis.psl.eu\/isige\/wp-json\/wp\/v2\/actualites-formats?post=3970"},{"taxonomy":"actualites-thematiques","embeddable":true,"href":"https:\/\/www.minesparis.psl.eu\/isige\/wp-json\/wp\/v2\/actualites-thematiques?post=3970"}],"curies":[{"name":"wp","href":"https:\/\/api.w.org\/{rel}","templated":true}]}}