{"id":3959,"date":"2025-09-09T16:48:00","date_gmt":"2025-09-09T14:48:00","guid":{"rendered":"https:\/\/www.minesparis.psl.eu\/isige\/?post_type=actualites&#038;p=3959"},"modified":"2026-02-09T16:50:45","modified_gmt":"2026-02-09T15:50:45","slug":"portrait-de-maxime-parier-ms-eedd-parcours-ige-2025-26","status":"publish","type":"actualites","link":"https:\/\/www.minesparis.psl.eu\/isige\/actualites\/portrait-de-maxime-parier-ms-eedd-parcours-ige-2025-26\/","title":{"rendered":"Portrait de Maxime Parier \u2013 MS EEDD parcours IGE, 2025-26"},"content":{"rendered":"\n<div class=\"container block-full-largeur\">\n\t<div class=\"row mt-4\">\n\t\t<div class=\"col-md-12\">\n\t\t\t<p>&nbsp;<\/p>\n<h1 style=\"text-align: center\"><em>Apr\u00e8s une formation en \u00e9cole de commerce, je souhaite aujourd\u2019hui comprendre plus en d\u00e9tail le fonctionnement de l\u2019environnement, son organisation et ses interactions avec la soci\u00e9t\u00e9 humaine.<\/em><\/h1>\n<h1 style=\"text-align: justify\"><span style=\"color: #015d9e\"><strong>Quel est ton parcours\u00a0Maxime ?<\/strong><\/span><\/h1>\n<p style=\"text-align: justify\">La formation au sein de l\u2019ESSEC m\u2019a conf\u00e9r\u00e9 des domaines d\u2019expertise vari\u00e9s : l\u2019\u00e9conomie, les statistiques, le management, la finance, la comptabilit\u00e9. Ces enseignements me permettent d\u2019avoir une approche et une analyse multi-scalaire pour un probl\u00e8me donn\u00e9, avec une vision macro.<\/p>\n<p style=\"text-align: center\"><span style=\"color: #015d9e\"><em>La chaire Transition \u00c9cologique a \u00e9galement renforc\u00e9 mes connaissances et app\u00e9tences dans les probl\u00e9matiques li\u00e9es \u00e0 l\u2019environnement : j\u2019y ai appris les ordres de grandeur principaux, les sources pertinentes et le d\u00e9veloppement d\u2019une v\u00e9ritable r\u00e9flexion critique sur les controverses qui peuvent exister en mati\u00e8re d\u2019\u00e9cologie.<\/em><\/span><\/p>\n<p style=\"text-align: justify\">Ayant \u00e9volu\u00e9 dans des entreprises de taille diff\u00e9rente (220 000 salari\u00e9s chez Veolia, 7 pour Terra Nova), j\u2019ai pu observer une vari\u00e9t\u00e9 de probl\u00e8mes auxquels une entreprise, une organisation ou un individu peut \u00eatre confront\u00e9 : tensions avec d\u2019importants fournisseurs ou clients, image de marque d\u2019une grande soci\u00e9t\u00e9, hi\u00e9rarchie dans une grande entreprise d\u2019une part, et d\u2019autre part une prise d\u2019initiative n\u00e9cessaire, une marge de man\u0153uvre significative et un lien direct avec la direction dans le cas d\u2019une petite structure.<\/p>\n<h1 style=\"text-align: justify\"><span style=\"color: #015d9e\"><strong>Pourquoi avoir choisi le MS EEDD parcours IGE ?<\/strong><\/span><\/h1>\n<p style=\"text-align: justify\">Plusieurs aspects me motivent pour int\u00e9grer cette formation. Je suis passionn\u00e9 par l\u2019environnement, l\u2019\u00e9cologie et la transition \u00e9cologique et ce sous tous ses aspects : scientifique, \u00e9conomique, financier, g\u00e9opolitique, biologique\u2026<\/p>\n<p style=\"text-align: center\"><span style=\"color: #015d9e\"><em>Une \u00e9cole d\u2019ing\u00e9nieurs peut m\u2019apporter cette dimension technique et scientifique, en particulier ce programme qui est centr\u00e9 sur la gestion de l\u2019environnement.<\/em><\/span><\/p>\n<p style=\"text-align: justify\">Les comp\u00e9tences et mati\u00e8res qui m\u2019int\u00e9ressent dans ce programme sont d\u2019autant plus importantes pour moi que je ne les ai pas assez approfondies lors de mes \u00e9tudes. Je souhaite ainsi avoir une approche orient\u00e9e ing\u00e9nieur, ce qui est selon moi n\u00e9cessaire si l\u2019on veut saisir le changement physique et concret de notre environnement dans son ensemble.<\/p>\n<p style=\"text-align: justify\">De plus, je souhaite me sp\u00e9cialiser dans la gestion de l\u2019environnement, car je pense que c\u2019est l\u2019un des enjeux-cl\u00e9s, actuellement mais aussi dans les ann\u00e9es et d\u00e9cennies \u00e0 venir.<\/p>\n<p style=\"text-align: center\"><span style=\"color: #015d9e\"><em>Tr\u00e8s sensibilis\u00e9(e) aux enjeux du changement climatique, notamment gr\u00e2ce \u00e0 des recherches personnelles et \u00e0 des cours d\u00e9di\u00e9s, je souhaite aujourd\u2019hui approfondir ma compr\u00e9hension des strat\u00e9gies d\u2019att\u00e9nuation et d\u2019adaptation, des indicateurs pertinents \u00e0 mobiliser et des modes de gestion des al\u00e9as climatiques au sein d\u2019organisations publiques, internationales ou priv\u00e9es.<\/em><\/span><\/p>\n<p style=\"text-align: justify\">Je trouve particuli\u00e8rement riche et pertinent de conclure cette formation par un stage de fin d\u2019\u00e9tudes associ\u00e9 \u00e0 la r\u00e9daction d\u2019une th\u00e8se professionnelle. J\u2019aimerais ainsi achever mon parcours acad\u00e9mique par un stage en lien avec mes centres d\u2019int\u00e9r\u00eat, tout en me permettant de mieux comprendre et de m\u2019impliquer concr\u00e8tement dans la gestion de l\u2019environnement, gr\u00e2ce \u00e0 une approche de terrain.<\/p>\n<p style=\"text-align: justify\">La th\u00e8se serait l\u2019occasion d\u2019approfondir le sujet abord\u00e9 lors de ce stage en lui apportant une dimension acad\u00e9mique. Cette articulation entre pratique et recherche repr\u00e9sente une r\u00e9elle opportunit\u00e9 d\u2019aborder une probl\u00e9matique sous deux angles \u00e0 la fois diff\u00e9rents et compl\u00e9mentaires.<\/p>\n<h1 style=\"text-align: justify\"><strong><span style=\"color: #015d9e\">Quel est ton projet professionnel ?<\/span> <\/strong><\/h1>\n<p style=\"text-align: center\"><span style=\"color: #015d9e\"><em>Je suis convaincu qu\u2019il est essentiel de disposer d\u2019une approche et de comp\u00e9tences scientifiques ou techniques dans le domaine de l\u2019environnement afin de bien comprendre les enjeux, de savoir de quoi l\u2019on parle et de porter un regard critique sur les probl\u00e9matiques abord\u00e9es.<\/em><\/span><\/p>\n<p style=\"text-align: justify\">Mon projet professionnel est de travailler dans une entreprise fran\u00e7aise, PME de pr\u00e9f\u00e9rence, ou une grande organisation, qui travaille sur la d\u00e9carbonation de l\u2019\u00e9conomie ou bien la pr\u00e9servation de l\u2019environnement.<\/p>\n<p style=\"text-align: justify\">Le secteur qui m\u2019int\u00e9resse le plus aujourd\u2019hui est celui de la mobilit\u00e9 car il repr\u00e9sente le premier poste d\u2019\u00e9missions de CO2 en France. Je m\u2019oriente vers des acteurs comme Zeplug par exemple (charg\u00e9 de projet ou d\u2019investissement), dont le travail m\u2019int\u00e9resse grandement (installation de recharges de v\u00e9hicules \u00e9lectriques chez des particuliers).<\/p>\n<p style=\"text-align: justify\">Cependant mon choix n\u2019est pas encore arr\u00eat\u00e9 sur un secteur pr\u00e9cis. La deuxi\u00e8me partie du master en stage est aussi un point non n\u00e9gligeable car elle me permettrait de mettre en pratique la th\u00e9orie apprise lors du premier semestre, mais \u00e9galement d\u2019avoir une exp\u00e9rience professionnelle approfondie et sp\u00e9cialis\u00e9e, doubl\u00e9e d\u2019un travail de recherche afin d\u2019aller plus loin dans ma r\u00e9flexion.<\/p>\n\t\t<\/div>\n\t<\/div>\n<\/div>","protected":false},"featured_media":3960,"template":"","actualites-formats":[17,18],"actualites-thematiques":[],"class_list":["post-3959","actualites","type-actualites","status-publish","has-post-thumbnail","hentry"],"acf":[],"yoast_head":"<!-- This site is optimized with the Yoast SEO plugin v27.2 - https:\/\/yoast.com\/product\/yoast-seo-wordpress\/ -->\n<title>Portrait de Maxime Parier \u2013 MS EEDD parcours IGE, 2025-26 - ISIGE Mines Paris - PSL<\/title>\n<meta name=\"description\" content=\"Il est essentiel de disposer d\u2019une approche et de comp\u00e9tences scientifiques ou techniques dans le domaine de l\u2019environnement.\" \/>\n<meta name=\"robots\" content=\"index, follow, max-snippet:-1, max-image-preview:large, max-video-preview:-1\" \/>\n<link rel=\"canonical\" href=\"https:\/\/www.minesparis.psl.eu\/isige\/actualites\/portrait-de-maxime-parier-ms-eedd-parcours-ige-2025-26\/\" \/>\n<meta property=\"og:locale\" content=\"fr_FR\" \/>\n<meta property=\"og:type\" content=\"article\" \/>\n<meta property=\"og:title\" content=\"Portrait de Maxime Parier \u2013 MS EEDD parcours IGE, 2025-26 - ISIGE Mines Paris - PSL\" \/>\n<meta property=\"og:description\" content=\"Il est essentiel de disposer d\u2019une approche et de comp\u00e9tences scientifiques ou techniques dans le domaine de l\u2019environnement.\" \/>\n<meta property=\"og:url\" content=\"https:\/\/www.minesparis.psl.eu\/isige\/actualites\/portrait-de-maxime-parier-ms-eedd-parcours-ige-2025-26\/\" \/>\n<meta property=\"og:site_name\" content=\"ISIGE Mines Paris - PSL\" \/>\n<meta property=\"article:modified_time\" content=\"2026-02-09T15:50:45+00:00\" \/>\n<meta property=\"og:image\" content=\"https:\/\/www.minesparis.psl.eu\/isige\/wp-content\/uploads\/sites\/21\/2026\/02\/IMG_5215-modified-1024x1024.png\" \/>\n\t<meta property=\"og:image:width\" content=\"1024\" \/>\n\t<meta property=\"og:image:height\" content=\"1024\" \/>\n\t<meta property=\"og:image:type\" content=\"image\/png\" \/>\n<meta name=\"twitter:card\" content=\"summary_large_image\" \/>\n<meta name=\"twitter:label1\" content=\"Dur\u00e9e de lecture estim\u00e9e\" \/>\n\t<meta name=\"twitter:data1\" content=\"1 minute\" \/>\n<script type=\"application\/ld+json\" class=\"yoast-schema-graph\">{\"@context\":\"https:\/\/schema.org\",\"@graph\":[{\"@type\":\"WebPage\",\"@id\":\"https:\/\/www.minesparis.psl.eu\/isige\/actualites\/portrait-de-maxime-parier-ms-eedd-parcours-ige-2025-26\/\",\"url\":\"https:\/\/www.minesparis.psl.eu\/isige\/actualites\/portrait-de-maxime-parier-ms-eedd-parcours-ige-2025-26\/\",\"name\":\"Portrait de Maxime Parier \u2013 MS EEDD parcours IGE, 2025-26 - ISIGE Mines Paris - PSL\",\"isPartOf\":{\"@id\":\"https:\/\/www.minesparis.psl.eu\/isige\/#website\"},\"primaryImageOfPage\":{\"@id\":\"https:\/\/www.minesparis.psl.eu\/isige\/actualites\/portrait-de-maxime-parier-ms-eedd-parcours-ige-2025-26\/#primaryimage\"},\"image\":{\"@id\":\"https:\/\/www.minesparis.psl.eu\/isige\/actualites\/portrait-de-maxime-parier-ms-eedd-parcours-ige-2025-26\/#primaryimage\"},\"thumbnailUrl\":\"https:\/\/www.minesparis.psl.eu\/isige\/wp-content\/uploads\/sites\/21\/2026\/02\/IMG_5215-modified.png\",\"datePublished\":\"2025-09-09T14:48:00+00:00\",\"dateModified\":\"2026-02-09T15:50:45+00:00\",\"description\":\"Il est essentiel de disposer d\u2019une approche et de comp\u00e9tences scientifiques ou techniques dans le domaine de l\u2019environnement.\",\"breadcrumb\":{\"@id\":\"https:\/\/www.minesparis.psl.eu\/isige\/actualites\/portrait-de-maxime-parier-ms-eedd-parcours-ige-2025-26\/#breadcrumb\"},\"inLanguage\":\"fr-FR\",\"potentialAction\":[{\"@type\":\"ReadAction\",\"target\":[\"https:\/\/www.minesparis.psl.eu\/isige\/actualites\/portrait-de-maxime-parier-ms-eedd-parcours-ige-2025-26\/\"]}]},{\"@type\":\"ImageObject\",\"inLanguage\":\"fr-FR\",\"@id\":\"https:\/\/www.minesparis.psl.eu\/isige\/actualites\/portrait-de-maxime-parier-ms-eedd-parcours-ige-2025-26\/#primaryimage\",\"url\":\"https:\/\/www.minesparis.psl.eu\/isige\/wp-content\/uploads\/sites\/21\/2026\/02\/IMG_5215-modified.png\",\"contentUrl\":\"https:\/\/www.minesparis.psl.eu\/isige\/wp-content\/uploads\/sites\/21\/2026\/02\/IMG_5215-modified.png\",\"width\":2393,\"height\":2393,\"caption\":\"Maxime Parier\"},{\"@type\":\"BreadcrumbList\",\"@id\":\"https:\/\/www.minesparis.psl.eu\/isige\/actualites\/portrait-de-maxime-parier-ms-eedd-parcours-ige-2025-26\/#breadcrumb\",\"itemListElement\":[{\"@type\":\"ListItem\",\"position\":1,\"name\":\"Accueil\",\"item\":\"https:\/\/www.minesparis.psl.eu\/isige\/\"},{\"@type\":\"ListItem\",\"position\":2,\"name\":\"Portrait de Maxime Parier \u2013 MS EEDD parcours IGE, 2025-26\"}]},{\"@type\":\"WebSite\",\"@id\":\"https:\/\/www.minesparis.psl.eu\/isige\/#website\",\"url\":\"https:\/\/www.minesparis.psl.eu\/isige\/\",\"name\":\"ISIGE Mines Paris - PSL\",\"description\":\"\",\"publisher\":{\"@id\":\"https:\/\/www.minesparis.psl.eu\/isige\/#organization\"},\"potentialAction\":[{\"@type\":\"SearchAction\",\"target\":{\"@type\":\"EntryPoint\",\"urlTemplate\":\"https:\/\/www.minesparis.psl.eu\/isige\/?s={search_term_string}\"},\"query-input\":{\"@type\":\"PropertyValueSpecification\",\"valueRequired\":true,\"valueName\":\"search_term_string\"}}],\"inLanguage\":\"fr-FR\"},{\"@type\":\"Organization\",\"@id\":\"https:\/\/www.minesparis.psl.eu\/isige\/#organization\",\"name\":\"ISIGE Mines Paris - PSL\",\"url\":\"https:\/\/www.minesparis.psl.eu\/isige\/\",\"logo\":{\"@type\":\"ImageObject\",\"inLanguage\":\"fr-FR\",\"@id\":\"https:\/\/www.minesparis.psl.eu\/isige\/#\/schema\/logo\/image\/\",\"url\":\"https:\/\/www.minesparis.psl.eu\/isige\/wp-content\/uploads\/sites\/21\/2025\/02\/cropped-MinesParis-PSL-ISIGEOCoRVB-1.png\",\"contentUrl\":\"https:\/\/www.minesparis.psl.eu\/isige\/wp-content\/uploads\/sites\/21\/2025\/02\/cropped-MinesParis-PSL-ISIGEOCoRVB-1.png\",\"width\":1584,\"height\":360,\"caption\":\"ISIGE Mines Paris - PSL\"},\"image\":{\"@id\":\"https:\/\/www.minesparis.psl.eu\/isige\/#\/schema\/logo\/image\/\"}}]}<\/script>\n<!-- \/ Yoast SEO plugin. -->","yoast_head_json":{"title":"Portrait de Maxime Parier \u2013 MS EEDD parcours IGE, 2025-26 - ISIGE Mines Paris - PSL","description":"Il est essentiel de disposer d\u2019une approche et de comp\u00e9tences scientifiques ou techniques dans le domaine de l\u2019environnement.","robots":{"index":"index","follow":"follow","max-snippet":"max-snippet:-1","max-image-preview":"max-image-preview:large","max-video-preview":"max-video-preview:-1"},"canonical":"https:\/\/www.minesparis.psl.eu\/isige\/actualites\/portrait-de-maxime-parier-ms-eedd-parcours-ige-2025-26\/","og_locale":"fr_FR","og_type":"article","og_title":"Portrait de Maxime Parier \u2013 MS EEDD parcours IGE, 2025-26 - ISIGE Mines Paris - PSL","og_description":"Il est essentiel de disposer d\u2019une approche et de comp\u00e9tences scientifiques ou techniques dans le domaine de l\u2019environnement.","og_url":"https:\/\/www.minesparis.psl.eu\/isige\/actualites\/portrait-de-maxime-parier-ms-eedd-parcours-ige-2025-26\/","og_site_name":"ISIGE Mines Paris - PSL","article_modified_time":"2026-02-09T15:50:45+00:00","og_image":[{"width":1024,"height":1024,"url":"https:\/\/www.minesparis.psl.eu\/isige\/wp-content\/uploads\/sites\/21\/2026\/02\/IMG_5215-modified-1024x1024.png","type":"image\/png"}],"twitter_card":"summary_large_image","twitter_misc":{"Dur\u00e9e de lecture estim\u00e9e":"1 minute"},"schema":{"@context":"https:\/\/schema.org","@graph":[{"@type":"WebPage","@id":"https:\/\/www.minesparis.psl.eu\/isige\/actualites\/portrait-de-maxime-parier-ms-eedd-parcours-ige-2025-26\/","url":"https:\/\/www.minesparis.psl.eu\/isige\/actualites\/portrait-de-maxime-parier-ms-eedd-parcours-ige-2025-26\/","name":"Portrait de Maxime Parier \u2013 MS EEDD parcours IGE, 2025-26 - ISIGE Mines Paris - PSL","isPartOf":{"@id":"https:\/\/www.minesparis.psl.eu\/isige\/#website"},"primaryImageOfPage":{"@id":"https:\/\/www.minesparis.psl.eu\/isige\/actualites\/portrait-de-maxime-parier-ms-eedd-parcours-ige-2025-26\/#primaryimage"},"image":{"@id":"https:\/\/www.minesparis.psl.eu\/isige\/actualites\/portrait-de-maxime-parier-ms-eedd-parcours-ige-2025-26\/#primaryimage"},"thumbnailUrl":"https:\/\/www.minesparis.psl.eu\/isige\/wp-content\/uploads\/sites\/21\/2026\/02\/IMG_5215-modified.png","datePublished":"2025-09-09T14:48:00+00:00","dateModified":"2026-02-09T15:50:45+00:00","description":"Il est essentiel de disposer d\u2019une approche et de comp\u00e9tences scientifiques ou techniques dans le domaine de l\u2019environnement.","breadcrumb":{"@id":"https:\/\/www.minesparis.psl.eu\/isige\/actualites\/portrait-de-maxime-parier-ms-eedd-parcours-ige-2025-26\/#breadcrumb"},"inLanguage":"fr-FR","potentialAction":[{"@type":"ReadAction","target":["https:\/\/www.minesparis.psl.eu\/isige\/actualites\/portrait-de-maxime-parier-ms-eedd-parcours-ige-2025-26\/"]}]},{"@type":"ImageObject","inLanguage":"fr-FR","@id":"https:\/\/www.minesparis.psl.eu\/isige\/actualites\/portrait-de-maxime-parier-ms-eedd-parcours-ige-2025-26\/#primaryimage","url":"https:\/\/www.minesparis.psl.eu\/isige\/wp-content\/uploads\/sites\/21\/2026\/02\/IMG_5215-modified.png","contentUrl":"https:\/\/www.minesparis.psl.eu\/isige\/wp-content\/uploads\/sites\/21\/2026\/02\/IMG_5215-modified.png","width":2393,"height":2393,"caption":"Maxime Parier"},{"@type":"BreadcrumbList","@id":"https:\/\/www.minesparis.psl.eu\/isige\/actualites\/portrait-de-maxime-parier-ms-eedd-parcours-ige-2025-26\/#breadcrumb","itemListElement":[{"@type":"ListItem","position":1,"name":"Accueil","item":"https:\/\/www.minesparis.psl.eu\/isige\/"},{"@type":"ListItem","position":2,"name":"Portrait de Maxime Parier \u2013 MS EEDD parcours IGE, 2025-26"}]},{"@type":"WebSite","@id":"https:\/\/www.minesparis.psl.eu\/isige\/#website","url":"https:\/\/www.minesparis.psl.eu\/isige\/","name":"ISIGE Mines Paris - PSL","description":"","publisher":{"@id":"https:\/\/www.minesparis.psl.eu\/isige\/#organization"},"potentialAction":[{"@type":"SearchAction","target":{"@type":"EntryPoint","urlTemplate":"https:\/\/www.minesparis.psl.eu\/isige\/?s={search_term_string}"},"query-input":{"@type":"PropertyValueSpecification","valueRequired":true,"valueName":"search_term_string"}}],"inLanguage":"fr-FR"},{"@type":"Organization","@id":"https:\/\/www.minesparis.psl.eu\/isige\/#organization","name":"ISIGE Mines Paris - PSL","url":"https:\/\/www.minesparis.psl.eu\/isige\/","logo":{"@type":"ImageObject","inLanguage":"fr-FR","@id":"https:\/\/www.minesparis.psl.eu\/isige\/#\/schema\/logo\/image\/","url":"https:\/\/www.minesparis.psl.eu\/isige\/wp-content\/uploads\/sites\/21\/2025\/02\/cropped-MinesParis-PSL-ISIGEOCoRVB-1.png","contentUrl":"https:\/\/www.minesparis.psl.eu\/isige\/wp-content\/uploads\/sites\/21\/2025\/02\/cropped-MinesParis-PSL-ISIGEOCoRVB-1.png","width":1584,"height":360,"caption":"ISIGE Mines Paris - PSL"},"image":{"@id":"https:\/\/www.minesparis.psl.eu\/isige\/#\/schema\/logo\/image\/"}}]}},"_links":{"self":[{"href":"https:\/\/www.minesparis.psl.eu\/isige\/wp-json\/wp\/v2\/actualites\/3959","targetHints":{"allow":["GET"]}}],"collection":[{"href":"https:\/\/www.minesparis.psl.eu\/isige\/wp-json\/wp\/v2\/actualites"}],"about":[{"href":"https:\/\/www.minesparis.psl.eu\/isige\/wp-json\/wp\/v2\/types\/actualites"}],"wp:featuredmedia":[{"embeddable":true,"href":"https:\/\/www.minesparis.psl.eu\/isige\/wp-json\/wp\/v2\/media\/3960"}],"wp:attachment":[{"href":"https:\/\/www.minesparis.psl.eu\/isige\/wp-json\/wp\/v2\/media?parent=3959"}],"wp:term":[{"taxonomy":"actualites-formats","embeddable":true,"href":"https:\/\/www.minesparis.psl.eu\/isige\/wp-json\/wp\/v2\/actualites-formats?post=3959"},{"taxonomy":"actualites-thematiques","embeddable":true,"href":"https:\/\/www.minesparis.psl.eu\/isige\/wp-json\/wp\/v2\/actualites-thematiques?post=3959"}],"curies":[{"name":"wp","href":"https:\/\/api.w.org\/{rel}","templated":true}]}}