{"id":3927,"date":"2025-05-06T10:55:00","date_gmt":"2025-05-06T08:55:00","guid":{"rendered":"https:\/\/www.minesparis.psl.eu\/isige\/?post_type=actualites&#038;p=3927"},"modified":"2026-02-11T17:36:46","modified_gmt":"2026-02-11T16:36:46","slug":"portrait-darthur-guidault-ms-eedd-parcours-rsedd-2025-26","status":"publish","type":"actualites","link":"https:\/\/www.minesparis.psl.eu\/isige\/actualites\/portrait-darthur-guidault-ms-eedd-parcours-rsedd-2025-26\/","title":{"rendered":"Portrait d\u2019Arthur Guidault \u2013 MS EEDD parcours RSEDD, 2025-26"},"content":{"rendered":"\n<div class=\"container block-full-largeur\">\n\t<div class=\"row mt-4\">\n\t\t<div class=\"col-md-12\">\n\t\t\t<p>&nbsp;<\/p>\n<h1 style=\"text-align: center\"><strong><em>\u00ab Je suis motiv\u00e9 par la volont\u00e9 d\u2019acqu\u00e9rir des comp\u00e9tences transversales et approfondies pour impulser des changements positifs au sein des organisations. \u00bb<\/em><\/strong><\/h1>\n<h1 style=\"text-align: justify\"><span style=\"color: #015d9e\">Quel est ton parcours professionnel Arthur ?<\/span><\/h1>\n<p style=\"text-align: justify\">Apr\u00e8s une formation d\u2019ing\u00e9nieur \u00e0 l\u2019\u00c9cole Sp\u00e9ciale des Travaux Publics et du B\u00e2timent, obtenue en 2015, j\u2019ai d\u2019abord exerc\u00e9 en r\u00e9gion parisienne au sein d\u2019une TPE sp\u00e9cialis\u00e9 dans la gestion immobili\u00e8re avec des missions d\u2019assistance \u00e0 ma\u00eetrise d\u2019ouvrage, couvrant aussi bien l\u2019exploitation que la r\u00e9novation et la construction. J\u2019ai depuis 2019 rejoint le secteur public, d\u2019abord dans la direction de gestion du patrimoine d\u2019un des groupes hospitaliers de l\u2019Assistance Publique des H\u00f4pitaux de Paris, sur des missions de ma\u00eetrise d\u2019ouvrage en tant que conducteur d\u2019op\u00e9rations, et depuis 2023 le Service D\u00e9partemental d\u2019Incendie et de Secours de Loire-Atlantique.<\/p>\n<p style=\"text-align: justify\">Ces exp\u00e9riences m\u2019ont permis d\u2019acqu\u00e9rir une solide compr\u00e9hension des enjeux techniques, budg\u00e9taires et organisationnels li\u00e9s aux projets de construction et de r\u00e9novation, tout en mesurant l\u2019importance d\u2019y int\u00e9grer des dimensions environnementales et soci\u00e9tales.<\/p>\n<p style=\"text-align: justify\">Depuis 2020, je d\u00e9couvre la Fresque du Climat qui agit comme un \u00e9lectrochoc. Je me forme et devient moi-m\u00eame animateur de l\u2019atelier, et j&rsquo;y consacre de nombreuses heures ainsi qu\u2019\u00e0 en apprendre plus sur le sujet pendant la crise sanitaire. Je me forme aux enjeux de la transition \u00e9cologique, notamment \u00e0 travers des cours suivis au CNAM sur l\u2019organisation et la gouvernance du d\u00e9veloppement durable.<\/p>\n<h1 style=\"text-align: justify\"><span style=\"color: #015d9e\">Que retiens-tu de ces exp\u00e9riences ?<\/span><\/h1>\n<p style=\"text-align: justify\">Mon engagement au sein du comit\u00e9 D\u00e9veloppement Durable du CHU et l\u2019animation d\u2019ateliers de sensibilisation au climat et \u00e0 la biodiversit\u00e9 ont renforc\u00e9 ma capacit\u00e9 \u00e0 mobiliser et \u00e0 f\u00e9d\u00e9rer autour des enjeux de durabilit\u00e9. Ces actions m\u2019ont permis de partager mes convictions, d\u2019affiner mes comp\u00e9tences en communication et de d\u00e9velopper un r\u00e9el sens du plaidoyer environnemental.<\/p>\n<p style=\"text-align: justify\">Par ailleurs, mes interventions dans mon ancienne \u00e9cole d\u2019ing\u00e9nieurs ont \u00e9t\u00e9 l\u2019occasion de transmettre mes connaissances sur les enjeux climatiques et environnementaux du secteur du b\u00e2timent.<\/p>\n<h1 style=\"text-align: justify\"><span style=\"color: #015d9e\">Pourquoi souhaites-tu te former \u00e0 la RSE ?<\/span><\/h1>\n<p style=\"text-align: justify\">Ce projet de formation s\u2019inscrit dans la continuit\u00e9 de mon parcours et de mes convictions personnelles. Au fil de ma carri\u00e8re, j\u2019ai \u00e9t\u00e9 t\u00e9moin des impacts concrets de nos activit\u00e9s sur l\u2019environnement et la soci\u00e9t\u00e9. Cette prise de conscience m\u2019a conduit \u00e0 vouloir agir concr\u00e8tement pour acc\u00e9l\u00e9rer la transition vers des mod\u00e8les plus durables.<\/p>\n<p style=\"text-align: justify\">Le Mast\u00e8re Sp\u00e9cialis\u00e9\u00ae RSEDD repr\u00e9sente pour moi une passerelle id\u00e9ale : il associe th\u00e9orie et pratique, et me permettra d\u2019articuler mes comp\u00e9tences techniques et op\u00e9rationnelles avec une vision strat\u00e9gique du d\u00e9veloppement durable. Je souhaite ainsi renforcer ma capacit\u00e9 \u00e0 agir comme un catalyseur du changement, capable d\u2019int\u00e9grer la durabilit\u00e9 au c\u0153ur des organisations.<\/p>\n<h1 style=\"text-align: justify\"><span style=\"color: #015d9e\">O\u00f9 en es-tu professionnellement aujourd\u2019hui ?<\/span><\/h1>\n<p style=\"text-align: justify\">Je suis actuellement charg\u00e9 de mission d\u00e9veloppement durable au sein du Groupement B\u00e2timent et Infrastructure du Service D\u00e9partemental d\u2019Incendie et de Secours de Loire-Atlantique (SDIS 44).<\/p>\n<h1 style=\"text-align: justify\"><span style=\"color: #015d9e\">Pourquoi avoir choisi notre formation ?<\/span><\/h1>\n<p style=\"text-align: center\"><span style=\"color: #015d9e\"><strong><em>\u00ab Le MS RSEDD repr\u00e9sente pour moi une passerelle entre mes comp\u00e9tences techniques et une approche globale de la durabilit\u00e9. Il me permettra d\u2019agir en tant que catalyseur du changement au sein des organisations. \u00bb<\/em><\/strong><\/span><\/p>\n<p style=\"text-align: justify\">Le programme du MS RSEDD, \u00e9tal\u00e9 sur 18 mois, allie enseignements th\u00e9oriques, apprentissages pratiques et immersion professionnelle. Cette approche compl\u00e8te me permettra d\u2019approfondir ma compr\u00e9hension des enjeux actuels de la RSE et du d\u00e9veloppement durable, tout en exp\u00e9rimentant leur application concr\u00e8te sur le terrain.<\/p>\n<p style=\"text-align: justify\">Les conf\u00e9rences d\u2019experts, les visites, les \u00e9tudes de cas et la mission professionnelle constituent autant d\u2019occasions d\u2019enrichir mes comp\u00e9tences et de d\u00e9velopper une vision strat\u00e9gique solide. L\u2019acc\u00e8s au r\u00e9seau d\u2019anciens dipl\u00f4m\u00e9s des Mines Paris est \u00e9galement un atout majeur, offrant des \u00e9changes pr\u00e9cieux et des opportunit\u00e9s de collaboration inspirantes.<\/p>\n<p style=\"text-align: justify\">Cette formation marque une \u00e9tape d\u00e9terminante de mon parcours : elle me donnera les outils, les connaissances et le r\u00e9seau n\u00e9cessaires pour devenir un acteur engag\u00e9 et influent dans la transformation durable des organisations.<\/p>\n<h1 style=\"text-align: justify\"><span style=\"color: #015d9e\">Comment envisages-tu la suite de ta carri\u00e8re ?<\/span><\/h1>\n<p style=\"text-align: justify\">J\u2019aimerais orienter mon parcours vers des fonctions plus strat\u00e9giques et de directions tout en m\u2019appuyant sur mon parcours et mes comp\u00e9tences op\u00e9rationnelles, \u00e0 la crois\u00e9e de la strat\u00e9gie et de la mise en \u0153uvre concr\u00e8te de la transition \u00e9cologique. \u00c0 court terme, je vise des postes de direction de gestion durable de patrimoine dans le secteur public, ce secteur ayant encore un impact important sur l\u2019environnement et nos soci\u00e9t\u00e9s. Mon ambition est d\u2019accompagner de l\u2019int\u00e9rieur les organisations vers des mod\u00e8les plus durables et responsables.<\/p>\n\t\t<\/div>\n\t<\/div>\n<\/div>","protected":false},"featured_media":3928,"template":"","actualites-formats":[18],"actualites-thematiques":[],"class_list":["post-3927","actualites","type-actualites","status-publish","has-post-thumbnail","hentry"],"acf":[],"yoast_head":"<!-- This site is optimized with the Yoast SEO plugin v27.2 - https:\/\/yoast.com\/product\/yoast-seo-wordpress\/ -->\n<title>Portrait d&#039;Arthur Guidault \u2013 MS EEDD parcours RSEDD, 2025-26 - ISIGE Mines Paris - PSL<\/title>\n<meta name=\"description\" content=\"Motiv\u00e9 par la volont\u00e9 d\u2019acqu\u00e9rir des comp\u00e9tences transversales et approfondies pour impulser des changements positifs au sein des organisations.\" \/>\n<meta name=\"robots\" content=\"index, follow, max-snippet:-1, max-image-preview:large, max-video-preview:-1\" \/>\n<link rel=\"canonical\" href=\"https:\/\/www.minesparis.psl.eu\/isige\/actualites\/portrait-darthur-guidault-ms-eedd-parcours-rsedd-2025-26\/\" \/>\n<meta property=\"og:locale\" content=\"fr_FR\" \/>\n<meta property=\"og:type\" content=\"article\" \/>\n<meta property=\"og:title\" content=\"Portrait d&#039;Arthur Guidault \u2013 MS EEDD parcours RSEDD, 2025-26 - ISIGE Mines Paris - PSL\" \/>\n<meta property=\"og:description\" content=\"Motiv\u00e9 par la volont\u00e9 d\u2019acqu\u00e9rir des comp\u00e9tences transversales et approfondies pour impulser des changements positifs au sein des organisations.\" \/>\n<meta property=\"og:url\" content=\"https:\/\/www.minesparis.psl.eu\/isige\/actualites\/portrait-darthur-guidault-ms-eedd-parcours-rsedd-2025-26\/\" \/>\n<meta property=\"og:site_name\" content=\"ISIGE Mines Paris - PSL\" \/>\n<meta property=\"article:modified_time\" content=\"2026-02-11T16:36:46+00:00\" \/>\n<meta property=\"og:image\" content=\"https:\/\/www.minesparis.psl.eu\/isige\/wp-content\/uploads\/sites\/21\/2026\/02\/IMG_3279-modified-1024x1024.png\" \/>\n\t<meta property=\"og:image:width\" content=\"1024\" \/>\n\t<meta property=\"og:image:height\" content=\"1024\" \/>\n\t<meta property=\"og:image:type\" content=\"image\/png\" \/>\n<meta name=\"twitter:card\" content=\"summary_large_image\" \/>\n<meta name=\"twitter:label1\" content=\"Dur\u00e9e de lecture estim\u00e9e\" \/>\n\t<meta name=\"twitter:data1\" content=\"1 minute\" \/>\n<script type=\"application\/ld+json\" class=\"yoast-schema-graph\">{\"@context\":\"https:\/\/schema.org\",\"@graph\":[{\"@type\":\"WebPage\",\"@id\":\"https:\/\/www.minesparis.psl.eu\/isige\/actualites\/portrait-darthur-guidault-ms-eedd-parcours-rsedd-2025-26\/\",\"url\":\"https:\/\/www.minesparis.psl.eu\/isige\/actualites\/portrait-darthur-guidault-ms-eedd-parcours-rsedd-2025-26\/\",\"name\":\"Portrait d'Arthur Guidault \u2013 MS EEDD parcours RSEDD, 2025-26 - ISIGE Mines Paris - PSL\",\"isPartOf\":{\"@id\":\"https:\/\/www.minesparis.psl.eu\/isige\/#website\"},\"primaryImageOfPage\":{\"@id\":\"https:\/\/www.minesparis.psl.eu\/isige\/actualites\/portrait-darthur-guidault-ms-eedd-parcours-rsedd-2025-26\/#primaryimage\"},\"image\":{\"@id\":\"https:\/\/www.minesparis.psl.eu\/isige\/actualites\/portrait-darthur-guidault-ms-eedd-parcours-rsedd-2025-26\/#primaryimage\"},\"thumbnailUrl\":\"https:\/\/www.minesparis.psl.eu\/isige\/wp-content\/uploads\/sites\/21\/2026\/02\/IMG_3279-modified.png\",\"datePublished\":\"2025-05-06T08:55:00+00:00\",\"dateModified\":\"2026-02-11T16:36:46+00:00\",\"description\":\"Motiv\u00e9 par la volont\u00e9 d\u2019acqu\u00e9rir des comp\u00e9tences transversales et approfondies pour impulser des changements positifs au sein des organisations.\",\"breadcrumb\":{\"@id\":\"https:\/\/www.minesparis.psl.eu\/isige\/actualites\/portrait-darthur-guidault-ms-eedd-parcours-rsedd-2025-26\/#breadcrumb\"},\"inLanguage\":\"fr-FR\",\"potentialAction\":[{\"@type\":\"ReadAction\",\"target\":[\"https:\/\/www.minesparis.psl.eu\/isige\/actualites\/portrait-darthur-guidault-ms-eedd-parcours-rsedd-2025-26\/\"]}]},{\"@type\":\"ImageObject\",\"inLanguage\":\"fr-FR\",\"@id\":\"https:\/\/www.minesparis.psl.eu\/isige\/actualites\/portrait-darthur-guidault-ms-eedd-parcours-rsedd-2025-26\/#primaryimage\",\"url\":\"https:\/\/www.minesparis.psl.eu\/isige\/wp-content\/uploads\/sites\/21\/2026\/02\/IMG_3279-modified.png\",\"contentUrl\":\"https:\/\/www.minesparis.psl.eu\/isige\/wp-content\/uploads\/sites\/21\/2026\/02\/IMG_3279-modified.png\",\"width\":2082,\"height\":2082,\"caption\":\"Arthur Guidault\"},{\"@type\":\"BreadcrumbList\",\"@id\":\"https:\/\/www.minesparis.psl.eu\/isige\/actualites\/portrait-darthur-guidault-ms-eedd-parcours-rsedd-2025-26\/#breadcrumb\",\"itemListElement\":[{\"@type\":\"ListItem\",\"position\":1,\"name\":\"Accueil\",\"item\":\"https:\/\/www.minesparis.psl.eu\/isige\/\"},{\"@type\":\"ListItem\",\"position\":2,\"name\":\"Portrait d\u2019Arthur Guidault \u2013 MS EEDD parcours RSEDD, 2025-26\"}]},{\"@type\":\"WebSite\",\"@id\":\"https:\/\/www.minesparis.psl.eu\/isige\/#website\",\"url\":\"https:\/\/www.minesparis.psl.eu\/isige\/\",\"name\":\"ISIGE Mines Paris - PSL\",\"description\":\"\",\"publisher\":{\"@id\":\"https:\/\/www.minesparis.psl.eu\/isige\/#organization\"},\"potentialAction\":[{\"@type\":\"SearchAction\",\"target\":{\"@type\":\"EntryPoint\",\"urlTemplate\":\"https:\/\/www.minesparis.psl.eu\/isige\/?s={search_term_string}\"},\"query-input\":{\"@type\":\"PropertyValueSpecification\",\"valueRequired\":true,\"valueName\":\"search_term_string\"}}],\"inLanguage\":\"fr-FR\"},{\"@type\":\"Organization\",\"@id\":\"https:\/\/www.minesparis.psl.eu\/isige\/#organization\",\"name\":\"ISIGE Mines Paris - PSL\",\"url\":\"https:\/\/www.minesparis.psl.eu\/isige\/\",\"logo\":{\"@type\":\"ImageObject\",\"inLanguage\":\"fr-FR\",\"@id\":\"https:\/\/www.minesparis.psl.eu\/isige\/#\/schema\/logo\/image\/\",\"url\":\"https:\/\/www.minesparis.psl.eu\/isige\/wp-content\/uploads\/sites\/21\/2025\/02\/cropped-MinesParis-PSL-ISIGEOCoRVB-1.png\",\"contentUrl\":\"https:\/\/www.minesparis.psl.eu\/isige\/wp-content\/uploads\/sites\/21\/2025\/02\/cropped-MinesParis-PSL-ISIGEOCoRVB-1.png\",\"width\":1584,\"height\":360,\"caption\":\"ISIGE Mines Paris - PSL\"},\"image\":{\"@id\":\"https:\/\/www.minesparis.psl.eu\/isige\/#\/schema\/logo\/image\/\"}}]}<\/script>\n<!-- \/ Yoast SEO plugin. -->","yoast_head_json":{"title":"Portrait d'Arthur Guidault \u2013 MS EEDD parcours RSEDD, 2025-26 - ISIGE Mines Paris - PSL","description":"Motiv\u00e9 par la volont\u00e9 d\u2019acqu\u00e9rir des comp\u00e9tences transversales et approfondies pour impulser des changements positifs au sein des organisations.","robots":{"index":"index","follow":"follow","max-snippet":"max-snippet:-1","max-image-preview":"max-image-preview:large","max-video-preview":"max-video-preview:-1"},"canonical":"https:\/\/www.minesparis.psl.eu\/isige\/actualites\/portrait-darthur-guidault-ms-eedd-parcours-rsedd-2025-26\/","og_locale":"fr_FR","og_type":"article","og_title":"Portrait d'Arthur Guidault \u2013 MS EEDD parcours RSEDD, 2025-26 - ISIGE Mines Paris - PSL","og_description":"Motiv\u00e9 par la volont\u00e9 d\u2019acqu\u00e9rir des comp\u00e9tences transversales et approfondies pour impulser des changements positifs au sein des organisations.","og_url":"https:\/\/www.minesparis.psl.eu\/isige\/actualites\/portrait-darthur-guidault-ms-eedd-parcours-rsedd-2025-26\/","og_site_name":"ISIGE Mines Paris - PSL","article_modified_time":"2026-02-11T16:36:46+00:00","og_image":[{"width":1024,"height":1024,"url":"https:\/\/www.minesparis.psl.eu\/isige\/wp-content\/uploads\/sites\/21\/2026\/02\/IMG_3279-modified-1024x1024.png","type":"image\/png"}],"twitter_card":"summary_large_image","twitter_misc":{"Dur\u00e9e de lecture estim\u00e9e":"1 minute"},"schema":{"@context":"https:\/\/schema.org","@graph":[{"@type":"WebPage","@id":"https:\/\/www.minesparis.psl.eu\/isige\/actualites\/portrait-darthur-guidault-ms-eedd-parcours-rsedd-2025-26\/","url":"https:\/\/www.minesparis.psl.eu\/isige\/actualites\/portrait-darthur-guidault-ms-eedd-parcours-rsedd-2025-26\/","name":"Portrait d'Arthur Guidault \u2013 MS EEDD parcours RSEDD, 2025-26 - ISIGE Mines Paris - PSL","isPartOf":{"@id":"https:\/\/www.minesparis.psl.eu\/isige\/#website"},"primaryImageOfPage":{"@id":"https:\/\/www.minesparis.psl.eu\/isige\/actualites\/portrait-darthur-guidault-ms-eedd-parcours-rsedd-2025-26\/#primaryimage"},"image":{"@id":"https:\/\/www.minesparis.psl.eu\/isige\/actualites\/portrait-darthur-guidault-ms-eedd-parcours-rsedd-2025-26\/#primaryimage"},"thumbnailUrl":"https:\/\/www.minesparis.psl.eu\/isige\/wp-content\/uploads\/sites\/21\/2026\/02\/IMG_3279-modified.png","datePublished":"2025-05-06T08:55:00+00:00","dateModified":"2026-02-11T16:36:46+00:00","description":"Motiv\u00e9 par la volont\u00e9 d\u2019acqu\u00e9rir des comp\u00e9tences transversales et approfondies pour impulser des changements positifs au sein des organisations.","breadcrumb":{"@id":"https:\/\/www.minesparis.psl.eu\/isige\/actualites\/portrait-darthur-guidault-ms-eedd-parcours-rsedd-2025-26\/#breadcrumb"},"inLanguage":"fr-FR","potentialAction":[{"@type":"ReadAction","target":["https:\/\/www.minesparis.psl.eu\/isige\/actualites\/portrait-darthur-guidault-ms-eedd-parcours-rsedd-2025-26\/"]}]},{"@type":"ImageObject","inLanguage":"fr-FR","@id":"https:\/\/www.minesparis.psl.eu\/isige\/actualites\/portrait-darthur-guidault-ms-eedd-parcours-rsedd-2025-26\/#primaryimage","url":"https:\/\/www.minesparis.psl.eu\/isige\/wp-content\/uploads\/sites\/21\/2026\/02\/IMG_3279-modified.png","contentUrl":"https:\/\/www.minesparis.psl.eu\/isige\/wp-content\/uploads\/sites\/21\/2026\/02\/IMG_3279-modified.png","width":2082,"height":2082,"caption":"Arthur Guidault"},{"@type":"BreadcrumbList","@id":"https:\/\/www.minesparis.psl.eu\/isige\/actualites\/portrait-darthur-guidault-ms-eedd-parcours-rsedd-2025-26\/#breadcrumb","itemListElement":[{"@type":"ListItem","position":1,"name":"Accueil","item":"https:\/\/www.minesparis.psl.eu\/isige\/"},{"@type":"ListItem","position":2,"name":"Portrait d\u2019Arthur Guidault \u2013 MS EEDD parcours RSEDD, 2025-26"}]},{"@type":"WebSite","@id":"https:\/\/www.minesparis.psl.eu\/isige\/#website","url":"https:\/\/www.minesparis.psl.eu\/isige\/","name":"ISIGE Mines Paris - PSL","description":"","publisher":{"@id":"https:\/\/www.minesparis.psl.eu\/isige\/#organization"},"potentialAction":[{"@type":"SearchAction","target":{"@type":"EntryPoint","urlTemplate":"https:\/\/www.minesparis.psl.eu\/isige\/?s={search_term_string}"},"query-input":{"@type":"PropertyValueSpecification","valueRequired":true,"valueName":"search_term_string"}}],"inLanguage":"fr-FR"},{"@type":"Organization","@id":"https:\/\/www.minesparis.psl.eu\/isige\/#organization","name":"ISIGE Mines Paris - PSL","url":"https:\/\/www.minesparis.psl.eu\/isige\/","logo":{"@type":"ImageObject","inLanguage":"fr-FR","@id":"https:\/\/www.minesparis.psl.eu\/isige\/#\/schema\/logo\/image\/","url":"https:\/\/www.minesparis.psl.eu\/isige\/wp-content\/uploads\/sites\/21\/2025\/02\/cropped-MinesParis-PSL-ISIGEOCoRVB-1.png","contentUrl":"https:\/\/www.minesparis.psl.eu\/isige\/wp-content\/uploads\/sites\/21\/2025\/02\/cropped-MinesParis-PSL-ISIGEOCoRVB-1.png","width":1584,"height":360,"caption":"ISIGE Mines Paris - PSL"},"image":{"@id":"https:\/\/www.minesparis.psl.eu\/isige\/#\/schema\/logo\/image\/"}}]}},"_links":{"self":[{"href":"https:\/\/www.minesparis.psl.eu\/isige\/wp-json\/wp\/v2\/actualites\/3927","targetHints":{"allow":["GET"]}}],"collection":[{"href":"https:\/\/www.minesparis.psl.eu\/isige\/wp-json\/wp\/v2\/actualites"}],"about":[{"href":"https:\/\/www.minesparis.psl.eu\/isige\/wp-json\/wp\/v2\/types\/actualites"}],"wp:featuredmedia":[{"embeddable":true,"href":"https:\/\/www.minesparis.psl.eu\/isige\/wp-json\/wp\/v2\/media\/3928"}],"wp:attachment":[{"href":"https:\/\/www.minesparis.psl.eu\/isige\/wp-json\/wp\/v2\/media?parent=3927"}],"wp:term":[{"taxonomy":"actualites-formats","embeddable":true,"href":"https:\/\/www.minesparis.psl.eu\/isige\/wp-json\/wp\/v2\/actualites-formats?post=3927"},{"taxonomy":"actualites-thematiques","embeddable":true,"href":"https:\/\/www.minesparis.psl.eu\/isige\/wp-json\/wp\/v2\/actualites-thematiques?post=3927"}],"curies":[{"name":"wp","href":"https:\/\/api.w.org\/{rel}","templated":true}]}}