{"id":3848,"date":"2025-12-05T16:27:16","date_gmt":"2025-12-05T15:27:16","guid":{"rendered":"https:\/\/www.minesparis.psl.eu\/isige\/?post_type=actualites&#038;p=3848"},"modified":"2025-12-12T16:28:52","modified_gmt":"2025-12-12T15:28:52","slug":"soutenances-des-theses-professionnelles-rsedd-promotion-17-retours-dexperience-et-enseignements-pour-la-transition-durable","status":"publish","type":"actualites","link":"https:\/\/www.minesparis.psl.eu\/isige\/actualites\/soutenances-des-theses-professionnelles-rsedd-promotion-17-retours-dexperience-et-enseignements-pour-la-transition-durable\/","title":{"rendered":"Soutenances des Th\u00e8ses Professionnelles RSEDD Promotion 17 : retours d\u2019exp\u00e9rience et enseignements pour la transition durable"},"content":{"rendered":"\n<div class=\"container block-full-largeur\">\n\t<div class=\"row mt-4\">\n\t\t<div class=\"col-md-12\">\n\t\t\t<p style=\"text-align: justify\" data-start=\"303\" data-end=\"675\">Elles constituent de v\u00e9ritables <strong data-start=\"541\" data-end=\"565\">retours d\u2019exp\u00e9rience<\/strong>, riches d\u2019enseignements pour tous les acteurs impliqu\u00e9s dans la <strong data-start=\"630\" data-end=\"674\">transformation durable des organisations<\/strong>.<\/p>\n<p data-start=\"303\" data-end=\"675\"><img loading=\"lazy\" decoding=\"async\" class=\"aligncenter size-large wp-image-3849\" src=\"https:\/\/www.minesparis.psl.eu\/isige\/wp-content\/uploads\/sites\/21\/2025\/12\/1-4-1024x1024.jpg\" alt=\"\" width=\"1024\" height=\"1024\" srcset=\"https:\/\/www.minesparis.psl.eu\/isige\/wp-content\/uploads\/sites\/21\/2025\/12\/1-4-1024x1024.jpg 1024w, https:\/\/www.minesparis.psl.eu\/isige\/wp-content\/uploads\/sites\/21\/2025\/12\/1-4-300x300.jpg 300w, https:\/\/www.minesparis.psl.eu\/isige\/wp-content\/uploads\/sites\/21\/2025\/12\/1-4-150x150.jpg 150w, https:\/\/www.minesparis.psl.eu\/isige\/wp-content\/uploads\/sites\/21\/2025\/12\/1-4-768x768.jpg 768w, https:\/\/www.minesparis.psl.eu\/isige\/wp-content\/uploads\/sites\/21\/2025\/12\/1-4.jpg 1200w\" sizes=\"auto, (max-width: 1024px) 100vw, 1024px\" \/><\/p>\n<h2 style=\"text-align: justify\" data-start=\"677\" data-end=\"711\">F\u00e9licitations \u00e0 la Promotion 17<\/h2>\n<p style=\"text-align: justify\" data-start=\"713\" data-end=\"1179\">La <strong data-start=\"716\" data-end=\"733\">17\u1d49 promotion<\/strong> du Mast\u00e8re Sp\u00e9cialis\u00e9 EEDD, port\u00e9e conjointement par l\u2019<strong data-start=\"789\" data-end=\"816\">ISIGE Mines Paris \u2013 PSL<\/strong> et <strong data-start=\"820\" data-end=\"836\">Cegos France<\/strong>, a r\u00e9cemment pr\u00e9sent\u00e9 ses th\u00e8ses professionnelles devant un jury compos\u00e9 d\u2019enseignants-chercheurs et de repr\u00e9sentants d\u2019entreprises partenaires.<br data-start=\"981\" data-end=\"984\" \/>Chaque soutenance a permis aux \u00e9tudiants de <strong data-start=\"1028\" data-end=\"1085\">d\u00e9crire, analyser et proposer des solutions concr\u00e8tes<\/strong> face aux enjeux environnementaux, sociaux et \u00e9conomiques rencontr\u00e9s dans leurs organisations.<\/p>\n<p data-start=\"713\" data-end=\"1179\"><img loading=\"lazy\" decoding=\"async\" class=\"aligncenter size-large wp-image-3850\" src=\"https:\/\/www.minesparis.psl.eu\/isige\/wp-content\/uploads\/sites\/21\/2025\/12\/2-4-1024x1024.jpg\" alt=\"\" width=\"1024\" height=\"1024\" srcset=\"https:\/\/www.minesparis.psl.eu\/isige\/wp-content\/uploads\/sites\/21\/2025\/12\/2-4-1024x1024.jpg 1024w, https:\/\/www.minesparis.psl.eu\/isige\/wp-content\/uploads\/sites\/21\/2025\/12\/2-4-300x300.jpg 300w, https:\/\/www.minesparis.psl.eu\/isige\/wp-content\/uploads\/sites\/21\/2025\/12\/2-4-150x150.jpg 150w, https:\/\/www.minesparis.psl.eu\/isige\/wp-content\/uploads\/sites\/21\/2025\/12\/2-4-768x768.jpg 768w, https:\/\/www.minesparis.psl.eu\/isige\/wp-content\/uploads\/sites\/21\/2025\/12\/2-4.jpg 1200w\" sizes=\"auto, (max-width: 1024px) 100vw, 1024px\" \/><\/p>\n<h2 style=\"text-align: justify\" data-start=\"1181\" data-end=\"1232\">Une formation pens\u00e9e pour les cadres en activit\u00e9<\/h2>\n<p style=\"text-align: justify\" data-start=\"1234\" data-end=\"1319\">Ce programme est sp\u00e9cialement con\u00e7u pour les <strong data-start=\"1279\" data-end=\"1306\">professionnels en poste<\/strong>, offrant :<\/p>\n<ul style=\"text-align: justify\" data-start=\"1320\" data-end=\"1533\">\n<li data-start=\"1320\" data-end=\"1427\">\n<p data-start=\"1322\" data-end=\"1427\">Des <strong data-start=\"1326\" data-end=\"1356\">apports th\u00e9oriques solides<\/strong> sur la RSE, le d\u00e9veloppement durable et la gouvernance responsable ;<\/p>\n<\/li>\n<li data-start=\"1428\" data-end=\"1533\">\n<p data-start=\"1430\" data-end=\"1533\">Une <strong data-start=\"1434\" data-end=\"1466\">mise en \u0153uvre op\u00e9rationnelle<\/strong> directement dans l\u2019environnement professionnel des participants.<\/p>\n<\/li>\n<\/ul>\n<p style=\"text-align: justify\" data-start=\"1535\" data-end=\"1726\">Les th\u00e8ses professionnelles refl\u00e8tent cette approche duale : <strong data-start=\"1596\" data-end=\"1653\">allier connaissances acad\u00e9miques et immersion terrain<\/strong> pour produire des analyses pertinentes et des recommandations concr\u00e8tes.<\/p>\n<h2 style=\"text-align: justify\" data-start=\"1728\" data-end=\"1772\">Des th\u00e8ses au service de l\u2019impact durable<\/h2>\n<p style=\"text-align: justify\" data-start=\"1774\" data-end=\"1985\">Chaque projet de th\u00e8se s\u2019appuie sur une <strong data-start=\"1814\" data-end=\"1835\">immersion terrain<\/strong> et propose un retour d\u2019exp\u00e9rience <strong data-start=\"1870\" data-end=\"1921\">utile bien au-del\u00e0 du p\u00e9rim\u00e8tre de l\u2019entreprise<\/strong>. Les sujets trait\u00e9s abordent des th\u00e8mes essentiels tels que :<\/p>\n<ul style=\"text-align: justify\" data-start=\"1986\" data-end=\"2279\">\n<li data-start=\"1986\" data-end=\"2037\">\n<p data-start=\"1988\" data-end=\"2037\">La <strong data-start=\"1991\" data-end=\"2034\">transition \u00e9cologique des organisations<\/strong>,<\/p>\n<\/li>\n<li data-start=\"2038\" data-end=\"2114\">\n<p data-start=\"2040\" data-end=\"2114\">L\u2019<strong data-start=\"2042\" data-end=\"2111\">adaptation aux nouveaux enjeux r\u00e9glementaires et environnementaux<\/strong>,<\/p>\n<\/li>\n<li data-start=\"2115\" data-end=\"2200\">\n<p data-start=\"2117\" data-end=\"2200\">Le <strong data-start=\"2120\" data-end=\"2173\">renforcement de la robustesse et de la r\u00e9silience<\/strong> des strat\u00e9gies durables,<\/p>\n<\/li>\n<li data-start=\"2201\" data-end=\"2279\">\n<p data-start=\"2203\" data-end=\"2279\">L\u2019<strong data-start=\"2205\" data-end=\"2262\">accroissement de l\u2019impact soci\u00e9tal et environnemental<\/strong> des entreprises.<\/p>\n<\/li>\n<\/ul>\n<p style=\"text-align: justify\" data-start=\"2281\" data-end=\"2479\">Ces travaux offrent ainsi des pistes concr\u00e8tes pour guider les entreprises et les organisations dans leur <strong data-start=\"2387\" data-end=\"2413\">transformation durable<\/strong>, en alliant strat\u00e9gie, op\u00e9rationnalit\u00e9 et innovation responsable.<\/p>\n<h2 style=\"text-align: justify\" data-start=\"2481\" data-end=\"2521\">D\u00e9couvrir les th\u00e8ses professionnelles<\/h2>\n<p style=\"text-align: justify\" data-start=\"2523\" data-end=\"2857\">Pour consulter la liste des sujets d\u00e9velopp\u00e9s par la Promotion 17, rendez-vous ici<\/p>\n<p style=\"text-align: center\" data-start=\"2523\" data-end=\"2857\"><a class=\"decorated-link button-mines btn-bleu flech lf-blanc\" href=\"https:\/\/www.minesparis.psl.eu\/isige\/wp-content\/uploads\/sites\/21\/2025\/10\/Plaquette-these-Pro-RSEDD-2024-25-7_compressed.pdf\" target=\"_new\" rel=\"noopener\" data-start=\"2608\" data-end=\"2670\">Sujets des th\u00e8ses professionnelles<\/a><\/p>\n<p style=\"text-align: justify\" data-start=\"2523\" data-end=\"2857\">Les th\u00e8ses peuvent \u00e9galement \u00eatre mises \u00e0 disposition, <strong data-start=\"2729\" data-end=\"2796\">apr\u00e8s validation p\u00e9dagogique et sous r\u00e9serve de confidentialit\u00e9<\/strong>, sur simple demande aupr\u00e8s de l\u2019<strong data-start=\"2829\" data-end=\"2856\">ISIGE Mines Paris \u2013 PSL<\/strong>.<\/p>\n<h2 style=\"text-align: justify\" data-start=\"2859\" data-end=\"2895\">F\u00e9licitations \u00e0 tous les dipl\u00f4m\u00e9s<\/h2>\n<p style=\"text-align: justify\" data-start=\"2897\" data-end=\"3132\">L\u2019ISIGE f\u00e9licite chaleureusement tous les \u00e9tudiants de la <strong data-start=\"2955\" data-end=\"2971\">Promotion 17<\/strong> pour leur engagement, leur rigueur et la qualit\u00e9 de leurs travaux, qui contribuent concr\u00e8tement \u00e0 <strong data-start=\"3070\" data-end=\"3131\">accompagner les organisations vers un avenir plus durable<\/strong>.<\/p>\n\t\t<\/div>\n\t<\/div>\n<\/div>","protected":false},"featured_media":3851,"template":"","actualites-formats":[],"actualites-thematiques":[],"class_list":["post-3848","actualites","type-actualites","status-publish","has-post-thumbnail","hentry"],"acf":[],"yoast_head":"<!-- This site is optimized with the Yoast SEO plugin v27.2 - https:\/\/yoast.com\/product\/yoast-seo-wordpress\/ -->\n<title>Soutenances des Th\u00e8ses Professionnelles RSEDD Promotion 17 : retours d\u2019exp\u00e9rience et enseignements pour la transition durable - ISIGE Mines Paris - PSL<\/title>\n<meta name=\"description\" content=\"Les th\u00e8ses professionnelles du Mast\u00e8re Sp\u00e9cialis\u00e9\u00ae EEDD parcours RSEDD vont bien au-del\u00e0 d\u2019un exercice acad\u00e9mique classique.\" \/>\n<meta name=\"robots\" content=\"index, follow, max-snippet:-1, max-image-preview:large, max-video-preview:-1\" \/>\n<link rel=\"canonical\" href=\"https:\/\/www.minesparis.psl.eu\/isige\/actualites\/soutenances-des-theses-professionnelles-rsedd-promotion-17-retours-dexperience-et-enseignements-pour-la-transition-durable\/\" \/>\n<meta property=\"og:locale\" content=\"fr_FR\" \/>\n<meta property=\"og:type\" content=\"article\" \/>\n<meta property=\"og:title\" content=\"Soutenances des Th\u00e8ses Professionnelles RSEDD Promotion 17 : retours d\u2019exp\u00e9rience et enseignements pour la transition durable - ISIGE Mines Paris - PSL\" \/>\n<meta property=\"og:description\" content=\"Les th\u00e8ses professionnelles du Mast\u00e8re Sp\u00e9cialis\u00e9\u00ae EEDD parcours RSEDD vont bien au-del\u00e0 d\u2019un exercice acad\u00e9mique classique.\" \/>\n<meta property=\"og:url\" content=\"https:\/\/www.minesparis.psl.eu\/isige\/actualites\/soutenances-des-theses-professionnelles-rsedd-promotion-17-retours-dexperience-et-enseignements-pour-la-transition-durable\/\" \/>\n<meta property=\"og:site_name\" content=\"ISIGE Mines Paris - PSL\" \/>\n<meta property=\"article:modified_time\" content=\"2025-12-12T15:28:52+00:00\" \/>\n<meta property=\"og:image\" content=\"https:\/\/www.minesparis.psl.eu\/isige\/wp-content\/uploads\/sites\/21\/2025\/12\/IMG_6242-scaled.jpg\" \/>\n\t<meta property=\"og:image:width\" content=\"2560\" \/>\n\t<meta property=\"og:image:height\" content=\"1703\" \/>\n\t<meta property=\"og:image:type\" content=\"image\/jpeg\" \/>\n<meta name=\"twitter:card\" content=\"summary_large_image\" \/>\n<meta name=\"twitter:label1\" content=\"Dur\u00e9e de lecture estim\u00e9e\" \/>\n\t<meta name=\"twitter:data1\" content=\"1 minute\" \/>\n<script type=\"application\/ld+json\" class=\"yoast-schema-graph\">{\"@context\":\"https:\/\/schema.org\",\"@graph\":[{\"@type\":\"WebPage\",\"@id\":\"https:\/\/www.minesparis.psl.eu\/isige\/actualites\/soutenances-des-theses-professionnelles-rsedd-promotion-17-retours-dexperience-et-enseignements-pour-la-transition-durable\/\",\"url\":\"https:\/\/www.minesparis.psl.eu\/isige\/actualites\/soutenances-des-theses-professionnelles-rsedd-promotion-17-retours-dexperience-et-enseignements-pour-la-transition-durable\/\",\"name\":\"Soutenances des Th\u00e8ses Professionnelles RSEDD Promotion 17 : retours d\u2019exp\u00e9rience et enseignements pour la transition durable - ISIGE Mines Paris - PSL\",\"isPartOf\":{\"@id\":\"https:\/\/www.minesparis.psl.eu\/isige\/#website\"},\"primaryImageOfPage\":{\"@id\":\"https:\/\/www.minesparis.psl.eu\/isige\/actualites\/soutenances-des-theses-professionnelles-rsedd-promotion-17-retours-dexperience-et-enseignements-pour-la-transition-durable\/#primaryimage\"},\"image\":{\"@id\":\"https:\/\/www.minesparis.psl.eu\/isige\/actualites\/soutenances-des-theses-professionnelles-rsedd-promotion-17-retours-dexperience-et-enseignements-pour-la-transition-durable\/#primaryimage\"},\"thumbnailUrl\":\"https:\/\/www.minesparis.psl.eu\/isige\/wp-content\/uploads\/sites\/21\/2025\/12\/IMG_6242-scaled.jpg\",\"datePublished\":\"2025-12-05T15:27:16+00:00\",\"dateModified\":\"2025-12-12T15:28:52+00:00\",\"description\":\"Les th\u00e8ses professionnelles du Mast\u00e8re Sp\u00e9cialis\u00e9\u00ae EEDD parcours RSEDD vont bien au-del\u00e0 d\u2019un exercice acad\u00e9mique classique.\",\"breadcrumb\":{\"@id\":\"https:\/\/www.minesparis.psl.eu\/isige\/actualites\/soutenances-des-theses-professionnelles-rsedd-promotion-17-retours-dexperience-et-enseignements-pour-la-transition-durable\/#breadcrumb\"},\"inLanguage\":\"fr-FR\",\"potentialAction\":[{\"@type\":\"ReadAction\",\"target\":[\"https:\/\/www.minesparis.psl.eu\/isige\/actualites\/soutenances-des-theses-professionnelles-rsedd-promotion-17-retours-dexperience-et-enseignements-pour-la-transition-durable\/\"]}]},{\"@type\":\"ImageObject\",\"inLanguage\":\"fr-FR\",\"@id\":\"https:\/\/www.minesparis.psl.eu\/isige\/actualites\/soutenances-des-theses-professionnelles-rsedd-promotion-17-retours-dexperience-et-enseignements-pour-la-transition-durable\/#primaryimage\",\"url\":\"https:\/\/www.minesparis.psl.eu\/isige\/wp-content\/uploads\/sites\/21\/2025\/12\/IMG_6242-scaled.jpg\",\"contentUrl\":\"https:\/\/www.minesparis.psl.eu\/isige\/wp-content\/uploads\/sites\/21\/2025\/12\/IMG_6242-scaled.jpg\",\"width\":2560,\"height\":1703},{\"@type\":\"BreadcrumbList\",\"@id\":\"https:\/\/www.minesparis.psl.eu\/isige\/actualites\/soutenances-des-theses-professionnelles-rsedd-promotion-17-retours-dexperience-et-enseignements-pour-la-transition-durable\/#breadcrumb\",\"itemListElement\":[{\"@type\":\"ListItem\",\"position\":1,\"name\":\"Accueil\",\"item\":\"https:\/\/www.minesparis.psl.eu\/isige\/\"},{\"@type\":\"ListItem\",\"position\":2,\"name\":\"Soutenances des Th\u00e8ses Professionnelles RSEDD Promotion 17 : retours d\u2019exp\u00e9rience et enseignements pour la transition durable\"}]},{\"@type\":\"WebSite\",\"@id\":\"https:\/\/www.minesparis.psl.eu\/isige\/#website\",\"url\":\"https:\/\/www.minesparis.psl.eu\/isige\/\",\"name\":\"ISIGE Mines Paris - PSL\",\"description\":\"\",\"publisher\":{\"@id\":\"https:\/\/www.minesparis.psl.eu\/isige\/#organization\"},\"potentialAction\":[{\"@type\":\"SearchAction\",\"target\":{\"@type\":\"EntryPoint\",\"urlTemplate\":\"https:\/\/www.minesparis.psl.eu\/isige\/?s={search_term_string}\"},\"query-input\":{\"@type\":\"PropertyValueSpecification\",\"valueRequired\":true,\"valueName\":\"search_term_string\"}}],\"inLanguage\":\"fr-FR\"},{\"@type\":\"Organization\",\"@id\":\"https:\/\/www.minesparis.psl.eu\/isige\/#organization\",\"name\":\"ISIGE Mines Paris - PSL\",\"url\":\"https:\/\/www.minesparis.psl.eu\/isige\/\",\"logo\":{\"@type\":\"ImageObject\",\"inLanguage\":\"fr-FR\",\"@id\":\"https:\/\/www.minesparis.psl.eu\/isige\/#\/schema\/logo\/image\/\",\"url\":\"https:\/\/www.minesparis.psl.eu\/isige\/wp-content\/uploads\/sites\/21\/2025\/02\/cropped-MinesParis-PSL-ISIGEOCoRVB-1.png\",\"contentUrl\":\"https:\/\/www.minesparis.psl.eu\/isige\/wp-content\/uploads\/sites\/21\/2025\/02\/cropped-MinesParis-PSL-ISIGEOCoRVB-1.png\",\"width\":1584,\"height\":360,\"caption\":\"ISIGE Mines Paris - PSL\"},\"image\":{\"@id\":\"https:\/\/www.minesparis.psl.eu\/isige\/#\/schema\/logo\/image\/\"}}]}<\/script>\n<!-- \/ Yoast SEO plugin. -->","yoast_head_json":{"title":"Soutenances des Th\u00e8ses Professionnelles RSEDD Promotion 17 : retours d\u2019exp\u00e9rience et enseignements pour la transition durable - ISIGE Mines Paris - PSL","description":"Les th\u00e8ses professionnelles du Mast\u00e8re Sp\u00e9cialis\u00e9\u00ae EEDD parcours RSEDD vont bien au-del\u00e0 d\u2019un exercice acad\u00e9mique classique.","robots":{"index":"index","follow":"follow","max-snippet":"max-snippet:-1","max-image-preview":"max-image-preview:large","max-video-preview":"max-video-preview:-1"},"canonical":"https:\/\/www.minesparis.psl.eu\/isige\/actualites\/soutenances-des-theses-professionnelles-rsedd-promotion-17-retours-dexperience-et-enseignements-pour-la-transition-durable\/","og_locale":"fr_FR","og_type":"article","og_title":"Soutenances des Th\u00e8ses Professionnelles RSEDD Promotion 17 : retours d\u2019exp\u00e9rience et enseignements pour la transition durable - ISIGE Mines Paris - PSL","og_description":"Les th\u00e8ses professionnelles du Mast\u00e8re Sp\u00e9cialis\u00e9\u00ae EEDD parcours RSEDD vont bien au-del\u00e0 d\u2019un exercice acad\u00e9mique classique.","og_url":"https:\/\/www.minesparis.psl.eu\/isige\/actualites\/soutenances-des-theses-professionnelles-rsedd-promotion-17-retours-dexperience-et-enseignements-pour-la-transition-durable\/","og_site_name":"ISIGE Mines Paris - PSL","article_modified_time":"2025-12-12T15:28:52+00:00","og_image":[{"width":2560,"height":1703,"url":"https:\/\/www.minesparis.psl.eu\/isige\/wp-content\/uploads\/sites\/21\/2025\/12\/IMG_6242-scaled.jpg","type":"image\/jpeg"}],"twitter_card":"summary_large_image","twitter_misc":{"Dur\u00e9e de lecture estim\u00e9e":"1 minute"},"schema":{"@context":"https:\/\/schema.org","@graph":[{"@type":"WebPage","@id":"https:\/\/www.minesparis.psl.eu\/isige\/actualites\/soutenances-des-theses-professionnelles-rsedd-promotion-17-retours-dexperience-et-enseignements-pour-la-transition-durable\/","url":"https:\/\/www.minesparis.psl.eu\/isige\/actualites\/soutenances-des-theses-professionnelles-rsedd-promotion-17-retours-dexperience-et-enseignements-pour-la-transition-durable\/","name":"Soutenances des Th\u00e8ses Professionnelles RSEDD Promotion 17 : retours d\u2019exp\u00e9rience et enseignements pour la transition durable - ISIGE Mines Paris - PSL","isPartOf":{"@id":"https:\/\/www.minesparis.psl.eu\/isige\/#website"},"primaryImageOfPage":{"@id":"https:\/\/www.minesparis.psl.eu\/isige\/actualites\/soutenances-des-theses-professionnelles-rsedd-promotion-17-retours-dexperience-et-enseignements-pour-la-transition-durable\/#primaryimage"},"image":{"@id":"https:\/\/www.minesparis.psl.eu\/isige\/actualites\/soutenances-des-theses-professionnelles-rsedd-promotion-17-retours-dexperience-et-enseignements-pour-la-transition-durable\/#primaryimage"},"thumbnailUrl":"https:\/\/www.minesparis.psl.eu\/isige\/wp-content\/uploads\/sites\/21\/2025\/12\/IMG_6242-scaled.jpg","datePublished":"2025-12-05T15:27:16+00:00","dateModified":"2025-12-12T15:28:52+00:00","description":"Les th\u00e8ses professionnelles du Mast\u00e8re Sp\u00e9cialis\u00e9\u00ae EEDD parcours RSEDD vont bien au-del\u00e0 d\u2019un exercice acad\u00e9mique classique.","breadcrumb":{"@id":"https:\/\/www.minesparis.psl.eu\/isige\/actualites\/soutenances-des-theses-professionnelles-rsedd-promotion-17-retours-dexperience-et-enseignements-pour-la-transition-durable\/#breadcrumb"},"inLanguage":"fr-FR","potentialAction":[{"@type":"ReadAction","target":["https:\/\/www.minesparis.psl.eu\/isige\/actualites\/soutenances-des-theses-professionnelles-rsedd-promotion-17-retours-dexperience-et-enseignements-pour-la-transition-durable\/"]}]},{"@type":"ImageObject","inLanguage":"fr-FR","@id":"https:\/\/www.minesparis.psl.eu\/isige\/actualites\/soutenances-des-theses-professionnelles-rsedd-promotion-17-retours-dexperience-et-enseignements-pour-la-transition-durable\/#primaryimage","url":"https:\/\/www.minesparis.psl.eu\/isige\/wp-content\/uploads\/sites\/21\/2025\/12\/IMG_6242-scaled.jpg","contentUrl":"https:\/\/www.minesparis.psl.eu\/isige\/wp-content\/uploads\/sites\/21\/2025\/12\/IMG_6242-scaled.jpg","width":2560,"height":1703},{"@type":"BreadcrumbList","@id":"https:\/\/www.minesparis.psl.eu\/isige\/actualites\/soutenances-des-theses-professionnelles-rsedd-promotion-17-retours-dexperience-et-enseignements-pour-la-transition-durable\/#breadcrumb","itemListElement":[{"@type":"ListItem","position":1,"name":"Accueil","item":"https:\/\/www.minesparis.psl.eu\/isige\/"},{"@type":"ListItem","position":2,"name":"Soutenances des Th\u00e8ses Professionnelles RSEDD Promotion 17 : retours d\u2019exp\u00e9rience et enseignements pour la transition durable"}]},{"@type":"WebSite","@id":"https:\/\/www.minesparis.psl.eu\/isige\/#website","url":"https:\/\/www.minesparis.psl.eu\/isige\/","name":"ISIGE Mines Paris - PSL","description":"","publisher":{"@id":"https:\/\/www.minesparis.psl.eu\/isige\/#organization"},"potentialAction":[{"@type":"SearchAction","target":{"@type":"EntryPoint","urlTemplate":"https:\/\/www.minesparis.psl.eu\/isige\/?s={search_term_string}"},"query-input":{"@type":"PropertyValueSpecification","valueRequired":true,"valueName":"search_term_string"}}],"inLanguage":"fr-FR"},{"@type":"Organization","@id":"https:\/\/www.minesparis.psl.eu\/isige\/#organization","name":"ISIGE Mines Paris - PSL","url":"https:\/\/www.minesparis.psl.eu\/isige\/","logo":{"@type":"ImageObject","inLanguage":"fr-FR","@id":"https:\/\/www.minesparis.psl.eu\/isige\/#\/schema\/logo\/image\/","url":"https:\/\/www.minesparis.psl.eu\/isige\/wp-content\/uploads\/sites\/21\/2025\/02\/cropped-MinesParis-PSL-ISIGEOCoRVB-1.png","contentUrl":"https:\/\/www.minesparis.psl.eu\/isige\/wp-content\/uploads\/sites\/21\/2025\/02\/cropped-MinesParis-PSL-ISIGEOCoRVB-1.png","width":1584,"height":360,"caption":"ISIGE Mines Paris - PSL"},"image":{"@id":"https:\/\/www.minesparis.psl.eu\/isige\/#\/schema\/logo\/image\/"}}]}},"_links":{"self":[{"href":"https:\/\/www.minesparis.psl.eu\/isige\/wp-json\/wp\/v2\/actualites\/3848","targetHints":{"allow":["GET"]}}],"collection":[{"href":"https:\/\/www.minesparis.psl.eu\/isige\/wp-json\/wp\/v2\/actualites"}],"about":[{"href":"https:\/\/www.minesparis.psl.eu\/isige\/wp-json\/wp\/v2\/types\/actualites"}],"wp:featuredmedia":[{"embeddable":true,"href":"https:\/\/www.minesparis.psl.eu\/isige\/wp-json\/wp\/v2\/media\/3851"}],"wp:attachment":[{"href":"https:\/\/www.minesparis.psl.eu\/isige\/wp-json\/wp\/v2\/media?parent=3848"}],"wp:term":[{"taxonomy":"actualites-formats","embeddable":true,"href":"https:\/\/www.minesparis.psl.eu\/isige\/wp-json\/wp\/v2\/actualites-formats?post=3848"},{"taxonomy":"actualites-thematiques","embeddable":true,"href":"https:\/\/www.minesparis.psl.eu\/isige\/wp-json\/wp\/v2\/actualites-thematiques?post=3848"}],"curies":[{"name":"wp","href":"https:\/\/api.w.org\/{rel}","templated":true}]}}