{"id":3839,"date":"2025-11-19T16:10:00","date_gmt":"2025-11-19T15:10:00","guid":{"rendered":"https:\/\/www.minesparis.psl.eu\/isige\/?post_type=actualites&#038;p=3839"},"modified":"2025-12-12T16:15:11","modified_gmt":"2025-12-12T15:15:11","slug":"retour-sur-la-10%e1%b5%89-edition-du-prix-entrepreneuriat-de-mines-paris-psl-linnovation-au-service-dun-monde-durable","status":"publish","type":"actualites","link":"https:\/\/www.minesparis.psl.eu\/isige\/actualites\/retour-sur-la-10%e1%b5%89-edition-du-prix-entrepreneuriat-de-mines-paris-psl-linnovation-au-service-dun-monde-durable\/","title":{"rendered":"Retour sur la 10\u1d49 \u00e9dition du Prix Entrepreneuriat de Mines Paris \u2013 PSL : l\u2019innovation au service d\u2019un monde durable"},"content":{"rendered":"\n<div class=\"container block-full-largeur\">\n\t<div class=\"row mt-4\">\n\t\t<div class=\"col-md-12\">\n\t\t\t<p style=\"text-align: justify\" data-start=\"291\" data-end=\"681\">Avec le soutien de <strong data-start=\"526\" data-end=\"540\">TRANSVALOR<\/strong>, cette \u00e9dition a valoris\u00e9 des projets qui participent \u00e0 la transition \u00e9cologique, \u00e0 l\u2019\u00e9conomie circulaire et au renforcement du lien social.<\/p>\n<p data-start=\"291\" data-end=\"681\"><img loading=\"lazy\" decoding=\"async\" class=\"aligncenter size-large wp-image-3840\" src=\"https:\/\/www.minesparis.psl.eu\/isige\/wp-content\/uploads\/sites\/21\/2025\/12\/1-3-1024x1024.jpg\" alt=\"\" width=\"1024\" height=\"1024\" srcset=\"https:\/\/www.minesparis.psl.eu\/isige\/wp-content\/uploads\/sites\/21\/2025\/12\/1-3-1024x1024.jpg 1024w, https:\/\/www.minesparis.psl.eu\/isige\/wp-content\/uploads\/sites\/21\/2025\/12\/1-3-300x300.jpg 300w, https:\/\/www.minesparis.psl.eu\/isige\/wp-content\/uploads\/sites\/21\/2025\/12\/1-3-150x150.jpg 150w, https:\/\/www.minesparis.psl.eu\/isige\/wp-content\/uploads\/sites\/21\/2025\/12\/1-3-768x768.jpg 768w, https:\/\/www.minesparis.psl.eu\/isige\/wp-content\/uploads\/sites\/21\/2025\/12\/1-3.jpg 1200w\" sizes=\"auto, (max-width: 1024px) 100vw, 1024px\" \/><\/p>\n<h2 style=\"text-align: justify\" data-start=\"683\" data-end=\"743\">Des prix d\u00e9cern\u00e9s \u00e0 des projets innovants et responsables<\/h2>\n<h3 style=\"text-align: justify\" data-start=\"745\" data-end=\"781\">Prix d\u2019Honneur 2025 : Ekimetrics<\/h3>\n<p style=\"text-align: justify\" data-start=\"783\" data-end=\"1214\">Le <strong data-start=\"786\" data-end=\"809\">Prix d\u2019Honneur 2025<\/strong> a \u00e9t\u00e9 attribu\u00e9 \u00e0 <strong data-start=\"827\" data-end=\"860\">Jean-Baptiste Bouzige (IC 01)<\/strong> et <strong data-start=\"864\" data-end=\"890\">Paul Seguineau (IC 03)<\/strong> pour la cr\u00e9ation d\u2019<strong data-start=\"910\" data-end=\"924\">Ekimetrics<\/strong>, une entreprise sp\u00e9cialis\u00e9e dans la <strong data-start=\"961\" data-end=\"1054\">data science et l\u2019intelligence artificielle appliqu\u00e9es aux probl\u00e9matiques des entreprises<\/strong>. Leur projet illustre parfaitement comment l\u2019innovation technologique peut \u00eatre mise au service de la performance \u00e9conomique et de la responsabilit\u00e9 soci\u00e9tale.<\/p>\n<p data-start=\"783\" data-end=\"1214\"><img loading=\"lazy\" decoding=\"async\" class=\"aligncenter size-large wp-image-3841\" src=\"https:\/\/www.minesparis.psl.eu\/isige\/wp-content\/uploads\/sites\/21\/2025\/12\/2-3-1024x1024.jpg\" alt=\"\" width=\"1024\" height=\"1024\" srcset=\"https:\/\/www.minesparis.psl.eu\/isige\/wp-content\/uploads\/sites\/21\/2025\/12\/2-3-1024x1024.jpg 1024w, https:\/\/www.minesparis.psl.eu\/isige\/wp-content\/uploads\/sites\/21\/2025\/12\/2-3-300x300.jpg 300w, https:\/\/www.minesparis.psl.eu\/isige\/wp-content\/uploads\/sites\/21\/2025\/12\/2-3-150x150.jpg 150w, https:\/\/www.minesparis.psl.eu\/isige\/wp-content\/uploads\/sites\/21\/2025\/12\/2-3-768x768.jpg 768w, https:\/\/www.minesparis.psl.eu\/isige\/wp-content\/uploads\/sites\/21\/2025\/12\/2-3.jpg 1200w\" sizes=\"auto, (max-width: 1024px) 100vw, 1024px\" \/><\/p>\n<h3 style=\"text-align: justify\" data-start=\"1216\" data-end=\"1251\">Prix \u00c9mergence 2025 : SmartBack<\/h3>\n<p style=\"text-align: justify\" data-start=\"1253\" data-end=\"1572\">Le <strong data-start=\"1256\" data-end=\"1279\">Prix \u00c9mergence 2025<\/strong> a \u00e9t\u00e9 remis \u00e0 <strong data-start=\"1294\" data-end=\"1319\">Ariane Varale (IC 17)<\/strong>, co-cr\u00e9atrice de <strong data-start=\"1337\" data-end=\"1350\">SmartBack<\/strong>, une start-up qui propose des solutions <strong data-start=\"1391\" data-end=\"1483\">technologiques et logistiques pour prolonger la vie des meubles en France et en Belgique<\/strong>. Ce projet allie \u00e9conomie circulaire, r\u00e9duction des d\u00e9chets et consommation responsable.<\/p>\n<h2 style=\"text-align: justify\" data-start=\"1574\" data-end=\"1621\">Les autres finalistes : innovation et impact<\/h2>\n<p style=\"text-align: justify\" data-start=\"1623\" data-end=\"1713\">Parmi les autres finalistes, plusieurs initiatives remarquables ont retenu l\u2019attention :<\/p>\n<ul style=\"text-align: justify\" data-start=\"1714\" data-end=\"2256\">\n<li data-start=\"1714\" data-end=\"1910\">\n<p data-start=\"1716\" data-end=\"1910\"><strong data-start=\"1716\" data-end=\"1740\">Sebastian Partarrieu<\/strong>, co-fondateur de <strong data-start=\"1758\" data-end=\"1777\">Kairos Research<\/strong>, d\u00e9veloppe un moteur de pr\u00e9diction probabiliste bas\u00e9 sur l\u2019IA capable d\u2019anticiper des \u00e9v\u00e9nements sportifs complexes en temps r\u00e9el.<\/p>\n<\/li>\n<li data-start=\"1911\" data-end=\"2256\">\n<p data-start=\"1913\" data-end=\"2256\"><strong data-start=\"1913\" data-end=\"1959\">Titouan Palomino (ISIGE Mines Paris \u2013 PSL)<\/strong>, co-fondateur de <strong data-start=\"1977\" data-end=\"1990\">Quasimodo<\/strong>, s\u2019engage pour <strong data-start=\"2006\" data-end=\"2098\">lutter contre le gaspillage alimentaire tout en promouvant une alimentation plus durable<\/strong>. Depuis un an, son \u00e9quipe a d\u00e9j\u00e0 \u00e9vit\u00e9 plus de 10 tonnes de gaspillage alimentaire en sauvant les fruits et l\u00e9gumes bio biscornus de la r\u00e9gion \u00cele-de-France.<\/p>\n<\/li>\n<\/ul>\n<h2 style=\"text-align: justify\" data-start=\"2258\" data-end=\"2318\">Quasimodo : une start-up au c\u0153ur de l\u2019\u00e9conomie circulaire<\/h2>\n<p style=\"text-align: justify\" data-start=\"2320\" data-end=\"2640\">Le projet <strong data-start=\"2330\" data-end=\"2343\">Quasimodo<\/strong> ne se limite pas \u00e0 la collecte et \u00e0 la redistribution des aliments : il pr\u00e9voit le lancement d\u2019une <strong data-start=\"2443\" data-end=\"2476\">conserverie artisanale locale<\/strong>, pour transformer les fruits et l\u00e9gumes en produits durables tout en soutenant l\u2019agriculture locale.<br data-start=\"2577\" data-end=\"2580\" \/>Voici cinq raisons majeures de soutenir cette initiative :<\/p>\n<ol style=\"text-align: justify\" data-start=\"2641\" data-end=\"3040\">\n<li data-start=\"2641\" data-end=\"2719\">\n<p data-start=\"2644\" data-end=\"2719\"><strong data-start=\"2644\" data-end=\"2681\">Limiter le gaspillage alimentaire<\/strong> des fruits et l\u00e9gumes non calibr\u00e9s.<\/p>\n<\/li>\n<li data-start=\"2720\" data-end=\"2794\">\n<p data-start=\"2723\" data-end=\"2794\"><strong data-start=\"2723\" data-end=\"2764\">Respecter le travail des agriculteurs<\/strong> et les limites plan\u00e9taires.<\/p>\n<\/li>\n<li data-start=\"2795\" data-end=\"2875\">\n<p data-start=\"2798\" data-end=\"2875\"><strong data-start=\"2798\" data-end=\"2822\">Encourager un alumni<\/strong> et un mod\u00e8le bio, ultra-local et en circuit court.<\/p>\n<\/li>\n<li data-start=\"2876\" data-end=\"2973\">\n<p data-start=\"2879\" data-end=\"2973\"><strong data-start=\"2879\" data-end=\"2935\">Accompagner la cr\u00e9ation d\u2019une conserverie artisanale<\/strong> et un mod\u00e8le \u00e9conomique \u00e9cologique.<\/p>\n<\/li>\n<li data-start=\"2974\" data-end=\"3040\">\n<p data-start=\"2977\" data-end=\"3040\"><strong data-start=\"2977\" data-end=\"3039\">Soutenir Quasimodo face au mod\u00e8le agro-industriel dominant<\/strong>.<\/p>\n<\/li>\n<\/ol>\n<p style=\"text-align: justify\" data-start=\"3042\" data-end=\"3178\">Pour rejoindre la lutte contre le gaspillage alimentaire et soutenir Quasimodo : <a class=\"decorated-link\" href=\"https:\/\/lnkd.in\/eARcAqfV\" target=\"_new\" rel=\"noopener\" data-start=\"3126\" data-end=\"3178\">https:\/\/lnkd.in\/eARcAqfV<\/a><\/p>\n<h2 style=\"text-align: justify\" data-start=\"3180\" data-end=\"3219\">Encourager l\u2019entrepreneuriat durable<\/h2>\n<p style=\"text-align: justify\" data-start=\"3221\" data-end=\"3570\">La 10\u1d49 \u00e9dition du Prix Entrepreneuriat confirme l\u2019importance de <strong data-start=\"3285\" data-end=\"3387\">valoriser les initiatives qui allient innovation, responsabilit\u00e9 sociale et impact environnemental<\/strong>. Mines Paris \u2013 PSL et ses partenaires, comme TRANSVALOR, continuent ainsi de soutenir des projets qui fa\u00e7onnent un futur durable et inspirent la prochaine g\u00e9n\u00e9ration d\u2019entrepreneurs.<\/p>\n\t\t<\/div>\n\t<\/div>\n<\/div>","protected":false},"featured_media":3842,"template":"","actualites-formats":[],"actualites-thematiques":[],"class_list":["post-3839","actualites","type-actualites","status-publish","has-post-thumbnail","hentry"],"acf":[],"yoast_head":"<!-- This site is optimized with the Yoast SEO plugin v27.2 - https:\/\/yoast.com\/product\/yoast-seo-wordpress\/ -->\n<title>Retour sur la 10\u1d49 \u00e9dition du Prix Entrepreneuriat de Mines Paris \u2013 PSL : l\u2019innovation au service d\u2019un monde durable - ISIGE Mines Paris - PSL<\/title>\n<meta name=\"description\" content=\"Mines Paris \u2013 PSL a c\u00e9l\u00e9br\u00e9 la 10\u1d49 \u00e9dition du Prix Entrepreneuriat mettant \u00e0 l\u2019honneur l\u2019entrepreneuriat utile, l&#039;innovation,l&#039; impact social et l&#039;engagement pour la plan\u00e8te.\" \/>\n<meta name=\"robots\" content=\"index, follow, max-snippet:-1, max-image-preview:large, max-video-preview:-1\" \/>\n<link rel=\"canonical\" href=\"https:\/\/www.minesparis.psl.eu\/isige\/actualites\/retour-sur-la-10\u1d49-edition-du-prix-entrepreneuriat-de-mines-paris-psl-linnovation-au-service-dun-monde-durable\/\" \/>\n<meta property=\"og:locale\" content=\"fr_FR\" \/>\n<meta property=\"og:type\" content=\"article\" \/>\n<meta property=\"og:title\" content=\"Retour sur la 10\u1d49 \u00e9dition du Prix Entrepreneuriat de Mines Paris \u2013 PSL : l\u2019innovation au service d\u2019un monde durable - ISIGE Mines Paris - PSL\" \/>\n<meta property=\"og:description\" content=\"Mines Paris \u2013 PSL a c\u00e9l\u00e9br\u00e9 la 10\u1d49 \u00e9dition du Prix Entrepreneuriat mettant \u00e0 l\u2019honneur l\u2019entrepreneuriat utile, l&#039;innovation,l&#039; impact social et l&#039;engagement pour la plan\u00e8te.\" \/>\n<meta property=\"og:url\" content=\"https:\/\/www.minesparis.psl.eu\/isige\/actualites\/retour-sur-la-10\u1d49-edition-du-prix-entrepreneuriat-de-mines-paris-psl-linnovation-au-service-dun-monde-durable\/\" \/>\n<meta property=\"og:site_name\" content=\"ISIGE Mines Paris - PSL\" \/>\n<meta property=\"article:modified_time\" content=\"2025-12-12T15:15:11+00:00\" \/>\n<meta property=\"og:image\" content=\"https:\/\/www.minesparis.psl.eu\/isige\/wp-content\/uploads\/sites\/21\/2025\/12\/IMG_6086-scaled.jpg\" \/>\n\t<meta property=\"og:image:width\" content=\"2560\" \/>\n\t<meta property=\"og:image:height\" content=\"1703\" \/>\n\t<meta property=\"og:image:type\" content=\"image\/jpeg\" \/>\n<meta name=\"twitter:card\" content=\"summary_large_image\" \/>\n<meta name=\"twitter:label1\" content=\"Dur\u00e9e de lecture estim\u00e9e\" \/>\n\t<meta name=\"twitter:data1\" content=\"1 minute\" \/>\n<script type=\"application\/ld+json\" class=\"yoast-schema-graph\">{\"@context\":\"https:\/\/schema.org\",\"@graph\":[{\"@type\":\"WebPage\",\"@id\":\"https:\/\/www.minesparis.psl.eu\/isige\/actualites\/retour-sur-la-10%e1%b5%89-edition-du-prix-entrepreneuriat-de-mines-paris-psl-linnovation-au-service-dun-monde-durable\/\",\"url\":\"https:\/\/www.minesparis.psl.eu\/isige\/actualites\/retour-sur-la-10%e1%b5%89-edition-du-prix-entrepreneuriat-de-mines-paris-psl-linnovation-au-service-dun-monde-durable\/\",\"name\":\"Retour sur la 10\u1d49 \u00e9dition du Prix Entrepreneuriat de Mines Paris \u2013 PSL : l\u2019innovation au service d\u2019un monde durable - ISIGE Mines Paris - PSL\",\"isPartOf\":{\"@id\":\"https:\/\/www.minesparis.psl.eu\/isige\/#website\"},\"primaryImageOfPage\":{\"@id\":\"https:\/\/www.minesparis.psl.eu\/isige\/actualites\/retour-sur-la-10%e1%b5%89-edition-du-prix-entrepreneuriat-de-mines-paris-psl-linnovation-au-service-dun-monde-durable\/#primaryimage\"},\"image\":{\"@id\":\"https:\/\/www.minesparis.psl.eu\/isige\/actualites\/retour-sur-la-10%e1%b5%89-edition-du-prix-entrepreneuriat-de-mines-paris-psl-linnovation-au-service-dun-monde-durable\/#primaryimage\"},\"thumbnailUrl\":\"https:\/\/www.minesparis.psl.eu\/isige\/wp-content\/uploads\/sites\/21\/2025\/12\/IMG_6086-scaled.jpg\",\"datePublished\":\"2025-11-19T15:10:00+00:00\",\"dateModified\":\"2025-12-12T15:15:11+00:00\",\"description\":\"Mines Paris \u2013 PSL a c\u00e9l\u00e9br\u00e9 la 10\u1d49 \u00e9dition du Prix Entrepreneuriat mettant \u00e0 l\u2019honneur l\u2019entrepreneuriat utile, l'innovation,l' impact social et l'engagement pour la plan\u00e8te.\",\"breadcrumb\":{\"@id\":\"https:\/\/www.minesparis.psl.eu\/isige\/actualites\/retour-sur-la-10%e1%b5%89-edition-du-prix-entrepreneuriat-de-mines-paris-psl-linnovation-au-service-dun-monde-durable\/#breadcrumb\"},\"inLanguage\":\"fr-FR\",\"potentialAction\":[{\"@type\":\"ReadAction\",\"target\":[\"https:\/\/www.minesparis.psl.eu\/isige\/actualites\/retour-sur-la-10%e1%b5%89-edition-du-prix-entrepreneuriat-de-mines-paris-psl-linnovation-au-service-dun-monde-durable\/\"]}]},{\"@type\":\"ImageObject\",\"inLanguage\":\"fr-FR\",\"@id\":\"https:\/\/www.minesparis.psl.eu\/isige\/actualites\/retour-sur-la-10%e1%b5%89-edition-du-prix-entrepreneuriat-de-mines-paris-psl-linnovation-au-service-dun-monde-durable\/#primaryimage\",\"url\":\"https:\/\/www.minesparis.psl.eu\/isige\/wp-content\/uploads\/sites\/21\/2025\/12\/IMG_6086-scaled.jpg\",\"contentUrl\":\"https:\/\/www.minesparis.psl.eu\/isige\/wp-content\/uploads\/sites\/21\/2025\/12\/IMG_6086-scaled.jpg\",\"width\":2560,\"height\":1703,\"caption\":\"Jeudi dernier, Mines Paris \u2013 PSL a c\u00e9l\u00e9br\u00e9 la 10\u1d49 \u00e9dition du Prix Entrepreneuriat, un \u00e9v\u00e9nement mettant \u00e0 l\u2019honneur l\u2019entrepreneuriat utile, qui allie innovation, impact social et engagement pour la plan\u00e8te.\"},{\"@type\":\"BreadcrumbList\",\"@id\":\"https:\/\/www.minesparis.psl.eu\/isige\/actualites\/retour-sur-la-10%e1%b5%89-edition-du-prix-entrepreneuriat-de-mines-paris-psl-linnovation-au-service-dun-monde-durable\/#breadcrumb\",\"itemListElement\":[{\"@type\":\"ListItem\",\"position\":1,\"name\":\"Accueil\",\"item\":\"https:\/\/www.minesparis.psl.eu\/isige\/\"},{\"@type\":\"ListItem\",\"position\":2,\"name\":\"Retour sur la 10\u1d49 \u00e9dition du Prix Entrepreneuriat de Mines Paris \u2013 PSL : l\u2019innovation au service d\u2019un monde durable\"}]},{\"@type\":\"WebSite\",\"@id\":\"https:\/\/www.minesparis.psl.eu\/isige\/#website\",\"url\":\"https:\/\/www.minesparis.psl.eu\/isige\/\",\"name\":\"ISIGE Mines Paris - PSL\",\"description\":\"\",\"publisher\":{\"@id\":\"https:\/\/www.minesparis.psl.eu\/isige\/#organization\"},\"potentialAction\":[{\"@type\":\"SearchAction\",\"target\":{\"@type\":\"EntryPoint\",\"urlTemplate\":\"https:\/\/www.minesparis.psl.eu\/isige\/?s={search_term_string}\"},\"query-input\":{\"@type\":\"PropertyValueSpecification\",\"valueRequired\":true,\"valueName\":\"search_term_string\"}}],\"inLanguage\":\"fr-FR\"},{\"@type\":\"Organization\",\"@id\":\"https:\/\/www.minesparis.psl.eu\/isige\/#organization\",\"name\":\"ISIGE Mines Paris - PSL\",\"url\":\"https:\/\/www.minesparis.psl.eu\/isige\/\",\"logo\":{\"@type\":\"ImageObject\",\"inLanguage\":\"fr-FR\",\"@id\":\"https:\/\/www.minesparis.psl.eu\/isige\/#\/schema\/logo\/image\/\",\"url\":\"https:\/\/www.minesparis.psl.eu\/isige\/wp-content\/uploads\/sites\/21\/2025\/02\/cropped-MinesParis-PSL-ISIGEOCoRVB-1.png\",\"contentUrl\":\"https:\/\/www.minesparis.psl.eu\/isige\/wp-content\/uploads\/sites\/21\/2025\/02\/cropped-MinesParis-PSL-ISIGEOCoRVB-1.png\",\"width\":1584,\"height\":360,\"caption\":\"ISIGE Mines Paris - PSL\"},\"image\":{\"@id\":\"https:\/\/www.minesparis.psl.eu\/isige\/#\/schema\/logo\/image\/\"}}]}<\/script>\n<!-- \/ Yoast SEO plugin. -->","yoast_head_json":{"title":"Retour sur la 10\u1d49 \u00e9dition du Prix Entrepreneuriat de Mines Paris \u2013 PSL : l\u2019innovation au service d\u2019un monde durable - ISIGE Mines Paris - PSL","description":"Mines Paris \u2013 PSL a c\u00e9l\u00e9br\u00e9 la 10\u1d49 \u00e9dition du Prix Entrepreneuriat mettant \u00e0 l\u2019honneur l\u2019entrepreneuriat utile, l'innovation,l' impact social et l'engagement pour la plan\u00e8te.","robots":{"index":"index","follow":"follow","max-snippet":"max-snippet:-1","max-image-preview":"max-image-preview:large","max-video-preview":"max-video-preview:-1"},"canonical":"https:\/\/www.minesparis.psl.eu\/isige\/actualites\/retour-sur-la-10\u1d49-edition-du-prix-entrepreneuriat-de-mines-paris-psl-linnovation-au-service-dun-monde-durable\/","og_locale":"fr_FR","og_type":"article","og_title":"Retour sur la 10\u1d49 \u00e9dition du Prix Entrepreneuriat de Mines Paris \u2013 PSL : l\u2019innovation au service d\u2019un monde durable - ISIGE Mines Paris - PSL","og_description":"Mines Paris \u2013 PSL a c\u00e9l\u00e9br\u00e9 la 10\u1d49 \u00e9dition du Prix Entrepreneuriat mettant \u00e0 l\u2019honneur l\u2019entrepreneuriat utile, l'innovation,l' impact social et l'engagement pour la plan\u00e8te.","og_url":"https:\/\/www.minesparis.psl.eu\/isige\/actualites\/retour-sur-la-10\u1d49-edition-du-prix-entrepreneuriat-de-mines-paris-psl-linnovation-au-service-dun-monde-durable\/","og_site_name":"ISIGE Mines Paris - PSL","article_modified_time":"2025-12-12T15:15:11+00:00","og_image":[{"width":2560,"height":1703,"url":"https:\/\/www.minesparis.psl.eu\/isige\/wp-content\/uploads\/sites\/21\/2025\/12\/IMG_6086-scaled.jpg","type":"image\/jpeg"}],"twitter_card":"summary_large_image","twitter_misc":{"Dur\u00e9e de lecture estim\u00e9e":"1 minute"},"schema":{"@context":"https:\/\/schema.org","@graph":[{"@type":"WebPage","@id":"https:\/\/www.minesparis.psl.eu\/isige\/actualites\/retour-sur-la-10%e1%b5%89-edition-du-prix-entrepreneuriat-de-mines-paris-psl-linnovation-au-service-dun-monde-durable\/","url":"https:\/\/www.minesparis.psl.eu\/isige\/actualites\/retour-sur-la-10%e1%b5%89-edition-du-prix-entrepreneuriat-de-mines-paris-psl-linnovation-au-service-dun-monde-durable\/","name":"Retour sur la 10\u1d49 \u00e9dition du Prix Entrepreneuriat de Mines Paris \u2013 PSL : l\u2019innovation au service d\u2019un monde durable - ISIGE Mines Paris - PSL","isPartOf":{"@id":"https:\/\/www.minesparis.psl.eu\/isige\/#website"},"primaryImageOfPage":{"@id":"https:\/\/www.minesparis.psl.eu\/isige\/actualites\/retour-sur-la-10%e1%b5%89-edition-du-prix-entrepreneuriat-de-mines-paris-psl-linnovation-au-service-dun-monde-durable\/#primaryimage"},"image":{"@id":"https:\/\/www.minesparis.psl.eu\/isige\/actualites\/retour-sur-la-10%e1%b5%89-edition-du-prix-entrepreneuriat-de-mines-paris-psl-linnovation-au-service-dun-monde-durable\/#primaryimage"},"thumbnailUrl":"https:\/\/www.minesparis.psl.eu\/isige\/wp-content\/uploads\/sites\/21\/2025\/12\/IMG_6086-scaled.jpg","datePublished":"2025-11-19T15:10:00+00:00","dateModified":"2025-12-12T15:15:11+00:00","description":"Mines Paris \u2013 PSL a c\u00e9l\u00e9br\u00e9 la 10\u1d49 \u00e9dition du Prix Entrepreneuriat mettant \u00e0 l\u2019honneur l\u2019entrepreneuriat utile, l'innovation,l' impact social et l'engagement pour la plan\u00e8te.","breadcrumb":{"@id":"https:\/\/www.minesparis.psl.eu\/isige\/actualites\/retour-sur-la-10%e1%b5%89-edition-du-prix-entrepreneuriat-de-mines-paris-psl-linnovation-au-service-dun-monde-durable\/#breadcrumb"},"inLanguage":"fr-FR","potentialAction":[{"@type":"ReadAction","target":["https:\/\/www.minesparis.psl.eu\/isige\/actualites\/retour-sur-la-10%e1%b5%89-edition-du-prix-entrepreneuriat-de-mines-paris-psl-linnovation-au-service-dun-monde-durable\/"]}]},{"@type":"ImageObject","inLanguage":"fr-FR","@id":"https:\/\/www.minesparis.psl.eu\/isige\/actualites\/retour-sur-la-10%e1%b5%89-edition-du-prix-entrepreneuriat-de-mines-paris-psl-linnovation-au-service-dun-monde-durable\/#primaryimage","url":"https:\/\/www.minesparis.psl.eu\/isige\/wp-content\/uploads\/sites\/21\/2025\/12\/IMG_6086-scaled.jpg","contentUrl":"https:\/\/www.minesparis.psl.eu\/isige\/wp-content\/uploads\/sites\/21\/2025\/12\/IMG_6086-scaled.jpg","width":2560,"height":1703,"caption":"Jeudi dernier, Mines Paris \u2013 PSL a c\u00e9l\u00e9br\u00e9 la 10\u1d49 \u00e9dition du Prix Entrepreneuriat, un \u00e9v\u00e9nement mettant \u00e0 l\u2019honneur l\u2019entrepreneuriat utile, qui allie innovation, impact social et engagement pour la plan\u00e8te."},{"@type":"BreadcrumbList","@id":"https:\/\/www.minesparis.psl.eu\/isige\/actualites\/retour-sur-la-10%e1%b5%89-edition-du-prix-entrepreneuriat-de-mines-paris-psl-linnovation-au-service-dun-monde-durable\/#breadcrumb","itemListElement":[{"@type":"ListItem","position":1,"name":"Accueil","item":"https:\/\/www.minesparis.psl.eu\/isige\/"},{"@type":"ListItem","position":2,"name":"Retour sur la 10\u1d49 \u00e9dition du Prix Entrepreneuriat de Mines Paris \u2013 PSL : l\u2019innovation au service d\u2019un monde durable"}]},{"@type":"WebSite","@id":"https:\/\/www.minesparis.psl.eu\/isige\/#website","url":"https:\/\/www.minesparis.psl.eu\/isige\/","name":"ISIGE Mines Paris - PSL","description":"","publisher":{"@id":"https:\/\/www.minesparis.psl.eu\/isige\/#organization"},"potentialAction":[{"@type":"SearchAction","target":{"@type":"EntryPoint","urlTemplate":"https:\/\/www.minesparis.psl.eu\/isige\/?s={search_term_string}"},"query-input":{"@type":"PropertyValueSpecification","valueRequired":true,"valueName":"search_term_string"}}],"inLanguage":"fr-FR"},{"@type":"Organization","@id":"https:\/\/www.minesparis.psl.eu\/isige\/#organization","name":"ISIGE Mines Paris - PSL","url":"https:\/\/www.minesparis.psl.eu\/isige\/","logo":{"@type":"ImageObject","inLanguage":"fr-FR","@id":"https:\/\/www.minesparis.psl.eu\/isige\/#\/schema\/logo\/image\/","url":"https:\/\/www.minesparis.psl.eu\/isige\/wp-content\/uploads\/sites\/21\/2025\/02\/cropped-MinesParis-PSL-ISIGEOCoRVB-1.png","contentUrl":"https:\/\/www.minesparis.psl.eu\/isige\/wp-content\/uploads\/sites\/21\/2025\/02\/cropped-MinesParis-PSL-ISIGEOCoRVB-1.png","width":1584,"height":360,"caption":"ISIGE Mines Paris - PSL"},"image":{"@id":"https:\/\/www.minesparis.psl.eu\/isige\/#\/schema\/logo\/image\/"}}]}},"_links":{"self":[{"href":"https:\/\/www.minesparis.psl.eu\/isige\/wp-json\/wp\/v2\/actualites\/3839","targetHints":{"allow":["GET"]}}],"collection":[{"href":"https:\/\/www.minesparis.psl.eu\/isige\/wp-json\/wp\/v2\/actualites"}],"about":[{"href":"https:\/\/www.minesparis.psl.eu\/isige\/wp-json\/wp\/v2\/types\/actualites"}],"wp:featuredmedia":[{"embeddable":true,"href":"https:\/\/www.minesparis.psl.eu\/isige\/wp-json\/wp\/v2\/media\/3842"}],"wp:attachment":[{"href":"https:\/\/www.minesparis.psl.eu\/isige\/wp-json\/wp\/v2\/media?parent=3839"}],"wp:term":[{"taxonomy":"actualites-formats","embeddable":true,"href":"https:\/\/www.minesparis.psl.eu\/isige\/wp-json\/wp\/v2\/actualites-formats?post=3839"},{"taxonomy":"actualites-thematiques","embeddable":true,"href":"https:\/\/www.minesparis.psl.eu\/isige\/wp-json\/wp\/v2\/actualites-thematiques?post=3839"}],"curies":[{"name":"wp","href":"https:\/\/api.w.org\/{rel}","templated":true}]}}