{"id":3089,"date":"2025-06-30T09:42:00","date_gmt":"2025-06-30T07:42:00","guid":{"rendered":"https:\/\/www.minesparis.psl.eu\/isige\/?post_type=actualites&#038;p=3089"},"modified":"2025-07-24T17:35:04","modified_gmt":"2025-07-24T15:35:04","slug":"3089","status":"publish","type":"actualites","link":"https:\/\/www.minesparis.psl.eu\/isige\/actualites\/3089\/","title":{"rendered":"Quand prospective et transition \u00e9cologique se rencontrent au Festival de l\u2019Art de Fontainebleau."},"content":{"rendered":"\n<div class=\"container block-full-largeur\">\n\t<div class=\"row mt-4\">\n\t\t<div class=\"col-md-12\">\n\t\t\t<h2 style=\"text-align: justify\"><span class=\"break-words\n          tvm-parent-container\"><span dir=\"ltr\">Quand prospective et transition \u00e9cologique se rencontrent au Festival de l\u2019Art de Fontainebleau.<span>\n<\/span><span>\n<\/span><\/span><\/span><\/h2>\n<p style=\"text-align: justify\"><span class=\"break-words\n          tvm-parent-container\"><span dir=\"ltr\">Le mast\u00e8re sp\u00e9cialis\u00e9 EEDD parcours Ing\u00e9nierie et Gestion de l\u2019Environnement de l\u2019<span>ISIGE Mines Paris-PSL<\/span><span class=\"white-space-pre\"> <\/span>\u00e9tait au rendez-vous de l\u2019\u00e9dition 2025 du Festival international\u00a0d\u2019Histoire de l\u2019Art de Fontainebleau dont le th\u00e8me est cette ann\u00e9e : \u00ab Le vrai, le faux\u00a0\u00bb.<span><\/span><\/span><\/span><\/p>\n<p style=\"text-align: justify\"><span class=\"break-words\n          tvm-parent-container\"><span dir=\"ltr\"><span><\/span>En avril dernier, dans le cadre de leur projet territorial \u00ab Changer d\u2019\u00e9chelle \u00bb, les \u00e9tudiants du MS ont imagin\u00e9 et mis en sc\u00e8ne des futurs d\u00e9sirables adapt\u00e9s au territoire du Sisteronais-Buech.<span class=\"white-space-pre\"> <\/span><span>Au-del\u00e0 des visions \u00e0 2050 sur des th\u00e9matiques tels l&rsquo;\u00e9nergie, le b\u00e2timent, l&rsquo;eau, la mobilit\u00e9, l&rsquo;agriculture, la biodiversit\u00e9, l&rsquo;exposition rend compte \u00e9galement du travail de sc\u00e9narisation des \u00e9tudiants : des personnages attachants, une progression dans le temps de 2025 \u00e0 2050. Les scripts et une petite vid\u00e9o qui r\u00e9sume la repr\u00e9sentation faire devant les \u00e9lus sont \u00e9galement \u00e0 disposition sur le stand.<\/span><\/span><\/span><\/p>\n<p style=\"text-align: justify\"><span class=\"break-words\n          tvm-parent-container\"><span dir=\"ltr\"><span><\/span>Ce travail de projection narrative, qui a repos\u00e9 sur les sc\u00e9narios Transition(s)2050 de l&rsquo;<span>ADEME<\/span><span class=\"white-space-pre\"> <\/span>ainsi que sur une<span class=\"white-space-pre\"> <\/span><span>enqu\u00eate<\/span><span class=\"white-space-pre\"> <\/span>de terrain, et mobilis\u00e9 faits et donn\u00e9es scientifiques et technologiques, a rendu concr\u00e8te une vision du futur, adapt\u00e9e \u00e0 ce<span class=\"white-space-pre\"> <\/span><span>territoire<\/span><span class=\"white-space-pre\"> <\/span>des Alpes du Sud.<span class=\"white-space-pre\"> <\/span><span>\n<\/span><span>\n<\/span>Les r\u00e9cits propos\u00e9s invitent \u00e0 des modes de vie plus<span class=\"white-space-pre\"> <\/span><span>robustes<\/span><span class=\"white-space-pre\"> <\/span>face aux<span class=\"white-space-pre\"> <\/span><span>crises<\/span><span class=\"white-space-pre\"> <\/span>\u00e0 venir, tout autant producteurs de richesses.<span class=\"white-space-pre\"> <\/span><span>\n<\/span><span>\n<\/span>Pr\u00e9sent\u00e9 sur sc\u00e8ne le 4 avril 2025 aux \u00e9lus de la communaut\u00e9 de communes, ce travail fait aujourd&rsquo;hui l\u2019objet d&rsquo;un stand au sein de l\u2019exposition propos\u00e9e par la<span class=\"white-space-pre\"> <\/span><span>Biblioth\u00e8que Mines Paris &#8211; PSL<\/span><span class=\"white-space-pre\"> <\/span>sur le campus de Mines<span class=\"white-space-pre\"> <\/span><span>Fontainebleau<\/span><span class=\"white-space-pre\"> <\/span>jusqu\u2019au 18 juillet.<span>\n<\/span><span>\n<\/span>Un grand MERCI aux organisateurs pour cette exposition inspirante.<span>\n<\/span><\/span><\/span><\/p>\n\t\t<\/div>\n\t<\/div>\n<\/div>","protected":false},"featured_media":3129,"template":"","actualites-formats":[15],"actualites-thematiques":[21],"class_list":["post-3089","actualites","type-actualites","status-publish","has-post-thumbnail","hentry"],"acf":[],"yoast_head":"<!-- This site is optimized with the Yoast SEO plugin v27.2 - https:\/\/yoast.com\/product\/yoast-seo-wordpress\/ -->\n<title>Quand prospective et transition \u00e9cologique se rencontrent au Festival de l\u2019Art de Fontainebleau. - ISIGE Mines Paris - PSL<\/title>\n<meta name=\"description\" content=\"Les \u00e9tudiants ont pr\u00e9sent\u00e9 une d\u00e9marche originale m\u00ealant prospective territoriale, sc\u00e9narios de transition et narration environnementale.\" \/>\n<meta name=\"robots\" content=\"index, follow, max-snippet:-1, max-image-preview:large, max-video-preview:-1\" \/>\n<link rel=\"canonical\" href=\"https:\/\/www.minesparis.psl.eu\/isige\/actualites\/3089\/\" \/>\n<meta property=\"og:locale\" content=\"fr_FR\" \/>\n<meta property=\"og:type\" content=\"article\" \/>\n<meta property=\"og:title\" content=\"Quand prospective et transition \u00e9cologique se rencontrent au Festival de l\u2019Art de Fontainebleau. - ISIGE Mines Paris - PSL\" \/>\n<meta property=\"og:description\" content=\"Les \u00e9tudiants ont pr\u00e9sent\u00e9 une d\u00e9marche originale m\u00ealant prospective territoriale, sc\u00e9narios de transition et narration environnementale.\" \/>\n<meta property=\"og:url\" content=\"https:\/\/www.minesparis.psl.eu\/isige\/actualites\/3089\/\" \/>\n<meta property=\"og:site_name\" content=\"ISIGE Mines Paris - PSL\" \/>\n<meta property=\"article:modified_time\" content=\"2025-07-24T15:35:04+00:00\" \/>\n<meta property=\"og:image\" content=\"https:\/\/www.minesparis.psl.eu\/isige\/wp-content\/uploads\/sites\/21\/2025\/06\/IMG_3696.jpg\" \/>\n\t<meta property=\"og:image:width\" content=\"1200\" \/>\n\t<meta property=\"og:image:height\" content=\"798\" \/>\n\t<meta property=\"og:image:type\" content=\"image\/jpeg\" \/>\n<meta name=\"twitter:card\" content=\"summary_large_image\" \/>\n<meta name=\"twitter:label1\" content=\"Dur\u00e9e de lecture estim\u00e9e\" \/>\n\t<meta name=\"twitter:data1\" content=\"1 minute\" \/>\n<script type=\"application\/ld+json\" class=\"yoast-schema-graph\">{\"@context\":\"https:\/\/schema.org\",\"@graph\":[{\"@type\":\"WebPage\",\"@id\":\"https:\/\/www.minesparis.psl.eu\/isige\/actualites\/3089\/\",\"url\":\"https:\/\/www.minesparis.psl.eu\/isige\/actualites\/3089\/\",\"name\":\"Quand prospective et transition \u00e9cologique se rencontrent au Festival de l\u2019Art de Fontainebleau. - ISIGE Mines Paris - PSL\",\"isPartOf\":{\"@id\":\"https:\/\/www.minesparis.psl.eu\/isige\/#website\"},\"primaryImageOfPage\":{\"@id\":\"https:\/\/www.minesparis.psl.eu\/isige\/actualites\/3089\/#primaryimage\"},\"image\":{\"@id\":\"https:\/\/www.minesparis.psl.eu\/isige\/actualites\/3089\/#primaryimage\"},\"thumbnailUrl\":\"https:\/\/www.minesparis.psl.eu\/isige\/wp-content\/uploads\/sites\/21\/2025\/06\/IMG_3696.jpg\",\"datePublished\":\"2025-06-30T07:42:00+00:00\",\"dateModified\":\"2025-07-24T15:35:04+00:00\",\"description\":\"Les \u00e9tudiants ont pr\u00e9sent\u00e9 une d\u00e9marche originale m\u00ealant prospective territoriale, sc\u00e9narios de transition et narration environnementale.\",\"breadcrumb\":{\"@id\":\"https:\/\/www.minesparis.psl.eu\/isige\/actualites\/3089\/#breadcrumb\"},\"inLanguage\":\"fr-FR\",\"potentialAction\":[{\"@type\":\"ReadAction\",\"target\":[\"https:\/\/www.minesparis.psl.eu\/isige\/actualites\/3089\/\"]}]},{\"@type\":\"ImageObject\",\"inLanguage\":\"fr-FR\",\"@id\":\"https:\/\/www.minesparis.psl.eu\/isige\/actualites\/3089\/#primaryimage\",\"url\":\"https:\/\/www.minesparis.psl.eu\/isige\/wp-content\/uploads\/sites\/21\/2025\/06\/IMG_3696.jpg\",\"contentUrl\":\"https:\/\/www.minesparis.psl.eu\/isige\/wp-content\/uploads\/sites\/21\/2025\/06\/IMG_3696.jpg\",\"width\":1200,\"height\":798,\"caption\":\"Festival Histoire de l'Art \/ MS EEDD parcours IGE\"},{\"@type\":\"BreadcrumbList\",\"@id\":\"https:\/\/www.minesparis.psl.eu\/isige\/actualites\/3089\/#breadcrumb\",\"itemListElement\":[{\"@type\":\"ListItem\",\"position\":1,\"name\":\"Accueil\",\"item\":\"https:\/\/www.minesparis.psl.eu\/isige\/\"},{\"@type\":\"ListItem\",\"position\":2,\"name\":\"Quand prospective et transition \u00e9cologique se rencontrent au Festival de l\u2019Art de Fontainebleau.\"}]},{\"@type\":\"WebSite\",\"@id\":\"https:\/\/www.minesparis.psl.eu\/isige\/#website\",\"url\":\"https:\/\/www.minesparis.psl.eu\/isige\/\",\"name\":\"ISIGE Mines Paris - PSL\",\"description\":\"\",\"publisher\":{\"@id\":\"https:\/\/www.minesparis.psl.eu\/isige\/#organization\"},\"potentialAction\":[{\"@type\":\"SearchAction\",\"target\":{\"@type\":\"EntryPoint\",\"urlTemplate\":\"https:\/\/www.minesparis.psl.eu\/isige\/?s={search_term_string}\"},\"query-input\":{\"@type\":\"PropertyValueSpecification\",\"valueRequired\":true,\"valueName\":\"search_term_string\"}}],\"inLanguage\":\"fr-FR\"},{\"@type\":\"Organization\",\"@id\":\"https:\/\/www.minesparis.psl.eu\/isige\/#organization\",\"name\":\"ISIGE Mines Paris - PSL\",\"url\":\"https:\/\/www.minesparis.psl.eu\/isige\/\",\"logo\":{\"@type\":\"ImageObject\",\"inLanguage\":\"fr-FR\",\"@id\":\"https:\/\/www.minesparis.psl.eu\/isige\/#\/schema\/logo\/image\/\",\"url\":\"https:\/\/www.minesparis.psl.eu\/isige\/wp-content\/uploads\/sites\/21\/2025\/02\/cropped-MinesParis-PSL-ISIGEOCoRVB-1.png\",\"contentUrl\":\"https:\/\/www.minesparis.psl.eu\/isige\/wp-content\/uploads\/sites\/21\/2025\/02\/cropped-MinesParis-PSL-ISIGEOCoRVB-1.png\",\"width\":1584,\"height\":360,\"caption\":\"ISIGE Mines Paris - PSL\"},\"image\":{\"@id\":\"https:\/\/www.minesparis.psl.eu\/isige\/#\/schema\/logo\/image\/\"}}]}<\/script>\n<!-- \/ Yoast SEO plugin. -->","yoast_head_json":{"title":"Quand prospective et transition \u00e9cologique se rencontrent au Festival de l\u2019Art de Fontainebleau. - ISIGE Mines Paris - PSL","description":"Les \u00e9tudiants ont pr\u00e9sent\u00e9 une d\u00e9marche originale m\u00ealant prospective territoriale, sc\u00e9narios de transition et narration environnementale.","robots":{"index":"index","follow":"follow","max-snippet":"max-snippet:-1","max-image-preview":"max-image-preview:large","max-video-preview":"max-video-preview:-1"},"canonical":"https:\/\/www.minesparis.psl.eu\/isige\/actualites\/3089\/","og_locale":"fr_FR","og_type":"article","og_title":"Quand prospective et transition \u00e9cologique se rencontrent au Festival de l\u2019Art de Fontainebleau. - ISIGE Mines Paris - PSL","og_description":"Les \u00e9tudiants ont pr\u00e9sent\u00e9 une d\u00e9marche originale m\u00ealant prospective territoriale, sc\u00e9narios de transition et narration environnementale.","og_url":"https:\/\/www.minesparis.psl.eu\/isige\/actualites\/3089\/","og_site_name":"ISIGE Mines Paris - PSL","article_modified_time":"2025-07-24T15:35:04+00:00","og_image":[{"width":1200,"height":798,"url":"https:\/\/www.minesparis.psl.eu\/isige\/wp-content\/uploads\/sites\/21\/2025\/06\/IMG_3696.jpg","type":"image\/jpeg"}],"twitter_card":"summary_large_image","twitter_misc":{"Dur\u00e9e de lecture estim\u00e9e":"1 minute"},"schema":{"@context":"https:\/\/schema.org","@graph":[{"@type":"WebPage","@id":"https:\/\/www.minesparis.psl.eu\/isige\/actualites\/3089\/","url":"https:\/\/www.minesparis.psl.eu\/isige\/actualites\/3089\/","name":"Quand prospective et transition \u00e9cologique se rencontrent au Festival de l\u2019Art de Fontainebleau. - ISIGE Mines Paris - PSL","isPartOf":{"@id":"https:\/\/www.minesparis.psl.eu\/isige\/#website"},"primaryImageOfPage":{"@id":"https:\/\/www.minesparis.psl.eu\/isige\/actualites\/3089\/#primaryimage"},"image":{"@id":"https:\/\/www.minesparis.psl.eu\/isige\/actualites\/3089\/#primaryimage"},"thumbnailUrl":"https:\/\/www.minesparis.psl.eu\/isige\/wp-content\/uploads\/sites\/21\/2025\/06\/IMG_3696.jpg","datePublished":"2025-06-30T07:42:00+00:00","dateModified":"2025-07-24T15:35:04+00:00","description":"Les \u00e9tudiants ont pr\u00e9sent\u00e9 une d\u00e9marche originale m\u00ealant prospective territoriale, sc\u00e9narios de transition et narration environnementale.","breadcrumb":{"@id":"https:\/\/www.minesparis.psl.eu\/isige\/actualites\/3089\/#breadcrumb"},"inLanguage":"fr-FR","potentialAction":[{"@type":"ReadAction","target":["https:\/\/www.minesparis.psl.eu\/isige\/actualites\/3089\/"]}]},{"@type":"ImageObject","inLanguage":"fr-FR","@id":"https:\/\/www.minesparis.psl.eu\/isige\/actualites\/3089\/#primaryimage","url":"https:\/\/www.minesparis.psl.eu\/isige\/wp-content\/uploads\/sites\/21\/2025\/06\/IMG_3696.jpg","contentUrl":"https:\/\/www.minesparis.psl.eu\/isige\/wp-content\/uploads\/sites\/21\/2025\/06\/IMG_3696.jpg","width":1200,"height":798,"caption":"Festival Histoire de l'Art \/ MS EEDD parcours IGE"},{"@type":"BreadcrumbList","@id":"https:\/\/www.minesparis.psl.eu\/isige\/actualites\/3089\/#breadcrumb","itemListElement":[{"@type":"ListItem","position":1,"name":"Accueil","item":"https:\/\/www.minesparis.psl.eu\/isige\/"},{"@type":"ListItem","position":2,"name":"Quand prospective et transition \u00e9cologique se rencontrent au Festival de l\u2019Art de Fontainebleau."}]},{"@type":"WebSite","@id":"https:\/\/www.minesparis.psl.eu\/isige\/#website","url":"https:\/\/www.minesparis.psl.eu\/isige\/","name":"ISIGE Mines Paris - PSL","description":"","publisher":{"@id":"https:\/\/www.minesparis.psl.eu\/isige\/#organization"},"potentialAction":[{"@type":"SearchAction","target":{"@type":"EntryPoint","urlTemplate":"https:\/\/www.minesparis.psl.eu\/isige\/?s={search_term_string}"},"query-input":{"@type":"PropertyValueSpecification","valueRequired":true,"valueName":"search_term_string"}}],"inLanguage":"fr-FR"},{"@type":"Organization","@id":"https:\/\/www.minesparis.psl.eu\/isige\/#organization","name":"ISIGE Mines Paris - PSL","url":"https:\/\/www.minesparis.psl.eu\/isige\/","logo":{"@type":"ImageObject","inLanguage":"fr-FR","@id":"https:\/\/www.minesparis.psl.eu\/isige\/#\/schema\/logo\/image\/","url":"https:\/\/www.minesparis.psl.eu\/isige\/wp-content\/uploads\/sites\/21\/2025\/02\/cropped-MinesParis-PSL-ISIGEOCoRVB-1.png","contentUrl":"https:\/\/www.minesparis.psl.eu\/isige\/wp-content\/uploads\/sites\/21\/2025\/02\/cropped-MinesParis-PSL-ISIGEOCoRVB-1.png","width":1584,"height":360,"caption":"ISIGE Mines Paris - PSL"},"image":{"@id":"https:\/\/www.minesparis.psl.eu\/isige\/#\/schema\/logo\/image\/"}}]}},"_links":{"self":[{"href":"https:\/\/www.minesparis.psl.eu\/isige\/wp-json\/wp\/v2\/actualites\/3089","targetHints":{"allow":["GET"]}}],"collection":[{"href":"https:\/\/www.minesparis.psl.eu\/isige\/wp-json\/wp\/v2\/actualites"}],"about":[{"href":"https:\/\/www.minesparis.psl.eu\/isige\/wp-json\/wp\/v2\/types\/actualites"}],"wp:featuredmedia":[{"embeddable":true,"href":"https:\/\/www.minesparis.psl.eu\/isige\/wp-json\/wp\/v2\/media\/3129"}],"wp:attachment":[{"href":"https:\/\/www.minesparis.psl.eu\/isige\/wp-json\/wp\/v2\/media?parent=3089"}],"wp:term":[{"taxonomy":"actualites-formats","embeddable":true,"href":"https:\/\/www.minesparis.psl.eu\/isige\/wp-json\/wp\/v2\/actualites-formats?post=3089"},{"taxonomy":"actualites-thematiques","embeddable":true,"href":"https:\/\/www.minesparis.psl.eu\/isige\/wp-json\/wp\/v2\/actualites-thematiques?post=3089"}],"curies":[{"name":"wp","href":"https:\/\/api.w.org\/{rel}","templated":true}]}}