{"id":3085,"date":"2025-06-26T09:27:00","date_gmt":"2025-06-26T07:27:00","guid":{"rendered":"https:\/\/www.minesparis.psl.eu\/isige\/?post_type=actualites&#038;p=3085"},"modified":"2025-07-24T09:35:28","modified_gmt":"2025-07-24T07:35:28","slug":"research-day-2025","status":"publish","type":"actualites","link":"https:\/\/www.minesparis.psl.eu\/isige\/actualites\/research-day-2025\/","title":{"rendered":"Research Day 2025"},"content":{"rendered":"\n<div class=\"container block-full-largeur\">\n\t<div class=\"row mt-4\">\n\t\t<div class=\"col-md-12\">\n\t\t\t<p><span class=\"break-words\n          tvm-parent-container\"><span dir=\"ltr\">Concevoir des infrastructures vertes r\u00e9silientes face au changement climatique : une ambition port\u00e9e par l\u2019<span>ISIGE Mines Paris-PSL<\/span>, \u00e0 l\u2019interface entre \u00e9cologie\u00a0et data science.<span><\/span><\/span><\/span><\/p>\n<p><span class=\"break-words\n          tvm-parent-container\"><span dir=\"ltr\"><span><img decoding=\"async\" src=\"https:\/\/media.licdn.com\/dms\/image\/v2\/D4E22AQE7dXsF3Ep3mA\/feedshare-shrink_1280\/B4EZerE4LaGwAo-\/0\/1750921873206?e=1756339200&amp;v=beta&amp;t=Z1RigsYuXHS7D9y_wn-tGETbYR7jhwwlYmTfwVTK1NM\" alt=\"Aucune description alternative pour cette image\" id=\"ember12122\" class=\"ivm-view-attr__img--centered ivm-view-attr__img--aspect-fill feed-shared-image-viewer__image evi-image lazy-image ember-view\" \/><\/span><span>\n<\/span>\u00c0 l\u2019occasion du Mines Paris Research Day 2025, l\u2019ISIGE a pr\u00e9sent\u00e9 ses travaux en mati\u00e8re d\u2019accompagnement des d\u00e9cideurs : mod\u00e9lisation prospective, anticipation des impacts climatiques, et d\u00e9veloppement de strat\u00e9gies durables autour des Infrastructures Vertes, Cr\u00e9dits<span class=\"white-space-pre\"> <\/span><span>Biodiversit\u00e9<\/span>, Solutions fond\u00e9es sur la Nature, ou encore de la restauration et compensation \u00e9cologique.<span><\/span><\/span><\/span><\/p>\n<p><span class=\"break-words\n          tvm-parent-container\"><span dir=\"ltr\"><span><img decoding=\"async\" src=\"https:\/\/media.licdn.com\/dms\/image\/v2\/D4E22AQH1S9UhSfbZCQ\/feedshare-shrink_2048_1536\/B4EZerE4KxHIAo-\/0\/1750921873185?e=1756339200&amp;v=beta&amp;t=WMUJoJX-YRbf8LZNSbzuo4UCr9bP_F_qp5UE46WKdFs\" alt=\"Aucune description alternative pour cette image\" id=\"ember12122\" class=\"ivm-view-attr__img--centered ivm-view-attr__img--aspect-fill feed-shared-image-viewer__image evi-image lazy-image ember-view\" \/><\/span><span>\n<\/span>Une journ\u00e9e riche en \u00e9changes et en d\u00e9couvertes autour des grandes<span class=\"white-space-pre\"> <\/span><span>transitions<\/span><span class=\"white-space-pre\"> <\/span>industrielles, num\u00e9riques et \u00e9cologiques.<span><\/span><\/span><\/span><\/p>\n<p><span class=\"break-words\n          tvm-parent-container\"><span dir=\"ltr\"><span><img decoding=\"async\" src=\"https:\/\/media.licdn.com\/dms\/image\/v2\/D4E22AQFm16Bn11iqqw\/feedshare-shrink_1280\/B4EZerE4MIHwAs-\/0\/1750921873310?e=1756339200&amp;v=beta&amp;t=Pt7TxyQvi_S8d_mwGIOwlWu_KBFyNwmPmz9So2kOwNI\" alt=\"Aucune description alternative pour cette image\" id=\"ember12122\" class=\"ivm-view-attr__img--centered ivm-view-attr__img--aspect-fill feed-shared-image-viewer__image evi-image lazy-image ember-view\" \/><\/span><span>\n<\/span>Plus de 350 participants \u2013 chercheurs, industriels, start-up, institutions \u2013 ont d\u00e9couvert les projets<span class=\"white-space-pre\"> <\/span><span>innovants<\/span><span class=\"white-space-pre\"> <\/span>port\u00e9s par les Centres et Instituts de<span class=\"white-space-pre\"> <\/span><span>Mines Paris &#8211; PSL<\/span>. Un moment fort, marqu\u00e9 par l\u2019intervention de<span class=\"white-space-pre\"> <\/span><span>Marc Ferracci<\/span>, Ministre de l\u2019Industrie et de l\u2019\u00c9nergie, qui a soulign\u00e9 l\u2019importance de la recherche \u00e0 impact\u00a0dans les dynamiques de<span> r\u00e9industrialisation<\/span><span class=\"white-space-pre\"> <\/span>et de souverainet\u00e9.<span>\n<\/span><span>\n<\/span>Bravo aux \u00e9quipes organisatrices et merci \u00e0 tous les participants pour leur engagement lors de cette 7e \u00e9dition.<span>\n<\/span><\/span><\/span><\/p>\n\t\t<\/div>\n\t<\/div>\n<\/div>","protected":false},"featured_media":3086,"template":"","actualites-formats":[70],"actualites-thematiques":[66],"class_list":["post-3085","actualites","type-actualites","status-publish","has-post-thumbnail","hentry"],"acf":[],"yoast_head":"<!-- This site is optimized with the Yoast SEO plugin v27.2 - https:\/\/yoast.com\/product\/yoast-seo-wordpress\/ -->\n<title>Research Day 2025 - ISIGE Mines Paris - PSL<\/title>\n<meta name=\"description\" content=\"Lors du Mines Paris Research Day 2025, l\u2019ISIGE Mines Paris-PSL a mis en lumi\u00e8re ses travaux de Recherche \u00e0 l\u2019interface entre \u00e9cologie et data science, au service des d\u00e9cideurs et des territoires.\" \/>\n<meta name=\"robots\" content=\"index, follow, max-snippet:-1, max-image-preview:large, max-video-preview:-1\" \/>\n<link rel=\"canonical\" href=\"https:\/\/www.minesparis.psl.eu\/isige\/actualites\/research-day-2025\/\" \/>\n<meta property=\"og:locale\" content=\"fr_FR\" \/>\n<meta property=\"og:type\" content=\"article\" \/>\n<meta property=\"og:title\" content=\"Research Day 2025 - ISIGE Mines Paris - PSL\" \/>\n<meta property=\"og:description\" content=\"Lors du Mines Paris Research Day 2025, l\u2019ISIGE Mines Paris-PSL a mis en lumi\u00e8re ses travaux de Recherche \u00e0 l\u2019interface entre \u00e9cologie et data science, au service des d\u00e9cideurs et des territoires.\" \/>\n<meta property=\"og:url\" content=\"https:\/\/www.minesparis.psl.eu\/isige\/actualites\/research-day-2025\/\" \/>\n<meta property=\"og:site_name\" content=\"ISIGE Mines Paris - PSL\" \/>\n<meta property=\"article:modified_time\" content=\"2025-07-24T07:35:28+00:00\" \/>\n<meta property=\"og:image\" content=\"https:\/\/www.minesparis.psl.eu\/isige\/wp-content\/uploads\/sites\/21\/2025\/07\/IMG_4422.jpg\" \/>\n\t<meta property=\"og:image:width\" content=\"1200\" \/>\n\t<meta property=\"og:image:height\" content=\"867\" \/>\n\t<meta property=\"og:image:type\" content=\"image\/jpeg\" \/>\n<meta name=\"twitter:card\" content=\"summary_large_image\" \/>\n<meta name=\"twitter:label1\" content=\"Dur\u00e9e de lecture estim\u00e9e\" \/>\n\t<meta name=\"twitter:data1\" content=\"1 minute\" \/>\n<script type=\"application\/ld+json\" class=\"yoast-schema-graph\">{\"@context\":\"https:\/\/schema.org\",\"@graph\":[{\"@type\":\"WebPage\",\"@id\":\"https:\/\/www.minesparis.psl.eu\/isige\/actualites\/research-day-2025\/\",\"url\":\"https:\/\/www.minesparis.psl.eu\/isige\/actualites\/research-day-2025\/\",\"name\":\"Research Day 2025 - ISIGE Mines Paris - PSL\",\"isPartOf\":{\"@id\":\"https:\/\/www.minesparis.psl.eu\/isige\/#website\"},\"primaryImageOfPage\":{\"@id\":\"https:\/\/www.minesparis.psl.eu\/isige\/actualites\/research-day-2025\/#primaryimage\"},\"image\":{\"@id\":\"https:\/\/www.minesparis.psl.eu\/isige\/actualites\/research-day-2025\/#primaryimage\"},\"thumbnailUrl\":\"https:\/\/www.minesparis.psl.eu\/isige\/wp-content\/uploads\/sites\/21\/2025\/07\/IMG_4422.jpg\",\"datePublished\":\"2025-06-26T07:27:00+00:00\",\"dateModified\":\"2025-07-24T07:35:28+00:00\",\"description\":\"Lors du Mines Paris Research Day 2025, l\u2019ISIGE Mines Paris-PSL a mis en lumi\u00e8re ses travaux de Recherche \u00e0 l\u2019interface entre \u00e9cologie et data science, au service des d\u00e9cideurs et des territoires.\",\"breadcrumb\":{\"@id\":\"https:\/\/www.minesparis.psl.eu\/isige\/actualites\/research-day-2025\/#breadcrumb\"},\"inLanguage\":\"fr-FR\",\"potentialAction\":[{\"@type\":\"ReadAction\",\"target\":[\"https:\/\/www.minesparis.psl.eu\/isige\/actualites\/research-day-2025\/\"]}]},{\"@type\":\"ImageObject\",\"inLanguage\":\"fr-FR\",\"@id\":\"https:\/\/www.minesparis.psl.eu\/isige\/actualites\/research-day-2025\/#primaryimage\",\"url\":\"https:\/\/www.minesparis.psl.eu\/isige\/wp-content\/uploads\/sites\/21\/2025\/07\/IMG_4422.jpg\",\"contentUrl\":\"https:\/\/www.minesparis.psl.eu\/isige\/wp-content\/uploads\/sites\/21\/2025\/07\/IMG_4422.jpg\",\"width\":1200,\"height\":867,\"caption\":\"Research Day 2025\"},{\"@type\":\"BreadcrumbList\",\"@id\":\"https:\/\/www.minesparis.psl.eu\/isige\/actualites\/research-day-2025\/#breadcrumb\",\"itemListElement\":[{\"@type\":\"ListItem\",\"position\":1,\"name\":\"Accueil\",\"item\":\"https:\/\/www.minesparis.psl.eu\/isige\/\"},{\"@type\":\"ListItem\",\"position\":2,\"name\":\"Research Day 2025\"}]},{\"@type\":\"WebSite\",\"@id\":\"https:\/\/www.minesparis.psl.eu\/isige\/#website\",\"url\":\"https:\/\/www.minesparis.psl.eu\/isige\/\",\"name\":\"ISIGE Mines Paris - PSL\",\"description\":\"\",\"publisher\":{\"@id\":\"https:\/\/www.minesparis.psl.eu\/isige\/#organization\"},\"potentialAction\":[{\"@type\":\"SearchAction\",\"target\":{\"@type\":\"EntryPoint\",\"urlTemplate\":\"https:\/\/www.minesparis.psl.eu\/isige\/?s={search_term_string}\"},\"query-input\":{\"@type\":\"PropertyValueSpecification\",\"valueRequired\":true,\"valueName\":\"search_term_string\"}}],\"inLanguage\":\"fr-FR\"},{\"@type\":\"Organization\",\"@id\":\"https:\/\/www.minesparis.psl.eu\/isige\/#organization\",\"name\":\"ISIGE Mines Paris - PSL\",\"url\":\"https:\/\/www.minesparis.psl.eu\/isige\/\",\"logo\":{\"@type\":\"ImageObject\",\"inLanguage\":\"fr-FR\",\"@id\":\"https:\/\/www.minesparis.psl.eu\/isige\/#\/schema\/logo\/image\/\",\"url\":\"https:\/\/www.minesparis.psl.eu\/isige\/wp-content\/uploads\/sites\/21\/2025\/02\/cropped-MinesParis-PSL-ISIGEOCoRVB-1.png\",\"contentUrl\":\"https:\/\/www.minesparis.psl.eu\/isige\/wp-content\/uploads\/sites\/21\/2025\/02\/cropped-MinesParis-PSL-ISIGEOCoRVB-1.png\",\"width\":1584,\"height\":360,\"caption\":\"ISIGE Mines Paris - PSL\"},\"image\":{\"@id\":\"https:\/\/www.minesparis.psl.eu\/isige\/#\/schema\/logo\/image\/\"}}]}<\/script>\n<!-- \/ Yoast SEO plugin. -->","yoast_head_json":{"title":"Research Day 2025 - ISIGE Mines Paris - PSL","description":"Lors du Mines Paris Research Day 2025, l\u2019ISIGE Mines Paris-PSL a mis en lumi\u00e8re ses travaux de Recherche \u00e0 l\u2019interface entre \u00e9cologie et data science, au service des d\u00e9cideurs et des territoires.","robots":{"index":"index","follow":"follow","max-snippet":"max-snippet:-1","max-image-preview":"max-image-preview:large","max-video-preview":"max-video-preview:-1"},"canonical":"https:\/\/www.minesparis.psl.eu\/isige\/actualites\/research-day-2025\/","og_locale":"fr_FR","og_type":"article","og_title":"Research Day 2025 - ISIGE Mines Paris - PSL","og_description":"Lors du Mines Paris Research Day 2025, l\u2019ISIGE Mines Paris-PSL a mis en lumi\u00e8re ses travaux de Recherche \u00e0 l\u2019interface entre \u00e9cologie et data science, au service des d\u00e9cideurs et des territoires.","og_url":"https:\/\/www.minesparis.psl.eu\/isige\/actualites\/research-day-2025\/","og_site_name":"ISIGE Mines Paris - PSL","article_modified_time":"2025-07-24T07:35:28+00:00","og_image":[{"width":1200,"height":867,"url":"https:\/\/www.minesparis.psl.eu\/isige\/wp-content\/uploads\/sites\/21\/2025\/07\/IMG_4422.jpg","type":"image\/jpeg"}],"twitter_card":"summary_large_image","twitter_misc":{"Dur\u00e9e de lecture estim\u00e9e":"1 minute"},"schema":{"@context":"https:\/\/schema.org","@graph":[{"@type":"WebPage","@id":"https:\/\/www.minesparis.psl.eu\/isige\/actualites\/research-day-2025\/","url":"https:\/\/www.minesparis.psl.eu\/isige\/actualites\/research-day-2025\/","name":"Research Day 2025 - ISIGE Mines Paris - PSL","isPartOf":{"@id":"https:\/\/www.minesparis.psl.eu\/isige\/#website"},"primaryImageOfPage":{"@id":"https:\/\/www.minesparis.psl.eu\/isige\/actualites\/research-day-2025\/#primaryimage"},"image":{"@id":"https:\/\/www.minesparis.psl.eu\/isige\/actualites\/research-day-2025\/#primaryimage"},"thumbnailUrl":"https:\/\/www.minesparis.psl.eu\/isige\/wp-content\/uploads\/sites\/21\/2025\/07\/IMG_4422.jpg","datePublished":"2025-06-26T07:27:00+00:00","dateModified":"2025-07-24T07:35:28+00:00","description":"Lors du Mines Paris Research Day 2025, l\u2019ISIGE Mines Paris-PSL a mis en lumi\u00e8re ses travaux de Recherche \u00e0 l\u2019interface entre \u00e9cologie et data science, au service des d\u00e9cideurs et des territoires.","breadcrumb":{"@id":"https:\/\/www.minesparis.psl.eu\/isige\/actualites\/research-day-2025\/#breadcrumb"},"inLanguage":"fr-FR","potentialAction":[{"@type":"ReadAction","target":["https:\/\/www.minesparis.psl.eu\/isige\/actualites\/research-day-2025\/"]}]},{"@type":"ImageObject","inLanguage":"fr-FR","@id":"https:\/\/www.minesparis.psl.eu\/isige\/actualites\/research-day-2025\/#primaryimage","url":"https:\/\/www.minesparis.psl.eu\/isige\/wp-content\/uploads\/sites\/21\/2025\/07\/IMG_4422.jpg","contentUrl":"https:\/\/www.minesparis.psl.eu\/isige\/wp-content\/uploads\/sites\/21\/2025\/07\/IMG_4422.jpg","width":1200,"height":867,"caption":"Research Day 2025"},{"@type":"BreadcrumbList","@id":"https:\/\/www.minesparis.psl.eu\/isige\/actualites\/research-day-2025\/#breadcrumb","itemListElement":[{"@type":"ListItem","position":1,"name":"Accueil","item":"https:\/\/www.minesparis.psl.eu\/isige\/"},{"@type":"ListItem","position":2,"name":"Research Day 2025"}]},{"@type":"WebSite","@id":"https:\/\/www.minesparis.psl.eu\/isige\/#website","url":"https:\/\/www.minesparis.psl.eu\/isige\/","name":"ISIGE Mines Paris - PSL","description":"","publisher":{"@id":"https:\/\/www.minesparis.psl.eu\/isige\/#organization"},"potentialAction":[{"@type":"SearchAction","target":{"@type":"EntryPoint","urlTemplate":"https:\/\/www.minesparis.psl.eu\/isige\/?s={search_term_string}"},"query-input":{"@type":"PropertyValueSpecification","valueRequired":true,"valueName":"search_term_string"}}],"inLanguage":"fr-FR"},{"@type":"Organization","@id":"https:\/\/www.minesparis.psl.eu\/isige\/#organization","name":"ISIGE Mines Paris - PSL","url":"https:\/\/www.minesparis.psl.eu\/isige\/","logo":{"@type":"ImageObject","inLanguage":"fr-FR","@id":"https:\/\/www.minesparis.psl.eu\/isige\/#\/schema\/logo\/image\/","url":"https:\/\/www.minesparis.psl.eu\/isige\/wp-content\/uploads\/sites\/21\/2025\/02\/cropped-MinesParis-PSL-ISIGEOCoRVB-1.png","contentUrl":"https:\/\/www.minesparis.psl.eu\/isige\/wp-content\/uploads\/sites\/21\/2025\/02\/cropped-MinesParis-PSL-ISIGEOCoRVB-1.png","width":1584,"height":360,"caption":"ISIGE Mines Paris - PSL"},"image":{"@id":"https:\/\/www.minesparis.psl.eu\/isige\/#\/schema\/logo\/image\/"}}]}},"_links":{"self":[{"href":"https:\/\/www.minesparis.psl.eu\/isige\/wp-json\/wp\/v2\/actualites\/3085","targetHints":{"allow":["GET"]}}],"collection":[{"href":"https:\/\/www.minesparis.psl.eu\/isige\/wp-json\/wp\/v2\/actualites"}],"about":[{"href":"https:\/\/www.minesparis.psl.eu\/isige\/wp-json\/wp\/v2\/types\/actualites"}],"wp:featuredmedia":[{"embeddable":true,"href":"https:\/\/www.minesparis.psl.eu\/isige\/wp-json\/wp\/v2\/media\/3086"}],"wp:attachment":[{"href":"https:\/\/www.minesparis.psl.eu\/isige\/wp-json\/wp\/v2\/media?parent=3085"}],"wp:term":[{"taxonomy":"actualites-formats","embeddable":true,"href":"https:\/\/www.minesparis.psl.eu\/isige\/wp-json\/wp\/v2\/actualites-formats?post=3085"},{"taxonomy":"actualites-thematiques","embeddable":true,"href":"https:\/\/www.minesparis.psl.eu\/isige\/wp-json\/wp\/v2\/actualites-thematiques?post=3085"}],"curies":[{"name":"wp","href":"https:\/\/api.w.org\/{rel}","templated":true}]}}