{"id":3082,"date":"2025-06-19T09:19:00","date_gmt":"2025-06-19T07:19:00","guid":{"rendered":"https:\/\/www.minesparis.psl.eu\/isige\/?post_type=actualites&#038;p=3082"},"modified":"2025-07-24T09:32:20","modified_gmt":"2025-07-24T07:32:20","slug":"projet-herbe-quand-biodiversite-et-activites-humaines-se-rencontrent","status":"publish","type":"actualites","link":"https:\/\/www.minesparis.psl.eu\/isige\/actualites\/projet-herbe-quand-biodiversite-et-activites-humaines-se-rencontrent\/","title":{"rendered":"Projet HERBE : quand biodiversit\u00e9 et activit\u00e9s humaines se rencontrent"},"content":{"rendered":"\n<div class=\"container block-full-largeur\">\n\t<div class=\"row mt-4\">\n\t\t<div class=\"col-md-12\">\n\t\t\t<h2 style=\"text-align: justify\">Projet HERBE : penser la transition \u00e9cologique \u00e0 l\u2019\u00e9chelle des territoires vivants<\/h2>\n<p style=\"text-align: justify\"><span class=\"break-words\n          tvm-parent-container\"><span dir=\"ltr\"><span><\/span>Dans les Vosges, au c\u0153ur du bio-hameau<span class=\"white-space-pre\"> <\/span><span>La Vigotte Lab<\/span>, le projet de recherche HERBE port\u00e9 par l\u2019<span>ISIGE Mines Paris-PSL<\/span><span class=\"white-space-pre\"> <\/span>explore une question essentielle : comment concilier activit\u00e9s humaines durables et pr\u00e9servation de la biodiversit\u00e9 ?<span>\n<\/span><span><img loading=\"lazy\" decoding=\"async\" width=\"600\" src=\"https:\/\/media.licdn.com\/dms\/image\/v2\/D5622AQGWIxaDJfpG5g\/feedshare-shrink_800\/B56ZeHbnxlG0Ag-\/0\/1750323855080?e=1756339200&amp;v=beta&amp;t=aYaVthIWw-AQq2MhgClDaymsArotQ6S7ShsDB_bGelo\" height=\"600\" alt=\"Aucune description alternative pour cette image\" id=\"ember11589\" class=\"ivm-view-attr__img--centered ivm-view-attr__img--aspect-fit update-components-image__image update-components-image__image--constrained evi-image lazy-image ember-view aligncenter\" \/><\/span>Sur ce site vivant et exp\u00e9rimental, o\u00f9 coexistent <span>agriculture biologique<\/span>,<span>tourisme responsable<\/span>, \u00e9co-construction et gestion foresti\u00e8re raisonn\u00e9e,<span class=\"white-space-pre\"> <\/span><span>chercheurs<\/span><span class=\"white-space-pre\"> <\/span>et acteurs du territoire collaborent pour mieux comprendre les interactions entre usages humains et milieux naturels.<span>\n<\/span><span>\n<\/span>L\u2019\u00e9tude s\u2019appuie sur une observation fine de la biodiversit\u00e9 et des<span class=\"white-space-pre\"> <\/span><span>\u00e9cosyst\u00e8mes<\/span><span class=\"white-space-pre\"> <\/span>locaux, avec pour objectif d\u2019\u00e9valuer les effets de ces pratiques sur la faune, la flore, les sols et les paysages.<span>\n<\/span><span>\n<\/span>Car penser la<span class=\"white-space-pre\"> <\/span><span>durabilit\u00e9<\/span><span class=\"white-space-pre\"> <\/span>d\u2019un projet de territoire, c\u2019est d\u2019abord comprendre les<span class=\"white-space-pre\"> <\/span><span>liens<\/span><span class=\"white-space-pre\"> <\/span>\u00e9troits qui unissent le<span class=\"white-space-pre\"> <\/span><span>vivant<\/span><span class=\"white-space-pre\"> <\/span>et nos modes de vie.<span>\n<\/span><span>\n<\/span>C\u2019est aussi reconna\u00eetre que toute initiative de<span class=\"white-space-pre\"> <\/span><span>transition \u00e9cologique<\/span>, pour \u00eatre cr\u00e9dible et porteuse d\u2019avenir, doit s\u2019inscrire dans une lecture \u00e9cosyst\u00e9mique du territoire.<span>\n<\/span><span>\n<\/span>\u00c0 travers le projet HERBE, l\u2019ISIGE propose une d\u00e9marche scientifique rigoureuse, collaborative et ancr\u00e9e dans les r\u00e9alit\u00e9s locales pour accompagner une transition \u00e9cologique coh\u00e9rente, viable et durable.<span>\n<\/span><\/span><\/span><\/p>\n\t\t<\/div>\n\t<\/div>\n<\/div>","protected":false},"featured_media":3083,"template":"","actualites-formats":[],"actualites-thematiques":[66],"class_list":["post-3082","actualites","type-actualites","status-publish","has-post-thumbnail","hentry"],"acf":[],"yoast_head":"<!-- This site is optimized with the Yoast SEO plugin v27.2 - https:\/\/yoast.com\/product\/yoast-seo-wordpress\/ -->\n<title>Projet HERBE : quand biodiversit\u00e9 et activit\u00e9s humaines se rencontrent - ISIGE Mines Paris - PSL<\/title>\n<meta name=\"robots\" content=\"index, follow, max-snippet:-1, max-image-preview:large, max-video-preview:-1\" \/>\n<link rel=\"canonical\" href=\"https:\/\/www.minesparis.psl.eu\/isige\/actualites\/projet-herbe-quand-biodiversite-et-activites-humaines-se-rencontrent\/\" \/>\n<meta property=\"og:locale\" content=\"fr_FR\" \/>\n<meta property=\"og:type\" content=\"article\" \/>\n<meta property=\"og:title\" content=\"Projet HERBE : quand biodiversit\u00e9 et activit\u00e9s humaines se rencontrent - ISIGE Mines Paris - PSL\" \/>\n<meta property=\"og:url\" content=\"https:\/\/www.minesparis.psl.eu\/isige\/actualites\/projet-herbe-quand-biodiversite-et-activites-humaines-se-rencontrent\/\" \/>\n<meta property=\"og:site_name\" content=\"ISIGE Mines Paris - PSL\" \/>\n<meta property=\"article:modified_time\" content=\"2025-07-24T07:32:20+00:00\" \/>\n<meta property=\"og:image\" content=\"https:\/\/www.minesparis.psl.eu\/isige\/wp-content\/uploads\/sites\/21\/2025\/07\/nature-5006868_1280.jpg\" \/>\n\t<meta property=\"og:image:width\" content=\"1280\" \/>\n\t<meta property=\"og:image:height\" content=\"866\" \/>\n\t<meta property=\"og:image:type\" content=\"image\/jpeg\" \/>\n<meta name=\"twitter:card\" content=\"summary_large_image\" \/>\n<meta name=\"twitter:label1\" content=\"Dur\u00e9e de lecture estim\u00e9e\" \/>\n\t<meta name=\"twitter:data1\" content=\"1 minute\" \/>\n<script type=\"application\/ld+json\" class=\"yoast-schema-graph\">{\"@context\":\"https:\/\/schema.org\",\"@graph\":[{\"@type\":\"WebPage\",\"@id\":\"https:\/\/www.minesparis.psl.eu\/isige\/actualites\/projet-herbe-quand-biodiversite-et-activites-humaines-se-rencontrent\/\",\"url\":\"https:\/\/www.minesparis.psl.eu\/isige\/actualites\/projet-herbe-quand-biodiversite-et-activites-humaines-se-rencontrent\/\",\"name\":\"Projet HERBE : quand biodiversit\u00e9 et activit\u00e9s humaines se rencontrent - ISIGE Mines Paris - PSL\",\"isPartOf\":{\"@id\":\"https:\/\/www.minesparis.psl.eu\/isige\/#website\"},\"primaryImageOfPage\":{\"@id\":\"https:\/\/www.minesparis.psl.eu\/isige\/actualites\/projet-herbe-quand-biodiversite-et-activites-humaines-se-rencontrent\/#primaryimage\"},\"image\":{\"@id\":\"https:\/\/www.minesparis.psl.eu\/isige\/actualites\/projet-herbe-quand-biodiversite-et-activites-humaines-se-rencontrent\/#primaryimage\"},\"thumbnailUrl\":\"https:\/\/www.minesparis.psl.eu\/isige\/wp-content\/uploads\/sites\/21\/2025\/07\/nature-5006868_1280.jpg\",\"datePublished\":\"2025-06-19T07:19:00+00:00\",\"dateModified\":\"2025-07-24T07:32:20+00:00\",\"breadcrumb\":{\"@id\":\"https:\/\/www.minesparis.psl.eu\/isige\/actualites\/projet-herbe-quand-biodiversite-et-activites-humaines-se-rencontrent\/#breadcrumb\"},\"inLanguage\":\"fr-FR\",\"potentialAction\":[{\"@type\":\"ReadAction\",\"target\":[\"https:\/\/www.minesparis.psl.eu\/isige\/actualites\/projet-herbe-quand-biodiversite-et-activites-humaines-se-rencontrent\/\"]}]},{\"@type\":\"ImageObject\",\"inLanguage\":\"fr-FR\",\"@id\":\"https:\/\/www.minesparis.psl.eu\/isige\/actualites\/projet-herbe-quand-biodiversite-et-activites-humaines-se-rencontrent\/#primaryimage\",\"url\":\"https:\/\/www.minesparis.psl.eu\/isige\/wp-content\/uploads\/sites\/21\/2025\/07\/nature-5006868_1280.jpg\",\"contentUrl\":\"https:\/\/www.minesparis.psl.eu\/isige\/wp-content\/uploads\/sites\/21\/2025\/07\/nature-5006868_1280.jpg\",\"width\":1280,\"height\":866,\"caption\":\"Projet HERBE\"},{\"@type\":\"BreadcrumbList\",\"@id\":\"https:\/\/www.minesparis.psl.eu\/isige\/actualites\/projet-herbe-quand-biodiversite-et-activites-humaines-se-rencontrent\/#breadcrumb\",\"itemListElement\":[{\"@type\":\"ListItem\",\"position\":1,\"name\":\"Accueil\",\"item\":\"https:\/\/www.minesparis.psl.eu\/isige\/\"},{\"@type\":\"ListItem\",\"position\":2,\"name\":\"Projet HERBE : quand biodiversit\u00e9 et activit\u00e9s humaines se rencontrent\"}]},{\"@type\":\"WebSite\",\"@id\":\"https:\/\/www.minesparis.psl.eu\/isige\/#website\",\"url\":\"https:\/\/www.minesparis.psl.eu\/isige\/\",\"name\":\"ISIGE Mines Paris - PSL\",\"description\":\"\",\"publisher\":{\"@id\":\"https:\/\/www.minesparis.psl.eu\/isige\/#organization\"},\"potentialAction\":[{\"@type\":\"SearchAction\",\"target\":{\"@type\":\"EntryPoint\",\"urlTemplate\":\"https:\/\/www.minesparis.psl.eu\/isige\/?s={search_term_string}\"},\"query-input\":{\"@type\":\"PropertyValueSpecification\",\"valueRequired\":true,\"valueName\":\"search_term_string\"}}],\"inLanguage\":\"fr-FR\"},{\"@type\":\"Organization\",\"@id\":\"https:\/\/www.minesparis.psl.eu\/isige\/#organization\",\"name\":\"ISIGE Mines Paris - PSL\",\"url\":\"https:\/\/www.minesparis.psl.eu\/isige\/\",\"logo\":{\"@type\":\"ImageObject\",\"inLanguage\":\"fr-FR\",\"@id\":\"https:\/\/www.minesparis.psl.eu\/isige\/#\/schema\/logo\/image\/\",\"url\":\"https:\/\/www.minesparis.psl.eu\/isige\/wp-content\/uploads\/sites\/21\/2025\/02\/cropped-MinesParis-PSL-ISIGEOCoRVB-1.png\",\"contentUrl\":\"https:\/\/www.minesparis.psl.eu\/isige\/wp-content\/uploads\/sites\/21\/2025\/02\/cropped-MinesParis-PSL-ISIGEOCoRVB-1.png\",\"width\":1584,\"height\":360,\"caption\":\"ISIGE Mines Paris - PSL\"},\"image\":{\"@id\":\"https:\/\/www.minesparis.psl.eu\/isige\/#\/schema\/logo\/image\/\"}}]}<\/script>\n<!-- \/ Yoast SEO plugin. -->","yoast_head_json":{"title":"Projet HERBE : quand biodiversit\u00e9 et activit\u00e9s humaines se rencontrent - ISIGE Mines Paris - PSL","robots":{"index":"index","follow":"follow","max-snippet":"max-snippet:-1","max-image-preview":"max-image-preview:large","max-video-preview":"max-video-preview:-1"},"canonical":"https:\/\/www.minesparis.psl.eu\/isige\/actualites\/projet-herbe-quand-biodiversite-et-activites-humaines-se-rencontrent\/","og_locale":"fr_FR","og_type":"article","og_title":"Projet HERBE : quand biodiversit\u00e9 et activit\u00e9s humaines se rencontrent - ISIGE Mines Paris - PSL","og_url":"https:\/\/www.minesparis.psl.eu\/isige\/actualites\/projet-herbe-quand-biodiversite-et-activites-humaines-se-rencontrent\/","og_site_name":"ISIGE Mines Paris - PSL","article_modified_time":"2025-07-24T07:32:20+00:00","og_image":[{"width":1280,"height":866,"url":"https:\/\/www.minesparis.psl.eu\/isige\/wp-content\/uploads\/sites\/21\/2025\/07\/nature-5006868_1280.jpg","type":"image\/jpeg"}],"twitter_card":"summary_large_image","twitter_misc":{"Dur\u00e9e de lecture estim\u00e9e":"1 minute"},"schema":{"@context":"https:\/\/schema.org","@graph":[{"@type":"WebPage","@id":"https:\/\/www.minesparis.psl.eu\/isige\/actualites\/projet-herbe-quand-biodiversite-et-activites-humaines-se-rencontrent\/","url":"https:\/\/www.minesparis.psl.eu\/isige\/actualites\/projet-herbe-quand-biodiversite-et-activites-humaines-se-rencontrent\/","name":"Projet HERBE : quand biodiversit\u00e9 et activit\u00e9s humaines se rencontrent - ISIGE Mines Paris - PSL","isPartOf":{"@id":"https:\/\/www.minesparis.psl.eu\/isige\/#website"},"primaryImageOfPage":{"@id":"https:\/\/www.minesparis.psl.eu\/isige\/actualites\/projet-herbe-quand-biodiversite-et-activites-humaines-se-rencontrent\/#primaryimage"},"image":{"@id":"https:\/\/www.minesparis.psl.eu\/isige\/actualites\/projet-herbe-quand-biodiversite-et-activites-humaines-se-rencontrent\/#primaryimage"},"thumbnailUrl":"https:\/\/www.minesparis.psl.eu\/isige\/wp-content\/uploads\/sites\/21\/2025\/07\/nature-5006868_1280.jpg","datePublished":"2025-06-19T07:19:00+00:00","dateModified":"2025-07-24T07:32:20+00:00","breadcrumb":{"@id":"https:\/\/www.minesparis.psl.eu\/isige\/actualites\/projet-herbe-quand-biodiversite-et-activites-humaines-se-rencontrent\/#breadcrumb"},"inLanguage":"fr-FR","potentialAction":[{"@type":"ReadAction","target":["https:\/\/www.minesparis.psl.eu\/isige\/actualites\/projet-herbe-quand-biodiversite-et-activites-humaines-se-rencontrent\/"]}]},{"@type":"ImageObject","inLanguage":"fr-FR","@id":"https:\/\/www.minesparis.psl.eu\/isige\/actualites\/projet-herbe-quand-biodiversite-et-activites-humaines-se-rencontrent\/#primaryimage","url":"https:\/\/www.minesparis.psl.eu\/isige\/wp-content\/uploads\/sites\/21\/2025\/07\/nature-5006868_1280.jpg","contentUrl":"https:\/\/www.minesparis.psl.eu\/isige\/wp-content\/uploads\/sites\/21\/2025\/07\/nature-5006868_1280.jpg","width":1280,"height":866,"caption":"Projet HERBE"},{"@type":"BreadcrumbList","@id":"https:\/\/www.minesparis.psl.eu\/isige\/actualites\/projet-herbe-quand-biodiversite-et-activites-humaines-se-rencontrent\/#breadcrumb","itemListElement":[{"@type":"ListItem","position":1,"name":"Accueil","item":"https:\/\/www.minesparis.psl.eu\/isige\/"},{"@type":"ListItem","position":2,"name":"Projet HERBE : quand biodiversit\u00e9 et activit\u00e9s humaines se rencontrent"}]},{"@type":"WebSite","@id":"https:\/\/www.minesparis.psl.eu\/isige\/#website","url":"https:\/\/www.minesparis.psl.eu\/isige\/","name":"ISIGE Mines Paris - PSL","description":"","publisher":{"@id":"https:\/\/www.minesparis.psl.eu\/isige\/#organization"},"potentialAction":[{"@type":"SearchAction","target":{"@type":"EntryPoint","urlTemplate":"https:\/\/www.minesparis.psl.eu\/isige\/?s={search_term_string}"},"query-input":{"@type":"PropertyValueSpecification","valueRequired":true,"valueName":"search_term_string"}}],"inLanguage":"fr-FR"},{"@type":"Organization","@id":"https:\/\/www.minesparis.psl.eu\/isige\/#organization","name":"ISIGE Mines Paris - PSL","url":"https:\/\/www.minesparis.psl.eu\/isige\/","logo":{"@type":"ImageObject","inLanguage":"fr-FR","@id":"https:\/\/www.minesparis.psl.eu\/isige\/#\/schema\/logo\/image\/","url":"https:\/\/www.minesparis.psl.eu\/isige\/wp-content\/uploads\/sites\/21\/2025\/02\/cropped-MinesParis-PSL-ISIGEOCoRVB-1.png","contentUrl":"https:\/\/www.minesparis.psl.eu\/isige\/wp-content\/uploads\/sites\/21\/2025\/02\/cropped-MinesParis-PSL-ISIGEOCoRVB-1.png","width":1584,"height":360,"caption":"ISIGE Mines Paris - PSL"},"image":{"@id":"https:\/\/www.minesparis.psl.eu\/isige\/#\/schema\/logo\/image\/"}}]}},"_links":{"self":[{"href":"https:\/\/www.minesparis.psl.eu\/isige\/wp-json\/wp\/v2\/actualites\/3082","targetHints":{"allow":["GET"]}}],"collection":[{"href":"https:\/\/www.minesparis.psl.eu\/isige\/wp-json\/wp\/v2\/actualites"}],"about":[{"href":"https:\/\/www.minesparis.psl.eu\/isige\/wp-json\/wp\/v2\/types\/actualites"}],"wp:featuredmedia":[{"embeddable":true,"href":"https:\/\/www.minesparis.psl.eu\/isige\/wp-json\/wp\/v2\/media\/3083"}],"wp:attachment":[{"href":"https:\/\/www.minesparis.psl.eu\/isige\/wp-json\/wp\/v2\/media?parent=3082"}],"wp:term":[{"taxonomy":"actualites-formats","embeddable":true,"href":"https:\/\/www.minesparis.psl.eu\/isige\/wp-json\/wp\/v2\/actualites-formats?post=3082"},{"taxonomy":"actualites-thematiques","embeddable":true,"href":"https:\/\/www.minesparis.psl.eu\/isige\/wp-json\/wp\/v2\/actualites-thematiques?post=3082"}],"curies":[{"name":"wp","href":"https:\/\/api.w.org\/{rel}","templated":true}]}}