{"id":3075,"date":"2025-06-08T08:25:00","date_gmt":"2025-06-08T06:25:00","guid":{"rendered":"https:\/\/www.minesparis.psl.eu\/isige\/?post_type=actualites&#038;p=3075"},"modified":"2025-07-24T08:32:07","modified_gmt":"2025-07-24T06:32:07","slug":"cap-sur-la-conference-des-nations-unies-sur-locean-2025","status":"publish","type":"actualites","link":"https:\/\/www.minesparis.psl.eu\/isige\/actualites\/cap-sur-la-conference-des-nations-unies-sur-locean-2025\/","title":{"rendered":"Cap sur la Conf\u00e9rence des Nations Unies sur l\u2019Oc\u00e9an 2025"},"content":{"rendered":"\n<div class=\"container block-full-largeur\">\n\t<div class=\"row mt-4\">\n\t\t<div class=\"col-md-12\">\n\t\t\t<h2>Un rendez-vous mondial pour la pr\u00e9servation des milieux marins<\/h2>\n<p><span class=\"break-words tvm-parent-container\"><span dir=\"ltr\">La troisi\u00e8me Conf\u00e9rence des Nations Unies sur l\u2019Oc\u00e9an (<span>UNOC3<\/span>) se d\u00e9roulera \u00e0 Nice du 9 au 13 juin 2025, co-organis\u00e9e par la France et le Costa Rica.<span class=\"white-space-pre\"> <\/span><span>\n<\/span><span>\n<\/span>Cette conf\u00e9rence vise \u00e0 acc\u00e9l\u00e9rer l\u2019action pour la conservation et l\u2019utilisation durable des<span class=\"white-space-pre\"> <\/span><span>oc\u00e9ans<\/span>, en mettant en \u0153uvre l\u2019Objectif de D\u00e9veloppement Durable n\u00b014 (ODD 14) .<span>\n<\/span><span>\n<\/span>En amont de la conf\u00e9rence, trois \u00e9v\u00e9nements rassemblant des acteurs gouvernementaux,<span class=\"white-space-pre\"> <\/span><span>scientifiques<\/span>,<span class=\"white-space-pre\"> <\/span><span>ONG<\/span>,<span class=\"white-space-pre\"> <\/span><span>entreprises<\/span><span class=\"white-space-pre\"> <\/span>et<span class=\"white-space-pre\"> <\/span><span>citoyens<\/span><span class=\"white-space-pre\"> <\/span>pour discuter des d\u00e9fis et des solutions li\u00e9s \u00e0 la pr\u00e9servation des oc\u00e9ans &#8211; sont pr\u00e9vus :<span>\n<\/span><span>\n<\/span>&#8211; One Ocean Science Congress \u00e0 Nice, du 4 au 6 juin 2025<span>\n<\/span>&#8211; Blue Economy and Finance Forum \u00e0 Monaco, les 7 et 8 juin 2025<span>\n<\/span>&#8211; Conf\u00e9rence sur la Coalition Ocean Rise &amp; Coastal Resilience \u00e0 Nice, le 7 juin 2025<span>\n<\/span><span><\/span><\/span><\/span><\/p>\n<p><span class=\"break-words tvm-parent-container\"><span dir=\"ltr\">L\u2019oc\u00e9an, est le pilier de la vie sur Terre : son r\u00f4le est crucial dans la r\u00e9gulation du climat et la pr\u00e9servation de la biodiversit\u00e9. La destruction des<span class=\"white-space-pre\"> <\/span><span>\u00e9cosyst\u00e8mes<\/span><span class=\"white-space-pre\"> <\/span>marins compromet gravement l&rsquo;\u00e9quilibre climatique mondial.<span>\n<\/span><span>\n<\/span>Les pratiques de p\u00eache industrielle destructrices, telles que le chalutage profond, ravagent les habitats marins, et la surp\u00eache sur les populations de poissons influe l&rsquo;ensemble de la cha\u00eene alimentaire oc\u00e9anique (Lesage, 2023).<span>\n<\/span><span><\/span><\/span><\/span><\/p>\n<p><span class=\"break-words tvm-parent-container\"><span dir=\"ltr\">Il est urgent d\u2019instaurer une<span class=\"white-space-pre\"> <\/span><span>justice environnementale<\/span><span class=\"white-space-pre\"> <\/span>pour prot\u00e9ger efficacement les \u00e9cosyst\u00e8mes marins. La reconnaissance juridique des crimes environnementaux et des sanctions p\u00e9nales est un des moyens contre les activit\u00e9s industrielles nuisibles aux oc\u00e9ans.<span>\n<\/span><span>\n<\/span>Enfin, l\u2019<span>engagement<\/span><span class=\"white-space-pre\"> <\/span>collectif est primordial pour pr\u00e9server les oc\u00e9ans pour les g\u00e9n\u00e9rations futures et la mobilisation citoyenne et politique contribue \u00e0 lutter contre l&rsquo;inaction face \u00e0 la crise oc\u00e9anique.<span>\n<\/span><\/span><\/span><\/p>\n<h2><span class=\"comments-comment-item__main-content feed-shared-main-content--comment t-14 t-black t-normal\" dir=\"ltr\"><span dir=\"ltr\">D\u00e9couvrez les articles de nos \u00e9tudiants : <\/span><\/span><\/h2>\n<p><span class=\"comments-comment-item__main-content feed-shared-main-content--comment t-14 t-black t-normal\" dir=\"ltr\"><span dir=\"ltr\">&#8211; Article de Marion Lesage :<span class=\"white-space-pre\"> <\/span><a class=\"AMiDzvcgIVDQHwjKoincqFXaMefza \" target=\"_self\" href=\"https:\/\/blog-isige.minesparis.psl.eu\/2021\/04\/26\/destruction-massive-de-la-faune-et-de-la-flore-marine-le-monde-effrayant-de-la-peche-industrielle-et-la-triste-realite-des-labels\/\" data-test-app-aware-link=\"\">https:\/\/blog-isige.minesparis.psl.eu\/2021\/04\/26\/destruction-massive-de-la-faune-et-de-la-flore-marine-le-monde-effrayant-de-la-peche-industrielle-et-la-triste-realite-des-labels\/<\/a><span>\n<\/span><span>\n<\/span>&#8211; Article de<span class=\"white-space-pre\"> <\/span><span>Flore Neveux<\/span><span class=\"white-space-pre\"> <\/span>:<span class=\"white-space-pre\"> <\/span><a class=\"AMiDzvcgIVDQHwjKoincqFXaMefza \" target=\"_self\" href=\"https:\/\/blog-isige.minesparis.psl.eu\/2023\/11\/06\/locean-miroir-de-notre-climat\/\" data-test-app-aware-link=\"\">https:\/\/blog-isige.minesparis.psl.eu\/2023\/11\/06\/locean-miroir-de-notre-climat\/<\/a><span>\n<\/span><span>\n<\/span>&#8211; Article de<span class=\"white-space-pre\"> <\/span><span>Bruno Leroux<\/span><span class=\"white-space-pre\"> <\/span>:<span class=\"white-space-pre\"> <\/span><a class=\"AMiDzvcgIVDQHwjKoincqFXaMefza \" target=\"_self\" href=\"https:\/\/blog-isige.minesparis.psl.eu\/2025\/06\/03\/peche-durable-la-coquille-saint-jacques-a-de-la-ressource\/\" data-test-app-aware-link=\"\">https:\/\/blog-isige.minesparis.psl.eu\/2025\/06\/03\/peche-durable-la-coquille-saint-jacques-a-de-la-ressource\/<\/a><span>\n<\/span><span>\n<\/span>&#8211; Article d&rsquo;<span>Albane Bauby<\/span><span class=\"white-space-pre\"> <\/span>:<span class=\"white-space-pre\"> <\/span><a class=\"AMiDzvcgIVDQHwjKoincqFXaMefza \" target=\"_self\" href=\"https:\/\/blog-isige.minesparis.psl.eu\/2020\/09\/22\/coral-reefs-ecosystem-services-and-the-impact-of-climate-change\/\" data-test-app-aware-link=\"\">https:\/\/blog-isige.minesparis.psl.eu\/2020\/09\/22\/coral-reefs-ecosystem-services-and-the-impact-of-climate-change\/<\/a><span>\n<\/span><span>\n<\/span>&#8211; Article de<span class=\"white-space-pre\"> <\/span><span>Julien Rufin<\/span><span class=\"white-space-pre\"> <\/span>:<span class=\"white-space-pre\"> <\/span><a class=\"AMiDzvcgIVDQHwjKoincqFXaMefza \" target=\"_self\" href=\"https:\/\/blog-isige.minesparis.psl.eu\/2024\/02\/29\/deep-sea-mining-et-si-finalement-on-gagnait-la-bataille-du-vivant\/\" data-test-app-aware-link=\"\">https:\/\/blog-isige.minesparis.psl.eu\/2024\/02\/29\/deep-sea-mining-et-si-finalement-on-gagnait-la-bataille-du-vivant\/<\/a><span>\n<\/span><span>\n<\/span>&#8211; Article de<span class=\"white-space-pre\"> <\/span><span>Marie Racine<\/span><span class=\"white-space-pre\"> <\/span>:<span class=\"white-space-pre\"> <\/span><a class=\"AMiDzvcgIVDQHwjKoincqFXaMefza \" target=\"_self\" href=\"https:\/\/blog-isige.minesparis.psl.eu\/2023\/12\/07\/faire-entendre-les-voix-de-la-nature-les-ecosystemes-ont-ils-des-droits\/\" data-test-app-aware-link=\"\">https:\/\/blog-isige.minesparis.psl.eu\/2023\/12\/07\/faire-entendre-les-voix-de-la-nature-les-ecosystemes-ont-ils-des-droits\/<\/a><\/span><\/span><\/p>\n\t\t<\/div>\n\t<\/div>\n<\/div>","protected":false},"featured_media":3076,"template":"","actualites-formats":[],"actualites-thematiques":[20],"class_list":["post-3075","actualites","type-actualites","status-publish","has-post-thumbnail","hentry"],"acf":[],"yoast_head":"<!-- This site is optimized with the Yoast SEO plugin v27.2 - https:\/\/yoast.com\/product\/yoast-seo-wordpress\/ -->\n<title>Cap sur la Conf\u00e9rence des Nations Unies sur l\u2019Oc\u00e9an 2025 - ISIGE Mines Paris - PSL<\/title>\n<meta name=\"description\" content=\"Cap sur la Conf\u00e9rence des Nations Unies sur l\u2019Oc\u00e9an 2025 : un rendez-vous mondial pour la pr\u00e9servation des milieux marins.\" \/>\n<meta name=\"robots\" content=\"index, follow, max-snippet:-1, max-image-preview:large, max-video-preview:-1\" \/>\n<link rel=\"canonical\" href=\"https:\/\/www.minesparis.psl.eu\/isige\/actualites\/cap-sur-la-conference-des-nations-unies-sur-locean-2025\/\" \/>\n<meta property=\"og:locale\" content=\"fr_FR\" \/>\n<meta property=\"og:type\" content=\"article\" \/>\n<meta property=\"og:title\" content=\"Cap sur la Conf\u00e9rence des Nations Unies sur l\u2019Oc\u00e9an 2025 - ISIGE Mines Paris - PSL\" \/>\n<meta property=\"og:description\" content=\"Cap sur la Conf\u00e9rence des Nations Unies sur l\u2019Oc\u00e9an 2025 : un rendez-vous mondial pour la pr\u00e9servation des milieux marins.\" \/>\n<meta property=\"og:url\" content=\"https:\/\/www.minesparis.psl.eu\/isige\/actualites\/cap-sur-la-conference-des-nations-unies-sur-locean-2025\/\" \/>\n<meta property=\"og:site_name\" content=\"ISIGE Mines Paris - PSL\" \/>\n<meta property=\"article:modified_time\" content=\"2025-07-24T06:32:07+00:00\" \/>\n<meta property=\"og:image\" content=\"https:\/\/www.minesparis.psl.eu\/isige\/wp-content\/uploads\/sites\/21\/2025\/07\/pexels-tom-fisk-3482719.jpg\" \/>\n\t<meta property=\"og:image:width\" content=\"1200\" \/>\n\t<meta property=\"og:image:height\" content=\"800\" \/>\n\t<meta property=\"og:image:type\" content=\"image\/jpeg\" \/>\n<meta name=\"twitter:card\" content=\"summary_large_image\" \/>\n<meta name=\"twitter:label1\" content=\"Dur\u00e9e de lecture estim\u00e9e\" \/>\n\t<meta name=\"twitter:data1\" content=\"1 minute\" \/>\n<script type=\"application\/ld+json\" class=\"yoast-schema-graph\">{\"@context\":\"https:\/\/schema.org\",\"@graph\":[{\"@type\":\"WebPage\",\"@id\":\"https:\/\/www.minesparis.psl.eu\/isige\/actualites\/cap-sur-la-conference-des-nations-unies-sur-locean-2025\/\",\"url\":\"https:\/\/www.minesparis.psl.eu\/isige\/actualites\/cap-sur-la-conference-des-nations-unies-sur-locean-2025\/\",\"name\":\"Cap sur la Conf\u00e9rence des Nations Unies sur l\u2019Oc\u00e9an 2025 - ISIGE Mines Paris - PSL\",\"isPartOf\":{\"@id\":\"https:\/\/www.minesparis.psl.eu\/isige\/#website\"},\"primaryImageOfPage\":{\"@id\":\"https:\/\/www.minesparis.psl.eu\/isige\/actualites\/cap-sur-la-conference-des-nations-unies-sur-locean-2025\/#primaryimage\"},\"image\":{\"@id\":\"https:\/\/www.minesparis.psl.eu\/isige\/actualites\/cap-sur-la-conference-des-nations-unies-sur-locean-2025\/#primaryimage\"},\"thumbnailUrl\":\"https:\/\/www.minesparis.psl.eu\/isige\/wp-content\/uploads\/sites\/21\/2025\/07\/pexels-tom-fisk-3482719.jpg\",\"datePublished\":\"2025-06-08T06:25:00+00:00\",\"dateModified\":\"2025-07-24T06:32:07+00:00\",\"description\":\"Cap sur la Conf\u00e9rence des Nations Unies sur l\u2019Oc\u00e9an 2025 : un rendez-vous mondial pour la pr\u00e9servation des milieux marins.\",\"breadcrumb\":{\"@id\":\"https:\/\/www.minesparis.psl.eu\/isige\/actualites\/cap-sur-la-conference-des-nations-unies-sur-locean-2025\/#breadcrumb\"},\"inLanguage\":\"fr-FR\",\"potentialAction\":[{\"@type\":\"ReadAction\",\"target\":[\"https:\/\/www.minesparis.psl.eu\/isige\/actualites\/cap-sur-la-conference-des-nations-unies-sur-locean-2025\/\"]}]},{\"@type\":\"ImageObject\",\"inLanguage\":\"fr-FR\",\"@id\":\"https:\/\/www.minesparis.psl.eu\/isige\/actualites\/cap-sur-la-conference-des-nations-unies-sur-locean-2025\/#primaryimage\",\"url\":\"https:\/\/www.minesparis.psl.eu\/isige\/wp-content\/uploads\/sites\/21\/2025\/07\/pexels-tom-fisk-3482719.jpg\",\"contentUrl\":\"https:\/\/www.minesparis.psl.eu\/isige\/wp-content\/uploads\/sites\/21\/2025\/07\/pexels-tom-fisk-3482719.jpg\",\"width\":1200,\"height\":800,\"caption\":\"Conf\u00e9rence des Nations Unies sur l\u2019Oc\u00e9an\"},{\"@type\":\"BreadcrumbList\",\"@id\":\"https:\/\/www.minesparis.psl.eu\/isige\/actualites\/cap-sur-la-conference-des-nations-unies-sur-locean-2025\/#breadcrumb\",\"itemListElement\":[{\"@type\":\"ListItem\",\"position\":1,\"name\":\"Accueil\",\"item\":\"https:\/\/www.minesparis.psl.eu\/isige\/\"},{\"@type\":\"ListItem\",\"position\":2,\"name\":\"Cap sur la Conf\u00e9rence des Nations Unies sur l\u2019Oc\u00e9an 2025\"}]},{\"@type\":\"WebSite\",\"@id\":\"https:\/\/www.minesparis.psl.eu\/isige\/#website\",\"url\":\"https:\/\/www.minesparis.psl.eu\/isige\/\",\"name\":\"ISIGE Mines Paris - PSL\",\"description\":\"\",\"publisher\":{\"@id\":\"https:\/\/www.minesparis.psl.eu\/isige\/#organization\"},\"potentialAction\":[{\"@type\":\"SearchAction\",\"target\":{\"@type\":\"EntryPoint\",\"urlTemplate\":\"https:\/\/www.minesparis.psl.eu\/isige\/?s={search_term_string}\"},\"query-input\":{\"@type\":\"PropertyValueSpecification\",\"valueRequired\":true,\"valueName\":\"search_term_string\"}}],\"inLanguage\":\"fr-FR\"},{\"@type\":\"Organization\",\"@id\":\"https:\/\/www.minesparis.psl.eu\/isige\/#organization\",\"name\":\"ISIGE Mines Paris - PSL\",\"url\":\"https:\/\/www.minesparis.psl.eu\/isige\/\",\"logo\":{\"@type\":\"ImageObject\",\"inLanguage\":\"fr-FR\",\"@id\":\"https:\/\/www.minesparis.psl.eu\/isige\/#\/schema\/logo\/image\/\",\"url\":\"https:\/\/www.minesparis.psl.eu\/isige\/wp-content\/uploads\/sites\/21\/2025\/02\/cropped-MinesParis-PSL-ISIGEOCoRVB-1.png\",\"contentUrl\":\"https:\/\/www.minesparis.psl.eu\/isige\/wp-content\/uploads\/sites\/21\/2025\/02\/cropped-MinesParis-PSL-ISIGEOCoRVB-1.png\",\"width\":1584,\"height\":360,\"caption\":\"ISIGE Mines Paris - PSL\"},\"image\":{\"@id\":\"https:\/\/www.minesparis.psl.eu\/isige\/#\/schema\/logo\/image\/\"}}]}<\/script>\n<!-- \/ Yoast SEO plugin. -->","yoast_head_json":{"title":"Cap sur la Conf\u00e9rence des Nations Unies sur l\u2019Oc\u00e9an 2025 - ISIGE Mines Paris - PSL","description":"Cap sur la Conf\u00e9rence des Nations Unies sur l\u2019Oc\u00e9an 2025 : un rendez-vous mondial pour la pr\u00e9servation des milieux marins.","robots":{"index":"index","follow":"follow","max-snippet":"max-snippet:-1","max-image-preview":"max-image-preview:large","max-video-preview":"max-video-preview:-1"},"canonical":"https:\/\/www.minesparis.psl.eu\/isige\/actualites\/cap-sur-la-conference-des-nations-unies-sur-locean-2025\/","og_locale":"fr_FR","og_type":"article","og_title":"Cap sur la Conf\u00e9rence des Nations Unies sur l\u2019Oc\u00e9an 2025 - ISIGE Mines Paris - PSL","og_description":"Cap sur la Conf\u00e9rence des Nations Unies sur l\u2019Oc\u00e9an 2025 : un rendez-vous mondial pour la pr\u00e9servation des milieux marins.","og_url":"https:\/\/www.minesparis.psl.eu\/isige\/actualites\/cap-sur-la-conference-des-nations-unies-sur-locean-2025\/","og_site_name":"ISIGE Mines Paris - PSL","article_modified_time":"2025-07-24T06:32:07+00:00","og_image":[{"width":1200,"height":800,"url":"https:\/\/www.minesparis.psl.eu\/isige\/wp-content\/uploads\/sites\/21\/2025\/07\/pexels-tom-fisk-3482719.jpg","type":"image\/jpeg"}],"twitter_card":"summary_large_image","twitter_misc":{"Dur\u00e9e de lecture estim\u00e9e":"1 minute"},"schema":{"@context":"https:\/\/schema.org","@graph":[{"@type":"WebPage","@id":"https:\/\/www.minesparis.psl.eu\/isige\/actualites\/cap-sur-la-conference-des-nations-unies-sur-locean-2025\/","url":"https:\/\/www.minesparis.psl.eu\/isige\/actualites\/cap-sur-la-conference-des-nations-unies-sur-locean-2025\/","name":"Cap sur la Conf\u00e9rence des Nations Unies sur l\u2019Oc\u00e9an 2025 - ISIGE Mines Paris - PSL","isPartOf":{"@id":"https:\/\/www.minesparis.psl.eu\/isige\/#website"},"primaryImageOfPage":{"@id":"https:\/\/www.minesparis.psl.eu\/isige\/actualites\/cap-sur-la-conference-des-nations-unies-sur-locean-2025\/#primaryimage"},"image":{"@id":"https:\/\/www.minesparis.psl.eu\/isige\/actualites\/cap-sur-la-conference-des-nations-unies-sur-locean-2025\/#primaryimage"},"thumbnailUrl":"https:\/\/www.minesparis.psl.eu\/isige\/wp-content\/uploads\/sites\/21\/2025\/07\/pexels-tom-fisk-3482719.jpg","datePublished":"2025-06-08T06:25:00+00:00","dateModified":"2025-07-24T06:32:07+00:00","description":"Cap sur la Conf\u00e9rence des Nations Unies sur l\u2019Oc\u00e9an 2025 : un rendez-vous mondial pour la pr\u00e9servation des milieux marins.","breadcrumb":{"@id":"https:\/\/www.minesparis.psl.eu\/isige\/actualites\/cap-sur-la-conference-des-nations-unies-sur-locean-2025\/#breadcrumb"},"inLanguage":"fr-FR","potentialAction":[{"@type":"ReadAction","target":["https:\/\/www.minesparis.psl.eu\/isige\/actualites\/cap-sur-la-conference-des-nations-unies-sur-locean-2025\/"]}]},{"@type":"ImageObject","inLanguage":"fr-FR","@id":"https:\/\/www.minesparis.psl.eu\/isige\/actualites\/cap-sur-la-conference-des-nations-unies-sur-locean-2025\/#primaryimage","url":"https:\/\/www.minesparis.psl.eu\/isige\/wp-content\/uploads\/sites\/21\/2025\/07\/pexels-tom-fisk-3482719.jpg","contentUrl":"https:\/\/www.minesparis.psl.eu\/isige\/wp-content\/uploads\/sites\/21\/2025\/07\/pexels-tom-fisk-3482719.jpg","width":1200,"height":800,"caption":"Conf\u00e9rence des Nations Unies sur l\u2019Oc\u00e9an"},{"@type":"BreadcrumbList","@id":"https:\/\/www.minesparis.psl.eu\/isige\/actualites\/cap-sur-la-conference-des-nations-unies-sur-locean-2025\/#breadcrumb","itemListElement":[{"@type":"ListItem","position":1,"name":"Accueil","item":"https:\/\/www.minesparis.psl.eu\/isige\/"},{"@type":"ListItem","position":2,"name":"Cap sur la Conf\u00e9rence des Nations Unies sur l\u2019Oc\u00e9an 2025"}]},{"@type":"WebSite","@id":"https:\/\/www.minesparis.psl.eu\/isige\/#website","url":"https:\/\/www.minesparis.psl.eu\/isige\/","name":"ISIGE Mines Paris - PSL","description":"","publisher":{"@id":"https:\/\/www.minesparis.psl.eu\/isige\/#organization"},"potentialAction":[{"@type":"SearchAction","target":{"@type":"EntryPoint","urlTemplate":"https:\/\/www.minesparis.psl.eu\/isige\/?s={search_term_string}"},"query-input":{"@type":"PropertyValueSpecification","valueRequired":true,"valueName":"search_term_string"}}],"inLanguage":"fr-FR"},{"@type":"Organization","@id":"https:\/\/www.minesparis.psl.eu\/isige\/#organization","name":"ISIGE Mines Paris - PSL","url":"https:\/\/www.minesparis.psl.eu\/isige\/","logo":{"@type":"ImageObject","inLanguage":"fr-FR","@id":"https:\/\/www.minesparis.psl.eu\/isige\/#\/schema\/logo\/image\/","url":"https:\/\/www.minesparis.psl.eu\/isige\/wp-content\/uploads\/sites\/21\/2025\/02\/cropped-MinesParis-PSL-ISIGEOCoRVB-1.png","contentUrl":"https:\/\/www.minesparis.psl.eu\/isige\/wp-content\/uploads\/sites\/21\/2025\/02\/cropped-MinesParis-PSL-ISIGEOCoRVB-1.png","width":1584,"height":360,"caption":"ISIGE Mines Paris - PSL"},"image":{"@id":"https:\/\/www.minesparis.psl.eu\/isige\/#\/schema\/logo\/image\/"}}]}},"_links":{"self":[{"href":"https:\/\/www.minesparis.psl.eu\/isige\/wp-json\/wp\/v2\/actualites\/3075","targetHints":{"allow":["GET"]}}],"collection":[{"href":"https:\/\/www.minesparis.psl.eu\/isige\/wp-json\/wp\/v2\/actualites"}],"about":[{"href":"https:\/\/www.minesparis.psl.eu\/isige\/wp-json\/wp\/v2\/types\/actualites"}],"wp:featuredmedia":[{"embeddable":true,"href":"https:\/\/www.minesparis.psl.eu\/isige\/wp-json\/wp\/v2\/media\/3076"}],"wp:attachment":[{"href":"https:\/\/www.minesparis.psl.eu\/isige\/wp-json\/wp\/v2\/media?parent=3075"}],"wp:term":[{"taxonomy":"actualites-formats","embeddable":true,"href":"https:\/\/www.minesparis.psl.eu\/isige\/wp-json\/wp\/v2\/actualites-formats?post=3075"},{"taxonomy":"actualites-thematiques","embeddable":true,"href":"https:\/\/www.minesparis.psl.eu\/isige\/wp-json\/wp\/v2\/actualites-thematiques?post=3075"}],"curies":[{"name":"wp","href":"https:\/\/api.w.org\/{rel}","templated":true}]}}