{"id":3073,"date":"2025-06-06T08:14:00","date_gmt":"2025-06-06T06:14:00","guid":{"rendered":"https:\/\/www.minesparis.psl.eu\/isige\/?post_type=actualites&#038;p=3073"},"modified":"2025-07-24T08:33:18","modified_gmt":"2025-07-24T06:33:18","slug":"pourquoi-etudier-la-biodiversite-dans-les-territoires-transformes-par-lhomme","status":"publish","type":"actualites","link":"https:\/\/www.minesparis.psl.eu\/isige\/actualites\/pourquoi-etudier-la-biodiversite-dans-les-territoires-transformes-par-lhomme\/","title":{"rendered":"Pourquoi \u00e9tudier la biodiversit\u00e9 dans les territoires transform\u00e9s par l\u2019homme ?"},"content":{"rendered":"\n<div class=\"container block-full-largeur\">\n\t<div class=\"row mt-4\">\n\t\t<div class=\"col-md-12\">\n\t\t\t<p><span class=\"break-words\n          tvm-parent-container\"><span dir=\"ltr\"><span><\/span>\u00c0 l\u2019<span>ISIGE Mines Paris-PSL<\/span>, nous menons des recherches dans le cadre du projet europ\u00e9en<span class=\"white-space-pre\"> <\/span><span>Interreg France-Italia ALCOTRA<\/span><span class=\"white-space-pre\"> <\/span>GE.CO, qui vise \u00e0 mieux g\u00e9rer les conflits d\u2019usage\u00a0entre d\u00e9veloppement humain et pr\u00e9servation des milieux naturels.<span><\/span><\/span><\/span><\/p>\n<p><span class=\"break-words\n          tvm-parent-container\"><span dir=\"ltr\"><span><img loading=\"lazy\" decoding=\"async\" width=\"600\" src=\"https:\/\/media.licdn.com\/dms\/image\/v2\/D4E22AQELthkHgfbgjQ\/feedshare-shrink_800\/B4EZc0vZhrHIAo-\/0\/1748936530759?e=1756339200&amp;v=beta&amp;t=vTIp_YKUXjGPs95cbSukfTG0fJGkJpPVsUOaI4sYDrA\" height=\"600\" alt=\"Aucune description alternative pour cette image\" id=\"ember6424\" class=\"ivm-view-attr__img--centered ivm-view-attr__img--aspect-fit update-components-image__image update-components-image__image--constrained evi-image lazy-image ember-view aligncenter\" \/><\/span><span>\n<\/span>Nos travaux portent sur des sites de nature vari\u00e9e dans la M\u00e9tropole de Turin (carri\u00e8res, friches industrielles, zones agricoles\u2026), transform\u00e9s par les activit\u00e9s humaines mais riches d\u2019un potentiel \u00e9cologique sous-estim\u00e9.<span>\n<\/span><span>\n<\/span>En y r\u00e9alisant des inventaires de<span class=\"white-space-pre\"> <\/span><span>biodiversit\u00e9<\/span><span class=\"white-space-pre\"> <\/span>et des diagnostics \u00e9cologiques d\u00e9taill\u00e9s, nous construisons une connaissance de terrain essentielle\u00a0pour orienter les choix de r\u00e9habilitation, de gestion et de valorisation future.<span>\n<\/span><span>\n<\/span>La biodiversit\u00e9 n\u2019est pas un luxe, c\u2019est un indicateur de sant\u00e9 des<span class=\"white-space-pre\"> <\/span><span>\u00e9cosyst\u00e8mes<\/span>. Sa prise en compte permet d\u2019anticiper les impacts, r\u00e9duire les conflits d\u2019usage et proposer des solutions plus durables.<span>\n<\/span><span>\n<\/span>Associer biodiversit\u00e9 et activit\u00e9s humaines, ce n\u2019est pas opposer<span class=\"white-space-pre\"> <\/span><span>nature<\/span><span class=\"white-space-pre\"> <\/span>et<span class=\"white-space-pre\"> <\/span><span>d\u00e9veloppement<\/span><span class=\"white-space-pre\"> <\/span>: c\u2019est construire des territoires plus<span class=\"white-space-pre\"> <\/span><span>r\u00e9silients<\/span>, fonctionnels, et porteurs de sens pour les g\u00e9n\u00e9rations futures.<span>\n<\/span><span>\n<\/span>En savoir plus :<span class=\"white-space-pre\"> <\/span><a class=\"AMiDzvcgIVDQHwjKoincqFXaMefza \" target=\"_self\" href=\"http:\/\/www.geco-alcotra.com\" data-test-app-aware-link=\"\">www.geco-alcotra.com<\/a><span>\n<\/span><\/span><\/span><\/p>\n\t\t<\/div>\n\t<\/div>\n<\/div>","protected":false},"featured_media":3074,"template":"","actualites-formats":[],"actualites-thematiques":[66],"class_list":["post-3073","actualites","type-actualites","status-publish","has-post-thumbnail","hentry"],"acf":[],"yoast_head":"<!-- This site is optimized with the Yoast SEO plugin v27.2 - https:\/\/yoast.com\/product\/yoast-seo-wordpress\/ -->\n<title>Pourquoi \u00e9tudier la biodiversit\u00e9 dans les territoires transform\u00e9s par l\u2019homme ? - ISIGE Mines Paris - PSL<\/title>\n<meta name=\"description\" content=\"Mieux comprendre les potentiels \u00e9cologiques de ces territoires pour concilier pr\u00e9servation de la nature et d\u00e9veloppement humain.\" \/>\n<meta name=\"robots\" content=\"index, follow, max-snippet:-1, max-image-preview:large, max-video-preview:-1\" \/>\n<link rel=\"canonical\" href=\"https:\/\/www.minesparis.psl.eu\/isige\/actualites\/pourquoi-etudier-la-biodiversite-dans-les-territoires-transformes-par-lhomme\/\" \/>\n<meta property=\"og:locale\" content=\"fr_FR\" \/>\n<meta property=\"og:type\" content=\"article\" \/>\n<meta property=\"og:title\" content=\"Pourquoi \u00e9tudier la biodiversit\u00e9 dans les territoires transform\u00e9s par l\u2019homme ? - ISIGE Mines Paris - PSL\" \/>\n<meta property=\"og:description\" content=\"Mieux comprendre les potentiels \u00e9cologiques de ces territoires pour concilier pr\u00e9servation de la nature et d\u00e9veloppement humain.\" \/>\n<meta property=\"og:url\" content=\"https:\/\/www.minesparis.psl.eu\/isige\/actualites\/pourquoi-etudier-la-biodiversite-dans-les-territoires-transformes-par-lhomme\/\" \/>\n<meta property=\"og:site_name\" content=\"ISIGE Mines Paris - PSL\" \/>\n<meta property=\"article:modified_time\" content=\"2025-07-24T06:33:18+00:00\" \/>\n<meta property=\"og:image\" content=\"https:\/\/www.minesparis.psl.eu\/isige\/wp-content\/uploads\/sites\/21\/2025\/07\/mykyta-martynenko-_1UF_3TlKcQ-unsplash-scaled.jpg\" \/>\n\t<meta property=\"og:image:width\" content=\"2560\" \/>\n\t<meta property=\"og:image:height\" content=\"1707\" \/>\n\t<meta property=\"og:image:type\" content=\"image\/jpeg\" \/>\n<meta name=\"twitter:card\" content=\"summary_large_image\" \/>\n<meta name=\"twitter:label1\" content=\"Dur\u00e9e de lecture estim\u00e9e\" \/>\n\t<meta name=\"twitter:data1\" content=\"1 minute\" \/>\n<script type=\"application\/ld+json\" class=\"yoast-schema-graph\">{\"@context\":\"https:\/\/schema.org\",\"@graph\":[{\"@type\":\"WebPage\",\"@id\":\"https:\/\/www.minesparis.psl.eu\/isige\/actualites\/pourquoi-etudier-la-biodiversite-dans-les-territoires-transformes-par-lhomme\/\",\"url\":\"https:\/\/www.minesparis.psl.eu\/isige\/actualites\/pourquoi-etudier-la-biodiversite-dans-les-territoires-transformes-par-lhomme\/\",\"name\":\"Pourquoi \u00e9tudier la biodiversit\u00e9 dans les territoires transform\u00e9s par l\u2019homme ? - ISIGE Mines Paris - PSL\",\"isPartOf\":{\"@id\":\"https:\/\/www.minesparis.psl.eu\/isige\/#website\"},\"primaryImageOfPage\":{\"@id\":\"https:\/\/www.minesparis.psl.eu\/isige\/actualites\/pourquoi-etudier-la-biodiversite-dans-les-territoires-transformes-par-lhomme\/#primaryimage\"},\"image\":{\"@id\":\"https:\/\/www.minesparis.psl.eu\/isige\/actualites\/pourquoi-etudier-la-biodiversite-dans-les-territoires-transformes-par-lhomme\/#primaryimage\"},\"thumbnailUrl\":\"https:\/\/www.minesparis.psl.eu\/isige\/wp-content\/uploads\/sites\/21\/2025\/07\/mykyta-martynenko-_1UF_3TlKcQ-unsplash-scaled.jpg\",\"datePublished\":\"2025-06-06T06:14:00+00:00\",\"dateModified\":\"2025-07-24T06:33:18+00:00\",\"description\":\"Mieux comprendre les potentiels \u00e9cologiques de ces territoires pour concilier pr\u00e9servation de la nature et d\u00e9veloppement humain.\",\"breadcrumb\":{\"@id\":\"https:\/\/www.minesparis.psl.eu\/isige\/actualites\/pourquoi-etudier-la-biodiversite-dans-les-territoires-transformes-par-lhomme\/#breadcrumb\"},\"inLanguage\":\"fr-FR\",\"potentialAction\":[{\"@type\":\"ReadAction\",\"target\":[\"https:\/\/www.minesparis.psl.eu\/isige\/actualites\/pourquoi-etudier-la-biodiversite-dans-les-territoires-transformes-par-lhomme\/\"]}]},{\"@type\":\"ImageObject\",\"inLanguage\":\"fr-FR\",\"@id\":\"https:\/\/www.minesparis.psl.eu\/isige\/actualites\/pourquoi-etudier-la-biodiversite-dans-les-territoires-transformes-par-lhomme\/#primaryimage\",\"url\":\"https:\/\/www.minesparis.psl.eu\/isige\/wp-content\/uploads\/sites\/21\/2025\/07\/mykyta-martynenko-_1UF_3TlKcQ-unsplash-scaled.jpg\",\"contentUrl\":\"https:\/\/www.minesparis.psl.eu\/isige\/wp-content\/uploads\/sites\/21\/2025\/07\/mykyta-martynenko-_1UF_3TlKcQ-unsplash-scaled.jpg\",\"width\":2560,\"height\":1707,\"caption\":\"Projet GE.CO : Pourquoi \u00e9tudier la biodiversit\u00e9 dans les territoires transform\u00e9s par l\u2019homme ?\"},{\"@type\":\"BreadcrumbList\",\"@id\":\"https:\/\/www.minesparis.psl.eu\/isige\/actualites\/pourquoi-etudier-la-biodiversite-dans-les-territoires-transformes-par-lhomme\/#breadcrumb\",\"itemListElement\":[{\"@type\":\"ListItem\",\"position\":1,\"name\":\"Accueil\",\"item\":\"https:\/\/www.minesparis.psl.eu\/isige\/\"},{\"@type\":\"ListItem\",\"position\":2,\"name\":\"Pourquoi \u00e9tudier la biodiversit\u00e9 dans les territoires transform\u00e9s par l\u2019homme ?\"}]},{\"@type\":\"WebSite\",\"@id\":\"https:\/\/www.minesparis.psl.eu\/isige\/#website\",\"url\":\"https:\/\/www.minesparis.psl.eu\/isige\/\",\"name\":\"ISIGE Mines Paris - PSL\",\"description\":\"\",\"publisher\":{\"@id\":\"https:\/\/www.minesparis.psl.eu\/isige\/#organization\"},\"potentialAction\":[{\"@type\":\"SearchAction\",\"target\":{\"@type\":\"EntryPoint\",\"urlTemplate\":\"https:\/\/www.minesparis.psl.eu\/isige\/?s={search_term_string}\"},\"query-input\":{\"@type\":\"PropertyValueSpecification\",\"valueRequired\":true,\"valueName\":\"search_term_string\"}}],\"inLanguage\":\"fr-FR\"},{\"@type\":\"Organization\",\"@id\":\"https:\/\/www.minesparis.psl.eu\/isige\/#organization\",\"name\":\"ISIGE Mines Paris - PSL\",\"url\":\"https:\/\/www.minesparis.psl.eu\/isige\/\",\"logo\":{\"@type\":\"ImageObject\",\"inLanguage\":\"fr-FR\",\"@id\":\"https:\/\/www.minesparis.psl.eu\/isige\/#\/schema\/logo\/image\/\",\"url\":\"https:\/\/www.minesparis.psl.eu\/isige\/wp-content\/uploads\/sites\/21\/2025\/02\/cropped-MinesParis-PSL-ISIGEOCoRVB-1.png\",\"contentUrl\":\"https:\/\/www.minesparis.psl.eu\/isige\/wp-content\/uploads\/sites\/21\/2025\/02\/cropped-MinesParis-PSL-ISIGEOCoRVB-1.png\",\"width\":1584,\"height\":360,\"caption\":\"ISIGE Mines Paris - PSL\"},\"image\":{\"@id\":\"https:\/\/www.minesparis.psl.eu\/isige\/#\/schema\/logo\/image\/\"}}]}<\/script>\n<!-- \/ Yoast SEO plugin. -->","yoast_head_json":{"title":"Pourquoi \u00e9tudier la biodiversit\u00e9 dans les territoires transform\u00e9s par l\u2019homme ? - ISIGE Mines Paris - PSL","description":"Mieux comprendre les potentiels \u00e9cologiques de ces territoires pour concilier pr\u00e9servation de la nature et d\u00e9veloppement humain.","robots":{"index":"index","follow":"follow","max-snippet":"max-snippet:-1","max-image-preview":"max-image-preview:large","max-video-preview":"max-video-preview:-1"},"canonical":"https:\/\/www.minesparis.psl.eu\/isige\/actualites\/pourquoi-etudier-la-biodiversite-dans-les-territoires-transformes-par-lhomme\/","og_locale":"fr_FR","og_type":"article","og_title":"Pourquoi \u00e9tudier la biodiversit\u00e9 dans les territoires transform\u00e9s par l\u2019homme ? - ISIGE Mines Paris - PSL","og_description":"Mieux comprendre les potentiels \u00e9cologiques de ces territoires pour concilier pr\u00e9servation de la nature et d\u00e9veloppement humain.","og_url":"https:\/\/www.minesparis.psl.eu\/isige\/actualites\/pourquoi-etudier-la-biodiversite-dans-les-territoires-transformes-par-lhomme\/","og_site_name":"ISIGE Mines Paris - PSL","article_modified_time":"2025-07-24T06:33:18+00:00","og_image":[{"width":2560,"height":1707,"url":"https:\/\/www.minesparis.psl.eu\/isige\/wp-content\/uploads\/sites\/21\/2025\/07\/mykyta-martynenko-_1UF_3TlKcQ-unsplash-scaled.jpg","type":"image\/jpeg"}],"twitter_card":"summary_large_image","twitter_misc":{"Dur\u00e9e de lecture estim\u00e9e":"1 minute"},"schema":{"@context":"https:\/\/schema.org","@graph":[{"@type":"WebPage","@id":"https:\/\/www.minesparis.psl.eu\/isige\/actualites\/pourquoi-etudier-la-biodiversite-dans-les-territoires-transformes-par-lhomme\/","url":"https:\/\/www.minesparis.psl.eu\/isige\/actualites\/pourquoi-etudier-la-biodiversite-dans-les-territoires-transformes-par-lhomme\/","name":"Pourquoi \u00e9tudier la biodiversit\u00e9 dans les territoires transform\u00e9s par l\u2019homme ? - ISIGE Mines Paris - PSL","isPartOf":{"@id":"https:\/\/www.minesparis.psl.eu\/isige\/#website"},"primaryImageOfPage":{"@id":"https:\/\/www.minesparis.psl.eu\/isige\/actualites\/pourquoi-etudier-la-biodiversite-dans-les-territoires-transformes-par-lhomme\/#primaryimage"},"image":{"@id":"https:\/\/www.minesparis.psl.eu\/isige\/actualites\/pourquoi-etudier-la-biodiversite-dans-les-territoires-transformes-par-lhomme\/#primaryimage"},"thumbnailUrl":"https:\/\/www.minesparis.psl.eu\/isige\/wp-content\/uploads\/sites\/21\/2025\/07\/mykyta-martynenko-_1UF_3TlKcQ-unsplash-scaled.jpg","datePublished":"2025-06-06T06:14:00+00:00","dateModified":"2025-07-24T06:33:18+00:00","description":"Mieux comprendre les potentiels \u00e9cologiques de ces territoires pour concilier pr\u00e9servation de la nature et d\u00e9veloppement humain.","breadcrumb":{"@id":"https:\/\/www.minesparis.psl.eu\/isige\/actualites\/pourquoi-etudier-la-biodiversite-dans-les-territoires-transformes-par-lhomme\/#breadcrumb"},"inLanguage":"fr-FR","potentialAction":[{"@type":"ReadAction","target":["https:\/\/www.minesparis.psl.eu\/isige\/actualites\/pourquoi-etudier-la-biodiversite-dans-les-territoires-transformes-par-lhomme\/"]}]},{"@type":"ImageObject","inLanguage":"fr-FR","@id":"https:\/\/www.minesparis.psl.eu\/isige\/actualites\/pourquoi-etudier-la-biodiversite-dans-les-territoires-transformes-par-lhomme\/#primaryimage","url":"https:\/\/www.minesparis.psl.eu\/isige\/wp-content\/uploads\/sites\/21\/2025\/07\/mykyta-martynenko-_1UF_3TlKcQ-unsplash-scaled.jpg","contentUrl":"https:\/\/www.minesparis.psl.eu\/isige\/wp-content\/uploads\/sites\/21\/2025\/07\/mykyta-martynenko-_1UF_3TlKcQ-unsplash-scaled.jpg","width":2560,"height":1707,"caption":"Projet GE.CO : Pourquoi \u00e9tudier la biodiversit\u00e9 dans les territoires transform\u00e9s par l\u2019homme ?"},{"@type":"BreadcrumbList","@id":"https:\/\/www.minesparis.psl.eu\/isige\/actualites\/pourquoi-etudier-la-biodiversite-dans-les-territoires-transformes-par-lhomme\/#breadcrumb","itemListElement":[{"@type":"ListItem","position":1,"name":"Accueil","item":"https:\/\/www.minesparis.psl.eu\/isige\/"},{"@type":"ListItem","position":2,"name":"Pourquoi \u00e9tudier la biodiversit\u00e9 dans les territoires transform\u00e9s par l\u2019homme ?"}]},{"@type":"WebSite","@id":"https:\/\/www.minesparis.psl.eu\/isige\/#website","url":"https:\/\/www.minesparis.psl.eu\/isige\/","name":"ISIGE Mines Paris - PSL","description":"","publisher":{"@id":"https:\/\/www.minesparis.psl.eu\/isige\/#organization"},"potentialAction":[{"@type":"SearchAction","target":{"@type":"EntryPoint","urlTemplate":"https:\/\/www.minesparis.psl.eu\/isige\/?s={search_term_string}"},"query-input":{"@type":"PropertyValueSpecification","valueRequired":true,"valueName":"search_term_string"}}],"inLanguage":"fr-FR"},{"@type":"Organization","@id":"https:\/\/www.minesparis.psl.eu\/isige\/#organization","name":"ISIGE Mines Paris - PSL","url":"https:\/\/www.minesparis.psl.eu\/isige\/","logo":{"@type":"ImageObject","inLanguage":"fr-FR","@id":"https:\/\/www.minesparis.psl.eu\/isige\/#\/schema\/logo\/image\/","url":"https:\/\/www.minesparis.psl.eu\/isige\/wp-content\/uploads\/sites\/21\/2025\/02\/cropped-MinesParis-PSL-ISIGEOCoRVB-1.png","contentUrl":"https:\/\/www.minesparis.psl.eu\/isige\/wp-content\/uploads\/sites\/21\/2025\/02\/cropped-MinesParis-PSL-ISIGEOCoRVB-1.png","width":1584,"height":360,"caption":"ISIGE Mines Paris - PSL"},"image":{"@id":"https:\/\/www.minesparis.psl.eu\/isige\/#\/schema\/logo\/image\/"}}]}},"_links":{"self":[{"href":"https:\/\/www.minesparis.psl.eu\/isige\/wp-json\/wp\/v2\/actualites\/3073","targetHints":{"allow":["GET"]}}],"collection":[{"href":"https:\/\/www.minesparis.psl.eu\/isige\/wp-json\/wp\/v2\/actualites"}],"about":[{"href":"https:\/\/www.minesparis.psl.eu\/isige\/wp-json\/wp\/v2\/types\/actualites"}],"wp:featuredmedia":[{"embeddable":true,"href":"https:\/\/www.minesparis.psl.eu\/isige\/wp-json\/wp\/v2\/media\/3074"}],"wp:attachment":[{"href":"https:\/\/www.minesparis.psl.eu\/isige\/wp-json\/wp\/v2\/media?parent=3073"}],"wp:term":[{"taxonomy":"actualites-formats","embeddable":true,"href":"https:\/\/www.minesparis.psl.eu\/isige\/wp-json\/wp\/v2\/actualites-formats?post=3073"},{"taxonomy":"actualites-thematiques","embeddable":true,"href":"https:\/\/www.minesparis.psl.eu\/isige\/wp-json\/wp\/v2\/actualites-thematiques?post=3073"}],"curies":[{"name":"wp","href":"https:\/\/api.w.org\/{rel}","templated":true}]}}