{"id":2969,"date":"2023-10-23T09:57:00","date_gmt":"2023-10-23T07:57:00","guid":{"rendered":"https:\/\/www.minesparis.psl.eu\/isige\/?post_type=actualites&#038;p=2969"},"modified":"2025-06-27T09:59:12","modified_gmt":"2025-06-27T07:59:12","slug":"conference-de-gilles-boeuf-changement-climatique-biodiversite-humanite-quelles-menaces-comment-agir","status":"publish","type":"actualites","link":"https:\/\/www.minesparis.psl.eu\/isige\/actualites\/conference-de-gilles-boeuf-changement-climatique-biodiversite-humanite-quelles-menaces-comment-agir\/","title":{"rendered":"Conf\u00e9rence de Gilles Boeuf : \u00ab Changement climatique, biodiversit\u00e9, humanit\u00e9 : quelles menaces ? Comment agir ? \u00bb"},"content":{"rendered":"\n<div class=\"container block-full-largeur\">\n\t<div class=\"row mt-4\">\n\t\t<div class=\"col-md-12\">\n\t\t\t<p data-start=\"322\" data-end=\"636\">Mercredi dernier, l\u2019ISIGE Mines Paris-PSL a eu le plaisir d\u2019inaugurer son cycle annuel de conf\u00e9rences d\u00e9di\u00e9 aux enjeux environnementaux avec une intervention remarquable de <strong data-start=\"495\" data-end=\"510\">Gilles B\u0153uf<\/strong>, oc\u00e9anographe, professeur \u00e0 Sorbonne Universit\u00e9 et AgroParisTech, ancien pr\u00e9sident du Mus\u00e9um national d\u2019Histoire naturelle.<\/p>\n<p><img loading=\"lazy\" decoding=\"async\" src=\"https:\/\/www.isige.minesparis.psl.eu\/wp-content\/uploads\/Visuel-GB-1024x1024.png\" alt=\"Cycle des conf\u00e9rences de l\u2019ISIGE Mines Paris-PSL &quot;Les ing\u00e9nieurs face aux urgences environnementales&quot;\" width=\"640\" height=\"640\" \/><\/p>\n<p data-start=\"638\" data-end=\"1088\">Sp\u00e9cialiste reconnu des interactions entre l\u2019humain, la soci\u00e9t\u00e9, la science et la sensibilit\u00e9, Gilles B\u0153uf a dress\u00e9 un constat clair et sans concession sur l\u2019effondrement du vivant auquel nous faisons face aujourd\u2019hui. Avec p\u00e9dagogie et passion, il a expos\u00e9 les grands d\u00e9fis li\u00e9s \u00e0 la biodiversit\u00e9 et a mis en lumi\u00e8re le r\u00f4le crucial que les ing\u00e9nieurs peuvent jouer : agir concr\u00e8tement au sein des entreprises et \u00e9clairer les d\u00e9cisions politiques.<\/p>\n<p data-start=\"1090\" data-end=\"1279\">Cette conf\u00e9rence fut \u00e0 la fois un appel \u00e0 la <strong data-start=\"1135\" data-end=\"1166\">prise de conscience urgente<\/strong> et une invitation \u00e0 l\u2019<strong data-start=\"1189\" data-end=\"1213\">engagement optimiste<\/strong> pour pr\u00e9server la richesse et la diversit\u00e9 de la vie sur Terre.<\/p>\n<p>Prochaines conf\u00e9rences \u00e0 ne pas manquer :<\/p>\n<p>17 octobre \u2013 18h30<\/p>\n<p data-start=\"1357\" data-end=\"1842\"><strong data-start=\"1357\" data-end=\"1461\">\u00ab Les ing\u00e9nieurs face aux transformations du monde : quels engagements \u00e9cologiques et politiques ? \u00bb<\/strong><br data-start=\"1461\" data-end=\"1464\" \/>Avec Antoine Bouzin, ing\u00e9nieur dipl\u00f4m\u00e9 de l\u2019ENSEEIHT et doctorant en sociologie \u00e0 l\u2019Universit\u00e9 de Bordeaux.<br data-start=\"1571\" data-end=\"1574\" \/>Ses recherches explorent l\u2019engagement \u00e9cologique et militant des ing\u00e9nieurs en France, leurs parcours professionnels, leurs perceptions des enjeux socio-politiques, ainsi que l\u2019usage politique de l\u2019expertise scientifique dans le domaine de la m\u00e9thanisation agricole.<\/p>\n<p>18 janvier \u2013 18h30<\/p>\n<p data-start=\"1874\" data-end=\"2355\"><strong data-start=\"1874\" data-end=\"1954\">\u00ab Histoire des \u00e9nergies et luttes \u00e9cologiques : une perspective historique \u00bb<\/strong><br data-start=\"1954\" data-end=\"1957\" \/>Avec Jean-Baptiste Fressoz, historien des sciences, techniques et environnement, chercheur au CRH (EHESS-CNRS).<br data-start=\"2068\" data-end=\"2071\" \/>Auteur d\u2019ouvrages majeurs tels que <em data-start=\"2106\" data-end=\"2128\">L\u2019Apocalypse joyeuse<\/em> et <em data-start=\"2132\" data-end=\"2158\">L\u2019\u00c9v\u00e9nement Anthropoc\u00e8ne<\/em>, il propose une lecture historique du changement climatique et des d\u00e9bats qu\u2019il suscite depuis le 16e si\u00e8cle, notamment dans son dernier livre co\u00e9crit avec Fabien Locher, <em data-start=\"2330\" data-end=\"2352\">Les R\u00e9voltes du ciel<\/em>.<\/p>\n<p>Inscrivez-vous d\u00e8s aujourd\u2019hui pour ces rendez-vous essentiels qui questionnent le r\u00f4le des ing\u00e9nieurs face aux urgences environnementales et invitent \u00e0 agir pour un avenir durable.<\/p>\n\t\t<\/div>\n\t<\/div>\n<\/div>","protected":false},"featured_media":2968,"template":"","actualites-formats":[70],"actualites-thematiques":[66],"class_list":["post-2969","actualites","type-actualites","status-publish","has-post-thumbnail","hentry"],"acf":[],"yoast_head":"<!-- This site is optimized with the Yoast SEO plugin v27.2 - https:\/\/yoast.com\/product\/yoast-seo-wordpress\/ -->\n<title>Conf\u00e9rence de Gilles Boeuf : &quot;Changement climatique, biodiversit\u00e9, humanit\u00e9 : quelles menaces ? Comment agir ?&quot; - ISIGE Mines Paris - PSL<\/title>\n<meta name=\"description\" content=\"Retour sur la premi\u00e8re conf\u00e9rence de Gilles B\u0153uf du cycle 2023-2024 \u00ab Changement climatique, biodiversit\u00e9, humanit\u00e9 : quelles menaces ? Comment agir ?\" \/>\n<meta name=\"robots\" content=\"index, follow, max-snippet:-1, max-image-preview:large, max-video-preview:-1\" \/>\n<link rel=\"canonical\" href=\"https:\/\/www.minesparis.psl.eu\/isige\/actualites\/conference-de-gilles-boeuf-changement-climatique-biodiversite-humanite-quelles-menaces-comment-agir\/\" \/>\n<meta property=\"og:locale\" content=\"fr_FR\" \/>\n<meta property=\"og:type\" content=\"article\" \/>\n<meta property=\"og:title\" content=\"Conf\u00e9rence de Gilles Boeuf : &quot;Changement climatique, biodiversit\u00e9, humanit\u00e9 : quelles menaces ? Comment agir ?&quot; - ISIGE Mines Paris - PSL\" \/>\n<meta property=\"og:description\" content=\"Retour sur la premi\u00e8re conf\u00e9rence de Gilles B\u0153uf du cycle 2023-2024 \u00ab Changement climatique, biodiversit\u00e9, humanit\u00e9 : quelles menaces ? Comment agir ?\" \/>\n<meta property=\"og:url\" content=\"https:\/\/www.minesparis.psl.eu\/isige\/actualites\/conference-de-gilles-boeuf-changement-climatique-biodiversite-humanite-quelles-menaces-comment-agir\/\" \/>\n<meta property=\"og:site_name\" content=\"ISIGE Mines Paris - PSL\" \/>\n<meta property=\"article:modified_time\" content=\"2025-06-27T07:59:12+00:00\" \/>\n<meta property=\"og:image\" content=\"https:\/\/www.minesparis.psl.eu\/isige\/wp-content\/uploads\/sites\/21\/2025\/06\/IMG_4044.jpg\" \/>\n\t<meta property=\"og:image:width\" content=\"1200\" \/>\n\t<meta property=\"og:image:height\" content=\"798\" \/>\n\t<meta property=\"og:image:type\" content=\"image\/jpeg\" \/>\n<meta name=\"twitter:card\" content=\"summary_large_image\" \/>\n<meta name=\"twitter:label1\" content=\"Dur\u00e9e de lecture estim\u00e9e\" \/>\n\t<meta name=\"twitter:data1\" content=\"1 minute\" \/>\n<script type=\"application\/ld+json\" class=\"yoast-schema-graph\">{\"@context\":\"https:\/\/schema.org\",\"@graph\":[{\"@type\":\"WebPage\",\"@id\":\"https:\/\/www.minesparis.psl.eu\/isige\/actualites\/conference-de-gilles-boeuf-changement-climatique-biodiversite-humanite-quelles-menaces-comment-agir\/\",\"url\":\"https:\/\/www.minesparis.psl.eu\/isige\/actualites\/conference-de-gilles-boeuf-changement-climatique-biodiversite-humanite-quelles-menaces-comment-agir\/\",\"name\":\"Conf\u00e9rence de Gilles Boeuf : \\\"Changement climatique, biodiversit\u00e9, humanit\u00e9 : quelles menaces ? Comment agir ?\\\" - ISIGE Mines Paris - PSL\",\"isPartOf\":{\"@id\":\"https:\/\/www.minesparis.psl.eu\/isige\/#website\"},\"primaryImageOfPage\":{\"@id\":\"https:\/\/www.minesparis.psl.eu\/isige\/actualites\/conference-de-gilles-boeuf-changement-climatique-biodiversite-humanite-quelles-menaces-comment-agir\/#primaryimage\"},\"image\":{\"@id\":\"https:\/\/www.minesparis.psl.eu\/isige\/actualites\/conference-de-gilles-boeuf-changement-climatique-biodiversite-humanite-quelles-menaces-comment-agir\/#primaryimage\"},\"thumbnailUrl\":\"https:\/\/www.minesparis.psl.eu\/isige\/wp-content\/uploads\/sites\/21\/2025\/06\/IMG_4044.jpg\",\"datePublished\":\"2023-10-23T07:57:00+00:00\",\"dateModified\":\"2025-06-27T07:59:12+00:00\",\"description\":\"Retour sur la premi\u00e8re conf\u00e9rence de Gilles B\u0153uf du cycle 2023-2024 \u00ab Changement climatique, biodiversit\u00e9, humanit\u00e9 : quelles menaces ? Comment agir ?\",\"breadcrumb\":{\"@id\":\"https:\/\/www.minesparis.psl.eu\/isige\/actualites\/conference-de-gilles-boeuf-changement-climatique-biodiversite-humanite-quelles-menaces-comment-agir\/#breadcrumb\"},\"inLanguage\":\"fr-FR\",\"potentialAction\":[{\"@type\":\"ReadAction\",\"target\":[\"https:\/\/www.minesparis.psl.eu\/isige\/actualites\/conference-de-gilles-boeuf-changement-climatique-biodiversite-humanite-quelles-menaces-comment-agir\/\"]}]},{\"@type\":\"ImageObject\",\"inLanguage\":\"fr-FR\",\"@id\":\"https:\/\/www.minesparis.psl.eu\/isige\/actualites\/conference-de-gilles-boeuf-changement-climatique-biodiversite-humanite-quelles-menaces-comment-agir\/#primaryimage\",\"url\":\"https:\/\/www.minesparis.psl.eu\/isige\/wp-content\/uploads\/sites\/21\/2025\/06\/IMG_4044.jpg\",\"contentUrl\":\"https:\/\/www.minesparis.psl.eu\/isige\/wp-content\/uploads\/sites\/21\/2025\/06\/IMG_4044.jpg\",\"width\":1200,\"height\":798},{\"@type\":\"BreadcrumbList\",\"@id\":\"https:\/\/www.minesparis.psl.eu\/isige\/actualites\/conference-de-gilles-boeuf-changement-climatique-biodiversite-humanite-quelles-menaces-comment-agir\/#breadcrumb\",\"itemListElement\":[{\"@type\":\"ListItem\",\"position\":1,\"name\":\"Accueil\",\"item\":\"https:\/\/www.minesparis.psl.eu\/isige\/\"},{\"@type\":\"ListItem\",\"position\":2,\"name\":\"Conf\u00e9rence de Gilles Boeuf : \u00ab Changement climatique, biodiversit\u00e9, humanit\u00e9 : quelles menaces ? Comment agir ? \u00bb\"}]},{\"@type\":\"WebSite\",\"@id\":\"https:\/\/www.minesparis.psl.eu\/isige\/#website\",\"url\":\"https:\/\/www.minesparis.psl.eu\/isige\/\",\"name\":\"ISIGE Mines Paris - PSL\",\"description\":\"\",\"publisher\":{\"@id\":\"https:\/\/www.minesparis.psl.eu\/isige\/#organization\"},\"potentialAction\":[{\"@type\":\"SearchAction\",\"target\":{\"@type\":\"EntryPoint\",\"urlTemplate\":\"https:\/\/www.minesparis.psl.eu\/isige\/?s={search_term_string}\"},\"query-input\":{\"@type\":\"PropertyValueSpecification\",\"valueRequired\":true,\"valueName\":\"search_term_string\"}}],\"inLanguage\":\"fr-FR\"},{\"@type\":\"Organization\",\"@id\":\"https:\/\/www.minesparis.psl.eu\/isige\/#organization\",\"name\":\"ISIGE Mines Paris - PSL\",\"url\":\"https:\/\/www.minesparis.psl.eu\/isige\/\",\"logo\":{\"@type\":\"ImageObject\",\"inLanguage\":\"fr-FR\",\"@id\":\"https:\/\/www.minesparis.psl.eu\/isige\/#\/schema\/logo\/image\/\",\"url\":\"https:\/\/www.minesparis.psl.eu\/isige\/wp-content\/uploads\/sites\/21\/2025\/02\/cropped-MinesParis-PSL-ISIGEOCoRVB-1.png\",\"contentUrl\":\"https:\/\/www.minesparis.psl.eu\/isige\/wp-content\/uploads\/sites\/21\/2025\/02\/cropped-MinesParis-PSL-ISIGEOCoRVB-1.png\",\"width\":1584,\"height\":360,\"caption\":\"ISIGE Mines Paris - PSL\"},\"image\":{\"@id\":\"https:\/\/www.minesparis.psl.eu\/isige\/#\/schema\/logo\/image\/\"}}]}<\/script>\n<!-- \/ Yoast SEO plugin. -->","yoast_head_json":{"title":"Conf\u00e9rence de Gilles Boeuf : \"Changement climatique, biodiversit\u00e9, humanit\u00e9 : quelles menaces ? Comment agir ?\" - ISIGE Mines Paris - PSL","description":"Retour sur la premi\u00e8re conf\u00e9rence de Gilles B\u0153uf du cycle 2023-2024 \u00ab Changement climatique, biodiversit\u00e9, humanit\u00e9 : quelles menaces ? Comment agir ?","robots":{"index":"index","follow":"follow","max-snippet":"max-snippet:-1","max-image-preview":"max-image-preview:large","max-video-preview":"max-video-preview:-1"},"canonical":"https:\/\/www.minesparis.psl.eu\/isige\/actualites\/conference-de-gilles-boeuf-changement-climatique-biodiversite-humanite-quelles-menaces-comment-agir\/","og_locale":"fr_FR","og_type":"article","og_title":"Conf\u00e9rence de Gilles Boeuf : \"Changement climatique, biodiversit\u00e9, humanit\u00e9 : quelles menaces ? Comment agir ?\" - ISIGE Mines Paris - PSL","og_description":"Retour sur la premi\u00e8re conf\u00e9rence de Gilles B\u0153uf du cycle 2023-2024 \u00ab Changement climatique, biodiversit\u00e9, humanit\u00e9 : quelles menaces ? Comment agir ?","og_url":"https:\/\/www.minesparis.psl.eu\/isige\/actualites\/conference-de-gilles-boeuf-changement-climatique-biodiversite-humanite-quelles-menaces-comment-agir\/","og_site_name":"ISIGE Mines Paris - PSL","article_modified_time":"2025-06-27T07:59:12+00:00","og_image":[{"width":1200,"height":798,"url":"https:\/\/www.minesparis.psl.eu\/isige\/wp-content\/uploads\/sites\/21\/2025\/06\/IMG_4044.jpg","type":"image\/jpeg"}],"twitter_card":"summary_large_image","twitter_misc":{"Dur\u00e9e de lecture estim\u00e9e":"1 minute"},"schema":{"@context":"https:\/\/schema.org","@graph":[{"@type":"WebPage","@id":"https:\/\/www.minesparis.psl.eu\/isige\/actualites\/conference-de-gilles-boeuf-changement-climatique-biodiversite-humanite-quelles-menaces-comment-agir\/","url":"https:\/\/www.minesparis.psl.eu\/isige\/actualites\/conference-de-gilles-boeuf-changement-climatique-biodiversite-humanite-quelles-menaces-comment-agir\/","name":"Conf\u00e9rence de Gilles Boeuf : \"Changement climatique, biodiversit\u00e9, humanit\u00e9 : quelles menaces ? Comment agir ?\" - ISIGE Mines Paris - PSL","isPartOf":{"@id":"https:\/\/www.minesparis.psl.eu\/isige\/#website"},"primaryImageOfPage":{"@id":"https:\/\/www.minesparis.psl.eu\/isige\/actualites\/conference-de-gilles-boeuf-changement-climatique-biodiversite-humanite-quelles-menaces-comment-agir\/#primaryimage"},"image":{"@id":"https:\/\/www.minesparis.psl.eu\/isige\/actualites\/conference-de-gilles-boeuf-changement-climatique-biodiversite-humanite-quelles-menaces-comment-agir\/#primaryimage"},"thumbnailUrl":"https:\/\/www.minesparis.psl.eu\/isige\/wp-content\/uploads\/sites\/21\/2025\/06\/IMG_4044.jpg","datePublished":"2023-10-23T07:57:00+00:00","dateModified":"2025-06-27T07:59:12+00:00","description":"Retour sur la premi\u00e8re conf\u00e9rence de Gilles B\u0153uf du cycle 2023-2024 \u00ab Changement climatique, biodiversit\u00e9, humanit\u00e9 : quelles menaces ? Comment agir ?","breadcrumb":{"@id":"https:\/\/www.minesparis.psl.eu\/isige\/actualites\/conference-de-gilles-boeuf-changement-climatique-biodiversite-humanite-quelles-menaces-comment-agir\/#breadcrumb"},"inLanguage":"fr-FR","potentialAction":[{"@type":"ReadAction","target":["https:\/\/www.minesparis.psl.eu\/isige\/actualites\/conference-de-gilles-boeuf-changement-climatique-biodiversite-humanite-quelles-menaces-comment-agir\/"]}]},{"@type":"ImageObject","inLanguage":"fr-FR","@id":"https:\/\/www.minesparis.psl.eu\/isige\/actualites\/conference-de-gilles-boeuf-changement-climatique-biodiversite-humanite-quelles-menaces-comment-agir\/#primaryimage","url":"https:\/\/www.minesparis.psl.eu\/isige\/wp-content\/uploads\/sites\/21\/2025\/06\/IMG_4044.jpg","contentUrl":"https:\/\/www.minesparis.psl.eu\/isige\/wp-content\/uploads\/sites\/21\/2025\/06\/IMG_4044.jpg","width":1200,"height":798},{"@type":"BreadcrumbList","@id":"https:\/\/www.minesparis.psl.eu\/isige\/actualites\/conference-de-gilles-boeuf-changement-climatique-biodiversite-humanite-quelles-menaces-comment-agir\/#breadcrumb","itemListElement":[{"@type":"ListItem","position":1,"name":"Accueil","item":"https:\/\/www.minesparis.psl.eu\/isige\/"},{"@type":"ListItem","position":2,"name":"Conf\u00e9rence de Gilles Boeuf : \u00ab Changement climatique, biodiversit\u00e9, humanit\u00e9 : quelles menaces ? Comment agir ? \u00bb"}]},{"@type":"WebSite","@id":"https:\/\/www.minesparis.psl.eu\/isige\/#website","url":"https:\/\/www.minesparis.psl.eu\/isige\/","name":"ISIGE Mines Paris - PSL","description":"","publisher":{"@id":"https:\/\/www.minesparis.psl.eu\/isige\/#organization"},"potentialAction":[{"@type":"SearchAction","target":{"@type":"EntryPoint","urlTemplate":"https:\/\/www.minesparis.psl.eu\/isige\/?s={search_term_string}"},"query-input":{"@type":"PropertyValueSpecification","valueRequired":true,"valueName":"search_term_string"}}],"inLanguage":"fr-FR"},{"@type":"Organization","@id":"https:\/\/www.minesparis.psl.eu\/isige\/#organization","name":"ISIGE Mines Paris - PSL","url":"https:\/\/www.minesparis.psl.eu\/isige\/","logo":{"@type":"ImageObject","inLanguage":"fr-FR","@id":"https:\/\/www.minesparis.psl.eu\/isige\/#\/schema\/logo\/image\/","url":"https:\/\/www.minesparis.psl.eu\/isige\/wp-content\/uploads\/sites\/21\/2025\/02\/cropped-MinesParis-PSL-ISIGEOCoRVB-1.png","contentUrl":"https:\/\/www.minesparis.psl.eu\/isige\/wp-content\/uploads\/sites\/21\/2025\/02\/cropped-MinesParis-PSL-ISIGEOCoRVB-1.png","width":1584,"height":360,"caption":"ISIGE Mines Paris - PSL"},"image":{"@id":"https:\/\/www.minesparis.psl.eu\/isige\/#\/schema\/logo\/image\/"}}]}},"_links":{"self":[{"href":"https:\/\/www.minesparis.psl.eu\/isige\/wp-json\/wp\/v2\/actualites\/2969","targetHints":{"allow":["GET"]}}],"collection":[{"href":"https:\/\/www.minesparis.psl.eu\/isige\/wp-json\/wp\/v2\/actualites"}],"about":[{"href":"https:\/\/www.minesparis.psl.eu\/isige\/wp-json\/wp\/v2\/types\/actualites"}],"wp:featuredmedia":[{"embeddable":true,"href":"https:\/\/www.minesparis.psl.eu\/isige\/wp-json\/wp\/v2\/media\/2968"}],"wp:attachment":[{"href":"https:\/\/www.minesparis.psl.eu\/isige\/wp-json\/wp\/v2\/media?parent=2969"}],"wp:term":[{"taxonomy":"actualites-formats","embeddable":true,"href":"https:\/\/www.minesparis.psl.eu\/isige\/wp-json\/wp\/v2\/actualites-formats?post=2969"},{"taxonomy":"actualites-thematiques","embeddable":true,"href":"https:\/\/www.minesparis.psl.eu\/isige\/wp-json\/wp\/v2\/actualites-thematiques?post=2969"}],"curies":[{"name":"wp","href":"https:\/\/api.w.org\/{rel}","templated":true}]}}