{"id":2965,"date":"2023-06-29T09:34:00","date_gmt":"2023-06-29T07:34:00","guid":{"rendered":"https:\/\/www.minesparis.psl.eu\/isige\/?post_type=actualites&#038;p=2965"},"modified":"2025-06-27T09:40:47","modified_gmt":"2025-06-27T07:40:47","slug":"these-professionnelle-trois-journees-pour-faire-le-point-et-aller-plus-loin","status":"publish","type":"actualites","link":"https:\/\/www.minesparis.psl.eu\/isige\/actualites\/these-professionnelle-trois-journees-pour-faire-le-point-et-aller-plus-loin\/","title":{"rendered":"Th\u00e8se professionnelle : trois journ\u00e9es pour faire le point et aller plus loin"},"content":{"rendered":"\n<div class=\"container block-full-largeur\">\n\t<div class=\"row mt-4\">\n\t\t<div class=\"col-md-12\">\n\t\t\t<p data-start=\"277\" data-end=\"698\">Derniers jours de cours pour les \u00e9tudiants du <strong data-start=\"323\" data-end=\"460\">Mast\u00e8re Sp\u00e9cialis\u00e9\u00ae Expert en Environnement et D\u00e9veloppement Durable \u2013 parcours Ing\u00e9nierie et Gestion de l\u2019Environnement (EEDD \u2013 IGE)<\/strong> ! R\u00e9unis sur le <strong data-start=\"477\" data-end=\"504\">campus de Fontainebleau<\/strong> dans le cadre des <strong data-start=\"523\" data-end=\"549\">journ\u00e9es \u00ab\u00a0mi-parcours\u00a0\u00bb<\/strong>, ils ont consacr\u00e9 trois jours \u00e0 un travail collectif d\u2019approfondissement autour de leur <strong data-start=\"638\" data-end=\"663\">th\u00e8se professionnelle<\/strong>, qu\u2019ils soutiendront \u00e0 la rentr\u00e9e.<\/p>\n<p data-start=\"277\" data-end=\"698\"><img loading=\"lazy\" decoding=\"async\" src=\"https:\/\/www.isige.minesparis.psl.eu\/wp-content\/uploads\/1-14-1024x1024.png\" alt=\"Journ\u00e9es mi-parcours IGE\" width=\"640\" height=\"640\" \/><\/p>\n<p><strong data-start=\"709\" data-end=\"786\">Un temps fort de la formation, \u00e0 mi-chemin entre introspection et \u00e9change<\/strong><\/p>\n<p data-start=\"788\" data-end=\"848\">Ces journ\u00e9es avaient plusieurs objectifs p\u00e9dagogiques cl\u00e9s :<\/p>\n<ul data-start=\"850\" data-end=\"1147\">\n<li data-start=\"850\" data-end=\"944\">\n<p data-start=\"852\" data-end=\"944\"><strong data-start=\"852\" data-end=\"884\">Partager l\u2019\u00e9tat d\u2019avancement<\/strong> de leur r\u00e9flexion, leurs hypoth\u00e8ses et premiers r\u00e9sultats<\/p>\n<\/li>\n<li data-start=\"945\" data-end=\"1066\">\n<p data-start=\"947\" data-end=\"1066\"><strong data-start=\"947\" data-end=\"1013\">\u00c9changer sur les enjeux de probl\u00e9matisation et de m\u00e9thodologie<\/strong>, avec les autres \u00e9tudiants et l\u2019\u00e9quipe p\u00e9dagogique<\/p>\n<\/li>\n<li data-start=\"1067\" data-end=\"1147\">\n<p data-start=\"1069\" data-end=\"1147\"><strong data-start=\"1069\" data-end=\"1107\">Identifier les blocages potentiels<\/strong> et d\u00e9gager des pistes pour les d\u00e9passer<\/p>\n<\/li>\n<\/ul>\n<p><img loading=\"lazy\" decoding=\"async\" src=\"https:\/\/www.isige.minesparis.psl.eu\/wp-content\/uploads\/2-12-1024x1024.png\" alt=\"\" width=\"640\" height=\"640\" \/><\/p>\n<p><strong data-start=\"1158\" data-end=\"1222\">Un programme rythm\u00e9 entre pr\u00e9sentations, ateliers et terrain<\/strong><\/p>\n<p data-start=\"1224\" data-end=\"1283\">Trois temps ont structur\u00e9 cette session riche en \u00e9changes :<\/p>\n<ol data-start=\"1285\" data-end=\"2097\">\n<li data-start=\"1285\" data-end=\"1645\">\n<p data-start=\"1288\" data-end=\"1645\"><strong data-start=\"1288\" data-end=\"1338\">Des pr\u00e9sentations orales au format Pecha Kucha<\/strong> (20 secondes par slide, 20 slides) : un exercice dynamique et exigeant, qui a permis \u00e0 chaque \u00e9tudiant de pr\u00e9senter sa probl\u00e9matique de th\u00e8se de mani\u00e8re synth\u00e9tique et percutante. Un temps pr\u00e9cieux pour b\u00e9n\u00e9ficier des retours du collectif et d\u00e9couvrir la diversit\u00e9 des sujets explor\u00e9s dans les entreprises.<\/p>\n<\/li>\n<li data-start=\"1647\" data-end=\"1814\">\n<p data-start=\"1650\" data-end=\"1814\"><strong data-start=\"1650\" data-end=\"1683\">Deux ateliers de m\u00e9thodologie<\/strong> pour consolider la structuration des travaux : clarification des enjeux, des objectifs, des hypoth\u00e8ses et des d\u00e9marches d\u2019enqu\u00eate.<\/p>\n<\/li>\n<li data-start=\"1816\" data-end=\"2097\">\n<p data-start=\"1819\" data-end=\"2097\"><strong data-start=\"1819\" data-end=\"1846\">Une sortie biodiversit\u00e9<\/strong> en for\u00eat de Fontainebleau, anim\u00e9e par un guide de l\u2019<strong data-start=\"1899\" data-end=\"1990\">ANVL (Association des Naturalistes de la Vall\u00e9e du Loing et du massif de Fontainebleau)<\/strong>, afin de reconnecter les apprentissages \u00e0 la r\u00e9alit\u00e9 du vivant et de la pr\u00e9servation des milieux naturels.<span><img loading=\"lazy\" decoding=\"async\" src=\"https:\/\/www.isige.minesparis.psl.eu\/wp-content\/uploads\/3-8-1024x1024.png\" alt=\"\" width=\"640\" height=\"640\" \/><\/span><\/p>\n<\/li>\n<\/ol>\n<p><strong data-start=\"2108\" data-end=\"2148\">Un dernier jalon avant la soutenance<\/strong><\/p>\n<p data-start=\"2150\" data-end=\"2583\">Ces trois journ\u00e9es marquent une <strong data-start=\"2182\" data-end=\"2200\">\u00e9tape d\u00e9cisive<\/strong> dans le parcours des \u00e9tudiants. Elles leur permettent de prendre du recul sur leur sujet, de s\u2019inspirer des travaux de leurs pairs, et d\u2019avancer plus sereinement vers la <strong data-start=\"2371\" data-end=\"2421\">r\u00e9daction finale de leur th\u00e8se professionnelle<\/strong>, qui mobilise \u00e0 la fois les connaissances th\u00e9oriques, les exp\u00e9riences de terrain et les enjeux concrets des organisations engag\u00e9es dans la transition \u00e9cologique.<\/p>\n\t\t<\/div>\n\t<\/div>\n<\/div>","protected":false},"featured_media":2966,"template":"","actualites-formats":[15],"actualites-thematiques":[21],"class_list":["post-2965","actualites","type-actualites","status-publish","has-post-thumbnail","hentry"],"acf":[],"yoast_head":"<!-- This site is optimized with the Yoast SEO plugin v27.2 - https:\/\/yoast.com\/product\/yoast-seo-wordpress\/ -->\n<title>Th\u00e8se professionnelle : trois journ\u00e9es pour faire le point et aller plus loin - ISIGE Mines Paris - PSL<\/title>\n<meta name=\"description\" content=\"Journ\u00e9es &quot;mi-parcours&quot; pour les \u00e9tudiants IGE, un travail collectif d\u2019approfondissement autour de leur th\u00e8se professionnelle\" \/>\n<meta name=\"robots\" content=\"index, follow, max-snippet:-1, max-image-preview:large, max-video-preview:-1\" \/>\n<link rel=\"canonical\" href=\"https:\/\/www.minesparis.psl.eu\/isige\/actualites\/these-professionnelle-trois-journees-pour-faire-le-point-et-aller-plus-loin\/\" \/>\n<meta property=\"og:locale\" content=\"fr_FR\" \/>\n<meta property=\"og:type\" content=\"article\" \/>\n<meta property=\"og:title\" content=\"Th\u00e8se professionnelle : trois journ\u00e9es pour faire le point et aller plus loin - ISIGE Mines Paris - PSL\" \/>\n<meta property=\"og:description\" content=\"Journ\u00e9es &quot;mi-parcours&quot; pour les \u00e9tudiants IGE, un travail collectif d\u2019approfondissement autour de leur th\u00e8se professionnelle\" \/>\n<meta property=\"og:url\" content=\"https:\/\/www.minesparis.psl.eu\/isige\/actualites\/these-professionnelle-trois-journees-pour-faire-le-point-et-aller-plus-loin\/\" \/>\n<meta property=\"og:site_name\" content=\"ISIGE Mines Paris - PSL\" \/>\n<meta property=\"article:modified_time\" content=\"2025-06-27T07:40:47+00:00\" \/>\n<meta property=\"og:image\" content=\"https:\/\/www.minesparis.psl.eu\/isige\/wp-content\/uploads\/sites\/21\/2025\/06\/IMG_7050.jpg\" \/>\n\t<meta property=\"og:image:width\" content=\"1200\" \/>\n\t<meta property=\"og:image:height\" content=\"798\" \/>\n\t<meta property=\"og:image:type\" content=\"image\/jpeg\" \/>\n<meta name=\"twitter:card\" content=\"summary_large_image\" \/>\n<meta name=\"twitter:label1\" content=\"Dur\u00e9e de lecture estim\u00e9e\" \/>\n\t<meta name=\"twitter:data1\" content=\"1 minute\" \/>\n<script type=\"application\/ld+json\" class=\"yoast-schema-graph\">{\"@context\":\"https:\/\/schema.org\",\"@graph\":[{\"@type\":\"WebPage\",\"@id\":\"https:\/\/www.minesparis.psl.eu\/isige\/actualites\/these-professionnelle-trois-journees-pour-faire-le-point-et-aller-plus-loin\/\",\"url\":\"https:\/\/www.minesparis.psl.eu\/isige\/actualites\/these-professionnelle-trois-journees-pour-faire-le-point-et-aller-plus-loin\/\",\"name\":\"Th\u00e8se professionnelle : trois journ\u00e9es pour faire le point et aller plus loin - ISIGE Mines Paris - PSL\",\"isPartOf\":{\"@id\":\"https:\/\/www.minesparis.psl.eu\/isige\/#website\"},\"primaryImageOfPage\":{\"@id\":\"https:\/\/www.minesparis.psl.eu\/isige\/actualites\/these-professionnelle-trois-journees-pour-faire-le-point-et-aller-plus-loin\/#primaryimage\"},\"image\":{\"@id\":\"https:\/\/www.minesparis.psl.eu\/isige\/actualites\/these-professionnelle-trois-journees-pour-faire-le-point-et-aller-plus-loin\/#primaryimage\"},\"thumbnailUrl\":\"https:\/\/www.minesparis.psl.eu\/isige\/wp-content\/uploads\/sites\/21\/2025\/06\/IMG_7050.jpg\",\"datePublished\":\"2023-06-29T07:34:00+00:00\",\"dateModified\":\"2025-06-27T07:40:47+00:00\",\"description\":\"Journ\u00e9es \\\"mi-parcours\\\" pour les \u00e9tudiants IGE, un travail collectif d\u2019approfondissement autour de leur th\u00e8se professionnelle\",\"breadcrumb\":{\"@id\":\"https:\/\/www.minesparis.psl.eu\/isige\/actualites\/these-professionnelle-trois-journees-pour-faire-le-point-et-aller-plus-loin\/#breadcrumb\"},\"inLanguage\":\"fr-FR\",\"potentialAction\":[{\"@type\":\"ReadAction\",\"target\":[\"https:\/\/www.minesparis.psl.eu\/isige\/actualites\/these-professionnelle-trois-journees-pour-faire-le-point-et-aller-plus-loin\/\"]}]},{\"@type\":\"ImageObject\",\"inLanguage\":\"fr-FR\",\"@id\":\"https:\/\/www.minesparis.psl.eu\/isige\/actualites\/these-professionnelle-trois-journees-pour-faire-le-point-et-aller-plus-loin\/#primaryimage\",\"url\":\"https:\/\/www.minesparis.psl.eu\/isige\/wp-content\/uploads\/sites\/21\/2025\/06\/IMG_7050.jpg\",\"contentUrl\":\"https:\/\/www.minesparis.psl.eu\/isige\/wp-content\/uploads\/sites\/21\/2025\/06\/IMG_7050.jpg\",\"width\":1200,\"height\":798},{\"@type\":\"BreadcrumbList\",\"@id\":\"https:\/\/www.minesparis.psl.eu\/isige\/actualites\/these-professionnelle-trois-journees-pour-faire-le-point-et-aller-plus-loin\/#breadcrumb\",\"itemListElement\":[{\"@type\":\"ListItem\",\"position\":1,\"name\":\"Accueil\",\"item\":\"https:\/\/www.minesparis.psl.eu\/isige\/\"},{\"@type\":\"ListItem\",\"position\":2,\"name\":\"Th\u00e8se professionnelle : trois journ\u00e9es pour faire le point et aller plus loin\"}]},{\"@type\":\"WebSite\",\"@id\":\"https:\/\/www.minesparis.psl.eu\/isige\/#website\",\"url\":\"https:\/\/www.minesparis.psl.eu\/isige\/\",\"name\":\"ISIGE Mines Paris - PSL\",\"description\":\"\",\"publisher\":{\"@id\":\"https:\/\/www.minesparis.psl.eu\/isige\/#organization\"},\"potentialAction\":[{\"@type\":\"SearchAction\",\"target\":{\"@type\":\"EntryPoint\",\"urlTemplate\":\"https:\/\/www.minesparis.psl.eu\/isige\/?s={search_term_string}\"},\"query-input\":{\"@type\":\"PropertyValueSpecification\",\"valueRequired\":true,\"valueName\":\"search_term_string\"}}],\"inLanguage\":\"fr-FR\"},{\"@type\":\"Organization\",\"@id\":\"https:\/\/www.minesparis.psl.eu\/isige\/#organization\",\"name\":\"ISIGE Mines Paris - PSL\",\"url\":\"https:\/\/www.minesparis.psl.eu\/isige\/\",\"logo\":{\"@type\":\"ImageObject\",\"inLanguage\":\"fr-FR\",\"@id\":\"https:\/\/www.minesparis.psl.eu\/isige\/#\/schema\/logo\/image\/\",\"url\":\"https:\/\/www.minesparis.psl.eu\/isige\/wp-content\/uploads\/sites\/21\/2025\/02\/cropped-MinesParis-PSL-ISIGEOCoRVB-1.png\",\"contentUrl\":\"https:\/\/www.minesparis.psl.eu\/isige\/wp-content\/uploads\/sites\/21\/2025\/02\/cropped-MinesParis-PSL-ISIGEOCoRVB-1.png\",\"width\":1584,\"height\":360,\"caption\":\"ISIGE Mines Paris - PSL\"},\"image\":{\"@id\":\"https:\/\/www.minesparis.psl.eu\/isige\/#\/schema\/logo\/image\/\"}}]}<\/script>\n<!-- \/ Yoast SEO plugin. -->","yoast_head_json":{"title":"Th\u00e8se professionnelle : trois journ\u00e9es pour faire le point et aller plus loin - ISIGE Mines Paris - PSL","description":"Journ\u00e9es \"mi-parcours\" pour les \u00e9tudiants IGE, un travail collectif d\u2019approfondissement autour de leur th\u00e8se professionnelle","robots":{"index":"index","follow":"follow","max-snippet":"max-snippet:-1","max-image-preview":"max-image-preview:large","max-video-preview":"max-video-preview:-1"},"canonical":"https:\/\/www.minesparis.psl.eu\/isige\/actualites\/these-professionnelle-trois-journees-pour-faire-le-point-et-aller-plus-loin\/","og_locale":"fr_FR","og_type":"article","og_title":"Th\u00e8se professionnelle : trois journ\u00e9es pour faire le point et aller plus loin - ISIGE Mines Paris - PSL","og_description":"Journ\u00e9es \"mi-parcours\" pour les \u00e9tudiants IGE, un travail collectif d\u2019approfondissement autour de leur th\u00e8se professionnelle","og_url":"https:\/\/www.minesparis.psl.eu\/isige\/actualites\/these-professionnelle-trois-journees-pour-faire-le-point-et-aller-plus-loin\/","og_site_name":"ISIGE Mines Paris - PSL","article_modified_time":"2025-06-27T07:40:47+00:00","og_image":[{"width":1200,"height":798,"url":"https:\/\/www.minesparis.psl.eu\/isige\/wp-content\/uploads\/sites\/21\/2025\/06\/IMG_7050.jpg","type":"image\/jpeg"}],"twitter_card":"summary_large_image","twitter_misc":{"Dur\u00e9e de lecture estim\u00e9e":"1 minute"},"schema":{"@context":"https:\/\/schema.org","@graph":[{"@type":"WebPage","@id":"https:\/\/www.minesparis.psl.eu\/isige\/actualites\/these-professionnelle-trois-journees-pour-faire-le-point-et-aller-plus-loin\/","url":"https:\/\/www.minesparis.psl.eu\/isige\/actualites\/these-professionnelle-trois-journees-pour-faire-le-point-et-aller-plus-loin\/","name":"Th\u00e8se professionnelle : trois journ\u00e9es pour faire le point et aller plus loin - ISIGE Mines Paris - PSL","isPartOf":{"@id":"https:\/\/www.minesparis.psl.eu\/isige\/#website"},"primaryImageOfPage":{"@id":"https:\/\/www.minesparis.psl.eu\/isige\/actualites\/these-professionnelle-trois-journees-pour-faire-le-point-et-aller-plus-loin\/#primaryimage"},"image":{"@id":"https:\/\/www.minesparis.psl.eu\/isige\/actualites\/these-professionnelle-trois-journees-pour-faire-le-point-et-aller-plus-loin\/#primaryimage"},"thumbnailUrl":"https:\/\/www.minesparis.psl.eu\/isige\/wp-content\/uploads\/sites\/21\/2025\/06\/IMG_7050.jpg","datePublished":"2023-06-29T07:34:00+00:00","dateModified":"2025-06-27T07:40:47+00:00","description":"Journ\u00e9es \"mi-parcours\" pour les \u00e9tudiants IGE, un travail collectif d\u2019approfondissement autour de leur th\u00e8se professionnelle","breadcrumb":{"@id":"https:\/\/www.minesparis.psl.eu\/isige\/actualites\/these-professionnelle-trois-journees-pour-faire-le-point-et-aller-plus-loin\/#breadcrumb"},"inLanguage":"fr-FR","potentialAction":[{"@type":"ReadAction","target":["https:\/\/www.minesparis.psl.eu\/isige\/actualites\/these-professionnelle-trois-journees-pour-faire-le-point-et-aller-plus-loin\/"]}]},{"@type":"ImageObject","inLanguage":"fr-FR","@id":"https:\/\/www.minesparis.psl.eu\/isige\/actualites\/these-professionnelle-trois-journees-pour-faire-le-point-et-aller-plus-loin\/#primaryimage","url":"https:\/\/www.minesparis.psl.eu\/isige\/wp-content\/uploads\/sites\/21\/2025\/06\/IMG_7050.jpg","contentUrl":"https:\/\/www.minesparis.psl.eu\/isige\/wp-content\/uploads\/sites\/21\/2025\/06\/IMG_7050.jpg","width":1200,"height":798},{"@type":"BreadcrumbList","@id":"https:\/\/www.minesparis.psl.eu\/isige\/actualites\/these-professionnelle-trois-journees-pour-faire-le-point-et-aller-plus-loin\/#breadcrumb","itemListElement":[{"@type":"ListItem","position":1,"name":"Accueil","item":"https:\/\/www.minesparis.psl.eu\/isige\/"},{"@type":"ListItem","position":2,"name":"Th\u00e8se professionnelle : trois journ\u00e9es pour faire le point et aller plus loin"}]},{"@type":"WebSite","@id":"https:\/\/www.minesparis.psl.eu\/isige\/#website","url":"https:\/\/www.minesparis.psl.eu\/isige\/","name":"ISIGE Mines Paris - PSL","description":"","publisher":{"@id":"https:\/\/www.minesparis.psl.eu\/isige\/#organization"},"potentialAction":[{"@type":"SearchAction","target":{"@type":"EntryPoint","urlTemplate":"https:\/\/www.minesparis.psl.eu\/isige\/?s={search_term_string}"},"query-input":{"@type":"PropertyValueSpecification","valueRequired":true,"valueName":"search_term_string"}}],"inLanguage":"fr-FR"},{"@type":"Organization","@id":"https:\/\/www.minesparis.psl.eu\/isige\/#organization","name":"ISIGE Mines Paris - PSL","url":"https:\/\/www.minesparis.psl.eu\/isige\/","logo":{"@type":"ImageObject","inLanguage":"fr-FR","@id":"https:\/\/www.minesparis.psl.eu\/isige\/#\/schema\/logo\/image\/","url":"https:\/\/www.minesparis.psl.eu\/isige\/wp-content\/uploads\/sites\/21\/2025\/02\/cropped-MinesParis-PSL-ISIGEOCoRVB-1.png","contentUrl":"https:\/\/www.minesparis.psl.eu\/isige\/wp-content\/uploads\/sites\/21\/2025\/02\/cropped-MinesParis-PSL-ISIGEOCoRVB-1.png","width":1584,"height":360,"caption":"ISIGE Mines Paris - PSL"},"image":{"@id":"https:\/\/www.minesparis.psl.eu\/isige\/#\/schema\/logo\/image\/"}}]}},"_links":{"self":[{"href":"https:\/\/www.minesparis.psl.eu\/isige\/wp-json\/wp\/v2\/actualites\/2965","targetHints":{"allow":["GET"]}}],"collection":[{"href":"https:\/\/www.minesparis.psl.eu\/isige\/wp-json\/wp\/v2\/actualites"}],"about":[{"href":"https:\/\/www.minesparis.psl.eu\/isige\/wp-json\/wp\/v2\/types\/actualites"}],"wp:featuredmedia":[{"embeddable":true,"href":"https:\/\/www.minesparis.psl.eu\/isige\/wp-json\/wp\/v2\/media\/2966"}],"wp:attachment":[{"href":"https:\/\/www.minesparis.psl.eu\/isige\/wp-json\/wp\/v2\/media?parent=2965"}],"wp:term":[{"taxonomy":"actualites-formats","embeddable":true,"href":"https:\/\/www.minesparis.psl.eu\/isige\/wp-json\/wp\/v2\/actualites-formats?post=2965"},{"taxonomy":"actualites-thematiques","embeddable":true,"href":"https:\/\/www.minesparis.psl.eu\/isige\/wp-json\/wp\/v2\/actualites-thematiques?post=2965"}],"curies":[{"name":"wp","href":"https:\/\/api.w.org\/{rel}","templated":true}]}}