{"id":2903,"date":"2025-05-23T15:18:24","date_gmt":"2025-05-23T13:18:24","guid":{"rendered":"https:\/\/www.minesparis.psl.eu\/isige\/?post_type=actualites&#038;p=2903"},"modified":"2025-06-18T12:24:59","modified_gmt":"2025-06-18T10:24:59","slug":"lancement-de-la-formation-se-reconnecter-au-vivant-pour-etre-acteur-de-la-transition-ecologique-2","status":"publish","type":"actualites","link":"https:\/\/www.minesparis.psl.eu\/isige\/actualites\/lancement-de-la-formation-se-reconnecter-au-vivant-pour-etre-acteur-de-la-transition-ecologique-2\/","title":{"rendered":"Lancement de la formation \u00ab Se (re)connecter au vivant pour \u00eatre acteur de la transition \u00e9cologique \u00bb"},"content":{"rendered":"\n<div class=\"container block-full-largeur\">\n\t<div class=\"row mt-4\">\n\t\t<div class=\"col-md-12\">\n\t\t\t<h2 data-start=\"293\" data-end=\"409\">Une formation innovante pour penser et incarner une transition durable<\/h2>\n<p data-start=\"798\" data-end=\"1079\">Organis\u00e9 en partenariat par <strong data-start=\"826\" data-end=\"867\">Executive Education MINES Paris \u2013 PSL<\/strong>, l\u2019<strong data-start=\"871\" data-end=\"900\">ISIGE \u2013 MINES Paris \u2013 PSL<\/strong> et <strong data-start=\"904\" data-end=\"931\">l\u2019Acad\u00e9mie \u00c9quicoaching<\/strong>, cet \u00e9v\u00e9nement a marqu\u00e9 le lancement d\u2019une <strong data-start=\"975\" data-end=\"1009\">nouvelle formation certifiante<\/strong> qui propose une <strong data-start=\"1026\" data-end=\"1078\">exp\u00e9rience transdisciplinaire et transformatrice<\/strong>.<\/p>\n<p data-start=\"798\" data-end=\"1079\"><img loading=\"lazy\" decoding=\"async\" class=\"alignnone size-large wp-image-2904\" src=\"https:\/\/www.minesparis.psl.eu\/isige\/wp-content\/uploads\/sites\/21\/2025\/05\/1-1-1024x1024.jpg\" alt=\"\" width=\"1024\" height=\"1024\" srcset=\"https:\/\/www.minesparis.psl.eu\/isige\/wp-content\/uploads\/sites\/21\/2025\/05\/1-1-1024x1024.jpg 1024w, https:\/\/www.minesparis.psl.eu\/isige\/wp-content\/uploads\/sites\/21\/2025\/05\/1-1-300x300.jpg 300w, https:\/\/www.minesparis.psl.eu\/isige\/wp-content\/uploads\/sites\/21\/2025\/05\/1-1-150x150.jpg 150w, https:\/\/www.minesparis.psl.eu\/isige\/wp-content\/uploads\/sites\/21\/2025\/05\/1-1-768x768.jpg 768w, https:\/\/www.minesparis.psl.eu\/isige\/wp-content\/uploads\/sites\/21\/2025\/05\/1-1.jpg 1200w\" sizes=\"auto, (max-width: 1024px) 100vw, 1024px\" \/><\/p>\n<p data-start=\"1081\" data-end=\"1196\">Intitul\u00e9e <strong data-start=\"1091\" data-end=\"1170\">\u00ab Se (re)connecter au vivant pour \u00eatre acteur de la transition \u00e9cologique \u00bb<\/strong>, cette formation vise \u00e0 :<\/p>\n<p data-start=\"1200\" data-end=\"1285\"><strong data-start=\"1203\" data-end=\"1285\">&#8211; D\u00e9velopper un leadership sensible au vivant et \u00e0 la complexit\u00e9 des \u00e9cosyst\u00e8mes<\/strong><\/p>\n<p data-start=\"1288\" data-end=\"1389\"><strong data-start=\"1291\" data-end=\"1389\">&#8211; Explorer les enjeux de biodiversit\u00e9, de climat et d\u2019eau \u00e0 travers une p\u00e9dagogie exp\u00e9rientielle<\/strong><\/p>\n<p><strong data-start=\"1395\" data-end=\"1427\">&#8211; S\u2019appuyer sur l\u2019\u00e9quicoaching<\/strong> pour revisiter les postures du leadership, la communication non verbale, et la gestion de l\u2019incertitude<\/p>\n<p data-start=\"1534\" data-end=\"1670\"><strong data-start=\"1537\" data-end=\"1566\">&#8211; Accompagner les d\u00e9cideurs<\/strong> dans l\u2019\u00e9laboration de <strong data-start=\"1589\" data-end=\"1670\">strat\u00e9gies de transition durables, r\u00e9silientes et align\u00e9es avec le temps long<\/strong><\/p>\n<p><img loading=\"lazy\" decoding=\"async\" class=\"alignnone size-large wp-image-2905\" src=\"https:\/\/www.minesparis.psl.eu\/isige\/wp-content\/uploads\/sites\/21\/2025\/05\/2-1-1024x1024.jpg\" alt=\"\" width=\"1024\" height=\"1024\" srcset=\"https:\/\/www.minesparis.psl.eu\/isige\/wp-content\/uploads\/sites\/21\/2025\/05\/2-1-1024x1024.jpg 1024w, https:\/\/www.minesparis.psl.eu\/isige\/wp-content\/uploads\/sites\/21\/2025\/05\/2-1-300x300.jpg 300w, https:\/\/www.minesparis.psl.eu\/isige\/wp-content\/uploads\/sites\/21\/2025\/05\/2-1-150x150.jpg 150w, https:\/\/www.minesparis.psl.eu\/isige\/wp-content\/uploads\/sites\/21\/2025\/05\/2-1-768x768.jpg 768w, https:\/\/www.minesparis.psl.eu\/isige\/wp-content\/uploads\/sites\/21\/2025\/05\/2-1.jpg 1200w\" sizes=\"auto, (max-width: 1024px) 100vw, 1024px\" \/><\/p>\n<h2 data-start=\"1672\" data-end=\"1743\">Une matin\u00e9e de r\u00e9flexion collective au c\u0153ur du patrimoine vivant<\/h2>\n<p data-start=\"1745\" data-end=\"1849\">Le programme d\u2019ouverture a \u00e9t\u00e9 ponctu\u00e9 de <strong data-start=\"1787\" data-end=\"1829\">prises de parole fortes et inspirantes<\/strong>, parmi lesquelles :<\/p>\n<p data-start=\"1853\" data-end=\"1972\"><strong data-start=\"1853\" data-end=\"1879\">&#8211; Pierre-Emmanuel Lecerf<\/strong>, administrateur g\u00e9n\u00e9ral du Ch\u00e2teau de Versailles, pour un mot d\u2019accueil tourn\u00e9 vers l\u2019avenir<\/p>\n<p data-start=\"1975\" data-end=\"2108\"><strong data-start=\"1975\" data-end=\"1996\">&#8211; G\u00e9rard Mestrallet<\/strong>, pr\u00e9sident d\u2019honneur d\u2019ENGIE et de SUEZ, appelant \u00e0 un <strong data-start=\"2052\" data-end=\"2108\">renouveau du leadership face aux limites plan\u00e9taires<\/strong><\/p>\n<p><img loading=\"lazy\" decoding=\"async\" class=\"alignnone size-large wp-image-2906\" src=\"https:\/\/www.minesparis.psl.eu\/isige\/wp-content\/uploads\/sites\/21\/2025\/05\/3-1-1024x1024.jpg\" alt=\"\" width=\"1024\" height=\"1024\" srcset=\"https:\/\/www.minesparis.psl.eu\/isige\/wp-content\/uploads\/sites\/21\/2025\/05\/3-1-1024x1024.jpg 1024w, https:\/\/www.minesparis.psl.eu\/isige\/wp-content\/uploads\/sites\/21\/2025\/05\/3-1-300x300.jpg 300w, https:\/\/www.minesparis.psl.eu\/isige\/wp-content\/uploads\/sites\/21\/2025\/05\/3-1-150x150.jpg 150w, https:\/\/www.minesparis.psl.eu\/isige\/wp-content\/uploads\/sites\/21\/2025\/05\/3-1-768x768.jpg 768w, https:\/\/www.minesparis.psl.eu\/isige\/wp-content\/uploads\/sites\/21\/2025\/05\/3-1.jpg 1200w\" sizes=\"auto, (max-width: 1024px) 100vw, 1024px\" \/><\/p>\n<p data-start=\"2110\" data-end=\"2238\">Une <strong data-start=\"2114\" data-end=\"2148\">table ronde interdisciplinaire<\/strong> a r\u00e9uni des personnalit\u00e9s engag\u00e9es pour une transition \u00e9cologique coh\u00e9rente et incarn\u00e9e :<\/p>\n<p data-start=\"2242\" data-end=\"2318\"><strong data-start=\"2242\" data-end=\"2264\">&#8211; Emmanuel Garbolino<\/strong>, enseignant-chercheur \u00e0 l\u2019ISIGE \u2013 MINES Paris \u2013 PSL<\/p>\n<p><strong data-start=\"2321\" data-end=\"2341\">&#8211; Jasha Oosterbaan<\/strong>, directrice de l\u2019ISIGE<\/p>\n<p data-start=\"2369\" data-end=\"2429\"><strong data-start=\"2369\" data-end=\"2392\">&#8211; Anne-Sylvie Bameule<\/strong>, pr\u00e9sidente des \u00e9ditions Actes Sud<\/p>\n<p data-start=\"2432\" data-end=\"2488\"><strong data-start=\"2432\" data-end=\"2448\">&#8211; Arnaud Camus<\/strong>, fondateur de l\u2019Acad\u00e9mie \u00c9quicoaching<\/p>\n<p data-start=\"2491\" data-end=\"2587\"><strong data-start=\"2491\" data-end=\"2519\">&#8211; Maximilien de Langautier<\/strong>, responsable p\u00e9dagogique de l\u2019Executive Education MINES Paris \u2013 PSL<\/p>\n<h2 data-start=\"2589\" data-end=\"2654\">Une p\u00e9dagogie en action : ressentir, observer, transformer<\/h2>\n<p data-start=\"2656\" data-end=\"2714\">Les participants ont pu vivre deux temps forts immersifs :<\/p>\n<p data-start=\"2718\" data-end=\"2885\">&#8211; Une <strong data-start=\"2722\" data-end=\"2756\">d\u00e9ambulation \u00e9cologique guid\u00e9e<\/strong> dans les jardins du Ch\u00e2teau de Versailles, pour <strong data-start=\"2805\" data-end=\"2885\">ancrer les enjeux environnementaux dans une lecture syst\u00e9mique du territoire<\/strong><\/p>\n<p data-start=\"2888\" data-end=\"3055\">&#8211; Une <strong data-start=\"2892\" data-end=\"2924\">d\u00e9monstration d\u2019\u00e9quicoaching<\/strong>, r\u00e9v\u00e9lant la <strong data-start=\"2938\" data-end=\"2996\">force de l\u2019\u00e9coute, de la posture, et du lien au vivant<\/strong> comme leviers de transformation individuelle et collective<\/p>\n<p><img loading=\"lazy\" decoding=\"async\" class=\"alignnone size-large wp-image-2907\" src=\"https:\/\/www.minesparis.psl.eu\/isige\/wp-content\/uploads\/sites\/21\/2025\/05\/4-1-1024x1024.jpg\" alt=\"\" width=\"1024\" height=\"1024\" srcset=\"https:\/\/www.minesparis.psl.eu\/isige\/wp-content\/uploads\/sites\/21\/2025\/05\/4-1-1024x1024.jpg 1024w, https:\/\/www.minesparis.psl.eu\/isige\/wp-content\/uploads\/sites\/21\/2025\/05\/4-1-300x300.jpg 300w, https:\/\/www.minesparis.psl.eu\/isige\/wp-content\/uploads\/sites\/21\/2025\/05\/4-1-150x150.jpg 150w, https:\/\/www.minesparis.psl.eu\/isige\/wp-content\/uploads\/sites\/21\/2025\/05\/4-1-768x768.jpg 768w, https:\/\/www.minesparis.psl.eu\/isige\/wp-content\/uploads\/sites\/21\/2025\/05\/4-1.jpg 1200w\" sizes=\"auto, (max-width: 1024px) 100vw, 1024px\" \/><\/p>\n<h2 data-start=\"3062\" data-end=\"3137\">Une formation pens\u00e9e pour les leaders de la transformation \u00e9cologique<\/h2>\n<p data-start=\"3139\" data-end=\"3264\">Ce programme s\u2019adresse aux <strong data-start=\"3166\" data-end=\"3247\">dirigeants, cadres, managers, responsables RSE, facilitateurs, ou consultants<\/strong> qui souhaitent :<\/p>\n<p data-start=\"3268\" data-end=\"3332\">&#8211; D\u00e9velopper une <strong data-start=\"3283\" data-end=\"3304\">vision syst\u00e9mique<\/strong> des enjeux environnementaux<\/p>\n<p data-start=\"3335\" data-end=\"3390\"><strong data-start=\"3335\" data-end=\"3390\">&#8211; (Re)connecter leur strat\u00e9gie aux r\u00e9alit\u00e9s du vivant<\/strong><\/p>\n<p data-start=\"3393\" data-end=\"3443\">&#8211; Renforcer leur posture de <strong data-start=\"3419\" data-end=\"3443\">leader en transition<\/strong><\/p>\n<p data-start=\"3446\" data-end=\"3505\">&#8211; Acqu\u00e9rir des <strong data-start=\"3459\" data-end=\"3505\">outils innovants de pilotage du changement<\/strong><\/p>\n<p data-start=\"3507\" data-end=\"3688\"><strong data-start=\"3510\" data-end=\"3518\">Lieu<\/strong> : Ch\u00e2teau de Versailles &amp; sessions en nature<br data-start=\"3563\" data-end=\"3566\" \/><strong data-start=\"3569\" data-end=\"3579\">Format<\/strong> : Sessions intensives et exp\u00e9riences de terrain<br data-start=\"3627\" data-end=\"3630\" \/><strong data-start=\"3633\" data-end=\"3688\">Certification Executive Education MINES Paris \u2013 PSL<\/strong><\/p>\n<p style=\"text-align: center\" data-start=\"3690\" data-end=\"3776\"><a class=\"button-mines btn-bleu flech lf-blanc\" href=\"https:\/\/executive-education.minesparis.psl.eu\/formations\/se-reconnecter-au-vivant-pour-etre-moteur-de-la-transition-ecologique\/\">En savoir plus<\/a><\/p>\n\t\t<\/div>\n\t<\/div>\n<\/div>","protected":false},"featured_media":2908,"template":"","actualites-formats":[70],"actualites-thematiques":[21],"class_list":["post-2903","actualites","type-actualites","status-publish","has-post-thumbnail","hentry"],"acf":[],"yoast_head":"<!-- This site is optimized with the Yoast SEO plugin v27.2 - https:\/\/yoast.com\/product\/yoast-seo-wordpress\/ -->\n<title>Lancement de la formation \u00ab Se (re)connecter au vivant pour \u00eatre acteur de la transition \u00e9cologique \u00bb - ISIGE Mines Paris - PSL<\/title>\n<meta name=\"description\" content=\"Equicoaching : Se (re)connecter au vivant pour \u00eatre acteur de la transition \u00e9cologique\" \/>\n<meta name=\"robots\" content=\"index, follow, max-snippet:-1, max-image-preview:large, max-video-preview:-1\" \/>\n<link rel=\"canonical\" href=\"https:\/\/www.minesparis.psl.eu\/isige\/actualites\/lancement-de-la-formation-se-reconnecter-au-vivant-pour-etre-acteur-de-la-transition-ecologique-2\/\" \/>\n<meta property=\"og:locale\" content=\"fr_FR\" \/>\n<meta property=\"og:type\" content=\"article\" \/>\n<meta property=\"og:title\" content=\"Lancement de la formation \u00ab Se (re)connecter au vivant pour \u00eatre acteur de la transition \u00e9cologique \u00bb - ISIGE Mines Paris - PSL\" \/>\n<meta property=\"og:description\" content=\"Equicoaching : Se (re)connecter au vivant pour \u00eatre acteur de la transition \u00e9cologique\" \/>\n<meta property=\"og:url\" content=\"https:\/\/www.minesparis.psl.eu\/isige\/actualites\/lancement-de-la-formation-se-reconnecter-au-vivant-pour-etre-acteur-de-la-transition-ecologique-2\/\" \/>\n<meta property=\"og:site_name\" content=\"ISIGE Mines Paris - PSL\" \/>\n<meta property=\"article:modified_time\" content=\"2025-06-18T10:24:59+00:00\" \/>\n<meta property=\"og:image\" content=\"https:\/\/www.minesparis.psl.eu\/isige\/wp-content\/uploads\/sites\/21\/2025\/05\/IMG_2275.jpg\" \/>\n\t<meta property=\"og:image:width\" content=\"1200\" \/>\n\t<meta property=\"og:image:height\" content=\"644\" \/>\n\t<meta property=\"og:image:type\" content=\"image\/jpeg\" \/>\n<meta name=\"twitter:card\" content=\"summary_large_image\" \/>\n<meta name=\"twitter:label1\" content=\"Dur\u00e9e de lecture estim\u00e9e\" \/>\n\t<meta name=\"twitter:data1\" content=\"1 minute\" \/>\n<script type=\"application\/ld+json\" class=\"yoast-schema-graph\">{\"@context\":\"https:\/\/schema.org\",\"@graph\":[{\"@type\":\"WebPage\",\"@id\":\"https:\/\/www.minesparis.psl.eu\/isige\/actualites\/lancement-de-la-formation-se-reconnecter-au-vivant-pour-etre-acteur-de-la-transition-ecologique-2\/\",\"url\":\"https:\/\/www.minesparis.psl.eu\/isige\/actualites\/lancement-de-la-formation-se-reconnecter-au-vivant-pour-etre-acteur-de-la-transition-ecologique-2\/\",\"name\":\"Lancement de la formation \u00ab Se (re)connecter au vivant pour \u00eatre acteur de la transition \u00e9cologique \u00bb - ISIGE Mines Paris - PSL\",\"isPartOf\":{\"@id\":\"https:\/\/www.minesparis.psl.eu\/isige\/#website\"},\"primaryImageOfPage\":{\"@id\":\"https:\/\/www.minesparis.psl.eu\/isige\/actualites\/lancement-de-la-formation-se-reconnecter-au-vivant-pour-etre-acteur-de-la-transition-ecologique-2\/#primaryimage\"},\"image\":{\"@id\":\"https:\/\/www.minesparis.psl.eu\/isige\/actualites\/lancement-de-la-formation-se-reconnecter-au-vivant-pour-etre-acteur-de-la-transition-ecologique-2\/#primaryimage\"},\"thumbnailUrl\":\"https:\/\/www.minesparis.psl.eu\/isige\/wp-content\/uploads\/sites\/21\/2025\/05\/IMG_2275.jpg\",\"datePublished\":\"2025-05-23T13:18:24+00:00\",\"dateModified\":\"2025-06-18T10:24:59+00:00\",\"description\":\"Equicoaching : Se (re)connecter au vivant pour \u00eatre acteur de la transition \u00e9cologique\",\"breadcrumb\":{\"@id\":\"https:\/\/www.minesparis.psl.eu\/isige\/actualites\/lancement-de-la-formation-se-reconnecter-au-vivant-pour-etre-acteur-de-la-transition-ecologique-2\/#breadcrumb\"},\"inLanguage\":\"fr-FR\",\"potentialAction\":[{\"@type\":\"ReadAction\",\"target\":[\"https:\/\/www.minesparis.psl.eu\/isige\/actualites\/lancement-de-la-formation-se-reconnecter-au-vivant-pour-etre-acteur-de-la-transition-ecologique-2\/\"]}]},{\"@type\":\"ImageObject\",\"inLanguage\":\"fr-FR\",\"@id\":\"https:\/\/www.minesparis.psl.eu\/isige\/actualites\/lancement-de-la-formation-se-reconnecter-au-vivant-pour-etre-acteur-de-la-transition-ecologique-2\/#primaryimage\",\"url\":\"https:\/\/www.minesparis.psl.eu\/isige\/wp-content\/uploads\/sites\/21\/2025\/05\/IMG_2275.jpg\",\"contentUrl\":\"https:\/\/www.minesparis.psl.eu\/isige\/wp-content\/uploads\/sites\/21\/2025\/05\/IMG_2275.jpg\",\"width\":1200,\"height\":644},{\"@type\":\"BreadcrumbList\",\"@id\":\"https:\/\/www.minesparis.psl.eu\/isige\/actualites\/lancement-de-la-formation-se-reconnecter-au-vivant-pour-etre-acteur-de-la-transition-ecologique-2\/#breadcrumb\",\"itemListElement\":[{\"@type\":\"ListItem\",\"position\":1,\"name\":\"Accueil\",\"item\":\"https:\/\/www.minesparis.psl.eu\/isige\/\"},{\"@type\":\"ListItem\",\"position\":2,\"name\":\"Lancement de la formation \u00ab Se (re)connecter au vivant pour \u00eatre acteur de la transition \u00e9cologique \u00bb\"}]},{\"@type\":\"WebSite\",\"@id\":\"https:\/\/www.minesparis.psl.eu\/isige\/#website\",\"url\":\"https:\/\/www.minesparis.psl.eu\/isige\/\",\"name\":\"ISIGE Mines Paris - PSL\",\"description\":\"\",\"publisher\":{\"@id\":\"https:\/\/www.minesparis.psl.eu\/isige\/#organization\"},\"potentialAction\":[{\"@type\":\"SearchAction\",\"target\":{\"@type\":\"EntryPoint\",\"urlTemplate\":\"https:\/\/www.minesparis.psl.eu\/isige\/?s={search_term_string}\"},\"query-input\":{\"@type\":\"PropertyValueSpecification\",\"valueRequired\":true,\"valueName\":\"search_term_string\"}}],\"inLanguage\":\"fr-FR\"},{\"@type\":\"Organization\",\"@id\":\"https:\/\/www.minesparis.psl.eu\/isige\/#organization\",\"name\":\"ISIGE Mines Paris - PSL\",\"url\":\"https:\/\/www.minesparis.psl.eu\/isige\/\",\"logo\":{\"@type\":\"ImageObject\",\"inLanguage\":\"fr-FR\",\"@id\":\"https:\/\/www.minesparis.psl.eu\/isige\/#\/schema\/logo\/image\/\",\"url\":\"https:\/\/www.minesparis.psl.eu\/isige\/wp-content\/uploads\/sites\/21\/2025\/02\/cropped-MinesParis-PSL-ISIGEOCoRVB-1.png\",\"contentUrl\":\"https:\/\/www.minesparis.psl.eu\/isige\/wp-content\/uploads\/sites\/21\/2025\/02\/cropped-MinesParis-PSL-ISIGEOCoRVB-1.png\",\"width\":1584,\"height\":360,\"caption\":\"ISIGE Mines Paris - PSL\"},\"image\":{\"@id\":\"https:\/\/www.minesparis.psl.eu\/isige\/#\/schema\/logo\/image\/\"}}]}<\/script>\n<!-- \/ Yoast SEO plugin. -->","yoast_head_json":{"title":"Lancement de la formation \u00ab Se (re)connecter au vivant pour \u00eatre acteur de la transition \u00e9cologique \u00bb - ISIGE Mines Paris - PSL","description":"Equicoaching : Se (re)connecter au vivant pour \u00eatre acteur de la transition \u00e9cologique","robots":{"index":"index","follow":"follow","max-snippet":"max-snippet:-1","max-image-preview":"max-image-preview:large","max-video-preview":"max-video-preview:-1"},"canonical":"https:\/\/www.minesparis.psl.eu\/isige\/actualites\/lancement-de-la-formation-se-reconnecter-au-vivant-pour-etre-acteur-de-la-transition-ecologique-2\/","og_locale":"fr_FR","og_type":"article","og_title":"Lancement de la formation \u00ab Se (re)connecter au vivant pour \u00eatre acteur de la transition \u00e9cologique \u00bb - ISIGE Mines Paris - PSL","og_description":"Equicoaching : Se (re)connecter au vivant pour \u00eatre acteur de la transition \u00e9cologique","og_url":"https:\/\/www.minesparis.psl.eu\/isige\/actualites\/lancement-de-la-formation-se-reconnecter-au-vivant-pour-etre-acteur-de-la-transition-ecologique-2\/","og_site_name":"ISIGE Mines Paris - PSL","article_modified_time":"2025-06-18T10:24:59+00:00","og_image":[{"width":1200,"height":644,"url":"https:\/\/www.minesparis.psl.eu\/isige\/wp-content\/uploads\/sites\/21\/2025\/05\/IMG_2275.jpg","type":"image\/jpeg"}],"twitter_card":"summary_large_image","twitter_misc":{"Dur\u00e9e de lecture estim\u00e9e":"1 minute"},"schema":{"@context":"https:\/\/schema.org","@graph":[{"@type":"WebPage","@id":"https:\/\/www.minesparis.psl.eu\/isige\/actualites\/lancement-de-la-formation-se-reconnecter-au-vivant-pour-etre-acteur-de-la-transition-ecologique-2\/","url":"https:\/\/www.minesparis.psl.eu\/isige\/actualites\/lancement-de-la-formation-se-reconnecter-au-vivant-pour-etre-acteur-de-la-transition-ecologique-2\/","name":"Lancement de la formation \u00ab Se (re)connecter au vivant pour \u00eatre acteur de la transition \u00e9cologique \u00bb - ISIGE Mines Paris - PSL","isPartOf":{"@id":"https:\/\/www.minesparis.psl.eu\/isige\/#website"},"primaryImageOfPage":{"@id":"https:\/\/www.minesparis.psl.eu\/isige\/actualites\/lancement-de-la-formation-se-reconnecter-au-vivant-pour-etre-acteur-de-la-transition-ecologique-2\/#primaryimage"},"image":{"@id":"https:\/\/www.minesparis.psl.eu\/isige\/actualites\/lancement-de-la-formation-se-reconnecter-au-vivant-pour-etre-acteur-de-la-transition-ecologique-2\/#primaryimage"},"thumbnailUrl":"https:\/\/www.minesparis.psl.eu\/isige\/wp-content\/uploads\/sites\/21\/2025\/05\/IMG_2275.jpg","datePublished":"2025-05-23T13:18:24+00:00","dateModified":"2025-06-18T10:24:59+00:00","description":"Equicoaching : Se (re)connecter au vivant pour \u00eatre acteur de la transition \u00e9cologique","breadcrumb":{"@id":"https:\/\/www.minesparis.psl.eu\/isige\/actualites\/lancement-de-la-formation-se-reconnecter-au-vivant-pour-etre-acteur-de-la-transition-ecologique-2\/#breadcrumb"},"inLanguage":"fr-FR","potentialAction":[{"@type":"ReadAction","target":["https:\/\/www.minesparis.psl.eu\/isige\/actualites\/lancement-de-la-formation-se-reconnecter-au-vivant-pour-etre-acteur-de-la-transition-ecologique-2\/"]}]},{"@type":"ImageObject","inLanguage":"fr-FR","@id":"https:\/\/www.minesparis.psl.eu\/isige\/actualites\/lancement-de-la-formation-se-reconnecter-au-vivant-pour-etre-acteur-de-la-transition-ecologique-2\/#primaryimage","url":"https:\/\/www.minesparis.psl.eu\/isige\/wp-content\/uploads\/sites\/21\/2025\/05\/IMG_2275.jpg","contentUrl":"https:\/\/www.minesparis.psl.eu\/isige\/wp-content\/uploads\/sites\/21\/2025\/05\/IMG_2275.jpg","width":1200,"height":644},{"@type":"BreadcrumbList","@id":"https:\/\/www.minesparis.psl.eu\/isige\/actualites\/lancement-de-la-formation-se-reconnecter-au-vivant-pour-etre-acteur-de-la-transition-ecologique-2\/#breadcrumb","itemListElement":[{"@type":"ListItem","position":1,"name":"Accueil","item":"https:\/\/www.minesparis.psl.eu\/isige\/"},{"@type":"ListItem","position":2,"name":"Lancement de la formation \u00ab Se (re)connecter au vivant pour \u00eatre acteur de la transition \u00e9cologique \u00bb"}]},{"@type":"WebSite","@id":"https:\/\/www.minesparis.psl.eu\/isige\/#website","url":"https:\/\/www.minesparis.psl.eu\/isige\/","name":"ISIGE Mines Paris - PSL","description":"","publisher":{"@id":"https:\/\/www.minesparis.psl.eu\/isige\/#organization"},"potentialAction":[{"@type":"SearchAction","target":{"@type":"EntryPoint","urlTemplate":"https:\/\/www.minesparis.psl.eu\/isige\/?s={search_term_string}"},"query-input":{"@type":"PropertyValueSpecification","valueRequired":true,"valueName":"search_term_string"}}],"inLanguage":"fr-FR"},{"@type":"Organization","@id":"https:\/\/www.minesparis.psl.eu\/isige\/#organization","name":"ISIGE Mines Paris - PSL","url":"https:\/\/www.minesparis.psl.eu\/isige\/","logo":{"@type":"ImageObject","inLanguage":"fr-FR","@id":"https:\/\/www.minesparis.psl.eu\/isige\/#\/schema\/logo\/image\/","url":"https:\/\/www.minesparis.psl.eu\/isige\/wp-content\/uploads\/sites\/21\/2025\/02\/cropped-MinesParis-PSL-ISIGEOCoRVB-1.png","contentUrl":"https:\/\/www.minesparis.psl.eu\/isige\/wp-content\/uploads\/sites\/21\/2025\/02\/cropped-MinesParis-PSL-ISIGEOCoRVB-1.png","width":1584,"height":360,"caption":"ISIGE Mines Paris - PSL"},"image":{"@id":"https:\/\/www.minesparis.psl.eu\/isige\/#\/schema\/logo\/image\/"}}]}},"_links":{"self":[{"href":"https:\/\/www.minesparis.psl.eu\/isige\/wp-json\/wp\/v2\/actualites\/2903","targetHints":{"allow":["GET"]}}],"collection":[{"href":"https:\/\/www.minesparis.psl.eu\/isige\/wp-json\/wp\/v2\/actualites"}],"about":[{"href":"https:\/\/www.minesparis.psl.eu\/isige\/wp-json\/wp\/v2\/types\/actualites"}],"wp:featuredmedia":[{"embeddable":true,"href":"https:\/\/www.minesparis.psl.eu\/isige\/wp-json\/wp\/v2\/media\/2908"}],"wp:attachment":[{"href":"https:\/\/www.minesparis.psl.eu\/isige\/wp-json\/wp\/v2\/media?parent=2903"}],"wp:term":[{"taxonomy":"actualites-formats","embeddable":true,"href":"https:\/\/www.minesparis.psl.eu\/isige\/wp-json\/wp\/v2\/actualites-formats?post=2903"},{"taxonomy":"actualites-thematiques","embeddable":true,"href":"https:\/\/www.minesparis.psl.eu\/isige\/wp-json\/wp\/v2\/actualites-thematiques?post=2903"}],"curies":[{"name":"wp","href":"https:\/\/api.w.org\/{rel}","templated":true}]}}