{"id":2831,"date":"2025-05-14T10:16:26","date_gmt":"2025-05-14T08:16:26","guid":{"rendered":"https:\/\/www.minesparis.psl.eu\/isige\/?post_type=actualites&#038;p=2831"},"modified":"2025-06-18T12:25:00","modified_gmt":"2025-06-18T10:25:00","slug":"lancement-de-la-formation-se-reconnecter-au-vivant-pour-etre-acteur-de-la-transition-ecologique","status":"publish","type":"actualites","link":"https:\/\/www.minesparis.psl.eu\/isige\/actualites\/lancement-de-la-formation-se-reconnecter-au-vivant-pour-etre-acteur-de-la-transition-ecologique\/","title":{"rendered":"Lancement de la formation : \u00ab Se (re)connecter au vivant pour \u00eatre acteur de la transition \u00e9cologique \u00bb"},"content":{"rendered":"\n<div class=\"container block-full-largeur\">\n\t<div class=\"row mt-4\">\n\t\t<div class=\"col-md-12\">\n\t\t\t<p class=\"\" style=\"text-align: justify\" data-start=\"558\" data-end=\"860\">Organis\u00e9e en partenariat par <strong data-start=\"587\" data-end=\"628\">Executive Education MINES Paris \u2013 PSL<\/strong>, <strong data-start=\"630\" data-end=\"659\">l\u2019ISIGE MINES Paris \u2013 PSL<\/strong> et <strong data-start=\"663\" data-end=\"690\">l\u2019Acad\u00e9mie \u00c9quicoaching<\/strong>, cette matin\u00e9e a propos\u00e9 un temps de r\u00e9flexion et d&rsquo;inspiration \u00e0 la crois\u00e9e des approches p\u00e9dagogiques innovantes, des enjeux \u00e9cologiques et du d\u00e9veloppement personnel.<\/p>\n<p data-start=\"558\" data-end=\"860\"><img loading=\"lazy\" decoding=\"async\" class=\"alignnone size-large wp-image-2832\" src=\"https:\/\/www.minesparis.psl.eu\/isige\/wp-content\/uploads\/sites\/21\/2025\/05\/1-1024x1024.jpg\" alt=\"\" width=\"1024\" height=\"1024\" srcset=\"https:\/\/www.minesparis.psl.eu\/isige\/wp-content\/uploads\/sites\/21\/2025\/05\/1-1024x1024.jpg 1024w, https:\/\/www.minesparis.psl.eu\/isige\/wp-content\/uploads\/sites\/21\/2025\/05\/1-300x300.jpg 300w, https:\/\/www.minesparis.psl.eu\/isige\/wp-content\/uploads\/sites\/21\/2025\/05\/1-150x150.jpg 150w, https:\/\/www.minesparis.psl.eu\/isige\/wp-content\/uploads\/sites\/21\/2025\/05\/1-768x768.jpg 768w, https:\/\/www.minesparis.psl.eu\/isige\/wp-content\/uploads\/sites\/21\/2025\/05\/1.jpg 1200w\" sizes=\"auto, (max-width: 1024px) 100vw, 1024px\" \/><\/p>\n<h2 style=\"text-align: justify\" data-start=\"862\" data-end=\"917\">Une formation transdisciplinaire et transformatrice<\/h2>\n<p class=\"\" style=\"text-align: justify\" data-start=\"919\" data-end=\"1021\">Ce nouveau programme propose une exp\u00e9rience unique \u00e0 l\u2019interface de plusieurs disciplines, combinant :<\/p>\n<p class=\"\" style=\"text-align: justify\" data-start=\"919\" data-end=\"1021\">&#8211; les apports de <strong data-start=\"1039\" data-end=\"1057\">l\u2019\u00e9quicoaching<\/strong> pour repenser les r\u00f4les du leadership ;<\/p>\n<p class=\"\" data-start=\"1100\" data-end=\"1235\"><strong data-start=\"1100\" data-end=\"1139\">&#8211; l\u2019observation des syst\u00e8mes naturels<\/strong> (biodiversit\u00e9, climat, cycle de l\u2019eau) pour mieux comprendre les interd\u00e9pendances \u00e9cologiques ;<\/p>\n<p class=\"\" data-start=\"1238\" data-end=\"1350\">&#8211; une <strong data-start=\"1242\" data-end=\"1267\">reconnexion au vivant<\/strong> comme levier d\u2019action pour accompagner les transitions durables sur le temps long.<\/p>\n<p><img loading=\"lazy\" decoding=\"async\" class=\"alignnone size-large wp-image-2833\" src=\"https:\/\/www.minesparis.psl.eu\/isige\/wp-content\/uploads\/sites\/21\/2025\/05\/2-1024x1024.jpg\" alt=\"\" width=\"1024\" height=\"1024\" srcset=\"https:\/\/www.minesparis.psl.eu\/isige\/wp-content\/uploads\/sites\/21\/2025\/05\/2-1024x1024.jpg 1024w, https:\/\/www.minesparis.psl.eu\/isige\/wp-content\/uploads\/sites\/21\/2025\/05\/2-300x300.jpg 300w, https:\/\/www.minesparis.psl.eu\/isige\/wp-content\/uploads\/sites\/21\/2025\/05\/2-150x150.jpg 150w, https:\/\/www.minesparis.psl.eu\/isige\/wp-content\/uploads\/sites\/21\/2025\/05\/2-768x768.jpg 768w, https:\/\/www.minesparis.psl.eu\/isige\/wp-content\/uploads\/sites\/21\/2025\/05\/2.jpg 1200w\" sizes=\"auto, (max-width: 1024px) 100vw, 1024px\" \/><\/p>\n<h2 style=\"text-align: justify\" data-start=\"1352\" data-end=\"1381\">Les temps forts de la matin\u00e9e<\/h2>\n<p class=\"\" style=\"text-align: justify\" data-start=\"1383\" data-end=\"1431\">Parmi les moments marquants de cette rencontre :<\/p>\n<p class=\"\" data-start=\"1434\" data-end=\"1539\">&#8211; une ouverture inspirante de <strong data-start=\"1462\" data-end=\"1488\">Pierre-Emmanuel Lecerf<\/strong>, administrateur g\u00e9n\u00e9ral du Ch\u00e2teau de Versailles ;<\/p>\n<p class=\"\" data-start=\"1542\" data-end=\"1703\">&#8211; l\u2019intervention engag\u00e9e de <strong data-start=\"1568\" data-end=\"1589\">G\u00e9rard Mestrallet<\/strong>, pr\u00e9sident d&rsquo;honneur d\u2019ENGIE et de SUEZ, sur l\u2019\u00e9mergence d\u2019un nouveau leadership face aux d\u00e9fis environnementaux.<\/p>\n<p><img loading=\"lazy\" decoding=\"async\" class=\"alignnone size-large wp-image-2834\" src=\"https:\/\/www.minesparis.psl.eu\/isige\/wp-content\/uploads\/sites\/21\/2025\/05\/3-1024x1024.jpg\" alt=\"\" width=\"1024\" height=\"1024\" srcset=\"https:\/\/www.minesparis.psl.eu\/isige\/wp-content\/uploads\/sites\/21\/2025\/05\/3-1024x1024.jpg 1024w, https:\/\/www.minesparis.psl.eu\/isige\/wp-content\/uploads\/sites\/21\/2025\/05\/3-300x300.jpg 300w, https:\/\/www.minesparis.psl.eu\/isige\/wp-content\/uploads\/sites\/21\/2025\/05\/3-150x150.jpg 150w, https:\/\/www.minesparis.psl.eu\/isige\/wp-content\/uploads\/sites\/21\/2025\/05\/3-768x768.jpg 768w, https:\/\/www.minesparis.psl.eu\/isige\/wp-content\/uploads\/sites\/21\/2025\/05\/3.jpg 1200w\" sizes=\"auto, (max-width: 1024px) 100vw, 1024px\" \/><\/p>\n<p class=\"\" style=\"text-align: justify\" data-start=\"1705\" data-end=\"1742\">Une <strong data-start=\"1709\" data-end=\"1724\">table ronde<\/strong> a ensuite r\u00e9uni :<\/p>\n<p class=\"\" data-start=\"1745\" data-end=\"1819\"><strong data-start=\"1745\" data-end=\"1767\">&#8211; Emmanuel Garbolino<\/strong>, enseignant-chercheur \u00e0 l\u2019ISIGE MINES Paris \u2013 PSL<\/p>\n<p class=\"\" data-start=\"1822\" data-end=\"1885\"><strong data-start=\"1822\" data-end=\"1842\">&#8211; Jasha Oosterbaan<\/strong>, directrice de l\u2019ISIGE MINES Paris \u2013 PSL<\/p>\n<p class=\"\" data-start=\"1888\" data-end=\"1948\"><strong data-start=\"1888\" data-end=\"1911\">&#8211; Anne-Sylvie Bameule<\/strong>, pr\u00e9sidente des \u00e9ditions Actes Sud<\/p>\n<p class=\"\" data-start=\"1951\" data-end=\"2007\"><strong data-start=\"1951\" data-end=\"1967\">&#8211; Arnaud Camus<\/strong>, fondateur de l\u2019Acad\u00e9mie \u00c9quicoaching<\/p>\n<p class=\"\" data-start=\"2010\" data-end=\"2106\"><strong data-start=\"2010\" data-end=\"2038\">&#8211; Maximilien de Langautier<\/strong>, responsable p\u00e9dagogique de l\u2019Executive Education MINES Paris \u2013 PSL<\/p>\n<ul>\n<li><img loading=\"lazy\" decoding=\"async\" class=\"alignnone size-large wp-image-2835\" src=\"https:\/\/www.minesparis.psl.eu\/isige\/wp-content\/uploads\/sites\/21\/2025\/05\/4-1024x1024.jpg\" alt=\"\" width=\"1024\" height=\"1024\" srcset=\"https:\/\/www.minesparis.psl.eu\/isige\/wp-content\/uploads\/sites\/21\/2025\/05\/4-1024x1024.jpg 1024w, https:\/\/www.minesparis.psl.eu\/isige\/wp-content\/uploads\/sites\/21\/2025\/05\/4-300x300.jpg 300w, https:\/\/www.minesparis.psl.eu\/isige\/wp-content\/uploads\/sites\/21\/2025\/05\/4-150x150.jpg 150w, https:\/\/www.minesparis.psl.eu\/isige\/wp-content\/uploads\/sites\/21\/2025\/05\/4-768x768.jpg 768w, https:\/\/www.minesparis.psl.eu\/isige\/wp-content\/uploads\/sites\/21\/2025\/05\/4.jpg 1200w\" sizes=\"auto, (max-width: 1024px) 100vw, 1024px\" \/><\/li>\n<\/ul>\n<h2 style=\"text-align: justify\" data-start=\"2108\" data-end=\"2149\">Une immersion sensorielle et concr\u00e8te<\/h2>\n<p class=\"\" style=\"text-align: justify\" data-start=\"2151\" data-end=\"2195\">Les participants ont \u00e9galement pris part \u00e0 :<\/p>\n<p class=\"\" data-start=\"2198\" data-end=\"2323\">&#8211; une <strong data-start=\"2202\" data-end=\"2229\">d\u00e9ambulation \u00e9cologique<\/strong> guid\u00e9e dans les jardins du Ch\u00e2teau, pour relier les enjeux environnementaux aux territoires ;<\/p>\n<p class=\"\" data-start=\"2326\" data-end=\"2515\">&#8211; une <strong data-start=\"2330\" data-end=\"2362\">d\u00e9monstration d\u2019\u00e9quicoaching<\/strong> pr\u00e8s de la fontaine de Neptune, mettant en lumi\u00e8re la force de la posture, de l\u2019\u00e9coute et de la communication non verbale dans l&rsquo;exercice du leadership.<\/p>\n<p class=\"\" style=\"text-align: justify\" data-start=\"2517\" data-end=\"2655\">Un grand merci \u00e0 l\u2019ensemble des intervenants et participants pour la richesse des \u00e9changes et l\u2019enthousiasme partag\u00e9 lors de ce lancement.<\/p>\n\t\t<\/div>\n\t<\/div>\n<\/div>","protected":false},"featured_media":2836,"template":"","actualites-formats":[70],"actualites-thematiques":[21],"class_list":["post-2831","actualites","type-actualites","status-publish","has-post-thumbnail","hentry"],"acf":[],"yoast_head":"<!-- This site is optimized with the Yoast SEO plugin v27.2 - https:\/\/yoast.com\/product\/yoast-seo-wordpress\/ -->\n<title>Lancement de la formation : \u00ab Se (re)connecter au vivant pour \u00eatre acteur de la transition \u00e9cologique \u00bb - ISIGE Mines Paris - PSL<\/title>\n<meta name=\"description\" content=\"\u00ab Se (re)connecter au vivant pour \u00eatre acteur de la transition \u00e9cologique \u00bb une formation propos\u00e9e par l&#039;ISIGE Mines Paris-PSL\" \/>\n<meta name=\"robots\" content=\"index, follow, max-snippet:-1, max-image-preview:large, max-video-preview:-1\" \/>\n<link rel=\"canonical\" href=\"https:\/\/www.minesparis.psl.eu\/isige\/actualites\/lancement-de-la-formation-se-reconnecter-au-vivant-pour-etre-acteur-de-la-transition-ecologique\/\" \/>\n<meta property=\"og:locale\" content=\"fr_FR\" \/>\n<meta property=\"og:type\" content=\"article\" \/>\n<meta property=\"og:title\" content=\"Lancement de la formation : \u00ab Se (re)connecter au vivant pour \u00eatre acteur de la transition \u00e9cologique \u00bb - ISIGE Mines Paris - PSL\" \/>\n<meta property=\"og:description\" content=\"\u00ab Se (re)connecter au vivant pour \u00eatre acteur de la transition \u00e9cologique \u00bb une formation propos\u00e9e par l&#039;ISIGE Mines Paris-PSL\" \/>\n<meta property=\"og:url\" content=\"https:\/\/www.minesparis.psl.eu\/isige\/actualites\/lancement-de-la-formation-se-reconnecter-au-vivant-pour-etre-acteur-de-la-transition-ecologique\/\" \/>\n<meta property=\"og:site_name\" content=\"ISIGE Mines Paris - PSL\" \/>\n<meta property=\"article:modified_time\" content=\"2025-06-18T10:25:00+00:00\" \/>\n<meta property=\"og:image\" content=\"https:\/\/www.minesparis.psl.eu\/isige\/wp-content\/uploads\/sites\/21\/2025\/05\/IMG_2223.jpg\" \/>\n\t<meta property=\"og:image:width\" content=\"1200\" \/>\n\t<meta property=\"og:image:height\" content=\"711\" \/>\n\t<meta property=\"og:image:type\" content=\"image\/jpeg\" \/>\n<meta name=\"twitter:card\" content=\"summary_large_image\" \/>\n<meta name=\"twitter:label1\" content=\"Dur\u00e9e de lecture estim\u00e9e\" \/>\n\t<meta name=\"twitter:data1\" content=\"1 minute\" \/>\n<script type=\"application\/ld+json\" class=\"yoast-schema-graph\">{\"@context\":\"https:\/\/schema.org\",\"@graph\":[{\"@type\":\"WebPage\",\"@id\":\"https:\/\/www.minesparis.psl.eu\/isige\/actualites\/lancement-de-la-formation-se-reconnecter-au-vivant-pour-etre-acteur-de-la-transition-ecologique\/\",\"url\":\"https:\/\/www.minesparis.psl.eu\/isige\/actualites\/lancement-de-la-formation-se-reconnecter-au-vivant-pour-etre-acteur-de-la-transition-ecologique\/\",\"name\":\"Lancement de la formation : \u00ab Se (re)connecter au vivant pour \u00eatre acteur de la transition \u00e9cologique \u00bb - ISIGE Mines Paris - PSL\",\"isPartOf\":{\"@id\":\"https:\/\/www.minesparis.psl.eu\/isige\/#website\"},\"primaryImageOfPage\":{\"@id\":\"https:\/\/www.minesparis.psl.eu\/isige\/actualites\/lancement-de-la-formation-se-reconnecter-au-vivant-pour-etre-acteur-de-la-transition-ecologique\/#primaryimage\"},\"image\":{\"@id\":\"https:\/\/www.minesparis.psl.eu\/isige\/actualites\/lancement-de-la-formation-se-reconnecter-au-vivant-pour-etre-acteur-de-la-transition-ecologique\/#primaryimage\"},\"thumbnailUrl\":\"https:\/\/www.minesparis.psl.eu\/isige\/wp-content\/uploads\/sites\/21\/2025\/05\/IMG_2223.jpg\",\"datePublished\":\"2025-05-14T08:16:26+00:00\",\"dateModified\":\"2025-06-18T10:25:00+00:00\",\"description\":\"\u00ab Se (re)connecter au vivant pour \u00eatre acteur de la transition \u00e9cologique \u00bb une formation propos\u00e9e par l'ISIGE Mines Paris-PSL\",\"breadcrumb\":{\"@id\":\"https:\/\/www.minesparis.psl.eu\/isige\/actualites\/lancement-de-la-formation-se-reconnecter-au-vivant-pour-etre-acteur-de-la-transition-ecologique\/#breadcrumb\"},\"inLanguage\":\"fr-FR\",\"potentialAction\":[{\"@type\":\"ReadAction\",\"target\":[\"https:\/\/www.minesparis.psl.eu\/isige\/actualites\/lancement-de-la-formation-se-reconnecter-au-vivant-pour-etre-acteur-de-la-transition-ecologique\/\"]}]},{\"@type\":\"ImageObject\",\"inLanguage\":\"fr-FR\",\"@id\":\"https:\/\/www.minesparis.psl.eu\/isige\/actualites\/lancement-de-la-formation-se-reconnecter-au-vivant-pour-etre-acteur-de-la-transition-ecologique\/#primaryimage\",\"url\":\"https:\/\/www.minesparis.psl.eu\/isige\/wp-content\/uploads\/sites\/21\/2025\/05\/IMG_2223.jpg\",\"contentUrl\":\"https:\/\/www.minesparis.psl.eu\/isige\/wp-content\/uploads\/sites\/21\/2025\/05\/IMG_2223.jpg\",\"width\":1200,\"height\":711,\"caption\":\"\u00ab Se (re)connecter au vivant pour \u00eatre acteur de la transition \u00e9cologique \u00bb\"},{\"@type\":\"BreadcrumbList\",\"@id\":\"https:\/\/www.minesparis.psl.eu\/isige\/actualites\/lancement-de-la-formation-se-reconnecter-au-vivant-pour-etre-acteur-de-la-transition-ecologique\/#breadcrumb\",\"itemListElement\":[{\"@type\":\"ListItem\",\"position\":1,\"name\":\"Accueil\",\"item\":\"https:\/\/www.minesparis.psl.eu\/isige\/\"},{\"@type\":\"ListItem\",\"position\":2,\"name\":\"Lancement de la formation : \u00ab Se (re)connecter au vivant pour \u00eatre acteur de la transition \u00e9cologique \u00bb\"}]},{\"@type\":\"WebSite\",\"@id\":\"https:\/\/www.minesparis.psl.eu\/isige\/#website\",\"url\":\"https:\/\/www.minesparis.psl.eu\/isige\/\",\"name\":\"ISIGE Mines Paris - PSL\",\"description\":\"\",\"publisher\":{\"@id\":\"https:\/\/www.minesparis.psl.eu\/isige\/#organization\"},\"potentialAction\":[{\"@type\":\"SearchAction\",\"target\":{\"@type\":\"EntryPoint\",\"urlTemplate\":\"https:\/\/www.minesparis.psl.eu\/isige\/?s={search_term_string}\"},\"query-input\":{\"@type\":\"PropertyValueSpecification\",\"valueRequired\":true,\"valueName\":\"search_term_string\"}}],\"inLanguage\":\"fr-FR\"},{\"@type\":\"Organization\",\"@id\":\"https:\/\/www.minesparis.psl.eu\/isige\/#organization\",\"name\":\"ISIGE Mines Paris - PSL\",\"url\":\"https:\/\/www.minesparis.psl.eu\/isige\/\",\"logo\":{\"@type\":\"ImageObject\",\"inLanguage\":\"fr-FR\",\"@id\":\"https:\/\/www.minesparis.psl.eu\/isige\/#\/schema\/logo\/image\/\",\"url\":\"https:\/\/www.minesparis.psl.eu\/isige\/wp-content\/uploads\/sites\/21\/2025\/02\/cropped-MinesParis-PSL-ISIGEOCoRVB-1.png\",\"contentUrl\":\"https:\/\/www.minesparis.psl.eu\/isige\/wp-content\/uploads\/sites\/21\/2025\/02\/cropped-MinesParis-PSL-ISIGEOCoRVB-1.png\",\"width\":1584,\"height\":360,\"caption\":\"ISIGE Mines Paris - PSL\"},\"image\":{\"@id\":\"https:\/\/www.minesparis.psl.eu\/isige\/#\/schema\/logo\/image\/\"}}]}<\/script>\n<!-- \/ Yoast SEO plugin. -->","yoast_head_json":{"title":"Lancement de la formation : \u00ab Se (re)connecter au vivant pour \u00eatre acteur de la transition \u00e9cologique \u00bb - ISIGE Mines Paris - PSL","description":"\u00ab Se (re)connecter au vivant pour \u00eatre acteur de la transition \u00e9cologique \u00bb une formation propos\u00e9e par l'ISIGE Mines Paris-PSL","robots":{"index":"index","follow":"follow","max-snippet":"max-snippet:-1","max-image-preview":"max-image-preview:large","max-video-preview":"max-video-preview:-1"},"canonical":"https:\/\/www.minesparis.psl.eu\/isige\/actualites\/lancement-de-la-formation-se-reconnecter-au-vivant-pour-etre-acteur-de-la-transition-ecologique\/","og_locale":"fr_FR","og_type":"article","og_title":"Lancement de la formation : \u00ab Se (re)connecter au vivant pour \u00eatre acteur de la transition \u00e9cologique \u00bb - ISIGE Mines Paris - PSL","og_description":"\u00ab Se (re)connecter au vivant pour \u00eatre acteur de la transition \u00e9cologique \u00bb une formation propos\u00e9e par l'ISIGE Mines Paris-PSL","og_url":"https:\/\/www.minesparis.psl.eu\/isige\/actualites\/lancement-de-la-formation-se-reconnecter-au-vivant-pour-etre-acteur-de-la-transition-ecologique\/","og_site_name":"ISIGE Mines Paris - PSL","article_modified_time":"2025-06-18T10:25:00+00:00","og_image":[{"width":1200,"height":711,"url":"https:\/\/www.minesparis.psl.eu\/isige\/wp-content\/uploads\/sites\/21\/2025\/05\/IMG_2223.jpg","type":"image\/jpeg"}],"twitter_card":"summary_large_image","twitter_misc":{"Dur\u00e9e de lecture estim\u00e9e":"1 minute"},"schema":{"@context":"https:\/\/schema.org","@graph":[{"@type":"WebPage","@id":"https:\/\/www.minesparis.psl.eu\/isige\/actualites\/lancement-de-la-formation-se-reconnecter-au-vivant-pour-etre-acteur-de-la-transition-ecologique\/","url":"https:\/\/www.minesparis.psl.eu\/isige\/actualites\/lancement-de-la-formation-se-reconnecter-au-vivant-pour-etre-acteur-de-la-transition-ecologique\/","name":"Lancement de la formation : \u00ab Se (re)connecter au vivant pour \u00eatre acteur de la transition \u00e9cologique \u00bb - ISIGE Mines Paris - PSL","isPartOf":{"@id":"https:\/\/www.minesparis.psl.eu\/isige\/#website"},"primaryImageOfPage":{"@id":"https:\/\/www.minesparis.psl.eu\/isige\/actualites\/lancement-de-la-formation-se-reconnecter-au-vivant-pour-etre-acteur-de-la-transition-ecologique\/#primaryimage"},"image":{"@id":"https:\/\/www.minesparis.psl.eu\/isige\/actualites\/lancement-de-la-formation-se-reconnecter-au-vivant-pour-etre-acteur-de-la-transition-ecologique\/#primaryimage"},"thumbnailUrl":"https:\/\/www.minesparis.psl.eu\/isige\/wp-content\/uploads\/sites\/21\/2025\/05\/IMG_2223.jpg","datePublished":"2025-05-14T08:16:26+00:00","dateModified":"2025-06-18T10:25:00+00:00","description":"\u00ab Se (re)connecter au vivant pour \u00eatre acteur de la transition \u00e9cologique \u00bb une formation propos\u00e9e par l'ISIGE Mines Paris-PSL","breadcrumb":{"@id":"https:\/\/www.minesparis.psl.eu\/isige\/actualites\/lancement-de-la-formation-se-reconnecter-au-vivant-pour-etre-acteur-de-la-transition-ecologique\/#breadcrumb"},"inLanguage":"fr-FR","potentialAction":[{"@type":"ReadAction","target":["https:\/\/www.minesparis.psl.eu\/isige\/actualites\/lancement-de-la-formation-se-reconnecter-au-vivant-pour-etre-acteur-de-la-transition-ecologique\/"]}]},{"@type":"ImageObject","inLanguage":"fr-FR","@id":"https:\/\/www.minesparis.psl.eu\/isige\/actualites\/lancement-de-la-formation-se-reconnecter-au-vivant-pour-etre-acteur-de-la-transition-ecologique\/#primaryimage","url":"https:\/\/www.minesparis.psl.eu\/isige\/wp-content\/uploads\/sites\/21\/2025\/05\/IMG_2223.jpg","contentUrl":"https:\/\/www.minesparis.psl.eu\/isige\/wp-content\/uploads\/sites\/21\/2025\/05\/IMG_2223.jpg","width":1200,"height":711,"caption":"\u00ab Se (re)connecter au vivant pour \u00eatre acteur de la transition \u00e9cologique \u00bb"},{"@type":"BreadcrumbList","@id":"https:\/\/www.minesparis.psl.eu\/isige\/actualites\/lancement-de-la-formation-se-reconnecter-au-vivant-pour-etre-acteur-de-la-transition-ecologique\/#breadcrumb","itemListElement":[{"@type":"ListItem","position":1,"name":"Accueil","item":"https:\/\/www.minesparis.psl.eu\/isige\/"},{"@type":"ListItem","position":2,"name":"Lancement de la formation : \u00ab Se (re)connecter au vivant pour \u00eatre acteur de la transition \u00e9cologique \u00bb"}]},{"@type":"WebSite","@id":"https:\/\/www.minesparis.psl.eu\/isige\/#website","url":"https:\/\/www.minesparis.psl.eu\/isige\/","name":"ISIGE Mines Paris - PSL","description":"","publisher":{"@id":"https:\/\/www.minesparis.psl.eu\/isige\/#organization"},"potentialAction":[{"@type":"SearchAction","target":{"@type":"EntryPoint","urlTemplate":"https:\/\/www.minesparis.psl.eu\/isige\/?s={search_term_string}"},"query-input":{"@type":"PropertyValueSpecification","valueRequired":true,"valueName":"search_term_string"}}],"inLanguage":"fr-FR"},{"@type":"Organization","@id":"https:\/\/www.minesparis.psl.eu\/isige\/#organization","name":"ISIGE Mines Paris - PSL","url":"https:\/\/www.minesparis.psl.eu\/isige\/","logo":{"@type":"ImageObject","inLanguage":"fr-FR","@id":"https:\/\/www.minesparis.psl.eu\/isige\/#\/schema\/logo\/image\/","url":"https:\/\/www.minesparis.psl.eu\/isige\/wp-content\/uploads\/sites\/21\/2025\/02\/cropped-MinesParis-PSL-ISIGEOCoRVB-1.png","contentUrl":"https:\/\/www.minesparis.psl.eu\/isige\/wp-content\/uploads\/sites\/21\/2025\/02\/cropped-MinesParis-PSL-ISIGEOCoRVB-1.png","width":1584,"height":360,"caption":"ISIGE Mines Paris - PSL"},"image":{"@id":"https:\/\/www.minesparis.psl.eu\/isige\/#\/schema\/logo\/image\/"}}]}},"_links":{"self":[{"href":"https:\/\/www.minesparis.psl.eu\/isige\/wp-json\/wp\/v2\/actualites\/2831","targetHints":{"allow":["GET"]}}],"collection":[{"href":"https:\/\/www.minesparis.psl.eu\/isige\/wp-json\/wp\/v2\/actualites"}],"about":[{"href":"https:\/\/www.minesparis.psl.eu\/isige\/wp-json\/wp\/v2\/types\/actualites"}],"wp:featuredmedia":[{"embeddable":true,"href":"https:\/\/www.minesparis.psl.eu\/isige\/wp-json\/wp\/v2\/media\/2836"}],"wp:attachment":[{"href":"https:\/\/www.minesparis.psl.eu\/isige\/wp-json\/wp\/v2\/media?parent=2831"}],"wp:term":[{"taxonomy":"actualites-formats","embeddable":true,"href":"https:\/\/www.minesparis.psl.eu\/isige\/wp-json\/wp\/v2\/actualites-formats?post=2831"},{"taxonomy":"actualites-thematiques","embeddable":true,"href":"https:\/\/www.minesparis.psl.eu\/isige\/wp-json\/wp\/v2\/actualites-thematiques?post=2831"}],"curies":[{"name":"wp","href":"https:\/\/api.w.org\/{rel}","templated":true}]}}