{"id":2820,"date":"2025-05-13T16:00:04","date_gmt":"2025-05-13T14:00:04","guid":{"rendered":"https:\/\/www.minesparis.psl.eu\/isige\/?post_type=actualites&#038;p=2820"},"modified":"2025-06-18T12:25:00","modified_gmt":"2025-06-18T10:25:00","slug":"de-la-theorie-a-laction-immersion-territoriale-dans-le-golfe-du-morbihan","status":"publish","type":"actualites","link":"https:\/\/www.minesparis.psl.eu\/isige\/actualites\/de-la-theorie-a-laction-immersion-territoriale-dans-le-golfe-du-morbihan\/","title":{"rendered":"De la th\u00e9orie \u00e0 l\u2019action : immersion territoriale dans le Golfe du Morbihan"},"content":{"rendered":"\n<div class=\"container block-full-largeur\">\n\t<div class=\"row mt-4\">\n\t\t<div class=\"col-md-12\">\n\t\t\t<h2 style=\"text-align: justify\" data-start=\"752\" data-end=\"814\">Une immersion dans les dynamiques locales de transition<\/h2>\n<p><img loading=\"lazy\" decoding=\"async\" class=\"alignnone size-large wp-image-2821\" src=\"https:\/\/www.minesparis.psl.eu\/isige\/wp-content\/uploads\/sites\/21\/2025\/05\/1746543797760-1024x1024.jpeg\" alt=\"\" width=\"1024\" height=\"1024\" srcset=\"https:\/\/www.minesparis.psl.eu\/isige\/wp-content\/uploads\/sites\/21\/2025\/05\/1746543797760-1024x1024.jpeg 1024w, https:\/\/www.minesparis.psl.eu\/isige\/wp-content\/uploads\/sites\/21\/2025\/05\/1746543797760-300x300.jpeg 300w, https:\/\/www.minesparis.psl.eu\/isige\/wp-content\/uploads\/sites\/21\/2025\/05\/1746543797760-150x150.jpeg 150w, https:\/\/www.minesparis.psl.eu\/isige\/wp-content\/uploads\/sites\/21\/2025\/05\/1746543797760-768x768.jpeg 768w, https:\/\/www.minesparis.psl.eu\/isige\/wp-content\/uploads\/sites\/21\/2025\/05\/1746543797760.jpeg 1200w\" sizes=\"auto, (max-width: 1024px) 100vw, 1024px\" \/><\/p>\n<p class=\"\" style=\"text-align: justify\" data-start=\"816\" data-end=\"922\">Organis\u00e9 autour de <strong data-start=\"835\" data-end=\"860\">rencontres de terrain<\/strong>, ce voyage avait pour objectif de permettre aux \u00e9tudiant\u00b7es :<\/p>\n<p class=\"\" data-start=\"925\" data-end=\"1019\">&#8211; de <strong data-start=\"928\" data-end=\"999\">mieux comprendre les enjeux syst\u00e9miques de la transition \u00e9cologique<\/strong> \u00e0 l\u2019\u00e9chelle locale,<\/p>\n<p class=\"\" data-start=\"1022\" data-end=\"1100\">&#8211; d\u2019<strong data-start=\"1024\" data-end=\"1066\">analyser les leviers d\u2019action concrets<\/strong> mobilis\u00e9s par des acteurs vari\u00e9s,<\/p>\n<p class=\"\" data-start=\"1103\" data-end=\"1222\">&#8211; et d\u2019<strong data-start=\"1108\" data-end=\"1186\">interroger la diversit\u00e9 des trajectoires, des tensions et des coop\u00e9rations<\/strong> au service d\u2019un changement durable.<\/p>\n<p class=\"\" style=\"text-align: justify\" data-start=\"1224\" data-end=\"1436\">\u00c0 travers une itin\u00e9rance entre <strong data-start=\"1255\" data-end=\"1322\">Vannes, Auray, Crac\u2019h, Carnac, Elven et la presqu\u2019\u00eele de G\u00e2vres<\/strong>, les participant\u00b7es ont d\u00e9couvert une mosa\u00efque d\u2019initiatives innovantes, ancr\u00e9es dans les r\u00e9alit\u00e9s du territoire.<\/p>\n<p data-start=\"1224\" data-end=\"1436\"><img loading=\"lazy\" decoding=\"async\" class=\"alignnone size-large wp-image-2825\" src=\"https:\/\/www.minesparis.psl.eu\/isige\/wp-content\/uploads\/sites\/21\/2025\/05\/1746543798017-1024x1024.jpeg\" alt=\"\" width=\"1024\" height=\"1024\" srcset=\"https:\/\/www.minesparis.psl.eu\/isige\/wp-content\/uploads\/sites\/21\/2025\/05\/1746543798017-1024x1024.jpeg 1024w, https:\/\/www.minesparis.psl.eu\/isige\/wp-content\/uploads\/sites\/21\/2025\/05\/1746543798017-300x300.jpeg 300w, https:\/\/www.minesparis.psl.eu\/isige\/wp-content\/uploads\/sites\/21\/2025\/05\/1746543798017-150x150.jpeg 150w, https:\/\/www.minesparis.psl.eu\/isige\/wp-content\/uploads\/sites\/21\/2025\/05\/1746543798017-768x768.jpeg 768w, https:\/\/www.minesparis.psl.eu\/isige\/wp-content\/uploads\/sites\/21\/2025\/05\/1746543798017.jpeg 1200w\" sizes=\"auto, (max-width: 1024px) 100vw, 1024px\" \/><\/p>\n<h2 style=\"text-align: justify\" data-start=\"1438\" data-end=\"1475\">Des rencontres inspirantes<\/h2>\n<p class=\"\" data-start=\"1479\" data-end=\"1791\"><strong data-start=\"1479\" data-end=\"1508\">&#8211; Clim\u2019actions Bretagne Sud<\/strong><br data-start=\"1508\" data-end=\"1511\" \/>Association citoyenne exemplaire, elle d\u00e9veloppe des outils de sensibilisation, de co-construction de projets et d\u2019observation locale des effets du changement climatique. Un acteur cl\u00e9 d\u2019une <strong data-start=\"1704\" data-end=\"1742\">d\u00e9mocratie environnementale active<\/strong>, reliant collectivit\u00e9s, entreprises et citoyens.<\/p>\n<p class=\"\" data-start=\"1795\" data-end=\"1991\"><strong data-start=\"1795\" data-end=\"1809\">&#8211; Ty Hu\u00eetres<\/strong><br data-start=\"1809\" data-end=\"1812\" \/>Entreprise ostr\u00e9icole familiale o\u00f9 <strong data-start=\"1849\" data-end=\"1896\">aquaculture rime avec innovation \u00e9cologique<\/strong>. Elle incarne une approche durable, respectueuse du vivant et int\u00e9gr\u00e9e aux \u00e9cosyst\u00e8mes marins.<\/p>\n<p class=\"\" data-start=\"1995\" data-end=\"2220\"><strong data-start=\"1995\" data-end=\"2013\">&#8211; Kian Spiruline<\/strong><br data-start=\"2013\" data-end=\"2016\" \/>Micro-ferme en circuits courts produisant une spiruline artisanale. Une d\u00e9marche exemplaire en mati\u00e8re de <strong data-start=\"2124\" data-end=\"2174\">sobri\u00e9t\u00e9 \u00e9nerg\u00e9tique et d&rsquo;alimentation durable<\/strong>, alliant innovation, autonomie et r\u00e9silience.<\/p>\n<p class=\"\" data-start=\"2224\" data-end=\"2493\"><strong data-start=\"2224\" data-end=\"2239\">&#8211; Maison Glaz<\/strong><br data-start=\"2239\" data-end=\"2242\" \/>Tiers-lieu situ\u00e9 sur la presqu\u2019\u00eele de G\u00e2vres, \u00e0 la crois\u00e9e de la <strong data-start=\"2309\" data-end=\"2380\">culture, de l\u2019\u00e9ducation \u00e0 l\u2019environnement et de la recherche-action<\/strong>. Un lieu inspirant, laboratoire d\u2019initiatives citoyennes et scientifiques autour de la <strong data-start=\"2468\" data-end=\"2492\">r\u00e9silience littorale<\/strong>.<\/p>\n<p class=\"\" data-start=\"2497\" data-end=\"2746\"><strong data-start=\"2497\" data-end=\"2521\">&#8211; Les Bottes d\u2019An\u00e9mone<\/strong><br data-start=\"2521\" data-end=\"2524\" \/>Ferme florale engag\u00e9e dans une <strong data-start=\"2557\" data-end=\"2605\">agriculture respectueuse des cycles naturels<\/strong>, valorisant les fleurs locales, de saison, sans intrants chimiques. Quand l\u2019agriculture devient po\u00e9tique, engag\u00e9e et align\u00e9e avec le vivant.<\/p>\n<p class=\"\" data-start=\"2750\" data-end=\"3019\"><strong data-start=\"2750\" data-end=\"2770\">&#8211; Symrise Pet Food<\/strong><br data-start=\"2770\" data-end=\"2773\" \/>Groupe industriel international qui place la <strong data-start=\"2820\" data-end=\"2867\">durabilit\u00e9 au c\u0153ur de son mod\u00e8le \u00e9conomique<\/strong>. Innovation, gestion responsable des ressources et transformation des pratiques en lien avec les nouveaux enjeux alimentaires des animaux de compagnie.<\/p>\n<p><img loading=\"lazy\" decoding=\"async\" class=\"alignnone size-large wp-image-2824\" src=\"https:\/\/www.minesparis.psl.eu\/isige\/wp-content\/uploads\/sites\/21\/2025\/05\/1746543797700-1024x1024.jpeg\" alt=\"\" width=\"1024\" height=\"1024\" srcset=\"https:\/\/www.minesparis.psl.eu\/isige\/wp-content\/uploads\/sites\/21\/2025\/05\/1746543797700-1024x1024.jpeg 1024w, https:\/\/www.minesparis.psl.eu\/isige\/wp-content\/uploads\/sites\/21\/2025\/05\/1746543797700-300x300.jpeg 300w, https:\/\/www.minesparis.psl.eu\/isige\/wp-content\/uploads\/sites\/21\/2025\/05\/1746543797700-150x150.jpeg 150w, https:\/\/www.minesparis.psl.eu\/isige\/wp-content\/uploads\/sites\/21\/2025\/05\/1746543797700-768x768.jpeg 768w, https:\/\/www.minesparis.psl.eu\/isige\/wp-content\/uploads\/sites\/21\/2025\/05\/1746543797700.jpeg 1200w\" sizes=\"auto, (max-width: 1024px) 100vw, 1024px\" \/><\/p>\n<h2 style=\"text-align: justify\" data-start=\"3021\" data-end=\"3067\">Une exp\u00e9rience p\u00e9dagogique transversale<\/h2>\n<p class=\"\" style=\"text-align: justify\" data-start=\"3069\" data-end=\"3116\">Ce voyage d\u2019\u00e9tude a permis aux \u00e9tudiant\u00b7es de :<\/p>\n<p class=\"\" data-start=\"3119\" data-end=\"3203\"><strong data-start=\"3119\" data-end=\"3155\">&#8211; D\u00e9velopper une vision syst\u00e9mique<\/strong> des enjeux environnementaux \u00e0 l\u2019\u00e9chelle locale,<\/p>\n<p class=\"\" data-start=\"3206\" data-end=\"3315\"><strong data-start=\"3206\" data-end=\"3242\">&#8211; Articuler les logiques d\u2019acteurs<\/strong> issus du monde \u00e9conomique, associatif, agricole, industriel ou culturel,<\/p>\n<p class=\"\" data-start=\"3318\" data-end=\"3464\"><strong data-start=\"3318\" data-end=\"3364\">&#8211; Rencontrer des porteurs de projets engag\u00e9s<\/strong>, qui \u0153uvrent quotidiennement \u00e0 des transitions concr\u00e8tes, parfois dans la complexit\u00e9 ou la tension,<\/p>\n<p class=\"\" data-start=\"3467\" data-end=\"3603\">&#8211; Et surtout, de <strong data-start=\"3482\" data-end=\"3515\">nourrir leur propre r\u00e9flexion<\/strong> sur les trajectoires professionnelles possibles dans le champ du d\u00e9veloppement durable.<\/p>\n<p><img loading=\"lazy\" decoding=\"async\" class=\"alignnone size-large wp-image-2823\" src=\"https:\/\/www.minesparis.psl.eu\/isige\/wp-content\/uploads\/sites\/21\/2025\/05\/1746543797765-1024x1024.jpeg\" alt=\"\" width=\"1024\" height=\"1024\" srcset=\"https:\/\/www.minesparis.psl.eu\/isige\/wp-content\/uploads\/sites\/21\/2025\/05\/1746543797765-1024x1024.jpeg 1024w, https:\/\/www.minesparis.psl.eu\/isige\/wp-content\/uploads\/sites\/21\/2025\/05\/1746543797765-300x300.jpeg 300w, https:\/\/www.minesparis.psl.eu\/isige\/wp-content\/uploads\/sites\/21\/2025\/05\/1746543797765-150x150.jpeg 150w, https:\/\/www.minesparis.psl.eu\/isige\/wp-content\/uploads\/sites\/21\/2025\/05\/1746543797765-768x768.jpeg 768w, https:\/\/www.minesparis.psl.eu\/isige\/wp-content\/uploads\/sites\/21\/2025\/05\/1746543797765.jpeg 1200w\" sizes=\"auto, (max-width: 1024px) 100vw, 1024px\" \/><\/p>\n<h2 style=\"text-align: justify\" data-start=\"3605\" data-end=\"3625\">Remerciements<\/h2>\n<p class=\"\" style=\"text-align: justify\" data-start=\"3627\" data-end=\"3926\">Un grand merci \u00e0 <strong data-start=\"3644\" data-end=\"3681\">toutes les structures rencontr\u00e9es<\/strong> pour la qualit\u00e9 de leur accueil, la richesse des \u00e9changes et leur engagement inspirant. Merci \u00e9galement \u00e0 <strong data-start=\"3788\" data-end=\"3809\">Lucie Marchandeau<\/strong> pour l&rsquo;organisation de ce s\u00e9jour, essentiel dans la construction des futurs professionnels engag\u00e9s de la transition.<\/p>\n<p data-start=\"3627\" data-end=\"3926\"><img loading=\"lazy\" decoding=\"async\" class=\"alignnone size-large wp-image-2822\" src=\"https:\/\/www.minesparis.psl.eu\/isige\/wp-content\/uploads\/sites\/21\/2025\/05\/1746543798017n-1024x1024.jpeg\" alt=\"\" width=\"1024\" height=\"1024\" srcset=\"https:\/\/www.minesparis.psl.eu\/isige\/wp-content\/uploads\/sites\/21\/2025\/05\/1746543798017n-1024x1024.jpeg 1024w, https:\/\/www.minesparis.psl.eu\/isige\/wp-content\/uploads\/sites\/21\/2025\/05\/1746543798017n-300x300.jpeg 300w, https:\/\/www.minesparis.psl.eu\/isige\/wp-content\/uploads\/sites\/21\/2025\/05\/1746543798017n-150x150.jpeg 150w, https:\/\/www.minesparis.psl.eu\/isige\/wp-content\/uploads\/sites\/21\/2025\/05\/1746543798017n-768x768.jpeg 768w, https:\/\/www.minesparis.psl.eu\/isige\/wp-content\/uploads\/sites\/21\/2025\/05\/1746543798017n.jpeg 1200w\" sizes=\"auto, (max-width: 1024px) 100vw, 1024px\" \/><\/p>\n\t\t<\/div>\n\t<\/div>\n<\/div>","protected":false},"featured_media":2826,"template":"","actualites-formats":[],"actualites-thematiques":[21],"class_list":["post-2820","actualites","type-actualites","status-publish","has-post-thumbnail","hentry"],"acf":[],"yoast_head":"<!-- This site is optimized with the Yoast SEO plugin v27.2 - https:\/\/yoast.com\/product\/yoast-seo-wordpress\/ -->\n<title>De la th\u00e9orie \u00e0 l\u2019action : immersion territoriale dans le Golfe du Morbihan - ISIGE Mines Paris - PSL<\/title>\n<meta name=\"description\" content=\"De la th\u00e9orie \u00e0 l\u2019action : immersion territoriale dans le Golfe du Morbihan pour les \u00e9tudiants RSEDD\" \/>\n<meta name=\"robots\" content=\"index, follow, max-snippet:-1, max-image-preview:large, max-video-preview:-1\" \/>\n<link rel=\"canonical\" href=\"https:\/\/www.minesparis.psl.eu\/isige\/actualites\/de-la-theorie-a-laction-immersion-territoriale-dans-le-golfe-du-morbihan\/\" \/>\n<meta property=\"og:locale\" content=\"fr_FR\" \/>\n<meta property=\"og:type\" content=\"article\" \/>\n<meta property=\"og:title\" content=\"De la th\u00e9orie \u00e0 l\u2019action : immersion territoriale dans le Golfe du Morbihan - ISIGE Mines Paris - PSL\" \/>\n<meta property=\"og:description\" content=\"De la th\u00e9orie \u00e0 l\u2019action : immersion territoriale dans le Golfe du Morbihan pour les \u00e9tudiants RSEDD\" \/>\n<meta property=\"og:url\" content=\"https:\/\/www.minesparis.psl.eu\/isige\/actualites\/de-la-theorie-a-laction-immersion-territoriale-dans-le-golfe-du-morbihan\/\" \/>\n<meta property=\"og:site_name\" content=\"ISIGE Mines Paris - PSL\" \/>\n<meta property=\"article:modified_time\" content=\"2025-06-18T10:25:00+00:00\" \/>\n<meta property=\"og:image\" content=\"https:\/\/www.minesparis.psl.eu\/isige\/wp-content\/uploads\/sites\/21\/2025\/05\/IMG_1647.jpg\" \/>\n\t<meta property=\"og:image:width\" content=\"1200\" \/>\n\t<meta property=\"og:image:height\" content=\"798\" \/>\n\t<meta property=\"og:image:type\" content=\"image\/jpeg\" \/>\n<meta name=\"twitter:card\" content=\"summary_large_image\" \/>\n<meta name=\"twitter:label1\" content=\"Dur\u00e9e de lecture estim\u00e9e\" \/>\n\t<meta name=\"twitter:data1\" content=\"1 minute\" \/>\n<script type=\"application\/ld+json\" class=\"yoast-schema-graph\">{\"@context\":\"https:\/\/schema.org\",\"@graph\":[{\"@type\":\"WebPage\",\"@id\":\"https:\/\/www.minesparis.psl.eu\/isige\/actualites\/de-la-theorie-a-laction-immersion-territoriale-dans-le-golfe-du-morbihan\/\",\"url\":\"https:\/\/www.minesparis.psl.eu\/isige\/actualites\/de-la-theorie-a-laction-immersion-territoriale-dans-le-golfe-du-morbihan\/\",\"name\":\"De la th\u00e9orie \u00e0 l\u2019action : immersion territoriale dans le Golfe du Morbihan - ISIGE Mines Paris - PSL\",\"isPartOf\":{\"@id\":\"https:\/\/www.minesparis.psl.eu\/isige\/#website\"},\"primaryImageOfPage\":{\"@id\":\"https:\/\/www.minesparis.psl.eu\/isige\/actualites\/de-la-theorie-a-laction-immersion-territoriale-dans-le-golfe-du-morbihan\/#primaryimage\"},\"image\":{\"@id\":\"https:\/\/www.minesparis.psl.eu\/isige\/actualites\/de-la-theorie-a-laction-immersion-territoriale-dans-le-golfe-du-morbihan\/#primaryimage\"},\"thumbnailUrl\":\"https:\/\/www.minesparis.psl.eu\/isige\/wp-content\/uploads\/sites\/21\/2025\/05\/IMG_1647.jpg\",\"datePublished\":\"2025-05-13T14:00:04+00:00\",\"dateModified\":\"2025-06-18T10:25:00+00:00\",\"description\":\"De la th\u00e9orie \u00e0 l\u2019action : immersion territoriale dans le Golfe du Morbihan pour les \u00e9tudiants RSEDD\",\"breadcrumb\":{\"@id\":\"https:\/\/www.minesparis.psl.eu\/isige\/actualites\/de-la-theorie-a-laction-immersion-territoriale-dans-le-golfe-du-morbihan\/#breadcrumb\"},\"inLanguage\":\"fr-FR\",\"potentialAction\":[{\"@type\":\"ReadAction\",\"target\":[\"https:\/\/www.minesparis.psl.eu\/isige\/actualites\/de-la-theorie-a-laction-immersion-territoriale-dans-le-golfe-du-morbihan\/\"]}]},{\"@type\":\"ImageObject\",\"inLanguage\":\"fr-FR\",\"@id\":\"https:\/\/www.minesparis.psl.eu\/isige\/actualites\/de-la-theorie-a-laction-immersion-territoriale-dans-le-golfe-du-morbihan\/#primaryimage\",\"url\":\"https:\/\/www.minesparis.psl.eu\/isige\/wp-content\/uploads\/sites\/21\/2025\/05\/IMG_1647.jpg\",\"contentUrl\":\"https:\/\/www.minesparis.psl.eu\/isige\/wp-content\/uploads\/sites\/21\/2025\/05\/IMG_1647.jpg\",\"width\":1200,\"height\":798},{\"@type\":\"BreadcrumbList\",\"@id\":\"https:\/\/www.minesparis.psl.eu\/isige\/actualites\/de-la-theorie-a-laction-immersion-territoriale-dans-le-golfe-du-morbihan\/#breadcrumb\",\"itemListElement\":[{\"@type\":\"ListItem\",\"position\":1,\"name\":\"Accueil\",\"item\":\"https:\/\/www.minesparis.psl.eu\/isige\/\"},{\"@type\":\"ListItem\",\"position\":2,\"name\":\"De la th\u00e9orie \u00e0 l\u2019action : immersion territoriale dans le Golfe du Morbihan\"}]},{\"@type\":\"WebSite\",\"@id\":\"https:\/\/www.minesparis.psl.eu\/isige\/#website\",\"url\":\"https:\/\/www.minesparis.psl.eu\/isige\/\",\"name\":\"ISIGE Mines Paris - PSL\",\"description\":\"\",\"publisher\":{\"@id\":\"https:\/\/www.minesparis.psl.eu\/isige\/#organization\"},\"potentialAction\":[{\"@type\":\"SearchAction\",\"target\":{\"@type\":\"EntryPoint\",\"urlTemplate\":\"https:\/\/www.minesparis.psl.eu\/isige\/?s={search_term_string}\"},\"query-input\":{\"@type\":\"PropertyValueSpecification\",\"valueRequired\":true,\"valueName\":\"search_term_string\"}}],\"inLanguage\":\"fr-FR\"},{\"@type\":\"Organization\",\"@id\":\"https:\/\/www.minesparis.psl.eu\/isige\/#organization\",\"name\":\"ISIGE Mines Paris - PSL\",\"url\":\"https:\/\/www.minesparis.psl.eu\/isige\/\",\"logo\":{\"@type\":\"ImageObject\",\"inLanguage\":\"fr-FR\",\"@id\":\"https:\/\/www.minesparis.psl.eu\/isige\/#\/schema\/logo\/image\/\",\"url\":\"https:\/\/www.minesparis.psl.eu\/isige\/wp-content\/uploads\/sites\/21\/2025\/02\/cropped-MinesParis-PSL-ISIGEOCoRVB-1.png\",\"contentUrl\":\"https:\/\/www.minesparis.psl.eu\/isige\/wp-content\/uploads\/sites\/21\/2025\/02\/cropped-MinesParis-PSL-ISIGEOCoRVB-1.png\",\"width\":1584,\"height\":360,\"caption\":\"ISIGE Mines Paris - PSL\"},\"image\":{\"@id\":\"https:\/\/www.minesparis.psl.eu\/isige\/#\/schema\/logo\/image\/\"}}]}<\/script>\n<!-- \/ Yoast SEO plugin. -->","yoast_head_json":{"title":"De la th\u00e9orie \u00e0 l\u2019action : immersion territoriale dans le Golfe du Morbihan - ISIGE Mines Paris - PSL","description":"De la th\u00e9orie \u00e0 l\u2019action : immersion territoriale dans le Golfe du Morbihan pour les \u00e9tudiants RSEDD","robots":{"index":"index","follow":"follow","max-snippet":"max-snippet:-1","max-image-preview":"max-image-preview:large","max-video-preview":"max-video-preview:-1"},"canonical":"https:\/\/www.minesparis.psl.eu\/isige\/actualites\/de-la-theorie-a-laction-immersion-territoriale-dans-le-golfe-du-morbihan\/","og_locale":"fr_FR","og_type":"article","og_title":"De la th\u00e9orie \u00e0 l\u2019action : immersion territoriale dans le Golfe du Morbihan - ISIGE Mines Paris - PSL","og_description":"De la th\u00e9orie \u00e0 l\u2019action : immersion territoriale dans le Golfe du Morbihan pour les \u00e9tudiants RSEDD","og_url":"https:\/\/www.minesparis.psl.eu\/isige\/actualites\/de-la-theorie-a-laction-immersion-territoriale-dans-le-golfe-du-morbihan\/","og_site_name":"ISIGE Mines Paris - PSL","article_modified_time":"2025-06-18T10:25:00+00:00","og_image":[{"width":1200,"height":798,"url":"https:\/\/www.minesparis.psl.eu\/isige\/wp-content\/uploads\/sites\/21\/2025\/05\/IMG_1647.jpg","type":"image\/jpeg"}],"twitter_card":"summary_large_image","twitter_misc":{"Dur\u00e9e de lecture estim\u00e9e":"1 minute"},"schema":{"@context":"https:\/\/schema.org","@graph":[{"@type":"WebPage","@id":"https:\/\/www.minesparis.psl.eu\/isige\/actualites\/de-la-theorie-a-laction-immersion-territoriale-dans-le-golfe-du-morbihan\/","url":"https:\/\/www.minesparis.psl.eu\/isige\/actualites\/de-la-theorie-a-laction-immersion-territoriale-dans-le-golfe-du-morbihan\/","name":"De la th\u00e9orie \u00e0 l\u2019action : immersion territoriale dans le Golfe du Morbihan - ISIGE Mines Paris - PSL","isPartOf":{"@id":"https:\/\/www.minesparis.psl.eu\/isige\/#website"},"primaryImageOfPage":{"@id":"https:\/\/www.minesparis.psl.eu\/isige\/actualites\/de-la-theorie-a-laction-immersion-territoriale-dans-le-golfe-du-morbihan\/#primaryimage"},"image":{"@id":"https:\/\/www.minesparis.psl.eu\/isige\/actualites\/de-la-theorie-a-laction-immersion-territoriale-dans-le-golfe-du-morbihan\/#primaryimage"},"thumbnailUrl":"https:\/\/www.minesparis.psl.eu\/isige\/wp-content\/uploads\/sites\/21\/2025\/05\/IMG_1647.jpg","datePublished":"2025-05-13T14:00:04+00:00","dateModified":"2025-06-18T10:25:00+00:00","description":"De la th\u00e9orie \u00e0 l\u2019action : immersion territoriale dans le Golfe du Morbihan pour les \u00e9tudiants RSEDD","breadcrumb":{"@id":"https:\/\/www.minesparis.psl.eu\/isige\/actualites\/de-la-theorie-a-laction-immersion-territoriale-dans-le-golfe-du-morbihan\/#breadcrumb"},"inLanguage":"fr-FR","potentialAction":[{"@type":"ReadAction","target":["https:\/\/www.minesparis.psl.eu\/isige\/actualites\/de-la-theorie-a-laction-immersion-territoriale-dans-le-golfe-du-morbihan\/"]}]},{"@type":"ImageObject","inLanguage":"fr-FR","@id":"https:\/\/www.minesparis.psl.eu\/isige\/actualites\/de-la-theorie-a-laction-immersion-territoriale-dans-le-golfe-du-morbihan\/#primaryimage","url":"https:\/\/www.minesparis.psl.eu\/isige\/wp-content\/uploads\/sites\/21\/2025\/05\/IMG_1647.jpg","contentUrl":"https:\/\/www.minesparis.psl.eu\/isige\/wp-content\/uploads\/sites\/21\/2025\/05\/IMG_1647.jpg","width":1200,"height":798},{"@type":"BreadcrumbList","@id":"https:\/\/www.minesparis.psl.eu\/isige\/actualites\/de-la-theorie-a-laction-immersion-territoriale-dans-le-golfe-du-morbihan\/#breadcrumb","itemListElement":[{"@type":"ListItem","position":1,"name":"Accueil","item":"https:\/\/www.minesparis.psl.eu\/isige\/"},{"@type":"ListItem","position":2,"name":"De la th\u00e9orie \u00e0 l\u2019action : immersion territoriale dans le Golfe du Morbihan"}]},{"@type":"WebSite","@id":"https:\/\/www.minesparis.psl.eu\/isige\/#website","url":"https:\/\/www.minesparis.psl.eu\/isige\/","name":"ISIGE Mines Paris - PSL","description":"","publisher":{"@id":"https:\/\/www.minesparis.psl.eu\/isige\/#organization"},"potentialAction":[{"@type":"SearchAction","target":{"@type":"EntryPoint","urlTemplate":"https:\/\/www.minesparis.psl.eu\/isige\/?s={search_term_string}"},"query-input":{"@type":"PropertyValueSpecification","valueRequired":true,"valueName":"search_term_string"}}],"inLanguage":"fr-FR"},{"@type":"Organization","@id":"https:\/\/www.minesparis.psl.eu\/isige\/#organization","name":"ISIGE Mines Paris - PSL","url":"https:\/\/www.minesparis.psl.eu\/isige\/","logo":{"@type":"ImageObject","inLanguage":"fr-FR","@id":"https:\/\/www.minesparis.psl.eu\/isige\/#\/schema\/logo\/image\/","url":"https:\/\/www.minesparis.psl.eu\/isige\/wp-content\/uploads\/sites\/21\/2025\/02\/cropped-MinesParis-PSL-ISIGEOCoRVB-1.png","contentUrl":"https:\/\/www.minesparis.psl.eu\/isige\/wp-content\/uploads\/sites\/21\/2025\/02\/cropped-MinesParis-PSL-ISIGEOCoRVB-1.png","width":1584,"height":360,"caption":"ISIGE Mines Paris - PSL"},"image":{"@id":"https:\/\/www.minesparis.psl.eu\/isige\/#\/schema\/logo\/image\/"}}]}},"_links":{"self":[{"href":"https:\/\/www.minesparis.psl.eu\/isige\/wp-json\/wp\/v2\/actualites\/2820","targetHints":{"allow":["GET"]}}],"collection":[{"href":"https:\/\/www.minesparis.psl.eu\/isige\/wp-json\/wp\/v2\/actualites"}],"about":[{"href":"https:\/\/www.minesparis.psl.eu\/isige\/wp-json\/wp\/v2\/types\/actualites"}],"wp:featuredmedia":[{"embeddable":true,"href":"https:\/\/www.minesparis.psl.eu\/isige\/wp-json\/wp\/v2\/media\/2826"}],"wp:attachment":[{"href":"https:\/\/www.minesparis.psl.eu\/isige\/wp-json\/wp\/v2\/media?parent=2820"}],"wp:term":[{"taxonomy":"actualites-formats","embeddable":true,"href":"https:\/\/www.minesparis.psl.eu\/isige\/wp-json\/wp\/v2\/actualites-formats?post=2820"},{"taxonomy":"actualites-thematiques","embeddable":true,"href":"https:\/\/www.minesparis.psl.eu\/isige\/wp-json\/wp\/v2\/actualites-thematiques?post=2820"}],"curies":[{"name":"wp","href":"https:\/\/api.w.org\/{rel}","templated":true}]}}