{"id":2611,"date":"2022-11-28T14:48:00","date_gmt":"2022-11-28T13:48:00","guid":{"rendered":"https:\/\/www.minesparis.psl.eu\/isige\/?post_type=actualites&#038;p=2611"},"modified":"2025-06-18T12:25:25","modified_gmt":"2025-06-18T10:25:25","slug":"theses-professionnelles-des-projets-concrets-pour-accompagner-la-transition-ecologique-des-entreprises","status":"publish","type":"actualites","link":"https:\/\/www.minesparis.psl.eu\/isige\/actualites\/theses-professionnelles-des-projets-concrets-pour-accompagner-la-transition-ecologique-des-entreprises\/","title":{"rendered":"Th\u00e8ses professionnelles, des projets concrets pour accompagner la transition \u00e9cologique des entreprises"},"content":{"rendered":"\n<div class=\"container block-full-largeur\">\n\t<div class=\"row mt-4\">\n\t\t<div class=\"col-md-12\">\n\t\t\t<h2 style=\"text-align: justify\" data-start=\"435\" data-end=\"626\">Un aper\u00e7u des sujets d\u00e9velopp\u00e9s par la 14e promotion du MS \u00ab Executive en Management Global de la Responsabilit\u00e9 Soci\u00e9tale des Entreprises et du D\u00e9veloppement Durable \u00bb<\/h2>\n<p class=\"\" style=\"text-align: justify\" data-start=\"628\" data-end=\"1111\">Le <strong data-start=\"631\" data-end=\"659\">Mast\u00e8re Sp\u00e9cialis\u00e9 RSEDD<\/strong>, propos\u00e9 conjointement par l\u2019<strong data-start=\"689\" data-end=\"718\">ISIGE \u2013 Mines Paris \u2013 PSL<\/strong> et <strong data-start=\"722\" data-end=\"731\">Cegos<\/strong>, s\u2019adresse \u00e0 des cadres en activit\u00e9 souhaitant se positionner comme <strong data-start=\"800\" data-end=\"825\">acteurs du changement<\/strong> au sein de leur organisation. Cette formation de haut niveau permet d\u2019acqu\u00e9rir des outils strat\u00e9giques, manag\u00e9riaux et op\u00e9rationnels pour int\u00e9grer efficacement les enjeux de <strong data-start=\"1000\" data-end=\"1050\">Responsabilit\u00e9 Soci\u00e9tale des Entreprises (RSE)<\/strong> et de <strong data-start=\"1057\" data-end=\"1082\">d\u00e9veloppement durable<\/strong> dans les mod\u00e8les d&rsquo;affaires.<\/p>\n<p><img loading=\"lazy\" decoding=\"async\" class=\"size-large wp-image-3502 aligncenter\" src=\"https:\/\/www.isige.minesparis.psl.eu\/wp-content\/uploads\/Soutenances-1024x1024.png\" alt=\"Soutenir sa th\u00e8se professionnelle \" width=\"640\" height=\"640\" \/><\/p>\n<h2 style=\"text-align: justify\" data-start=\"1118\" data-end=\"1176\">Une p\u00e9dagogie ancr\u00e9e dans l\u2019exp\u00e9rience professionnelle<\/h2>\n<p class=\"\" style=\"text-align: justify\" data-start=\"1178\" data-end=\"1561\">En compl\u00e9ment des enseignements th\u00e9oriques, le programme repose sur une <strong data-start=\"1250\" data-end=\"1285\">exp\u00e9rience terrain structurante<\/strong> : la <strong data-start=\"1291\" data-end=\"1332\">r\u00e9daction d\u2019une th\u00e8se professionnelle<\/strong>, v\u00e9ritable colonne vert\u00e9brale de la formation. Chaque participant \u00e9labore un projet strat\u00e9gique et op\u00e9rationnel en lien direct avec les d\u00e9fis soci\u00e9taux, environnementaux et \u00e9conomiques rencontr\u00e9s dans son contexte professionnel.<\/p>\n<p class=\"\" style=\"text-align: justify\" data-start=\"1563\" data-end=\"1606\">Cette approche permet aux participants de :<\/p>\n<ul style=\"text-align: justify\" data-start=\"1608\" data-end=\"1927\">\n<li class=\"\" data-start=\"1608\" data-end=\"1669\">\n<p class=\"\" data-start=\"1610\" data-end=\"1669\">Mobiliser les <strong data-start=\"1624\" data-end=\"1648\">comp\u00e9tences acquises<\/strong> durant la formation,<\/p>\n<\/li>\n<li class=\"\" data-start=\"1670\" data-end=\"1768\">\n<p class=\"\" data-start=\"1672\" data-end=\"1768\">Adopter une <strong data-start=\"1684\" data-end=\"1706\">d\u00e9marche r\u00e9flexive<\/strong> sur les pratiques et les leviers de transformation existants,<\/p>\n<\/li>\n<li class=\"\" data-start=\"1769\" data-end=\"1845\">\n<p class=\"\" data-start=\"1771\" data-end=\"1845\">Proposer des <strong data-start=\"1784\" data-end=\"1807\">solutions concr\u00e8tes<\/strong> et actionnables dans leur entreprise,<\/p>\n<\/li>\n<li class=\"\" data-start=\"1846\" data-end=\"1927\">\n<p class=\"\" data-start=\"1848\" data-end=\"1927\">Contribuer \u00e0 la <strong data-start=\"1864\" data-end=\"1898\">diffusion des bonnes pratiques<\/strong> dans l\u2019\u00e9cosyst\u00e8me de la RSE.<\/p>\n<\/li>\n<\/ul>\n<h2 style=\"text-align: justify\" data-start=\"1934\" data-end=\"1992\">Des soutenances publiques \u00e0 l\u2019\u00c9cole des Mines de Paris<\/h2>\n<p class=\"\" style=\"text-align: justify\" data-start=\"1994\" data-end=\"2227\">Chaque th\u00e8se donne lieu \u00e0 une <strong data-start=\"2024\" data-end=\"2053\">soutenance orale publique<\/strong>, organis\u00e9e dans les locaux prestigieux de <strong data-start=\"2096\" data-end=\"2117\">MINES Paris \u2013 PSL<\/strong>, en pr\u00e9sence d\u2019un jury compos\u00e9 de membres de l\u2019\u00e9quipe p\u00e9dagogique, de professionnels et d\u2019experts du secteur.<\/p>\n<p class=\"\" style=\"text-align: justify\" data-start=\"2229\" data-end=\"2489\">Les travaux produits ont une <strong data-start=\"2258\" data-end=\"2301\">port\u00e9e bien au-del\u00e0 du cadre individuel<\/strong> : ils viennent enrichir une base de cas concrets et innovants en mati\u00e8re de strat\u00e9gie RSE, utiles \u00e0 l\u2019ensemble de la communaut\u00e9 d\u2019acteurs engag\u00e9s dans la transition \u00e9cologique et sociale.<\/p>\n<h2 style=\"text-align: justify\" data-start=\"2496\" data-end=\"2552\">Exemples de sujets de th\u00e8se de la 14e promotion<\/h2>\n<p class=\"\" style=\"text-align: center\" data-start=\"2556\" data-end=\"2848\"><a class=\"button-mines btn-bleu flech lf-blanc\" href=\"https:\/\/www.isige.minesparis.psl.eu\/wp-content\/uploads\/PLAQUETTE-MS-RSEDD-2022-theses-MINES-Paris-avec-planning.pdf\" target=\"_new\" rel=\"noopener\" data-start=\"2647\" data-end=\"2848\">T\u00e9l\u00e9charger la plaquette des th\u00e8ses professionnelles \u2013 MS RSEDD Promotion 14 (PDF)<\/a><\/p>\n<p class=\"\" style=\"text-align: justify\" data-start=\"2850\" data-end=\"2896\">Quelques exemples de probl\u00e9matiques abord\u00e9es :<\/p>\n<ul style=\"text-align: justify\" data-start=\"2898\" data-end=\"3381\">\n<li class=\"\" data-start=\"2898\" data-end=\"2982\">\n<p class=\"\" data-start=\"2900\" data-end=\"2982\">Comment d\u00e9ployer une <strong data-start=\"2921\" data-end=\"2947\">strat\u00e9gie RSE int\u00e9gr\u00e9e<\/strong> dans une entreprise industrielle ?<\/p>\n<\/li>\n<li class=\"\" data-start=\"2983\" data-end=\"3078\">\n<p class=\"\" data-start=\"2985\" data-end=\"3078\">Quel r\u00f4le pour la <strong data-start=\"3003\" data-end=\"3022\">finance durable<\/strong> dans l\u2019acc\u00e9l\u00e9ration de la transition environnementale ?<\/p>\n<\/li>\n<li class=\"\" data-start=\"3079\" data-end=\"3177\">\n<p class=\"\" data-start=\"3081\" data-end=\"3177\">Mise en \u0153uvre d\u2019une politique <strong data-start=\"3111\" data-end=\"3136\">d\u2019achats responsables<\/strong> dans une PME du secteur agroalimentaire.<\/p>\n<\/li>\n<li class=\"\" data-start=\"3178\" data-end=\"3273\">\n<p class=\"\" data-start=\"3180\" data-end=\"3273\">Mesurer et piloter la <strong data-start=\"3202\" data-end=\"3234\">performance extra-financi\u00e8re<\/strong> \u00e0 l\u2019\u00e9chelle d\u2019un groupe international.<\/p>\n<\/li>\n<li class=\"\" data-start=\"3274\" data-end=\"3381\">\n<p class=\"\" data-start=\"3276\" data-end=\"3381\">Vers une <strong data-start=\"3285\" data-end=\"3315\">gouvernance plus inclusive<\/strong> : repenser les processus de d\u00e9cision \u00e0 l\u2019aune des enjeux sociaux.<\/p>\n<\/li>\n<\/ul>\n<h2 style=\"text-align: justify\" data-start=\"3388\" data-end=\"3449\">Un tremplin pour la carri\u00e8re et l\u2019impact professionnel<\/h2>\n<p class=\"\" style=\"text-align: justify\" data-start=\"3451\" data-end=\"3757\">La soutenance de la th\u00e8se professionnelle marque une \u00e9tape cl\u00e9 dans le parcours des apprenants. Elle t\u00e9moigne de leur capacit\u00e9 \u00e0 analyser des enjeux complexes, \u00e0 f\u00e9d\u00e9rer les parties prenantes, \u00e0 proposer des <strong data-start=\"3659\" data-end=\"3689\">feuilles de route durables<\/strong>, et \u00e0 les ancrer dans une logique de <strong data-start=\"3727\" data-end=\"3756\">transformation syst\u00e9mique<\/strong>.<\/p>\n<p class=\"\" style=\"text-align: justify\" data-start=\"3759\" data-end=\"3871\">Apr\u00e8s validation par le jury, les th\u00e8ses sont disponibles sur demande aupr\u00e8s de l\u2019<strong data-start=\"3841\" data-end=\"3870\">ISIGE \u2013 Mines Paris \u2013 PSL<\/strong>.<\/p>\n<p class=\"\" style=\"text-align: center\" data-start=\"3878\" data-end=\"4161\">Vous souhaitez en savoir plus sur le Mast\u00e8re Sp\u00e9cialis\u00e9 RSEDD et son format unique m\u00ealant <strong data-start=\"3968\" data-end=\"3992\">expertise acad\u00e9mique<\/strong>, <strong data-start=\"3994\" data-end=\"4024\">apprentissage par l\u2019action<\/strong> et <strong data-start=\"4028\" data-end=\"4056\">r\u00e9seautage professionnel<\/strong> ?<\/p>\n<p class=\"\" style=\"text-align: center\" data-start=\"3878\" data-end=\"4161\"><br data-start=\"4058\" data-end=\"4061\" \/><a class=\"button-mines btn-bleu flech lf-blanc\" href=\"https:\/\/www.minesparis.psl.eu\/isige\/formations\/mastere-specialise-eedd-parcours-management-global-de-la-rse-et-du-developpement-durable-rsedd\/\" target=\"_new\" rel=\"noopener\" data-start=\"4064\" data-end=\"4161\">Consultez la page d\u00e9di\u00e9e au programme<\/a><\/p>\n\t\t<\/div>\n\t<\/div>\n<\/div>","protected":false},"featured_media":2612,"template":"","actualites-formats":[15],"actualites-thematiques":[20],"class_list":["post-2611","actualites","type-actualites","status-publish","has-post-thumbnail","hentry"],"acf":[],"yoast_head":"<!-- This site is optimized with the Yoast SEO plugin v27.2 - https:\/\/yoast.com\/product\/yoast-seo-wordpress\/ -->\n<title>Th\u00e8ses professionnelles, des projets concrets pour accompagner la transition \u00e9cologique des entreprises - ISIGE Mines Paris - PSL<\/title>\n<meta name=\"description\" content=\"Sujets de th\u00e8ses d\u00e9velopp\u00e9s par la 14e promotion du MS \u00ab Executive en Management Global de la Responsabilit\u00e9 Soci\u00e9tale des Entreprises et du D\u00e9veloppement Durable \u00bb\" \/>\n<meta name=\"robots\" content=\"index, follow, max-snippet:-1, max-image-preview:large, max-video-preview:-1\" \/>\n<link rel=\"canonical\" href=\"https:\/\/www.minesparis.psl.eu\/isige\/actualites\/theses-professionnelles-des-projets-concrets-pour-accompagner-la-transition-ecologique-des-entreprises\/\" \/>\n<meta property=\"og:locale\" content=\"fr_FR\" \/>\n<meta property=\"og:type\" content=\"article\" \/>\n<meta property=\"og:title\" content=\"Th\u00e8ses professionnelles, des projets concrets pour accompagner la transition \u00e9cologique des entreprises - ISIGE Mines Paris - PSL\" \/>\n<meta property=\"og:description\" content=\"Sujets de th\u00e8ses d\u00e9velopp\u00e9s par la 14e promotion du MS \u00ab Executive en Management Global de la Responsabilit\u00e9 Soci\u00e9tale des Entreprises et du D\u00e9veloppement Durable \u00bb\" \/>\n<meta property=\"og:url\" content=\"https:\/\/www.minesparis.psl.eu\/isige\/actualites\/theses-professionnelles-des-projets-concrets-pour-accompagner-la-transition-ecologique-des-entreprises\/\" \/>\n<meta property=\"og:site_name\" content=\"ISIGE Mines Paris - PSL\" \/>\n<meta property=\"article:modified_time\" content=\"2025-06-18T10:25:25+00:00\" \/>\n<meta property=\"og:image\" content=\"https:\/\/www.minesparis.psl.eu\/isige\/wp-content\/uploads\/sites\/21\/2025\/04\/DSC_0071-768x511-1.jpg\" \/>\n\t<meta property=\"og:image:width\" content=\"768\" \/>\n\t<meta property=\"og:image:height\" content=\"511\" \/>\n\t<meta property=\"og:image:type\" content=\"image\/jpeg\" \/>\n<meta name=\"twitter:card\" content=\"summary_large_image\" \/>\n<meta name=\"twitter:label1\" content=\"Dur\u00e9e de lecture estim\u00e9e\" \/>\n\t<meta name=\"twitter:data1\" content=\"1 minute\" \/>\n<script type=\"application\/ld+json\" class=\"yoast-schema-graph\">{\"@context\":\"https:\/\/schema.org\",\"@graph\":[{\"@type\":\"WebPage\",\"@id\":\"https:\/\/www.minesparis.psl.eu\/isige\/actualites\/theses-professionnelles-des-projets-concrets-pour-accompagner-la-transition-ecologique-des-entreprises\/\",\"url\":\"https:\/\/www.minesparis.psl.eu\/isige\/actualites\/theses-professionnelles-des-projets-concrets-pour-accompagner-la-transition-ecologique-des-entreprises\/\",\"name\":\"Th\u00e8ses professionnelles, des projets concrets pour accompagner la transition \u00e9cologique des entreprises - ISIGE Mines Paris - PSL\",\"isPartOf\":{\"@id\":\"https:\/\/www.minesparis.psl.eu\/isige\/#website\"},\"primaryImageOfPage\":{\"@id\":\"https:\/\/www.minesparis.psl.eu\/isige\/actualites\/theses-professionnelles-des-projets-concrets-pour-accompagner-la-transition-ecologique-des-entreprises\/#primaryimage\"},\"image\":{\"@id\":\"https:\/\/www.minesparis.psl.eu\/isige\/actualites\/theses-professionnelles-des-projets-concrets-pour-accompagner-la-transition-ecologique-des-entreprises\/#primaryimage\"},\"thumbnailUrl\":\"https:\/\/www.minesparis.psl.eu\/isige\/wp-content\/uploads\/sites\/21\/2025\/04\/DSC_0071-768x511-1.jpg\",\"datePublished\":\"2022-11-28T13:48:00+00:00\",\"dateModified\":\"2025-06-18T10:25:25+00:00\",\"description\":\"Sujets de th\u00e8ses d\u00e9velopp\u00e9s par la 14e promotion du MS \u00ab Executive en Management Global de la Responsabilit\u00e9 Soci\u00e9tale des Entreprises et du D\u00e9veloppement Durable \u00bb\",\"breadcrumb\":{\"@id\":\"https:\/\/www.minesparis.psl.eu\/isige\/actualites\/theses-professionnelles-des-projets-concrets-pour-accompagner-la-transition-ecologique-des-entreprises\/#breadcrumb\"},\"inLanguage\":\"fr-FR\",\"potentialAction\":[{\"@type\":\"ReadAction\",\"target\":[\"https:\/\/www.minesparis.psl.eu\/isige\/actualites\/theses-professionnelles-des-projets-concrets-pour-accompagner-la-transition-ecologique-des-entreprises\/\"]}]},{\"@type\":\"ImageObject\",\"inLanguage\":\"fr-FR\",\"@id\":\"https:\/\/www.minesparis.psl.eu\/isige\/actualites\/theses-professionnelles-des-projets-concrets-pour-accompagner-la-transition-ecologique-des-entreprises\/#primaryimage\",\"url\":\"https:\/\/www.minesparis.psl.eu\/isige\/wp-content\/uploads\/sites\/21\/2025\/04\/DSC_0071-768x511-1.jpg\",\"contentUrl\":\"https:\/\/www.minesparis.psl.eu\/isige\/wp-content\/uploads\/sites\/21\/2025\/04\/DSC_0071-768x511-1.jpg\",\"width\":768,\"height\":511,\"caption\":\"Th\u00e8ses professionnelles : des projets concrets pour accompagner la transition \u00e9cologique en entreprise\"},{\"@type\":\"BreadcrumbList\",\"@id\":\"https:\/\/www.minesparis.psl.eu\/isige\/actualites\/theses-professionnelles-des-projets-concrets-pour-accompagner-la-transition-ecologique-des-entreprises\/#breadcrumb\",\"itemListElement\":[{\"@type\":\"ListItem\",\"position\":1,\"name\":\"Accueil\",\"item\":\"https:\/\/www.minesparis.psl.eu\/isige\/\"},{\"@type\":\"ListItem\",\"position\":2,\"name\":\"Th\u00e8ses professionnelles, des projets concrets pour accompagner la transition \u00e9cologique des entreprises\"}]},{\"@type\":\"WebSite\",\"@id\":\"https:\/\/www.minesparis.psl.eu\/isige\/#website\",\"url\":\"https:\/\/www.minesparis.psl.eu\/isige\/\",\"name\":\"ISIGE Mines Paris - PSL\",\"description\":\"\",\"publisher\":{\"@id\":\"https:\/\/www.minesparis.psl.eu\/isige\/#organization\"},\"potentialAction\":[{\"@type\":\"SearchAction\",\"target\":{\"@type\":\"EntryPoint\",\"urlTemplate\":\"https:\/\/www.minesparis.psl.eu\/isige\/?s={search_term_string}\"},\"query-input\":{\"@type\":\"PropertyValueSpecification\",\"valueRequired\":true,\"valueName\":\"search_term_string\"}}],\"inLanguage\":\"fr-FR\"},{\"@type\":\"Organization\",\"@id\":\"https:\/\/www.minesparis.psl.eu\/isige\/#organization\",\"name\":\"ISIGE Mines Paris - PSL\",\"url\":\"https:\/\/www.minesparis.psl.eu\/isige\/\",\"logo\":{\"@type\":\"ImageObject\",\"inLanguage\":\"fr-FR\",\"@id\":\"https:\/\/www.minesparis.psl.eu\/isige\/#\/schema\/logo\/image\/\",\"url\":\"https:\/\/www.minesparis.psl.eu\/isige\/wp-content\/uploads\/sites\/21\/2025\/02\/cropped-MinesParis-PSL-ISIGEOCoRVB-1.png\",\"contentUrl\":\"https:\/\/www.minesparis.psl.eu\/isige\/wp-content\/uploads\/sites\/21\/2025\/02\/cropped-MinesParis-PSL-ISIGEOCoRVB-1.png\",\"width\":1584,\"height\":360,\"caption\":\"ISIGE Mines Paris - PSL\"},\"image\":{\"@id\":\"https:\/\/www.minesparis.psl.eu\/isige\/#\/schema\/logo\/image\/\"}}]}<\/script>\n<!-- \/ Yoast SEO plugin. -->","yoast_head_json":{"title":"Th\u00e8ses professionnelles, des projets concrets pour accompagner la transition \u00e9cologique des entreprises - ISIGE Mines Paris - PSL","description":"Sujets de th\u00e8ses d\u00e9velopp\u00e9s par la 14e promotion du MS \u00ab Executive en Management Global de la Responsabilit\u00e9 Soci\u00e9tale des Entreprises et du D\u00e9veloppement Durable \u00bb","robots":{"index":"index","follow":"follow","max-snippet":"max-snippet:-1","max-image-preview":"max-image-preview:large","max-video-preview":"max-video-preview:-1"},"canonical":"https:\/\/www.minesparis.psl.eu\/isige\/actualites\/theses-professionnelles-des-projets-concrets-pour-accompagner-la-transition-ecologique-des-entreprises\/","og_locale":"fr_FR","og_type":"article","og_title":"Th\u00e8ses professionnelles, des projets concrets pour accompagner la transition \u00e9cologique des entreprises - ISIGE Mines Paris - PSL","og_description":"Sujets de th\u00e8ses d\u00e9velopp\u00e9s par la 14e promotion du MS \u00ab Executive en Management Global de la Responsabilit\u00e9 Soci\u00e9tale des Entreprises et du D\u00e9veloppement Durable \u00bb","og_url":"https:\/\/www.minesparis.psl.eu\/isige\/actualites\/theses-professionnelles-des-projets-concrets-pour-accompagner-la-transition-ecologique-des-entreprises\/","og_site_name":"ISIGE Mines Paris - PSL","article_modified_time":"2025-06-18T10:25:25+00:00","og_image":[{"width":768,"height":511,"url":"https:\/\/www.minesparis.psl.eu\/isige\/wp-content\/uploads\/sites\/21\/2025\/04\/DSC_0071-768x511-1.jpg","type":"image\/jpeg"}],"twitter_card":"summary_large_image","twitter_misc":{"Dur\u00e9e de lecture estim\u00e9e":"1 minute"},"schema":{"@context":"https:\/\/schema.org","@graph":[{"@type":"WebPage","@id":"https:\/\/www.minesparis.psl.eu\/isige\/actualites\/theses-professionnelles-des-projets-concrets-pour-accompagner-la-transition-ecologique-des-entreprises\/","url":"https:\/\/www.minesparis.psl.eu\/isige\/actualites\/theses-professionnelles-des-projets-concrets-pour-accompagner-la-transition-ecologique-des-entreprises\/","name":"Th\u00e8ses professionnelles, des projets concrets pour accompagner la transition \u00e9cologique des entreprises - ISIGE Mines Paris - PSL","isPartOf":{"@id":"https:\/\/www.minesparis.psl.eu\/isige\/#website"},"primaryImageOfPage":{"@id":"https:\/\/www.minesparis.psl.eu\/isige\/actualites\/theses-professionnelles-des-projets-concrets-pour-accompagner-la-transition-ecologique-des-entreprises\/#primaryimage"},"image":{"@id":"https:\/\/www.minesparis.psl.eu\/isige\/actualites\/theses-professionnelles-des-projets-concrets-pour-accompagner-la-transition-ecologique-des-entreprises\/#primaryimage"},"thumbnailUrl":"https:\/\/www.minesparis.psl.eu\/isige\/wp-content\/uploads\/sites\/21\/2025\/04\/DSC_0071-768x511-1.jpg","datePublished":"2022-11-28T13:48:00+00:00","dateModified":"2025-06-18T10:25:25+00:00","description":"Sujets de th\u00e8ses d\u00e9velopp\u00e9s par la 14e promotion du MS \u00ab Executive en Management Global de la Responsabilit\u00e9 Soci\u00e9tale des Entreprises et du D\u00e9veloppement Durable \u00bb","breadcrumb":{"@id":"https:\/\/www.minesparis.psl.eu\/isige\/actualites\/theses-professionnelles-des-projets-concrets-pour-accompagner-la-transition-ecologique-des-entreprises\/#breadcrumb"},"inLanguage":"fr-FR","potentialAction":[{"@type":"ReadAction","target":["https:\/\/www.minesparis.psl.eu\/isige\/actualites\/theses-professionnelles-des-projets-concrets-pour-accompagner-la-transition-ecologique-des-entreprises\/"]}]},{"@type":"ImageObject","inLanguage":"fr-FR","@id":"https:\/\/www.minesparis.psl.eu\/isige\/actualites\/theses-professionnelles-des-projets-concrets-pour-accompagner-la-transition-ecologique-des-entreprises\/#primaryimage","url":"https:\/\/www.minesparis.psl.eu\/isige\/wp-content\/uploads\/sites\/21\/2025\/04\/DSC_0071-768x511-1.jpg","contentUrl":"https:\/\/www.minesparis.psl.eu\/isige\/wp-content\/uploads\/sites\/21\/2025\/04\/DSC_0071-768x511-1.jpg","width":768,"height":511,"caption":"Th\u00e8ses professionnelles : des projets concrets pour accompagner la transition \u00e9cologique en entreprise"},{"@type":"BreadcrumbList","@id":"https:\/\/www.minesparis.psl.eu\/isige\/actualites\/theses-professionnelles-des-projets-concrets-pour-accompagner-la-transition-ecologique-des-entreprises\/#breadcrumb","itemListElement":[{"@type":"ListItem","position":1,"name":"Accueil","item":"https:\/\/www.minesparis.psl.eu\/isige\/"},{"@type":"ListItem","position":2,"name":"Th\u00e8ses professionnelles, des projets concrets pour accompagner la transition \u00e9cologique des entreprises"}]},{"@type":"WebSite","@id":"https:\/\/www.minesparis.psl.eu\/isige\/#website","url":"https:\/\/www.minesparis.psl.eu\/isige\/","name":"ISIGE Mines Paris - PSL","description":"","publisher":{"@id":"https:\/\/www.minesparis.psl.eu\/isige\/#organization"},"potentialAction":[{"@type":"SearchAction","target":{"@type":"EntryPoint","urlTemplate":"https:\/\/www.minesparis.psl.eu\/isige\/?s={search_term_string}"},"query-input":{"@type":"PropertyValueSpecification","valueRequired":true,"valueName":"search_term_string"}}],"inLanguage":"fr-FR"},{"@type":"Organization","@id":"https:\/\/www.minesparis.psl.eu\/isige\/#organization","name":"ISIGE Mines Paris - PSL","url":"https:\/\/www.minesparis.psl.eu\/isige\/","logo":{"@type":"ImageObject","inLanguage":"fr-FR","@id":"https:\/\/www.minesparis.psl.eu\/isige\/#\/schema\/logo\/image\/","url":"https:\/\/www.minesparis.psl.eu\/isige\/wp-content\/uploads\/sites\/21\/2025\/02\/cropped-MinesParis-PSL-ISIGEOCoRVB-1.png","contentUrl":"https:\/\/www.minesparis.psl.eu\/isige\/wp-content\/uploads\/sites\/21\/2025\/02\/cropped-MinesParis-PSL-ISIGEOCoRVB-1.png","width":1584,"height":360,"caption":"ISIGE Mines Paris - PSL"},"image":{"@id":"https:\/\/www.minesparis.psl.eu\/isige\/#\/schema\/logo\/image\/"}}]}},"_links":{"self":[{"href":"https:\/\/www.minesparis.psl.eu\/isige\/wp-json\/wp\/v2\/actualites\/2611","targetHints":{"allow":["GET"]}}],"collection":[{"href":"https:\/\/www.minesparis.psl.eu\/isige\/wp-json\/wp\/v2\/actualites"}],"about":[{"href":"https:\/\/www.minesparis.psl.eu\/isige\/wp-json\/wp\/v2\/types\/actualites"}],"wp:featuredmedia":[{"embeddable":true,"href":"https:\/\/www.minesparis.psl.eu\/isige\/wp-json\/wp\/v2\/media\/2612"}],"wp:attachment":[{"href":"https:\/\/www.minesparis.psl.eu\/isige\/wp-json\/wp\/v2\/media?parent=2611"}],"wp:term":[{"taxonomy":"actualites-formats","embeddable":true,"href":"https:\/\/www.minesparis.psl.eu\/isige\/wp-json\/wp\/v2\/actualites-formats?post=2611"},{"taxonomy":"actualites-thematiques","embeddable":true,"href":"https:\/\/www.minesparis.psl.eu\/isige\/wp-json\/wp\/v2\/actualites-thematiques?post=2611"}],"curies":[{"name":"wp","href":"https:\/\/api.w.org\/{rel}","templated":true}]}}