{"id":2603,"date":"2022-11-03T14:04:00","date_gmt":"2022-11-03T13:04:00","guid":{"rendered":"https:\/\/www.minesparis.psl.eu\/isige\/?post_type=actualites&#038;p=2603"},"modified":"2025-06-18T12:25:25","modified_gmt":"2025-06-18T10:25:25","slug":"experimenter-un-mode-de-vie-sobre-et-collectif-immersion-au-campus-de-la-transition","status":"publish","type":"actualites","link":"https:\/\/www.minesparis.psl.eu\/isige\/actualites\/experimenter-un-mode-de-vie-sobre-et-collectif-immersion-au-campus-de-la-transition\/","title":{"rendered":"Exp\u00e9rimenter un mode de vie sobre et collectif : immersion au Campus de la Transition"},"content":{"rendered":"\n<div class=\"container block-full-largeur\">\n\t<div class=\"row mt-4\">\n\t\t<div class=\"col-md-12\">\n\t\t\t<h2 style=\"text-align: justify\" data-start=\"535\" data-end=\"621\">Octobre 2022 \u2013 Cl\u00f4ture du premier module du Mast\u00e8re Sp\u00e9cialis\u00e9 EEDD \u2013 parcours IGE<\/h2>\n<p class=\"\" style=\"text-align: justify\" data-start=\"991\" data-end=\"1216\">Pour <strong data-start=\"996\" data-end=\"1041\">cl\u00f4turer ce premier temps fort de l\u2019ann\u00e9e<\/strong>, les 6, 7 et 8 octobre 2022, les \u00e9tudiants se sont rendus dans un lieu embl\u00e9matique de l\u2019exp\u00e9rimentation \u00e9cologique : le <strong data-start=\"1163\" data-end=\"1190\">Campus de la Transition<\/strong>, situ\u00e9 en Seine-et-Marne.<\/p>\n<h2 class=\"\" style=\"text-align: justify\" data-start=\"1223\" data-end=\"1333\">Trois jours d\u2019immersion dans un \u00e9co-lieu pour vivre la sobri\u00e9t\u00e9 \u00e9nerg\u00e9tique et la transition en pratique<\/h2>\n<p class=\"\" style=\"text-align: justify\" data-start=\"1335\" data-end=\"1499\">Cette immersion in\u00e9dite a permis aux \u00e9tudiants de <strong data-start=\"1385\" data-end=\"1466\">vivre pendant trois jours dans un cadre rustique, collectif et \u00e9coresponsable<\/strong>, o\u00f9 l\u2019on apprend en pratiquant.<\/p>\n<p class=\"\" style=\"text-align: justify\" data-start=\"1501\" data-end=\"1517\">Au programme :<\/p>\n<ul style=\"text-align: justify\" data-start=\"1518\" data-end=\"1743\">\n<li class=\"\" data-start=\"1518\" data-end=\"1583\">\n<p class=\"\" data-start=\"1520\" data-end=\"1583\">Cours th\u00e9oriques sur la <strong data-start=\"1544\" data-end=\"1580\">transition \u00e9cologique et sociale<\/strong>,<\/p>\n<\/li>\n<li class=\"\" data-start=\"1584\" data-end=\"1665\">\n<p class=\"\" data-start=\"1586\" data-end=\"1665\">Ateliers pratiques autour de la <strong data-start=\"1618\" data-end=\"1642\">sobri\u00e9t\u00e9 \u00e9nerg\u00e9tique<\/strong> et des <strong data-start=\"1650\" data-end=\"1662\">low-tech<\/strong>,<\/p>\n<\/li>\n<li class=\"\" data-start=\"1666\" data-end=\"1743\">\n<p class=\"\" data-start=\"1668\" data-end=\"1743\">Participation \u00e0 la vie quotidienne du lieu : jardinage, cuisine, entretien\u2026<\/p>\n<\/li>\n<\/ul>\n<p class=\"\" style=\"text-align: justify\" data-start=\"1745\" data-end=\"1922\">Une exp\u00e9rience humaine forte, hors des sentiers battus, qui illustre <strong data-start=\"1814\" data-end=\"1921\">l\u2019engagement de l\u2019ISIGE en faveur d\u2019une formation incarn\u00e9e, transdisciplinaire et tourn\u00e9e vers l\u2019action<\/strong>.<\/p>\n<h2 class=\"\" style=\"text-align: justify\" data-start=\"1929\" data-end=\"2007\">L\u2019Op\u00e9ration Sib\u00e9rie : un exemple concret de sobri\u00e9t\u00e9 \u00e9nerg\u00e9tique r\u00e9ussie<\/h2>\n<p class=\"\" style=\"text-align: justify\" data-start=\"2009\" data-end=\"2235\">Parmi les temps forts de cette immersion : la participation \u00e0 l\u2019<strong data-start=\"2073\" data-end=\"2094\">Op\u00e9ration Sib\u00e9rie<\/strong>, un projet phare du Campus visant \u00e0 adopter des comportements sobres pour <strong data-start=\"2169\" data-end=\"2234\">affronter l\u2019hiver avec un minimum de consommation \u00e9nerg\u00e9tique<\/strong>.<\/p>\n<p class=\"\" style=\"text-align: justify\" data-start=\"2237\" data-end=\"2408\">R\u00e9sultat ? Un habitant du Campus a consomm\u00e9, en moyenne, <strong data-start=\"2294\" data-end=\"2342\">45 % d\u2019\u00e9nergie en moins qu\u2019un Fran\u00e7ais moyen<\/strong> sur la p\u00e9riode hivernale 2021-2022, sans perte de confort majeur.Nous sommes confort\u00e9s dans l\u2019id\u00e9e que l\u2019abondance mat\u00e9rielle et le consum\u00e9risme ne rendent pas plus heureux.<\/p>\n<h2 class=\"\" style=\"text-align: justify\" data-start=\"2535\" data-end=\"2617\">Une p\u00e9dagogie T\u00eate-C\u0153ur-Corps pour int\u00e9grer les savoirs de la transition<\/h2>\n<p class=\"\" style=\"text-align: justify\" data-start=\"2619\" data-end=\"2970\">Le <strong data-start=\"2622\" data-end=\"2649\">Campus de la Transition<\/strong> s\u2019appuie sur une p\u00e9dagogie innovante dite <strong data-start=\"2692\" data-end=\"2717\">\u00ab\u00a0T\u00eate \u2013 C\u0153ur \u2013 Corps\u00a0\u00bb<\/strong>, o\u00f9 l\u2019on articule apprentissage acad\u00e9mique, v\u00e9cu \u00e9motionnel et engagement corporel. Une approche que les \u00e9tudiants ont pu exp\u00e9rimenter concr\u00e8tement, notamment \u00e0 travers des moments de partage avec les <strong data-start=\"2919\" data-end=\"2938\">\u00ab\u00a0Campusien\u00b7nes\u00a0\u00bb<\/strong>, les habitant\u00b7es de l\u2019\u00e9co-lieu.<\/p>\n<p class=\"\" style=\"text-align: justify\" data-start=\"2972\" data-end=\"3135\">La <strong data-start=\"2975\" data-end=\"3029\">cuisine v\u00e9g\u00e9tarienne locale, color\u00e9e et savoureuse<\/strong>, a \u00e9galement surpris et ravi plus d\u2019un participant, montrant que sobri\u00e9t\u00e9 peut aussi rimer avec plaisir !<\/p>\n<h2 class=\"\" style=\"text-align: justify\" data-start=\"3142\" data-end=\"3201\">Prendre du recul : l\u2019\u00e9criture du rapport d\u2019\u00e9tonnement<\/h2>\n<p class=\"\" style=\"text-align: justify\" data-start=\"3203\" data-end=\"3379\">De retour \u00e0 Paris, les \u00e9tudiants ont r\u00e9dig\u00e9 collectivement un <strong data-start=\"3265\" data-end=\"3289\">rapport d\u2019\u00e9tonnement<\/strong>, un exercice r\u00e9flexif permettant d\u2019analyser et d\u2019ancrer cette exp\u00e9rience de <strong data-start=\"3366\" data-end=\"3377\">rupture<\/strong>.<\/p>\n<p class=\"\" style=\"text-align: justify\" data-start=\"3381\" data-end=\"3549\">Ils y ont exprim\u00e9 leurs impressions, d\u00e9couvertes, questionnements, mais aussi leurs envies de transformer leurs modes de vie et leurs futurs engagements professionnels.<\/p>\n<h2 class=\"\" style=\"text-align: justify\" data-start=\"3556\" data-end=\"3632\">Une premi\u00e8re \u00e9tape marquante sur le chemin de la transition \u00e9cologique<\/h2>\n<p class=\"\" style=\"text-align: justify\" data-start=\"3634\" data-end=\"3940\">Cette immersion constitue une <strong data-start=\"3664\" data-end=\"3756\">exp\u00e9rience fondatrice dans le parcours de formation des futurs managers de la transition<\/strong>. En quittant les salles de cours pour se confronter \u00e0 un <strong data-start=\"3814\" data-end=\"3856\">mode de vie sobre, collectif et engag\u00e9<\/strong>, les \u00e9tudiants de l\u2019ISIGE ont pu exp\u00e9rimenter une autre mani\u00e8re d\u2019habiter le monde.<\/p>\n<p class=\"\" style=\"text-align: justify\" data-start=\"3942\" data-end=\"4043\">Un grand merci au <strong data-start=\"3960\" data-end=\"3987\">Campus de la Transition<\/strong> pour son accueil, ses enseignements et son inspiration.<\/p>\n<p class=\"\" style=\"text-align: center\" data-start=\"4045\" data-end=\"4126\"><a class=\"button-mines btn-bleu flech lf-blanc\" href=\"https:\/\/campus-transition.org\" target=\"_new\" rel=\"noopener\" data-start=\"4048\" data-end=\"4126\">En savoir plus sur le Campus de la Transition<\/a><\/p>\n\t\t<\/div>\n\t<\/div>\n<\/div>","protected":false},"featured_media":2604,"template":"","actualites-formats":[15],"actualites-thematiques":[20],"class_list":["post-2603","actualites","type-actualites","status-publish","has-post-thumbnail","hentry"],"acf":[],"yoast_head":"<!-- This site is optimized with the Yoast SEO plugin v27.2 - https:\/\/yoast.com\/product\/yoast-seo-wordpress\/ -->\n<title>Exp\u00e9rimenter un mode de vie sobre et collectif : immersion au Campus de la Transition - ISIGE Mines Paris - PSL<\/title>\n<meta name=\"description\" content=\"Exp\u00e9rimenter un mode de vie sobre et collectif : immersion au Campus de la Transition\" \/>\n<meta name=\"robots\" content=\"index, follow, max-snippet:-1, max-image-preview:large, max-video-preview:-1\" \/>\n<link rel=\"canonical\" href=\"https:\/\/www.minesparis.psl.eu\/isige\/actualites\/experimenter-un-mode-de-vie-sobre-et-collectif-immersion-au-campus-de-la-transition\/\" \/>\n<meta property=\"og:locale\" content=\"fr_FR\" \/>\n<meta property=\"og:type\" content=\"article\" \/>\n<meta property=\"og:title\" content=\"Exp\u00e9rimenter un mode de vie sobre et collectif : immersion au Campus de la Transition - ISIGE Mines Paris - PSL\" \/>\n<meta property=\"og:description\" content=\"Exp\u00e9rimenter un mode de vie sobre et collectif : immersion au Campus de la Transition\" \/>\n<meta property=\"og:url\" content=\"https:\/\/www.minesparis.psl.eu\/isige\/actualites\/experimenter-un-mode-de-vie-sobre-et-collectif-immersion-au-campus-de-la-transition\/\" \/>\n<meta property=\"og:site_name\" content=\"ISIGE Mines Paris - PSL\" \/>\n<meta property=\"article:modified_time\" content=\"2025-06-18T10:25:25+00:00\" \/>\n<meta property=\"og:image\" content=\"https:\/\/www.minesparis.psl.eu\/isige\/wp-content\/uploads\/sites\/21\/2025\/04\/IMG_20221007_154657-2-768x461-1.jpg\" \/>\n\t<meta property=\"og:image:width\" content=\"768\" \/>\n\t<meta property=\"og:image:height\" content=\"461\" \/>\n\t<meta property=\"og:image:type\" content=\"image\/jpeg\" \/>\n<meta name=\"twitter:card\" content=\"summary_large_image\" \/>\n<meta name=\"twitter:label1\" content=\"Dur\u00e9e de lecture estim\u00e9e\" \/>\n\t<meta name=\"twitter:data1\" content=\"1 minute\" \/>\n<script type=\"application\/ld+json\" class=\"yoast-schema-graph\">{\"@context\":\"https:\/\/schema.org\",\"@graph\":[{\"@type\":\"WebPage\",\"@id\":\"https:\/\/www.minesparis.psl.eu\/isige\/actualites\/experimenter-un-mode-de-vie-sobre-et-collectif-immersion-au-campus-de-la-transition\/\",\"url\":\"https:\/\/www.minesparis.psl.eu\/isige\/actualites\/experimenter-un-mode-de-vie-sobre-et-collectif-immersion-au-campus-de-la-transition\/\",\"name\":\"Exp\u00e9rimenter un mode de vie sobre et collectif : immersion au Campus de la Transition - ISIGE Mines Paris - PSL\",\"isPartOf\":{\"@id\":\"https:\/\/www.minesparis.psl.eu\/isige\/#website\"},\"primaryImageOfPage\":{\"@id\":\"https:\/\/www.minesparis.psl.eu\/isige\/actualites\/experimenter-un-mode-de-vie-sobre-et-collectif-immersion-au-campus-de-la-transition\/#primaryimage\"},\"image\":{\"@id\":\"https:\/\/www.minesparis.psl.eu\/isige\/actualites\/experimenter-un-mode-de-vie-sobre-et-collectif-immersion-au-campus-de-la-transition\/#primaryimage\"},\"thumbnailUrl\":\"https:\/\/www.minesparis.psl.eu\/isige\/wp-content\/uploads\/sites\/21\/2025\/04\/IMG_20221007_154657-2-768x461-1.jpg\",\"datePublished\":\"2022-11-03T13:04:00+00:00\",\"dateModified\":\"2025-06-18T10:25:25+00:00\",\"description\":\"Exp\u00e9rimenter un mode de vie sobre et collectif : immersion au Campus de la Transition\",\"breadcrumb\":{\"@id\":\"https:\/\/www.minesparis.psl.eu\/isige\/actualites\/experimenter-un-mode-de-vie-sobre-et-collectif-immersion-au-campus-de-la-transition\/#breadcrumb\"},\"inLanguage\":\"fr-FR\",\"potentialAction\":[{\"@type\":\"ReadAction\",\"target\":[\"https:\/\/www.minesparis.psl.eu\/isige\/actualites\/experimenter-un-mode-de-vie-sobre-et-collectif-immersion-au-campus-de-la-transition\/\"]}]},{\"@type\":\"ImageObject\",\"inLanguage\":\"fr-FR\",\"@id\":\"https:\/\/www.minesparis.psl.eu\/isige\/actualites\/experimenter-un-mode-de-vie-sobre-et-collectif-immersion-au-campus-de-la-transition\/#primaryimage\",\"url\":\"https:\/\/www.minesparis.psl.eu\/isige\/wp-content\/uploads\/sites\/21\/2025\/04\/IMG_20221007_154657-2-768x461-1.jpg\",\"contentUrl\":\"https:\/\/www.minesparis.psl.eu\/isige\/wp-content\/uploads\/sites\/21\/2025\/04\/IMG_20221007_154657-2-768x461-1.jpg\",\"width\":768,\"height\":461},{\"@type\":\"BreadcrumbList\",\"@id\":\"https:\/\/www.minesparis.psl.eu\/isige\/actualites\/experimenter-un-mode-de-vie-sobre-et-collectif-immersion-au-campus-de-la-transition\/#breadcrumb\",\"itemListElement\":[{\"@type\":\"ListItem\",\"position\":1,\"name\":\"Accueil\",\"item\":\"https:\/\/www.minesparis.psl.eu\/isige\/\"},{\"@type\":\"ListItem\",\"position\":2,\"name\":\"Exp\u00e9rimenter un mode de vie sobre et collectif : immersion au Campus de la Transition\"}]},{\"@type\":\"WebSite\",\"@id\":\"https:\/\/www.minesparis.psl.eu\/isige\/#website\",\"url\":\"https:\/\/www.minesparis.psl.eu\/isige\/\",\"name\":\"ISIGE Mines Paris - PSL\",\"description\":\"\",\"publisher\":{\"@id\":\"https:\/\/www.minesparis.psl.eu\/isige\/#organization\"},\"potentialAction\":[{\"@type\":\"SearchAction\",\"target\":{\"@type\":\"EntryPoint\",\"urlTemplate\":\"https:\/\/www.minesparis.psl.eu\/isige\/?s={search_term_string}\"},\"query-input\":{\"@type\":\"PropertyValueSpecification\",\"valueRequired\":true,\"valueName\":\"search_term_string\"}}],\"inLanguage\":\"fr-FR\"},{\"@type\":\"Organization\",\"@id\":\"https:\/\/www.minesparis.psl.eu\/isige\/#organization\",\"name\":\"ISIGE Mines Paris - PSL\",\"url\":\"https:\/\/www.minesparis.psl.eu\/isige\/\",\"logo\":{\"@type\":\"ImageObject\",\"inLanguage\":\"fr-FR\",\"@id\":\"https:\/\/www.minesparis.psl.eu\/isige\/#\/schema\/logo\/image\/\",\"url\":\"https:\/\/www.minesparis.psl.eu\/isige\/wp-content\/uploads\/sites\/21\/2025\/02\/cropped-MinesParis-PSL-ISIGEOCoRVB-1.png\",\"contentUrl\":\"https:\/\/www.minesparis.psl.eu\/isige\/wp-content\/uploads\/sites\/21\/2025\/02\/cropped-MinesParis-PSL-ISIGEOCoRVB-1.png\",\"width\":1584,\"height\":360,\"caption\":\"ISIGE Mines Paris - PSL\"},\"image\":{\"@id\":\"https:\/\/www.minesparis.psl.eu\/isige\/#\/schema\/logo\/image\/\"}}]}<\/script>\n<!-- \/ Yoast SEO plugin. -->","yoast_head_json":{"title":"Exp\u00e9rimenter un mode de vie sobre et collectif : immersion au Campus de la Transition - ISIGE Mines Paris - PSL","description":"Exp\u00e9rimenter un mode de vie sobre et collectif : immersion au Campus de la Transition","robots":{"index":"index","follow":"follow","max-snippet":"max-snippet:-1","max-image-preview":"max-image-preview:large","max-video-preview":"max-video-preview:-1"},"canonical":"https:\/\/www.minesparis.psl.eu\/isige\/actualites\/experimenter-un-mode-de-vie-sobre-et-collectif-immersion-au-campus-de-la-transition\/","og_locale":"fr_FR","og_type":"article","og_title":"Exp\u00e9rimenter un mode de vie sobre et collectif : immersion au Campus de la Transition - ISIGE Mines Paris - PSL","og_description":"Exp\u00e9rimenter un mode de vie sobre et collectif : immersion au Campus de la Transition","og_url":"https:\/\/www.minesparis.psl.eu\/isige\/actualites\/experimenter-un-mode-de-vie-sobre-et-collectif-immersion-au-campus-de-la-transition\/","og_site_name":"ISIGE Mines Paris - PSL","article_modified_time":"2025-06-18T10:25:25+00:00","og_image":[{"width":768,"height":461,"url":"https:\/\/www.minesparis.psl.eu\/isige\/wp-content\/uploads\/sites\/21\/2025\/04\/IMG_20221007_154657-2-768x461-1.jpg","type":"image\/jpeg"}],"twitter_card":"summary_large_image","twitter_misc":{"Dur\u00e9e de lecture estim\u00e9e":"1 minute"},"schema":{"@context":"https:\/\/schema.org","@graph":[{"@type":"WebPage","@id":"https:\/\/www.minesparis.psl.eu\/isige\/actualites\/experimenter-un-mode-de-vie-sobre-et-collectif-immersion-au-campus-de-la-transition\/","url":"https:\/\/www.minesparis.psl.eu\/isige\/actualites\/experimenter-un-mode-de-vie-sobre-et-collectif-immersion-au-campus-de-la-transition\/","name":"Exp\u00e9rimenter un mode de vie sobre et collectif : immersion au Campus de la Transition - ISIGE Mines Paris - PSL","isPartOf":{"@id":"https:\/\/www.minesparis.psl.eu\/isige\/#website"},"primaryImageOfPage":{"@id":"https:\/\/www.minesparis.psl.eu\/isige\/actualites\/experimenter-un-mode-de-vie-sobre-et-collectif-immersion-au-campus-de-la-transition\/#primaryimage"},"image":{"@id":"https:\/\/www.minesparis.psl.eu\/isige\/actualites\/experimenter-un-mode-de-vie-sobre-et-collectif-immersion-au-campus-de-la-transition\/#primaryimage"},"thumbnailUrl":"https:\/\/www.minesparis.psl.eu\/isige\/wp-content\/uploads\/sites\/21\/2025\/04\/IMG_20221007_154657-2-768x461-1.jpg","datePublished":"2022-11-03T13:04:00+00:00","dateModified":"2025-06-18T10:25:25+00:00","description":"Exp\u00e9rimenter un mode de vie sobre et collectif : immersion au Campus de la Transition","breadcrumb":{"@id":"https:\/\/www.minesparis.psl.eu\/isige\/actualites\/experimenter-un-mode-de-vie-sobre-et-collectif-immersion-au-campus-de-la-transition\/#breadcrumb"},"inLanguage":"fr-FR","potentialAction":[{"@type":"ReadAction","target":["https:\/\/www.minesparis.psl.eu\/isige\/actualites\/experimenter-un-mode-de-vie-sobre-et-collectif-immersion-au-campus-de-la-transition\/"]}]},{"@type":"ImageObject","inLanguage":"fr-FR","@id":"https:\/\/www.minesparis.psl.eu\/isige\/actualites\/experimenter-un-mode-de-vie-sobre-et-collectif-immersion-au-campus-de-la-transition\/#primaryimage","url":"https:\/\/www.minesparis.psl.eu\/isige\/wp-content\/uploads\/sites\/21\/2025\/04\/IMG_20221007_154657-2-768x461-1.jpg","contentUrl":"https:\/\/www.minesparis.psl.eu\/isige\/wp-content\/uploads\/sites\/21\/2025\/04\/IMG_20221007_154657-2-768x461-1.jpg","width":768,"height":461},{"@type":"BreadcrumbList","@id":"https:\/\/www.minesparis.psl.eu\/isige\/actualites\/experimenter-un-mode-de-vie-sobre-et-collectif-immersion-au-campus-de-la-transition\/#breadcrumb","itemListElement":[{"@type":"ListItem","position":1,"name":"Accueil","item":"https:\/\/www.minesparis.psl.eu\/isige\/"},{"@type":"ListItem","position":2,"name":"Exp\u00e9rimenter un mode de vie sobre et collectif : immersion au Campus de la Transition"}]},{"@type":"WebSite","@id":"https:\/\/www.minesparis.psl.eu\/isige\/#website","url":"https:\/\/www.minesparis.psl.eu\/isige\/","name":"ISIGE Mines Paris - PSL","description":"","publisher":{"@id":"https:\/\/www.minesparis.psl.eu\/isige\/#organization"},"potentialAction":[{"@type":"SearchAction","target":{"@type":"EntryPoint","urlTemplate":"https:\/\/www.minesparis.psl.eu\/isige\/?s={search_term_string}"},"query-input":{"@type":"PropertyValueSpecification","valueRequired":true,"valueName":"search_term_string"}}],"inLanguage":"fr-FR"},{"@type":"Organization","@id":"https:\/\/www.minesparis.psl.eu\/isige\/#organization","name":"ISIGE Mines Paris - PSL","url":"https:\/\/www.minesparis.psl.eu\/isige\/","logo":{"@type":"ImageObject","inLanguage":"fr-FR","@id":"https:\/\/www.minesparis.psl.eu\/isige\/#\/schema\/logo\/image\/","url":"https:\/\/www.minesparis.psl.eu\/isige\/wp-content\/uploads\/sites\/21\/2025\/02\/cropped-MinesParis-PSL-ISIGEOCoRVB-1.png","contentUrl":"https:\/\/www.minesparis.psl.eu\/isige\/wp-content\/uploads\/sites\/21\/2025\/02\/cropped-MinesParis-PSL-ISIGEOCoRVB-1.png","width":1584,"height":360,"caption":"ISIGE Mines Paris - PSL"},"image":{"@id":"https:\/\/www.minesparis.psl.eu\/isige\/#\/schema\/logo\/image\/"}}]}},"_links":{"self":[{"href":"https:\/\/www.minesparis.psl.eu\/isige\/wp-json\/wp\/v2\/actualites\/2603","targetHints":{"allow":["GET"]}}],"collection":[{"href":"https:\/\/www.minesparis.psl.eu\/isige\/wp-json\/wp\/v2\/actualites"}],"about":[{"href":"https:\/\/www.minesparis.psl.eu\/isige\/wp-json\/wp\/v2\/types\/actualites"}],"wp:featuredmedia":[{"embeddable":true,"href":"https:\/\/www.minesparis.psl.eu\/isige\/wp-json\/wp\/v2\/media\/2604"}],"wp:attachment":[{"href":"https:\/\/www.minesparis.psl.eu\/isige\/wp-json\/wp\/v2\/media?parent=2603"}],"wp:term":[{"taxonomy":"actualites-formats","embeddable":true,"href":"https:\/\/www.minesparis.psl.eu\/isige\/wp-json\/wp\/v2\/actualites-formats?post=2603"},{"taxonomy":"actualites-thematiques","embeddable":true,"href":"https:\/\/www.minesparis.psl.eu\/isige\/wp-json\/wp\/v2\/actualites-thematiques?post=2603"}],"curies":[{"name":"wp","href":"https:\/\/api.w.org\/{rel}","templated":true}]}}