{"id":2600,"date":"2022-11-18T13:51:00","date_gmt":"2022-11-18T12:51:00","guid":{"rendered":"https:\/\/www.minesparis.psl.eu\/isige\/?post_type=actualites&#038;p=2600"},"modified":"2025-06-18T12:25:25","modified_gmt":"2025-06-18T10:25:25","slug":"cap-au-nord-pour-explorer-les-defis-energetiques-de-demain-immersion-dans-lindustrie-du-charbon","status":"publish","type":"actualites","link":"https:\/\/www.minesparis.psl.eu\/isige\/actualites\/cap-au-nord-pour-explorer-les-defis-energetiques-de-demain-immersion-dans-lindustrie-du-charbon\/","title":{"rendered":"Cap au Nord pour explorer les d\u00e9fis \u00e9nerg\u00e9tiques de demain : immersion dans l\u2019industrie du charbon"},"content":{"rendered":"\n<div class=\"container block-full-largeur\">\n\t<div class=\"row mt-4\">\n\t\t<div class=\"col-md-12\">\n\t\t\t<h2 style=\"text-align: justify\" data-start=\"487\" data-end=\"572\">Novembre 2022 \u2013 Un voyage p\u00e9dagogique dans le Bassin minier du Nord-Pas-de-Calais<\/h2>\n<p class=\"\" style=\"text-align: justify\" data-start=\"574\" data-end=\"1110\">Ce deuxi\u00e8me module a pour objectif de renforcer les comp\u00e9tences analytiques des \u00e9tudiants et de leur permettre <strong data-start=\"1042\" data-end=\"1109\">d\u2019appr\u00e9hender les enjeux environnementaux de mani\u00e8re syst\u00e9mique<\/strong>.<\/p>\n<p data-start=\"574\" data-end=\"1110\"><img loading=\"lazy\" decoding=\"async\" class=\"size-full wp-image-2601 aligncenter\" src=\"https:\/\/www.minesparis.psl.eu\/isige\/wp-content\/uploads\/sites\/21\/2025\/04\/3-1024x1024-1.png\" alt=\"\" width=\"1024\" height=\"1024\" srcset=\"https:\/\/www.minesparis.psl.eu\/isige\/wp-content\/uploads\/sites\/21\/2025\/04\/3-1024x1024-1.png 1024w, https:\/\/www.minesparis.psl.eu\/isige\/wp-content\/uploads\/sites\/21\/2025\/04\/3-1024x1024-1-300x300.png 300w, https:\/\/www.minesparis.psl.eu\/isige\/wp-content\/uploads\/sites\/21\/2025\/04\/3-1024x1024-1-150x150.png 150w, https:\/\/www.minesparis.psl.eu\/isige\/wp-content\/uploads\/sites\/21\/2025\/04\/3-1024x1024-1-768x768.png 768w\" sizes=\"auto, (max-width: 1024px) 100vw, 1024px\" \/><\/p>\n<h2 style=\"text-align: justify\" data-start=\"1117\" data-end=\"1183\">Une plong\u00e9e au c\u0153ur de l\u2019histoire de l\u2019industrie du charbon<\/h2>\n<p class=\"\" style=\"text-align: justify\" data-start=\"1185\" data-end=\"1423\">\u00c0 travers cette exploration de terrain, les \u00e9tudiants ont pu <strong data-start=\"1246\" data-end=\"1308\">analyser les fondements historiques, techniques et sociaux<\/strong> de l\u2019extraction du charbon dans le <strong data-start=\"1344\" data-end=\"1366\">Nord-Pas-de-Calais<\/strong>, une r\u00e9gion profond\u00e9ment marqu\u00e9e par l\u2019activit\u00e9 mini\u00e8re.<\/p>\n<p><img loading=\"lazy\" decoding=\"async\" class=\"size-large wp-image-3472 aligncenter\" src=\"https:\/\/www.isige.minesparis.psl.eu\/wp-content\/uploads\/1-1024x1024.png\" alt=\"D\u00e9couvrir l'histoire \u00e9conomique, technique et sociale de l'exploitation du charbon dans le Nord-Pas-de-Calais \" width=\"640\" height=\"640\" \/><\/p>\n<p class=\"\" style=\"text-align: justify\" data-start=\"1425\" data-end=\"1459\">Les grandes th\u00e9matiques abord\u00e9es :<\/p>\n<ul style=\"text-align: justify\" data-start=\"1461\" data-end=\"1732\">\n<li class=\"\" data-start=\"1461\" data-end=\"1522\">\n<p class=\"\" data-start=\"1463\" data-end=\"1522\">Comment penser l\u2019action face au <strong data-start=\"1495\" data-end=\"1520\">changement climatique<\/strong> ?<\/p>\n<\/li>\n<li class=\"\" data-start=\"1523\" data-end=\"1590\">\n<p class=\"\" data-start=\"1525\" data-end=\"1590\">Quelle est la place du <strong data-start=\"1548\" data-end=\"1558\">vivant<\/strong> dans nos choix technologiques ?<\/p>\n<\/li>\n<li class=\"\" data-start=\"1591\" data-end=\"1648\">\n<p class=\"\" data-start=\"1593\" data-end=\"1648\">Quelle <strong data-start=\"1600\" data-end=\"1611\">\u00e9nergie<\/strong> pour les <strong data-start=\"1621\" data-end=\"1646\">soci\u00e9t\u00e9s post-carbone<\/strong> ?<\/p>\n<\/li>\n<li class=\"\" data-start=\"1649\" data-end=\"1732\">\n<p class=\"\" data-start=\"1651\" data-end=\"1732\">Quelles strat\u00e9gies pour r\u00e9pondre \u00e0 la <strong data-start=\"1689\" data-end=\"1730\">rar\u00e9faction des ressources naturelles<\/strong> ?<\/p>\n<\/li>\n<\/ul>\n<hr class=\"\" data-start=\"1734\" data-end=\"1737\" \/>\n<h2 class=\"\" style=\"text-align: justify\" data-start=\"1739\" data-end=\"1827\">Trois temps forts pour comprendre la transition du charbon vers une \u00e9conomie verte<\/h2>\n<h3 class=\"\" style=\"text-align: justify\" data-start=\"1829\" data-end=\"1888\">Visite du <strong data-start=\"1847\" data-end=\"1886\">Centre historique minier de Lewarde<\/strong><\/h3>\n<p><img loading=\"lazy\" decoding=\"async\" class=\"size-large wp-image-3473 aligncenter\" src=\"https:\/\/www.isige.minesparis.psl.eu\/wp-content\/uploads\/2-1024x1024.png\" alt=\"Comprendre l\u2019\u00e9volution des techniques et des conditions de travail dans les mines de charbon\" width=\"640\" height=\"640\" \/><\/p>\n<p class=\"\" style=\"text-align: justify\" data-start=\"1889\" data-end=\"2140\">Les 31 \u00e9tudiants ont d\u00e9couvert le plus grand mus\u00e9e de la mine en France. Les <strong data-start=\"1966\" data-end=\"1992\">galeries reconstitu\u00e9es<\/strong> leur ont offert une immersion dans pr\u00e8s de <strong data-start=\"2036\" data-end=\"2081\">trois si\u00e8cles d\u2019exploitation charbonni\u00e8re<\/strong>, entre 1720 et 1990. Cette visite a permis de comprendre :<\/p>\n<ul style=\"text-align: justify\" data-start=\"2142\" data-end=\"2357\">\n<li class=\"\" data-start=\"2142\" data-end=\"2187\">\n<p class=\"\" data-start=\"2144\" data-end=\"2187\">L\u2019\u00e9volution des <strong data-start=\"2160\" data-end=\"2187\">techniques d\u2019extraction<\/strong><\/p>\n<\/li>\n<li class=\"\" data-start=\"2188\" data-end=\"2267\">\n<p class=\"\" data-start=\"2190\" data-end=\"2267\">Les <strong data-start=\"2194\" data-end=\"2219\">conditions de travail<\/strong> des ouvriers, les c\u00e9l\u00e8bres <strong data-start=\"2247\" data-end=\"2267\">\u00ab\u00a0gueules noires\u00a0\u00bb<\/strong><\/p>\n<\/li>\n<li class=\"\" data-start=\"2268\" data-end=\"2357\">\n<p class=\"\" data-start=\"2270\" data-end=\"2357\">Les <strong data-start=\"2274\" data-end=\"2293\">impacts sociaux<\/strong> et <strong data-start=\"2297\" data-end=\"2313\">territoriaux<\/strong> d\u2019une industrie structurante mais polluante<\/p>\n<\/li>\n<\/ul>\n<h3 class=\"\" style=\"text-align: justify\" data-start=\"2359\" data-end=\"2448\">D\u00e9couverte de la <strong data-start=\"2384\" data-end=\"2417\">Base 11\/19 de Loos-en-Gohelle<\/strong>, site inscrit \u00e0 l\u2019<strong data-start=\"2436\" data-end=\"2446\">UNESCO<\/strong><\/h3>\n<p class=\"\" style=\"text-align: justify\" data-start=\"2449\" data-end=\"2761\">Guid\u00e9s par <strong data-start=\"2460\" data-end=\"2485\">la Cha\u00eene des Terrils<\/strong>, les \u00e9tudiants ont visit\u00e9 ce site embl\u00e9matique du Bassin minier. Ils ont explor\u00e9 comment ce <strong data-start=\"2578\" data-end=\"2613\">patrimoine industriel abandonn\u00e9<\/strong> a \u00e9t\u00e9 <strong data-start=\"2620\" data-end=\"2634\">r\u00e9habilit\u00e9<\/strong> pour devenir un <strong data-start=\"2651\" data-end=\"2682\">p\u00f4le culturel et \u00e9cologique<\/strong>, symbole de <strong data-start=\"2695\" data-end=\"2722\">r\u00e9silience territoriale<\/strong> et de <strong data-start=\"2729\" data-end=\"2760\">transition environnementale<\/strong>.<\/p>\n<blockquote data-start=\"2763\" data-end=\"2849\">\n<p class=\"\" data-start=\"2765\" data-end=\"2849\"><em data-start=\"2768\" data-end=\"2849\">Comment transformer un h\u00e9ritage industriel en levier de d\u00e9veloppement durable ?<\/em><\/p>\n<\/blockquote>\n<h3 class=\"\" style=\"text-align: justify\" data-start=\"2851\" data-end=\"2910\">Rencontre avec le <strong data-start=\"2877\" data-end=\"2908\">P\u00f4le de Comp\u00e9titivit\u00e9 TEAM\u00b2<\/strong><\/h3>\n<p class=\"\" style=\"text-align: justify\" data-start=\"2911\" data-end=\"3144\">Dernier temps fort de cette journ\u00e9e, la pr\u00e9sentation du p\u00f4le <strong data-start=\"2972\" data-end=\"3052\">TEAM\u00b2 \u2013 Technologies de l\u2019Environnement Appliqu\u00e9es aux Mati\u00e8res et Mat\u00e9riaux<\/strong>, sp\u00e9cialis\u00e9 dans le <strong data-start=\"3073\" data-end=\"3086\">recyclage<\/strong> et l\u2019<strong data-start=\"3092\" data-end=\"3115\">\u00e9conomie circulaire<\/strong>. L\u2019occasion d\u2019\u00e9changer sur :<\/p>\n<ul style=\"text-align: justify\" data-start=\"3146\" data-end=\"3358\">\n<li class=\"\" data-start=\"3146\" data-end=\"3204\">\n<p class=\"\" data-start=\"3148\" data-end=\"3204\">L\u2019innovation appliqu\u00e9e \u00e0 la <strong data-start=\"3176\" data-end=\"3204\">valorisation des d\u00e9chets<\/strong><\/p>\n<\/li>\n<li class=\"\" data-start=\"3205\" data-end=\"3270\">\n<p class=\"\" data-start=\"3207\" data-end=\"3270\">Les <strong data-start=\"3211\" data-end=\"3238\">ressources alternatives<\/strong> aux mati\u00e8res premi\u00e8res fossiles<\/p>\n<\/li>\n<li class=\"\" data-start=\"3271\" data-end=\"3358\">\n<p class=\"\" data-start=\"3273\" data-end=\"3358\">Les perspectives d\u2019une <strong data-start=\"3296\" data-end=\"3319\">\u00e9conomie circulaire<\/strong> au service des <strong data-start=\"3335\" data-end=\"3358\">ressources du futur<\/strong><\/p>\n<\/li>\n<\/ul>\n<hr class=\"\" data-start=\"3360\" data-end=\"3363\" \/>\n<h2 class=\"\" style=\"text-align: justify\" data-start=\"3365\" data-end=\"3411\">Enseignements cl\u00e9s : du \u00ab\u00a0noir\u00a0\u00bb au \u00ab\u00a0vert\u00a0\u00bb<\/h2>\n<p class=\"\" style=\"text-align: justify\" data-start=\"3413\" data-end=\"3749\">\u00c0 travers cette immersion, les \u00e9tudiants ont d\u00e9velopp\u00e9 une <strong data-start=\"3472\" data-end=\"3554\">compr\u00e9hension approfondie des impacts environnementaux, \u00e9conomiques et sociaux<\/strong> de l\u2019industrie charbonni\u00e8re. Mais surtout, ils ont d\u00e9couvert des <strong data-start=\"3620\" data-end=\"3657\">solutions concr\u00e8tes et innovantes<\/strong> pour accompagner les <strong data-start=\"3679\" data-end=\"3711\">territoires post-industriels<\/strong> dans leur <strong data-start=\"3722\" data-end=\"3747\">transition \u00e9cologique<\/strong> :<\/p>\n<ul style=\"text-align: justify\">\n<li data-start=\"3751\" data-end=\"3905\">Valorisation du <strong data-start=\"3769\" data-end=\"3790\">patrimoine minier<\/strong><\/li>\n<li data-start=\"3751\" data-end=\"3905\">D\u00e9veloppement de <strong data-start=\"3812\" data-end=\"3837\">fili\u00e8res de recyclage<\/strong><\/li>\n<li data-start=\"3751\" data-end=\"3905\">R\u00e9orientation vers une <strong data-start=\"3865\" data-end=\"3905\">\u00e9conomie circulaire et fonctionnelle<\/strong><\/li>\n<\/ul>\n<p class=\"\" style=\"text-align: justify\" data-start=\"3907\" data-end=\"4119\">Ce module illustre parfaitement la <strong data-start=\"3942\" data-end=\"3993\">p\u00e9dagogie active de l\u2019ISIGE \u2013 Mines Paris \u2013 PSL<\/strong>, qui m\u00eale <strong data-start=\"4004\" data-end=\"4026\">approche th\u00e9orique<\/strong>, <strong data-start=\"4028\" data-end=\"4050\">visites de terrain<\/strong> et <strong data-start=\"4054\" data-end=\"4093\">rencontres avec les acteurs engag\u00e9s<\/strong> pour une soci\u00e9t\u00e9 durable.<\/p>\n<p><img loading=\"lazy\" decoding=\"async\" class=\"size-large wp-image-3475 aligncenter\" src=\"https:\/\/www.isige.minesparis.psl.eu\/wp-content\/uploads\/4-1024x1024.png\" alt=\"Dans quelles mesures l\u2019\u00e9conomie circulaire et le recyclage peuvent stimuler l\u2019innovation pour les ressources du futur ?\" width=\"640\" height=\"640\" \/><\/p>\n<p class=\"\" style=\"text-align: justify\" data-start=\"4126\" data-end=\"4304\"><strong data-start=\"4129\" data-end=\"4203\">Merci \u00e0 nos partenaires pour leur accueil et leurs partages pr\u00e9cieux :<\/strong><br data-start=\"4203\" data-end=\"4206\" \/>Centre historique minier de Lewarde<br data-start=\"4244\" data-end=\"4247\" \/>La Cha\u00eene des Terrils<br data-start=\"4271\" data-end=\"4274\" \/>P\u00f4le de Comp\u00e9titivit\u00e9 TEAM\u00b2<\/p>\n\t\t<\/div>\n\t<\/div>\n<\/div>","protected":false},"featured_media":2602,"template":"","actualites-formats":[],"actualites-thematiques":[20],"class_list":["post-2600","actualites","type-actualites","status-publish","has-post-thumbnail","hentry"],"acf":[],"yoast_head":"<!-- This site is optimized with the Yoast SEO plugin v27.2 - https:\/\/yoast.com\/product\/yoast-seo-wordpress\/ -->\n<title>Cap au Nord pour explorer les d\u00e9fis \u00e9nerg\u00e9tiques de demain : immersion dans l&#039;industrie du charbon - ISIGE Mines Paris - PSL<\/title>\n<meta name=\"description\" content=\"Cap au Nord pour explorer les d\u00e9fis \u00e9nerg\u00e9tiques de demain : immersion dans l&#039;industrie du charbon\" \/>\n<meta name=\"robots\" content=\"index, follow, max-snippet:-1, max-image-preview:large, max-video-preview:-1\" \/>\n<link rel=\"canonical\" href=\"https:\/\/www.minesparis.psl.eu\/isige\/actualites\/cap-au-nord-pour-explorer-les-defis-energetiques-de-demain-immersion-dans-lindustrie-du-charbon\/\" \/>\n<meta property=\"og:locale\" content=\"fr_FR\" \/>\n<meta property=\"og:type\" content=\"article\" \/>\n<meta property=\"og:title\" content=\"Cap au Nord pour explorer les d\u00e9fis \u00e9nerg\u00e9tiques de demain : immersion dans l&#039;industrie du charbon - ISIGE Mines Paris - PSL\" \/>\n<meta property=\"og:description\" content=\"Cap au Nord pour explorer les d\u00e9fis \u00e9nerg\u00e9tiques de demain : immersion dans l&#039;industrie du charbon\" \/>\n<meta property=\"og:url\" content=\"https:\/\/www.minesparis.psl.eu\/isige\/actualites\/cap-au-nord-pour-explorer-les-defis-energetiques-de-demain-immersion-dans-lindustrie-du-charbon\/\" \/>\n<meta property=\"og:site_name\" content=\"ISIGE Mines Paris - PSL\" \/>\n<meta property=\"article:modified_time\" content=\"2025-06-18T10:25:25+00:00\" \/>\n<meta property=\"og:image\" content=\"https:\/\/www.minesparis.psl.eu\/isige\/wp-content\/uploads\/sites\/21\/2025\/04\/DSC_0195-768x511-1.jpg\" \/>\n\t<meta property=\"og:image:width\" content=\"768\" \/>\n\t<meta property=\"og:image:height\" content=\"511\" \/>\n\t<meta property=\"og:image:type\" content=\"image\/jpeg\" \/>\n<meta name=\"twitter:card\" content=\"summary_large_image\" \/>\n<meta name=\"twitter:label1\" content=\"Dur\u00e9e de lecture estim\u00e9e\" \/>\n\t<meta name=\"twitter:data1\" content=\"1 minute\" \/>\n<script type=\"application\/ld+json\" class=\"yoast-schema-graph\">{\"@context\":\"https:\/\/schema.org\",\"@graph\":[{\"@type\":\"WebPage\",\"@id\":\"https:\/\/www.minesparis.psl.eu\/isige\/actualites\/cap-au-nord-pour-explorer-les-defis-energetiques-de-demain-immersion-dans-lindustrie-du-charbon\/\",\"url\":\"https:\/\/www.minesparis.psl.eu\/isige\/actualites\/cap-au-nord-pour-explorer-les-defis-energetiques-de-demain-immersion-dans-lindustrie-du-charbon\/\",\"name\":\"Cap au Nord pour explorer les d\u00e9fis \u00e9nerg\u00e9tiques de demain : immersion dans l'industrie du charbon - ISIGE Mines Paris - PSL\",\"isPartOf\":{\"@id\":\"https:\/\/www.minesparis.psl.eu\/isige\/#website\"},\"primaryImageOfPage\":{\"@id\":\"https:\/\/www.minesparis.psl.eu\/isige\/actualites\/cap-au-nord-pour-explorer-les-defis-energetiques-de-demain-immersion-dans-lindustrie-du-charbon\/#primaryimage\"},\"image\":{\"@id\":\"https:\/\/www.minesparis.psl.eu\/isige\/actualites\/cap-au-nord-pour-explorer-les-defis-energetiques-de-demain-immersion-dans-lindustrie-du-charbon\/#primaryimage\"},\"thumbnailUrl\":\"https:\/\/www.minesparis.psl.eu\/isige\/wp-content\/uploads\/sites\/21\/2025\/04\/DSC_0195-768x511-1.jpg\",\"datePublished\":\"2022-11-18T12:51:00+00:00\",\"dateModified\":\"2025-06-18T10:25:25+00:00\",\"description\":\"Cap au Nord pour explorer les d\u00e9fis \u00e9nerg\u00e9tiques de demain : immersion dans l'industrie du charbon\",\"breadcrumb\":{\"@id\":\"https:\/\/www.minesparis.psl.eu\/isige\/actualites\/cap-au-nord-pour-explorer-les-defis-energetiques-de-demain-immersion-dans-lindustrie-du-charbon\/#breadcrumb\"},\"inLanguage\":\"fr-FR\",\"potentialAction\":[{\"@type\":\"ReadAction\",\"target\":[\"https:\/\/www.minesparis.psl.eu\/isige\/actualites\/cap-au-nord-pour-explorer-les-defis-energetiques-de-demain-immersion-dans-lindustrie-du-charbon\/\"]}]},{\"@type\":\"ImageObject\",\"inLanguage\":\"fr-FR\",\"@id\":\"https:\/\/www.minesparis.psl.eu\/isige\/actualites\/cap-au-nord-pour-explorer-les-defis-energetiques-de-demain-immersion-dans-lindustrie-du-charbon\/#primaryimage\",\"url\":\"https:\/\/www.minesparis.psl.eu\/isige\/wp-content\/uploads\/sites\/21\/2025\/04\/DSC_0195-768x511-1.jpg\",\"contentUrl\":\"https:\/\/www.minesparis.psl.eu\/isige\/wp-content\/uploads\/sites\/21\/2025\/04\/DSC_0195-768x511-1.jpg\",\"width\":768,\"height\":511},{\"@type\":\"BreadcrumbList\",\"@id\":\"https:\/\/www.minesparis.psl.eu\/isige\/actualites\/cap-au-nord-pour-explorer-les-defis-energetiques-de-demain-immersion-dans-lindustrie-du-charbon\/#breadcrumb\",\"itemListElement\":[{\"@type\":\"ListItem\",\"position\":1,\"name\":\"Accueil\",\"item\":\"https:\/\/www.minesparis.psl.eu\/isige\/\"},{\"@type\":\"ListItem\",\"position\":2,\"name\":\"Cap au Nord pour explorer les d\u00e9fis \u00e9nerg\u00e9tiques de demain : immersion dans l\u2019industrie du charbon\"}]},{\"@type\":\"WebSite\",\"@id\":\"https:\/\/www.minesparis.psl.eu\/isige\/#website\",\"url\":\"https:\/\/www.minesparis.psl.eu\/isige\/\",\"name\":\"ISIGE Mines Paris - PSL\",\"description\":\"\",\"publisher\":{\"@id\":\"https:\/\/www.minesparis.psl.eu\/isige\/#organization\"},\"potentialAction\":[{\"@type\":\"SearchAction\",\"target\":{\"@type\":\"EntryPoint\",\"urlTemplate\":\"https:\/\/www.minesparis.psl.eu\/isige\/?s={search_term_string}\"},\"query-input\":{\"@type\":\"PropertyValueSpecification\",\"valueRequired\":true,\"valueName\":\"search_term_string\"}}],\"inLanguage\":\"fr-FR\"},{\"@type\":\"Organization\",\"@id\":\"https:\/\/www.minesparis.psl.eu\/isige\/#organization\",\"name\":\"ISIGE Mines Paris - PSL\",\"url\":\"https:\/\/www.minesparis.psl.eu\/isige\/\",\"logo\":{\"@type\":\"ImageObject\",\"inLanguage\":\"fr-FR\",\"@id\":\"https:\/\/www.minesparis.psl.eu\/isige\/#\/schema\/logo\/image\/\",\"url\":\"https:\/\/www.minesparis.psl.eu\/isige\/wp-content\/uploads\/sites\/21\/2025\/02\/cropped-MinesParis-PSL-ISIGEOCoRVB-1.png\",\"contentUrl\":\"https:\/\/www.minesparis.psl.eu\/isige\/wp-content\/uploads\/sites\/21\/2025\/02\/cropped-MinesParis-PSL-ISIGEOCoRVB-1.png\",\"width\":1584,\"height\":360,\"caption\":\"ISIGE Mines Paris - PSL\"},\"image\":{\"@id\":\"https:\/\/www.minesparis.psl.eu\/isige\/#\/schema\/logo\/image\/\"}}]}<\/script>\n<!-- \/ Yoast SEO plugin. -->","yoast_head_json":{"title":"Cap au Nord pour explorer les d\u00e9fis \u00e9nerg\u00e9tiques de demain : immersion dans l'industrie du charbon - ISIGE Mines Paris - PSL","description":"Cap au Nord pour explorer les d\u00e9fis \u00e9nerg\u00e9tiques de demain : immersion dans l'industrie du charbon","robots":{"index":"index","follow":"follow","max-snippet":"max-snippet:-1","max-image-preview":"max-image-preview:large","max-video-preview":"max-video-preview:-1"},"canonical":"https:\/\/www.minesparis.psl.eu\/isige\/actualites\/cap-au-nord-pour-explorer-les-defis-energetiques-de-demain-immersion-dans-lindustrie-du-charbon\/","og_locale":"fr_FR","og_type":"article","og_title":"Cap au Nord pour explorer les d\u00e9fis \u00e9nerg\u00e9tiques de demain : immersion dans l'industrie du charbon - ISIGE Mines Paris - PSL","og_description":"Cap au Nord pour explorer les d\u00e9fis \u00e9nerg\u00e9tiques de demain : immersion dans l'industrie du charbon","og_url":"https:\/\/www.minesparis.psl.eu\/isige\/actualites\/cap-au-nord-pour-explorer-les-defis-energetiques-de-demain-immersion-dans-lindustrie-du-charbon\/","og_site_name":"ISIGE Mines Paris - PSL","article_modified_time":"2025-06-18T10:25:25+00:00","og_image":[{"width":768,"height":511,"url":"https:\/\/www.minesparis.psl.eu\/isige\/wp-content\/uploads\/sites\/21\/2025\/04\/DSC_0195-768x511-1.jpg","type":"image\/jpeg"}],"twitter_card":"summary_large_image","twitter_misc":{"Dur\u00e9e de lecture estim\u00e9e":"1 minute"},"schema":{"@context":"https:\/\/schema.org","@graph":[{"@type":"WebPage","@id":"https:\/\/www.minesparis.psl.eu\/isige\/actualites\/cap-au-nord-pour-explorer-les-defis-energetiques-de-demain-immersion-dans-lindustrie-du-charbon\/","url":"https:\/\/www.minesparis.psl.eu\/isige\/actualites\/cap-au-nord-pour-explorer-les-defis-energetiques-de-demain-immersion-dans-lindustrie-du-charbon\/","name":"Cap au Nord pour explorer les d\u00e9fis \u00e9nerg\u00e9tiques de demain : immersion dans l'industrie du charbon - ISIGE Mines Paris - PSL","isPartOf":{"@id":"https:\/\/www.minesparis.psl.eu\/isige\/#website"},"primaryImageOfPage":{"@id":"https:\/\/www.minesparis.psl.eu\/isige\/actualites\/cap-au-nord-pour-explorer-les-defis-energetiques-de-demain-immersion-dans-lindustrie-du-charbon\/#primaryimage"},"image":{"@id":"https:\/\/www.minesparis.psl.eu\/isige\/actualites\/cap-au-nord-pour-explorer-les-defis-energetiques-de-demain-immersion-dans-lindustrie-du-charbon\/#primaryimage"},"thumbnailUrl":"https:\/\/www.minesparis.psl.eu\/isige\/wp-content\/uploads\/sites\/21\/2025\/04\/DSC_0195-768x511-1.jpg","datePublished":"2022-11-18T12:51:00+00:00","dateModified":"2025-06-18T10:25:25+00:00","description":"Cap au Nord pour explorer les d\u00e9fis \u00e9nerg\u00e9tiques de demain : immersion dans l'industrie du charbon","breadcrumb":{"@id":"https:\/\/www.minesparis.psl.eu\/isige\/actualites\/cap-au-nord-pour-explorer-les-defis-energetiques-de-demain-immersion-dans-lindustrie-du-charbon\/#breadcrumb"},"inLanguage":"fr-FR","potentialAction":[{"@type":"ReadAction","target":["https:\/\/www.minesparis.psl.eu\/isige\/actualites\/cap-au-nord-pour-explorer-les-defis-energetiques-de-demain-immersion-dans-lindustrie-du-charbon\/"]}]},{"@type":"ImageObject","inLanguage":"fr-FR","@id":"https:\/\/www.minesparis.psl.eu\/isige\/actualites\/cap-au-nord-pour-explorer-les-defis-energetiques-de-demain-immersion-dans-lindustrie-du-charbon\/#primaryimage","url":"https:\/\/www.minesparis.psl.eu\/isige\/wp-content\/uploads\/sites\/21\/2025\/04\/DSC_0195-768x511-1.jpg","contentUrl":"https:\/\/www.minesparis.psl.eu\/isige\/wp-content\/uploads\/sites\/21\/2025\/04\/DSC_0195-768x511-1.jpg","width":768,"height":511},{"@type":"BreadcrumbList","@id":"https:\/\/www.minesparis.psl.eu\/isige\/actualites\/cap-au-nord-pour-explorer-les-defis-energetiques-de-demain-immersion-dans-lindustrie-du-charbon\/#breadcrumb","itemListElement":[{"@type":"ListItem","position":1,"name":"Accueil","item":"https:\/\/www.minesparis.psl.eu\/isige\/"},{"@type":"ListItem","position":2,"name":"Cap au Nord pour explorer les d\u00e9fis \u00e9nerg\u00e9tiques de demain : immersion dans l\u2019industrie du charbon"}]},{"@type":"WebSite","@id":"https:\/\/www.minesparis.psl.eu\/isige\/#website","url":"https:\/\/www.minesparis.psl.eu\/isige\/","name":"ISIGE Mines Paris - PSL","description":"","publisher":{"@id":"https:\/\/www.minesparis.psl.eu\/isige\/#organization"},"potentialAction":[{"@type":"SearchAction","target":{"@type":"EntryPoint","urlTemplate":"https:\/\/www.minesparis.psl.eu\/isige\/?s={search_term_string}"},"query-input":{"@type":"PropertyValueSpecification","valueRequired":true,"valueName":"search_term_string"}}],"inLanguage":"fr-FR"},{"@type":"Organization","@id":"https:\/\/www.minesparis.psl.eu\/isige\/#organization","name":"ISIGE Mines Paris - PSL","url":"https:\/\/www.minesparis.psl.eu\/isige\/","logo":{"@type":"ImageObject","inLanguage":"fr-FR","@id":"https:\/\/www.minesparis.psl.eu\/isige\/#\/schema\/logo\/image\/","url":"https:\/\/www.minesparis.psl.eu\/isige\/wp-content\/uploads\/sites\/21\/2025\/02\/cropped-MinesParis-PSL-ISIGEOCoRVB-1.png","contentUrl":"https:\/\/www.minesparis.psl.eu\/isige\/wp-content\/uploads\/sites\/21\/2025\/02\/cropped-MinesParis-PSL-ISIGEOCoRVB-1.png","width":1584,"height":360,"caption":"ISIGE Mines Paris - PSL"},"image":{"@id":"https:\/\/www.minesparis.psl.eu\/isige\/#\/schema\/logo\/image\/"}}]}},"_links":{"self":[{"href":"https:\/\/www.minesparis.psl.eu\/isige\/wp-json\/wp\/v2\/actualites\/2600","targetHints":{"allow":["GET"]}}],"collection":[{"href":"https:\/\/www.minesparis.psl.eu\/isige\/wp-json\/wp\/v2\/actualites"}],"about":[{"href":"https:\/\/www.minesparis.psl.eu\/isige\/wp-json\/wp\/v2\/types\/actualites"}],"wp:featuredmedia":[{"embeddable":true,"href":"https:\/\/www.minesparis.psl.eu\/isige\/wp-json\/wp\/v2\/media\/2602"}],"wp:attachment":[{"href":"https:\/\/www.minesparis.psl.eu\/isige\/wp-json\/wp\/v2\/media?parent=2600"}],"wp:term":[{"taxonomy":"actualites-formats","embeddable":true,"href":"https:\/\/www.minesparis.psl.eu\/isige\/wp-json\/wp\/v2\/actualites-formats?post=2600"},{"taxonomy":"actualites-thematiques","embeddable":true,"href":"https:\/\/www.minesparis.psl.eu\/isige\/wp-json\/wp\/v2\/actualites-thematiques?post=2600"}],"curies":[{"name":"wp","href":"https:\/\/api.w.org\/{rel}","templated":true}]}}