{"id":2594,"date":"2022-10-25T12:34:00","date_gmt":"2022-10-25T10:34:00","guid":{"rendered":"https:\/\/www.minesparis.psl.eu\/isige\/?post_type=actualites&#038;p=2594"},"modified":"2025-06-18T12:25:25","modified_gmt":"2025-06-18T10:25:25","slug":"decryptage-du-cadre-reglementaire-de-la-gestion-des-dechets","status":"publish","type":"actualites","link":"https:\/\/www.minesparis.psl.eu\/isige\/actualites\/decryptage-du-cadre-reglementaire-de-la-gestion-des-dechets\/","title":{"rendered":"D\u00e9cryptage du cadre r\u00e9glementaire de la gestion des d\u00e9chets"},"content":{"rendered":"\n<div class=\"container block-full-largeur\">\n\t<div class=\"row mt-4\">\n\t\t<div class=\"col-md-12\">\n\t\t\t<h2 style=\"text-align: justify\">Une journ\u00e9e terrain pour les \u00e9tudiants du Mast\u00e8re EEDD parcours IGE<\/h2>\n<p class=\"\" style=\"text-align: justify\" data-start=\"470\" data-end=\"1039\">Cette journ\u00e9e p\u00e9dagogique, anim\u00e9e par <strong data-start=\"804\" data-end=\"826\">Pierre Hirtzberger<\/strong>, Directeur g\u00e9n\u00e9ral des services techniques du <strong data-start=\"873\" data-end=\"883\">Syctom<\/strong> et Pr\u00e9sident de l\u2019<strong data-start=\"902\" data-end=\"911\">Astee<\/strong>, fut l\u2019occasion de croiser <strong data-start=\"939\" data-end=\"987\">apports th\u00e9oriques et exp\u00e9riences de terrain<\/strong> sur les enjeux actuels de la transition \u00e9cologique.<\/p>\n<hr class=\"\" data-start=\"1041\" data-end=\"1044\" \/>\n<h2 style=\"text-align: justify\" data-start=\"1046\" data-end=\"1115\">Une matin\u00e9e pour comprendre le cadre r\u00e9glementaire des d\u00e9chets<\/h2>\n<p class=\"\" style=\"text-align: justify\" data-start=\"1117\" data-end=\"1669\">Sp\u00e9cialiste reconnu dans le domaine, <strong data-start=\"1154\" data-end=\"1176\">Pierre Hirtzberger<\/strong> \u2013 \u00e9galement ancien \u00e9l\u00e8ve du Mast\u00e8re IGE \u2013 a tout d\u2019abord dispens\u00e9 un <strong data-start=\"1246\" data-end=\"1346\">cours approfondi sur la r\u00e9glementation fran\u00e7aise et europ\u00e9enne relative \u00e0 la gestion des d\u00e9chets<\/strong>. Il a abord\u00e9 les principales lois, d\u00e9crets et directives structurant les fili\u00e8res de traitement, les obligations des collectivit\u00e9s territoriales, les responsabilit\u00e9s des producteurs, ainsi que les principes fondamentaux de l\u2019<strong data-start=\"1572\" data-end=\"1595\">\u00e9conomie circulaire<\/strong>, du <strong data-start=\"1600\" data-end=\"1612\">r\u00e9emploi<\/strong>, de la <strong data-start=\"1620\" data-end=\"1648\">valorisation \u00e9nerg\u00e9tique<\/strong> et du <strong data-start=\"1655\" data-end=\"1668\">recyclage<\/strong>.<\/p>\n<h4 style=\"text-align: center\" data-start=\"1671\" data-end=\"1816\"><span style=\"color: #015d9e\"><em data-start=\"1674\" data-end=\"1795\">\u00ab La transversalit\u00e9 eau-d\u00e9chet est une r\u00e9alit\u00e9 et une source de progr\u00e8s pour les services publics de l\u2019environnement. \u00bb<\/em> \u2013 Pierre Hirtzberger<\/span><\/h4>\n<hr class=\"\" data-start=\"1818\" data-end=\"1821\" \/>\n<h2 style=\"text-align: justify\" data-start=\"1823\" data-end=\"1917\">Visite du Syctom : acteur public majeur de la valorisation des d\u00e9chets en \u00cele-de-France<\/h2>\n<p class=\"\" style=\"text-align: justify\" data-start=\"1919\" data-end=\"2405\">L\u2019apr\u00e8s-midi, place au terrain avec la <strong data-start=\"1958\" data-end=\"2042\">visite du centre de tri des emballages et papiers du 15e arrondissement de Paris<\/strong>, g\u00e9r\u00e9 par le <strong data-start=\"2056\" data-end=\"2066\">Syctom<\/strong>, l\u2019agence m\u00e9tropolitaine des d\u00e9chets m\u00e9nagers. Ce site de pointe illustre concr\u00e8tement la mani\u00e8re dont les d\u00e9chets sont <strong data-start=\"2187\" data-end=\"2218\">tri\u00e9s par type de mat\u00e9riaux<\/strong> (plastiques, cartons, aluminium, papiers, etc.) \u00e0 une cadence impressionnante : jusqu\u2019\u00e0 <strong data-start=\"2307\" data-end=\"2330\">10 tonnes par heure<\/strong> sont tri\u00e9es pour \u00eatre ensuite dirig\u00e9es vers les fili\u00e8res de <strong data-start=\"2391\" data-end=\"2404\">recyclage<\/strong>.<\/p>\n<p class=\"\" style=\"text-align: justify\" data-start=\"2407\" data-end=\"2755\">Le <strong data-start=\"2410\" data-end=\"2420\">Syctom<\/strong> est aujourd\u2019hui un <strong data-start=\"2440\" data-end=\"2492\">acteur cl\u00e9 de l\u2019\u00e9conomie circulaire francilienne<\/strong>, en charge de la gestion des d\u00e9chets de plus de <strong data-start=\"2541\" data-end=\"2567\">6 millions d\u2019habitants<\/strong>. Sa mission : <strong data-start=\"2582\" data-end=\"2623\">transformer les d\u00e9chets en ressources<\/strong>, optimiser les fili\u00e8res de valorisation et accompagner les collectivit\u00e9s dans une <strong data-start=\"2706\" data-end=\"2754\">transition \u00e9cologique durable et responsable<\/strong>.<\/p>\n<hr class=\"\" data-start=\"2757\" data-end=\"2760\" \/>\n<h2 style=\"text-align: justify\" data-start=\"2762\" data-end=\"2827\">Zoom sur la valorisation \u00e9nerg\u00e9tique \u00e0 Issy-les-Moulineaux<\/h2>\n<p class=\"\" style=\"text-align: justify\" data-start=\"2829\" data-end=\"3272\">La journ\u00e9e s\u2019est poursuivie avec la visite du <strong data-start=\"2875\" data-end=\"2935\">centre de valorisation \u00e9nerg\u00e9tique d\u2019Issy-les-Moulineaux<\/strong>, infrastructure exemplaire en mati\u00e8re de <strong data-start=\"2977\" data-end=\"3013\">traitement des ordures m\u00e9nag\u00e8res<\/strong>. Capable de traiter <strong data-start=\"3034\" data-end=\"3076\">jusqu\u2019\u00e0 61 tonnes de d\u00e9chets par heure<\/strong>, ce centre convertit la chaleur produite par la combustion des d\u00e9chets en <strong data-start=\"3151\" data-end=\"3172\">\u00e9nergie thermique<\/strong> (alimentant le r\u00e9seau de chaleur urbain) et en <strong data-start=\"3220\" data-end=\"3235\">\u00e9lectricit\u00e9<\/strong>, dont une partie est revendue \u00e0 EDF.<\/p>\n<h4 style=\"text-align: center\" data-start=\"3274\" data-end=\"3396\"><em data-start=\"3277\" data-end=\"3375\">\u00ab Le meilleur d\u00e9chet est celui qui n\u2019est pas produit. Moins jeter, mieux trier ses biod\u00e9chets. \u00bb<\/em> \u2013 Pierre Hirtzberger<\/h4>\n<hr class=\"\" data-start=\"3398\" data-end=\"3401\" \/>\n<h2 style=\"text-align: justify\" data-start=\"3403\" data-end=\"3483\">Une formation concr\u00e8te pour une expertise environnementale de haut niveau<\/h2>\n<p class=\"\" style=\"text-align: justify\" data-start=\"3485\" data-end=\"3788\">Cette journ\u00e9e de formation s\u2019inscrit dans la <strong data-start=\"3530\" data-end=\"3589\">p\u00e9dagogie professionnalisante du Mast\u00e8re Sp\u00e9cialis\u00e9 IGE<\/strong>, qui combine <strong data-start=\"3603\" data-end=\"3687\">cours th\u00e9oriques, \u00e9tudes de cas, visites de terrain et \u00e9changes avec des experts<\/strong> pour former des ing\u00e9nieurs et managers capables de relever les d\u00e9fis environnementaux contemporains.<\/p>\n<hr class=\"\" data-start=\"3790\" data-end=\"3793\" \/>\n<h2 style=\"text-align: justify\" data-start=\"3795\" data-end=\"3845\">En savoir plus sur les acteurs rencontr\u00e9s<\/h2>\n<ul data-start=\"3847\" data-end=\"4098\">\n<li class=\"\" style=\"text-align: justify\" data-start=\"3847\" data-end=\"3967\">\n<p class=\"\" data-start=\"3849\" data-end=\"3967\"><strong data-start=\"3849\" data-end=\"3859\">Syctom<\/strong> \u2013 Agence m\u00e9tropolitaine des d\u00e9chets m\u00e9nagers : <a class=\"\" href=\"https:\/\/www.syctom-paris.fr\" target=\"_new\" rel=\"noopener\" data-start=\"3907\" data-end=\"3965\">https:\/\/www.syctom-paris.fr<\/a><\/p>\n<\/li>\n<li class=\"\" data-start=\"3968\" data-end=\"4098\">\n<p class=\"\" style=\"text-align: justify\" data-start=\"3970\" data-end=\"4098\"><strong data-start=\"3970\" data-end=\"3979\">Astee<\/strong> \u2013 Association scientifique et technique pour l\u2019eau et l\u2019environnement : <a class=\"\" href=\"https:\/\/www.astee.org\" target=\"_new\" rel=\"noopener\" data-start=\"4052\" data-end=\"4098\">https:\/\/www.astee.org<\/a><\/p>\n<\/li>\n<\/ul>\n\t\t<\/div>\n\t<\/div>\n<\/div>","protected":false},"featured_media":2595,"template":"","actualites-formats":[15],"actualites-thematiques":[20],"class_list":["post-2594","actualites","type-actualites","status-publish","has-post-thumbnail","hentry"],"acf":[],"yoast_head":"<!-- This site is optimized with the Yoast SEO plugin v27.2 - https:\/\/yoast.com\/product\/yoast-seo-wordpress\/ -->\n<title>D\u00e9cryptage du cadre r\u00e9glementaire de la gestion des d\u00e9chets - ISIGE Mines Paris - PSL<\/title>\n<meta name=\"description\" content=\"Croiser apports th\u00e9oriques et exp\u00e9riences de terrain sur les enjeux actuels du cadre r\u00e9glementaire de la gestion des d\u00e9chets.\" \/>\n<meta name=\"robots\" content=\"index, follow, max-snippet:-1, max-image-preview:large, max-video-preview:-1\" \/>\n<link rel=\"canonical\" href=\"https:\/\/www.minesparis.psl.eu\/isige\/actualites\/decryptage-du-cadre-reglementaire-de-la-gestion-des-dechets\/\" \/>\n<meta property=\"og:locale\" content=\"fr_FR\" \/>\n<meta property=\"og:type\" content=\"article\" \/>\n<meta property=\"og:title\" content=\"D\u00e9cryptage du cadre r\u00e9glementaire de la gestion des d\u00e9chets - ISIGE Mines Paris - PSL\" \/>\n<meta property=\"og:description\" content=\"Croiser apports th\u00e9oriques et exp\u00e9riences de terrain sur les enjeux actuels du cadre r\u00e9glementaire de la gestion des d\u00e9chets.\" \/>\n<meta property=\"og:url\" content=\"https:\/\/www.minesparis.psl.eu\/isige\/actualites\/decryptage-du-cadre-reglementaire-de-la-gestion-des-dechets\/\" \/>\n<meta property=\"og:site_name\" content=\"ISIGE Mines Paris - PSL\" \/>\n<meta property=\"article:modified_time\" content=\"2025-06-18T10:25:25+00:00\" \/>\n<meta property=\"og:image\" content=\"https:\/\/www.minesparis.psl.eu\/isige\/wp-content\/uploads\/sites\/21\/2025\/04\/DSC_0081-1-768x452-1.jpg\" \/>\n\t<meta property=\"og:image:width\" content=\"768\" \/>\n\t<meta property=\"og:image:height\" content=\"452\" \/>\n\t<meta property=\"og:image:type\" content=\"image\/jpeg\" \/>\n<meta name=\"twitter:card\" content=\"summary_large_image\" \/>\n<meta name=\"twitter:label1\" content=\"Dur\u00e9e de lecture estim\u00e9e\" \/>\n\t<meta name=\"twitter:data1\" content=\"1 minute\" \/>\n<script type=\"application\/ld+json\" class=\"yoast-schema-graph\">{\"@context\":\"https:\/\/schema.org\",\"@graph\":[{\"@type\":\"WebPage\",\"@id\":\"https:\/\/www.minesparis.psl.eu\/isige\/actualites\/decryptage-du-cadre-reglementaire-de-la-gestion-des-dechets\/\",\"url\":\"https:\/\/www.minesparis.psl.eu\/isige\/actualites\/decryptage-du-cadre-reglementaire-de-la-gestion-des-dechets\/\",\"name\":\"D\u00e9cryptage du cadre r\u00e9glementaire de la gestion des d\u00e9chets - ISIGE Mines Paris - PSL\",\"isPartOf\":{\"@id\":\"https:\/\/www.minesparis.psl.eu\/isige\/#website\"},\"primaryImageOfPage\":{\"@id\":\"https:\/\/www.minesparis.psl.eu\/isige\/actualites\/decryptage-du-cadre-reglementaire-de-la-gestion-des-dechets\/#primaryimage\"},\"image\":{\"@id\":\"https:\/\/www.minesparis.psl.eu\/isige\/actualites\/decryptage-du-cadre-reglementaire-de-la-gestion-des-dechets\/#primaryimage\"},\"thumbnailUrl\":\"https:\/\/www.minesparis.psl.eu\/isige\/wp-content\/uploads\/sites\/21\/2025\/04\/DSC_0081-1-768x452-1.jpg\",\"datePublished\":\"2022-10-25T10:34:00+00:00\",\"dateModified\":\"2025-06-18T10:25:25+00:00\",\"description\":\"Croiser apports th\u00e9oriques et exp\u00e9riences de terrain sur les enjeux actuels du cadre r\u00e9glementaire de la gestion des d\u00e9chets.\",\"breadcrumb\":{\"@id\":\"https:\/\/www.minesparis.psl.eu\/isige\/actualites\/decryptage-du-cadre-reglementaire-de-la-gestion-des-dechets\/#breadcrumb\"},\"inLanguage\":\"fr-FR\",\"potentialAction\":[{\"@type\":\"ReadAction\",\"target\":[\"https:\/\/www.minesparis.psl.eu\/isige\/actualites\/decryptage-du-cadre-reglementaire-de-la-gestion-des-dechets\/\"]}]},{\"@type\":\"ImageObject\",\"inLanguage\":\"fr-FR\",\"@id\":\"https:\/\/www.minesparis.psl.eu\/isige\/actualites\/decryptage-du-cadre-reglementaire-de-la-gestion-des-dechets\/#primaryimage\",\"url\":\"https:\/\/www.minesparis.psl.eu\/isige\/wp-content\/uploads\/sites\/21\/2025\/04\/DSC_0081-1-768x452-1.jpg\",\"contentUrl\":\"https:\/\/www.minesparis.psl.eu\/isige\/wp-content\/uploads\/sites\/21\/2025\/04\/DSC_0081-1-768x452-1.jpg\",\"width\":768,\"height\":452},{\"@type\":\"BreadcrumbList\",\"@id\":\"https:\/\/www.minesparis.psl.eu\/isige\/actualites\/decryptage-du-cadre-reglementaire-de-la-gestion-des-dechets\/#breadcrumb\",\"itemListElement\":[{\"@type\":\"ListItem\",\"position\":1,\"name\":\"Accueil\",\"item\":\"https:\/\/www.minesparis.psl.eu\/isige\/\"},{\"@type\":\"ListItem\",\"position\":2,\"name\":\"D\u00e9cryptage du cadre r\u00e9glementaire de la gestion des d\u00e9chets\"}]},{\"@type\":\"WebSite\",\"@id\":\"https:\/\/www.minesparis.psl.eu\/isige\/#website\",\"url\":\"https:\/\/www.minesparis.psl.eu\/isige\/\",\"name\":\"ISIGE Mines Paris - PSL\",\"description\":\"\",\"publisher\":{\"@id\":\"https:\/\/www.minesparis.psl.eu\/isige\/#organization\"},\"potentialAction\":[{\"@type\":\"SearchAction\",\"target\":{\"@type\":\"EntryPoint\",\"urlTemplate\":\"https:\/\/www.minesparis.psl.eu\/isige\/?s={search_term_string}\"},\"query-input\":{\"@type\":\"PropertyValueSpecification\",\"valueRequired\":true,\"valueName\":\"search_term_string\"}}],\"inLanguage\":\"fr-FR\"},{\"@type\":\"Organization\",\"@id\":\"https:\/\/www.minesparis.psl.eu\/isige\/#organization\",\"name\":\"ISIGE Mines Paris - PSL\",\"url\":\"https:\/\/www.minesparis.psl.eu\/isige\/\",\"logo\":{\"@type\":\"ImageObject\",\"inLanguage\":\"fr-FR\",\"@id\":\"https:\/\/www.minesparis.psl.eu\/isige\/#\/schema\/logo\/image\/\",\"url\":\"https:\/\/www.minesparis.psl.eu\/isige\/wp-content\/uploads\/sites\/21\/2025\/02\/cropped-MinesParis-PSL-ISIGEOCoRVB-1.png\",\"contentUrl\":\"https:\/\/www.minesparis.psl.eu\/isige\/wp-content\/uploads\/sites\/21\/2025\/02\/cropped-MinesParis-PSL-ISIGEOCoRVB-1.png\",\"width\":1584,\"height\":360,\"caption\":\"ISIGE Mines Paris - PSL\"},\"image\":{\"@id\":\"https:\/\/www.minesparis.psl.eu\/isige\/#\/schema\/logo\/image\/\"}}]}<\/script>\n<!-- \/ Yoast SEO plugin. -->","yoast_head_json":{"title":"D\u00e9cryptage du cadre r\u00e9glementaire de la gestion des d\u00e9chets - ISIGE Mines Paris - PSL","description":"Croiser apports th\u00e9oriques et exp\u00e9riences de terrain sur les enjeux actuels du cadre r\u00e9glementaire de la gestion des d\u00e9chets.","robots":{"index":"index","follow":"follow","max-snippet":"max-snippet:-1","max-image-preview":"max-image-preview:large","max-video-preview":"max-video-preview:-1"},"canonical":"https:\/\/www.minesparis.psl.eu\/isige\/actualites\/decryptage-du-cadre-reglementaire-de-la-gestion-des-dechets\/","og_locale":"fr_FR","og_type":"article","og_title":"D\u00e9cryptage du cadre r\u00e9glementaire de la gestion des d\u00e9chets - ISIGE Mines Paris - PSL","og_description":"Croiser apports th\u00e9oriques et exp\u00e9riences de terrain sur les enjeux actuels du cadre r\u00e9glementaire de la gestion des d\u00e9chets.","og_url":"https:\/\/www.minesparis.psl.eu\/isige\/actualites\/decryptage-du-cadre-reglementaire-de-la-gestion-des-dechets\/","og_site_name":"ISIGE Mines Paris - PSL","article_modified_time":"2025-06-18T10:25:25+00:00","og_image":[{"width":768,"height":452,"url":"https:\/\/www.minesparis.psl.eu\/isige\/wp-content\/uploads\/sites\/21\/2025\/04\/DSC_0081-1-768x452-1.jpg","type":"image\/jpeg"}],"twitter_card":"summary_large_image","twitter_misc":{"Dur\u00e9e de lecture estim\u00e9e":"1 minute"},"schema":{"@context":"https:\/\/schema.org","@graph":[{"@type":"WebPage","@id":"https:\/\/www.minesparis.psl.eu\/isige\/actualites\/decryptage-du-cadre-reglementaire-de-la-gestion-des-dechets\/","url":"https:\/\/www.minesparis.psl.eu\/isige\/actualites\/decryptage-du-cadre-reglementaire-de-la-gestion-des-dechets\/","name":"D\u00e9cryptage du cadre r\u00e9glementaire de la gestion des d\u00e9chets - ISIGE Mines Paris - PSL","isPartOf":{"@id":"https:\/\/www.minesparis.psl.eu\/isige\/#website"},"primaryImageOfPage":{"@id":"https:\/\/www.minesparis.psl.eu\/isige\/actualites\/decryptage-du-cadre-reglementaire-de-la-gestion-des-dechets\/#primaryimage"},"image":{"@id":"https:\/\/www.minesparis.psl.eu\/isige\/actualites\/decryptage-du-cadre-reglementaire-de-la-gestion-des-dechets\/#primaryimage"},"thumbnailUrl":"https:\/\/www.minesparis.psl.eu\/isige\/wp-content\/uploads\/sites\/21\/2025\/04\/DSC_0081-1-768x452-1.jpg","datePublished":"2022-10-25T10:34:00+00:00","dateModified":"2025-06-18T10:25:25+00:00","description":"Croiser apports th\u00e9oriques et exp\u00e9riences de terrain sur les enjeux actuels du cadre r\u00e9glementaire de la gestion des d\u00e9chets.","breadcrumb":{"@id":"https:\/\/www.minesparis.psl.eu\/isige\/actualites\/decryptage-du-cadre-reglementaire-de-la-gestion-des-dechets\/#breadcrumb"},"inLanguage":"fr-FR","potentialAction":[{"@type":"ReadAction","target":["https:\/\/www.minesparis.psl.eu\/isige\/actualites\/decryptage-du-cadre-reglementaire-de-la-gestion-des-dechets\/"]}]},{"@type":"ImageObject","inLanguage":"fr-FR","@id":"https:\/\/www.minesparis.psl.eu\/isige\/actualites\/decryptage-du-cadre-reglementaire-de-la-gestion-des-dechets\/#primaryimage","url":"https:\/\/www.minesparis.psl.eu\/isige\/wp-content\/uploads\/sites\/21\/2025\/04\/DSC_0081-1-768x452-1.jpg","contentUrl":"https:\/\/www.minesparis.psl.eu\/isige\/wp-content\/uploads\/sites\/21\/2025\/04\/DSC_0081-1-768x452-1.jpg","width":768,"height":452},{"@type":"BreadcrumbList","@id":"https:\/\/www.minesparis.psl.eu\/isige\/actualites\/decryptage-du-cadre-reglementaire-de-la-gestion-des-dechets\/#breadcrumb","itemListElement":[{"@type":"ListItem","position":1,"name":"Accueil","item":"https:\/\/www.minesparis.psl.eu\/isige\/"},{"@type":"ListItem","position":2,"name":"D\u00e9cryptage du cadre r\u00e9glementaire de la gestion des d\u00e9chets"}]},{"@type":"WebSite","@id":"https:\/\/www.minesparis.psl.eu\/isige\/#website","url":"https:\/\/www.minesparis.psl.eu\/isige\/","name":"ISIGE Mines Paris - PSL","description":"","publisher":{"@id":"https:\/\/www.minesparis.psl.eu\/isige\/#organization"},"potentialAction":[{"@type":"SearchAction","target":{"@type":"EntryPoint","urlTemplate":"https:\/\/www.minesparis.psl.eu\/isige\/?s={search_term_string}"},"query-input":{"@type":"PropertyValueSpecification","valueRequired":true,"valueName":"search_term_string"}}],"inLanguage":"fr-FR"},{"@type":"Organization","@id":"https:\/\/www.minesparis.psl.eu\/isige\/#organization","name":"ISIGE Mines Paris - PSL","url":"https:\/\/www.minesparis.psl.eu\/isige\/","logo":{"@type":"ImageObject","inLanguage":"fr-FR","@id":"https:\/\/www.minesparis.psl.eu\/isige\/#\/schema\/logo\/image\/","url":"https:\/\/www.minesparis.psl.eu\/isige\/wp-content\/uploads\/sites\/21\/2025\/02\/cropped-MinesParis-PSL-ISIGEOCoRVB-1.png","contentUrl":"https:\/\/www.minesparis.psl.eu\/isige\/wp-content\/uploads\/sites\/21\/2025\/02\/cropped-MinesParis-PSL-ISIGEOCoRVB-1.png","width":1584,"height":360,"caption":"ISIGE Mines Paris - PSL"},"image":{"@id":"https:\/\/www.minesparis.psl.eu\/isige\/#\/schema\/logo\/image\/"}}]}},"_links":{"self":[{"href":"https:\/\/www.minesparis.psl.eu\/isige\/wp-json\/wp\/v2\/actualites\/2594","targetHints":{"allow":["GET"]}}],"collection":[{"href":"https:\/\/www.minesparis.psl.eu\/isige\/wp-json\/wp\/v2\/actualites"}],"about":[{"href":"https:\/\/www.minesparis.psl.eu\/isige\/wp-json\/wp\/v2\/types\/actualites"}],"wp:featuredmedia":[{"embeddable":true,"href":"https:\/\/www.minesparis.psl.eu\/isige\/wp-json\/wp\/v2\/media\/2595"}],"wp:attachment":[{"href":"https:\/\/www.minesparis.psl.eu\/isige\/wp-json\/wp\/v2\/media?parent=2594"}],"wp:term":[{"taxonomy":"actualites-formats","embeddable":true,"href":"https:\/\/www.minesparis.psl.eu\/isige\/wp-json\/wp\/v2\/actualites-formats?post=2594"},{"taxonomy":"actualites-thematiques","embeddable":true,"href":"https:\/\/www.minesparis.psl.eu\/isige\/wp-json\/wp\/v2\/actualites-thematiques?post=2594"}],"curies":[{"name":"wp","href":"https:\/\/api.w.org\/{rel}","templated":true}]}}