{"id":2577,"date":"2023-12-15T11:05:00","date_gmt":"2023-12-15T10:05:00","guid":{"rendered":"https:\/\/www.minesparis.psl.eu\/isige\/?post_type=actualites&#038;p=2577"},"modified":"2025-06-18T12:25:22","modified_gmt":"2025-06-18T10:25:22","slug":"renforcer-les-liens-de-la-communaute-isige-retour-sur-lassemblee-generale-et-lapero-interpromo-isige-alumni","status":"publish","type":"actualites","link":"https:\/\/www.minesparis.psl.eu\/isige\/actualites\/renforcer-les-liens-de-la-communaute-isige-retour-sur-lassemblee-generale-et-lapero-interpromo-isige-alumni\/","title":{"rendered":"Renforcer les liens de la communaut\u00e9 ISIGE \u2013 Retour sur l\u2019Assembl\u00e9e G\u00e9n\u00e9rale et l\u2019Ap\u00e9ro Interpromo ISIGE Alumni"},"content":{"rendered":"\n<div class=\"container block-full-largeur\">\n\t<div class=\"row mt-4\">\n\t\t<div class=\"col-md-12\">\n\t\t\t<h2 style=\"text-align: justify\" data-start=\"587\" data-end=\"623\">Un Ap\u00e9ro Interpromo Convivial<\/h2>\n<p class=\"\" style=\"text-align: justify\" data-start=\"625\" data-end=\"1085\">Dans une ambiance chaleureuse, anciens \u00e9tudiants et jeunes dipl\u00f4m\u00e9s se sont retrouv\u00e9s \u00e0 l\u2019occasion d\u2019un <strong data-start=\"729\" data-end=\"756\">ap\u00e9ro interpromotionnel<\/strong>, organis\u00e9 pour <strong data-start=\"772\" data-end=\"798\">favoriser les \u00e9changes<\/strong>, <strong data-start=\"800\" data-end=\"836\">cr\u00e9er du lien interg\u00e9n\u00e9rationnel<\/strong>, et <strong data-start=\"841\" data-end=\"949\">entretenir un r\u00e9seau professionnel engag\u00e9 autour des enjeux environnementaux et du d\u00e9veloppement durable<\/strong>. Un moment de convivialit\u00e9, de partages d\u2019exp\u00e9riences et de retrouvailles autour des valeurs communes qui unissent la communaut\u00e9 ISIGE.<\/p>\n<p data-start=\"625\" data-end=\"1085\"><img loading=\"lazy\" decoding=\"async\" class=\"size-full wp-image-2578 aligncenter\" src=\"https:\/\/www.minesparis.psl.eu\/isige\/wp-content\/uploads\/sites\/21\/2025\/04\/2-1-1024x1024-1.jpg\" alt=\"\" width=\"1024\" height=\"1024\" srcset=\"https:\/\/www.minesparis.psl.eu\/isige\/wp-content\/uploads\/sites\/21\/2025\/04\/2-1-1024x1024-1.jpg 1024w, https:\/\/www.minesparis.psl.eu\/isige\/wp-content\/uploads\/sites\/21\/2025\/04\/2-1-1024x1024-1-300x300.jpg 300w, https:\/\/www.minesparis.psl.eu\/isige\/wp-content\/uploads\/sites\/21\/2025\/04\/2-1-1024x1024-1-150x150.jpg 150w, https:\/\/www.minesparis.psl.eu\/isige\/wp-content\/uploads\/sites\/21\/2025\/04\/2-1-1024x1024-1-768x768.jpg 768w\" sizes=\"auto, (max-width: 1024px) 100vw, 1024px\" \/><\/p>\n<hr class=\"\" data-start=\"1087\" data-end=\"1090\" \/>\n<h2 style=\"text-align: justify\" data-start=\"1092\" data-end=\"1157\">Une Nouvelle \u00c9quipe pour l\u2019ISIGE Alumni \u2013 Mines Paris-PSL<\/h2>\n<p class=\"\" style=\"text-align: justify\" data-start=\"1159\" data-end=\"1518\">\u00c0 la suite de l\u2019ap\u00e9ro, s\u2019est tenue l\u2019<strong data-start=\"1196\" data-end=\"1236\">Assembl\u00e9e G\u00e9n\u00e9rale de l\u2019ISIGE Alumni<\/strong>, un moment important pour la vie associative. Apr\u00e8s plusieurs ann\u00e9es d\u2019engagement, <strong data-start=\"1320\" data-end=\"1389\">le bureau sortant a pass\u00e9 le relais \u00e0 une nouvelle \u00e9quipe \u00e9largie<\/strong>, compos\u00e9e de <strong data-start=\"1403\" data-end=\"1456\">volontaires issus des trois formations de l\u2019ISIGE<\/strong> : Mast\u00e8re Sp\u00e9cialis\u00e9 IGE, Mast\u00e8re RSEDD et Post-Master EnvIM.<\/p>\n<h2 style=\"text-align: justify\" data-start=\"1520\" data-end=\"1572\">Les missions du nouveau bureau ISIGE Alumni<\/h2>\n<ul style=\"text-align: justify\" data-start=\"1574\" data-end=\"2012\">\n<li class=\"\" data-start=\"1574\" data-end=\"1721\">\n<p class=\"\" data-start=\"1576\" data-end=\"1721\"><strong data-start=\"1576\" data-end=\"1602\">Animer le r\u00e9seau ISIGE<\/strong> \u00e0 travers des <strong data-start=\"1617\" data-end=\"1638\">\u00e9v\u00e9nements vari\u00e9s<\/strong> : conf\u00e9rences, caf\u00e9s-d\u00e9bats, afterworks, visites de sites, rencontres th\u00e9matiques\u2026<\/p>\n<\/li>\n<li class=\"\" data-start=\"1722\" data-end=\"1831\">\n<p class=\"\" data-start=\"1724\" data-end=\"1831\"><strong data-start=\"1724\" data-end=\"1770\">Diffuser des opportunit\u00e9s professionnelles<\/strong> via un espace d\u00e9di\u00e9 aux <strong data-start=\"1795\" data-end=\"1830\">offres d\u2019emploi du r\u00e9seau ISIGE<\/strong>.<\/p>\n<\/li>\n<li class=\"\" data-start=\"1832\" data-end=\"2012\">\n<p class=\"\" data-start=\"1834\" data-end=\"2012\"><strong data-start=\"1834\" data-end=\"1897\">Actualiser et centraliser les informations professionnelles<\/strong> des dipl\u00f4m\u00e9s, en partenariat avec <strong data-start=\"1932\" data-end=\"1954\">Mines Paris Alumni<\/strong>, afin de renforcer la dynamique de r\u00e9seau et de mentorat.<\/p>\n<\/li>\n<\/ul>\n<p data-start=\"2014\" data-end=\"2351\"><img loading=\"lazy\" decoding=\"async\" class=\"size-full wp-image-2579 aligncenter\" src=\"https:\/\/www.minesparis.psl.eu\/isige\/wp-content\/uploads\/sites\/21\/2025\/04\/1-1-1024x1024-1.jpg\" alt=\"\" width=\"1024\" height=\"1024\" srcset=\"https:\/\/www.minesparis.psl.eu\/isige\/wp-content\/uploads\/sites\/21\/2025\/04\/1-1-1024x1024-1.jpg 1024w, https:\/\/www.minesparis.psl.eu\/isige\/wp-content\/uploads\/sites\/21\/2025\/04\/1-1-1024x1024-1-300x300.jpg 300w, https:\/\/www.minesparis.psl.eu\/isige\/wp-content\/uploads\/sites\/21\/2025\/04\/1-1-1024x1024-1-150x150.jpg 150w, https:\/\/www.minesparis.psl.eu\/isige\/wp-content\/uploads\/sites\/21\/2025\/04\/1-1-1024x1024-1-768x768.jpg 768w\" sizes=\"auto, (max-width: 1024px) 100vw, 1024px\" \/><\/p>\n<p class=\"\" style=\"text-align: justify\" data-start=\"2014\" data-end=\"2351\">Ces initiatives ont pour objectif de <strong data-start=\"2051\" data-end=\"2088\">soutenir la communaut\u00e9 des alumni<\/strong>, de <strong data-start=\"2093\" data-end=\"2130\">favoriser l\u2019apprentissage continu<\/strong> autour des th\u00e9matiques de la <strong data-start=\"2160\" data-end=\"2185\">transition \u00e9cologique<\/strong>, de la <strong data-start=\"2193\" data-end=\"2221\">responsabilit\u00e9 soci\u00e9tale<\/strong>, et de <strong data-start=\"2229\" data-end=\"2253\">l\u2019innovation durable<\/strong>, tout en <strong data-start=\"2263\" data-end=\"2309\">d\u00e9veloppant un r\u00e9seau professionnel solide<\/strong> au service des dipl\u00f4m\u00e9s et des \u00e9tudiants.<\/p>\n<hr class=\"\" data-start=\"2353\" data-end=\"2356\" \/>\n<h2 style=\"text-align: justify\" data-start=\"2358\" data-end=\"2420\">Bienvenue \u00e0 la nouvelle \u00e9quipe du bureau ISIGE Alumni<\/h2>\n<p class=\"\" style=\"text-align: justify\" data-start=\"2422\" data-end=\"2660\">Magdalena Czyrnek-Del\u00eatre, PhD \u00b7 Julien Colas \u00b7 R\u00e9mi Beulque, PhD \u00b7 Astrid Pelletier \u00b7 Oxana Meggl\u00e9 \u00b7 Walaa Mrad \u00b7 Yoann Lechat \u00b7 Nathan Sonalier \u00b7 Hssine Benhrouz \u00b7 Fran\u00e7ois Bordet \u00b7 Nour El Korek \u00b7 Sophie Serizier \u00b7 Raphaelle Mappus.<\/p>\n<hr class=\"\" data-start=\"2662\" data-end=\"2665\" \/>\n<h2 style=\"text-align: justify\" data-start=\"2667\" data-end=\"2718\">Envie de vous engager dans le r\u00e9seau ISIGE ?<\/h2>\n<p class=\"\" style=\"text-align: justify\" data-start=\"2720\" data-end=\"2834\">Si vous souhaitez rejoindre le <strong data-start=\"2751\" data-end=\"2781\">bureau ou le comit\u00e9 \u00e9largi<\/strong> de l\u2019ISIGE Alumni, n\u2019h\u00e9sitez pas \u00e0 prendre contact :\u00a0<strong data-start=\"2839\" data-end=\"2871\"><a rel=\"noopener\" data-start=\"2841\" data-end=\"2869\">isige-alumni@mines-paris.org<\/a><\/strong><\/p>\n<hr class=\"\" data-start=\"2873\" data-end=\"2876\" \/>\n<p class=\"\" style=\"text-align: justify\" data-start=\"2878\" data-end=\"3097\"><strong data-start=\"2881\" data-end=\"2917\">ISIGE Alumni \u2013 MINES Paris \u2013 PSL<\/strong>, c\u2019est bien plus qu\u2019un r\u00e9seau : c\u2019est une communaut\u00e9 d\u2019acteurs engag\u00e9s pour un avenir durable, unie par une vision partag\u00e9e de l\u2019\u00e9cologie, de l\u2019innovation et de la responsabilit\u00e9.<\/p>\n\t\t<\/div>\n\t<\/div>\n<\/div>","protected":false},"featured_media":2580,"template":"","actualites-formats":[15],"actualites-thematiques":[20],"class_list":["post-2577","actualites","type-actualites","status-publish","has-post-thumbnail","hentry"],"acf":[],"yoast_head":"<!-- This site is optimized with the Yoast SEO plugin v27.2 - https:\/\/yoast.com\/product\/yoast-seo-wordpress\/ -->\n<title>Renforcer les liens de la communaut\u00e9 ISIGE \u2013 Retour sur l\u2019Assembl\u00e9e G\u00e9n\u00e9rale et l\u2019Ap\u00e9ro Interpromo ISIGE Alumni - ISIGE Mines Paris - PSL<\/title>\n<meta name=\"description\" content=\"Favoriser les \u00e9changes, cr\u00e9er du lien interg\u00e9n\u00e9rationnel, et entretenir un r\u00e9seau professionnel engag\u00e9 autour des enjeux environnementaux et du d\u00e9veloppement durable.\" \/>\n<meta name=\"robots\" content=\"index, follow, max-snippet:-1, max-image-preview:large, max-video-preview:-1\" \/>\n<link rel=\"canonical\" href=\"https:\/\/www.minesparis.psl.eu\/isige\/actualites\/renforcer-les-liens-de-la-communaute-isige-retour-sur-lassemblee-generale-et-lapero-interpromo-isige-alumni\/\" \/>\n<meta property=\"og:locale\" content=\"fr_FR\" \/>\n<meta property=\"og:type\" content=\"article\" \/>\n<meta property=\"og:title\" content=\"Renforcer les liens de la communaut\u00e9 ISIGE \u2013 Retour sur l\u2019Assembl\u00e9e G\u00e9n\u00e9rale et l\u2019Ap\u00e9ro Interpromo ISIGE Alumni - ISIGE Mines Paris - PSL\" \/>\n<meta property=\"og:description\" content=\"Favoriser les \u00e9changes, cr\u00e9er du lien interg\u00e9n\u00e9rationnel, et entretenir un r\u00e9seau professionnel engag\u00e9 autour des enjeux environnementaux et du d\u00e9veloppement durable.\" \/>\n<meta property=\"og:url\" content=\"https:\/\/www.minesparis.psl.eu\/isige\/actualites\/renforcer-les-liens-de-la-communaute-isige-retour-sur-lassemblee-generale-et-lapero-interpromo-isige-alumni\/\" \/>\n<meta property=\"og:site_name\" content=\"ISIGE Mines Paris - PSL\" \/>\n<meta property=\"article:modified_time\" content=\"2025-06-18T10:25:22+00:00\" \/>\n<meta property=\"og:image\" content=\"https:\/\/www.minesparis.psl.eu\/isige\/wp-content\/uploads\/sites\/21\/2025\/04\/IMG_0226-768x511-1.jpg\" \/>\n\t<meta property=\"og:image:width\" content=\"768\" \/>\n\t<meta property=\"og:image:height\" content=\"511\" \/>\n\t<meta property=\"og:image:type\" content=\"image\/jpeg\" \/>\n<meta name=\"twitter:card\" content=\"summary_large_image\" \/>\n<meta name=\"twitter:label1\" content=\"Dur\u00e9e de lecture estim\u00e9e\" \/>\n\t<meta name=\"twitter:data1\" content=\"1 minute\" \/>\n<script type=\"application\/ld+json\" class=\"yoast-schema-graph\">{\"@context\":\"https:\/\/schema.org\",\"@graph\":[{\"@type\":\"WebPage\",\"@id\":\"https:\/\/www.minesparis.psl.eu\/isige\/actualites\/renforcer-les-liens-de-la-communaute-isige-retour-sur-lassemblee-generale-et-lapero-interpromo-isige-alumni\/\",\"url\":\"https:\/\/www.minesparis.psl.eu\/isige\/actualites\/renforcer-les-liens-de-la-communaute-isige-retour-sur-lassemblee-generale-et-lapero-interpromo-isige-alumni\/\",\"name\":\"Renforcer les liens de la communaut\u00e9 ISIGE \u2013 Retour sur l\u2019Assembl\u00e9e G\u00e9n\u00e9rale et l\u2019Ap\u00e9ro Interpromo ISIGE Alumni - ISIGE Mines Paris - PSL\",\"isPartOf\":{\"@id\":\"https:\/\/www.minesparis.psl.eu\/isige\/#website\"},\"primaryImageOfPage\":{\"@id\":\"https:\/\/www.minesparis.psl.eu\/isige\/actualites\/renforcer-les-liens-de-la-communaute-isige-retour-sur-lassemblee-generale-et-lapero-interpromo-isige-alumni\/#primaryimage\"},\"image\":{\"@id\":\"https:\/\/www.minesparis.psl.eu\/isige\/actualites\/renforcer-les-liens-de-la-communaute-isige-retour-sur-lassemblee-generale-et-lapero-interpromo-isige-alumni\/#primaryimage\"},\"thumbnailUrl\":\"https:\/\/www.minesparis.psl.eu\/isige\/wp-content\/uploads\/sites\/21\/2025\/04\/IMG_0226-768x511-1.jpg\",\"datePublished\":\"2023-12-15T10:05:00+00:00\",\"dateModified\":\"2025-06-18T10:25:22+00:00\",\"description\":\"Favoriser les \u00e9changes, cr\u00e9er du lien interg\u00e9n\u00e9rationnel, et entretenir un r\u00e9seau professionnel engag\u00e9 autour des enjeux environnementaux et du d\u00e9veloppement durable.\",\"breadcrumb\":{\"@id\":\"https:\/\/www.minesparis.psl.eu\/isige\/actualites\/renforcer-les-liens-de-la-communaute-isige-retour-sur-lassemblee-generale-et-lapero-interpromo-isige-alumni\/#breadcrumb\"},\"inLanguage\":\"fr-FR\",\"potentialAction\":[{\"@type\":\"ReadAction\",\"target\":[\"https:\/\/www.minesparis.psl.eu\/isige\/actualites\/renforcer-les-liens-de-la-communaute-isige-retour-sur-lassemblee-generale-et-lapero-interpromo-isige-alumni\/\"]}]},{\"@type\":\"ImageObject\",\"inLanguage\":\"fr-FR\",\"@id\":\"https:\/\/www.minesparis.psl.eu\/isige\/actualites\/renforcer-les-liens-de-la-communaute-isige-retour-sur-lassemblee-generale-et-lapero-interpromo-isige-alumni\/#primaryimage\",\"url\":\"https:\/\/www.minesparis.psl.eu\/isige\/wp-content\/uploads\/sites\/21\/2025\/04\/IMG_0226-768x511-1.jpg\",\"contentUrl\":\"https:\/\/www.minesparis.psl.eu\/isige\/wp-content\/uploads\/sites\/21\/2025\/04\/IMG_0226-768x511-1.jpg\",\"width\":768,\"height\":511},{\"@type\":\"BreadcrumbList\",\"@id\":\"https:\/\/www.minesparis.psl.eu\/isige\/actualites\/renforcer-les-liens-de-la-communaute-isige-retour-sur-lassemblee-generale-et-lapero-interpromo-isige-alumni\/#breadcrumb\",\"itemListElement\":[{\"@type\":\"ListItem\",\"position\":1,\"name\":\"Accueil\",\"item\":\"https:\/\/www.minesparis.psl.eu\/isige\/\"},{\"@type\":\"ListItem\",\"position\":2,\"name\":\"Renforcer les liens de la communaut\u00e9 ISIGE \u2013 Retour sur l\u2019Assembl\u00e9e G\u00e9n\u00e9rale et l\u2019Ap\u00e9ro Interpromo ISIGE Alumni\"}]},{\"@type\":\"WebSite\",\"@id\":\"https:\/\/www.minesparis.psl.eu\/isige\/#website\",\"url\":\"https:\/\/www.minesparis.psl.eu\/isige\/\",\"name\":\"ISIGE Mines Paris - PSL\",\"description\":\"\",\"publisher\":{\"@id\":\"https:\/\/www.minesparis.psl.eu\/isige\/#organization\"},\"potentialAction\":[{\"@type\":\"SearchAction\",\"target\":{\"@type\":\"EntryPoint\",\"urlTemplate\":\"https:\/\/www.minesparis.psl.eu\/isige\/?s={search_term_string}\"},\"query-input\":{\"@type\":\"PropertyValueSpecification\",\"valueRequired\":true,\"valueName\":\"search_term_string\"}}],\"inLanguage\":\"fr-FR\"},{\"@type\":\"Organization\",\"@id\":\"https:\/\/www.minesparis.psl.eu\/isige\/#organization\",\"name\":\"ISIGE Mines Paris - PSL\",\"url\":\"https:\/\/www.minesparis.psl.eu\/isige\/\",\"logo\":{\"@type\":\"ImageObject\",\"inLanguage\":\"fr-FR\",\"@id\":\"https:\/\/www.minesparis.psl.eu\/isige\/#\/schema\/logo\/image\/\",\"url\":\"https:\/\/www.minesparis.psl.eu\/isige\/wp-content\/uploads\/sites\/21\/2025\/02\/cropped-MinesParis-PSL-ISIGEOCoRVB-1.png\",\"contentUrl\":\"https:\/\/www.minesparis.psl.eu\/isige\/wp-content\/uploads\/sites\/21\/2025\/02\/cropped-MinesParis-PSL-ISIGEOCoRVB-1.png\",\"width\":1584,\"height\":360,\"caption\":\"ISIGE Mines Paris - PSL\"},\"image\":{\"@id\":\"https:\/\/www.minesparis.psl.eu\/isige\/#\/schema\/logo\/image\/\"}}]}<\/script>\n<!-- \/ Yoast SEO plugin. -->","yoast_head_json":{"title":"Renforcer les liens de la communaut\u00e9 ISIGE \u2013 Retour sur l\u2019Assembl\u00e9e G\u00e9n\u00e9rale et l\u2019Ap\u00e9ro Interpromo ISIGE Alumni - ISIGE Mines Paris - PSL","description":"Favoriser les \u00e9changes, cr\u00e9er du lien interg\u00e9n\u00e9rationnel, et entretenir un r\u00e9seau professionnel engag\u00e9 autour des enjeux environnementaux et du d\u00e9veloppement durable.","robots":{"index":"index","follow":"follow","max-snippet":"max-snippet:-1","max-image-preview":"max-image-preview:large","max-video-preview":"max-video-preview:-1"},"canonical":"https:\/\/www.minesparis.psl.eu\/isige\/actualites\/renforcer-les-liens-de-la-communaute-isige-retour-sur-lassemblee-generale-et-lapero-interpromo-isige-alumni\/","og_locale":"fr_FR","og_type":"article","og_title":"Renforcer les liens de la communaut\u00e9 ISIGE \u2013 Retour sur l\u2019Assembl\u00e9e G\u00e9n\u00e9rale et l\u2019Ap\u00e9ro Interpromo ISIGE Alumni - ISIGE Mines Paris - PSL","og_description":"Favoriser les \u00e9changes, cr\u00e9er du lien interg\u00e9n\u00e9rationnel, et entretenir un r\u00e9seau professionnel engag\u00e9 autour des enjeux environnementaux et du d\u00e9veloppement durable.","og_url":"https:\/\/www.minesparis.psl.eu\/isige\/actualites\/renforcer-les-liens-de-la-communaute-isige-retour-sur-lassemblee-generale-et-lapero-interpromo-isige-alumni\/","og_site_name":"ISIGE Mines Paris - PSL","article_modified_time":"2025-06-18T10:25:22+00:00","og_image":[{"width":768,"height":511,"url":"https:\/\/www.minesparis.psl.eu\/isige\/wp-content\/uploads\/sites\/21\/2025\/04\/IMG_0226-768x511-1.jpg","type":"image\/jpeg"}],"twitter_card":"summary_large_image","twitter_misc":{"Dur\u00e9e de lecture estim\u00e9e":"1 minute"},"schema":{"@context":"https:\/\/schema.org","@graph":[{"@type":"WebPage","@id":"https:\/\/www.minesparis.psl.eu\/isige\/actualites\/renforcer-les-liens-de-la-communaute-isige-retour-sur-lassemblee-generale-et-lapero-interpromo-isige-alumni\/","url":"https:\/\/www.minesparis.psl.eu\/isige\/actualites\/renforcer-les-liens-de-la-communaute-isige-retour-sur-lassemblee-generale-et-lapero-interpromo-isige-alumni\/","name":"Renforcer les liens de la communaut\u00e9 ISIGE \u2013 Retour sur l\u2019Assembl\u00e9e G\u00e9n\u00e9rale et l\u2019Ap\u00e9ro Interpromo ISIGE Alumni - ISIGE Mines Paris - PSL","isPartOf":{"@id":"https:\/\/www.minesparis.psl.eu\/isige\/#website"},"primaryImageOfPage":{"@id":"https:\/\/www.minesparis.psl.eu\/isige\/actualites\/renforcer-les-liens-de-la-communaute-isige-retour-sur-lassemblee-generale-et-lapero-interpromo-isige-alumni\/#primaryimage"},"image":{"@id":"https:\/\/www.minesparis.psl.eu\/isige\/actualites\/renforcer-les-liens-de-la-communaute-isige-retour-sur-lassemblee-generale-et-lapero-interpromo-isige-alumni\/#primaryimage"},"thumbnailUrl":"https:\/\/www.minesparis.psl.eu\/isige\/wp-content\/uploads\/sites\/21\/2025\/04\/IMG_0226-768x511-1.jpg","datePublished":"2023-12-15T10:05:00+00:00","dateModified":"2025-06-18T10:25:22+00:00","description":"Favoriser les \u00e9changes, cr\u00e9er du lien interg\u00e9n\u00e9rationnel, et entretenir un r\u00e9seau professionnel engag\u00e9 autour des enjeux environnementaux et du d\u00e9veloppement durable.","breadcrumb":{"@id":"https:\/\/www.minesparis.psl.eu\/isige\/actualites\/renforcer-les-liens-de-la-communaute-isige-retour-sur-lassemblee-generale-et-lapero-interpromo-isige-alumni\/#breadcrumb"},"inLanguage":"fr-FR","potentialAction":[{"@type":"ReadAction","target":["https:\/\/www.minesparis.psl.eu\/isige\/actualites\/renforcer-les-liens-de-la-communaute-isige-retour-sur-lassemblee-generale-et-lapero-interpromo-isige-alumni\/"]}]},{"@type":"ImageObject","inLanguage":"fr-FR","@id":"https:\/\/www.minesparis.psl.eu\/isige\/actualites\/renforcer-les-liens-de-la-communaute-isige-retour-sur-lassemblee-generale-et-lapero-interpromo-isige-alumni\/#primaryimage","url":"https:\/\/www.minesparis.psl.eu\/isige\/wp-content\/uploads\/sites\/21\/2025\/04\/IMG_0226-768x511-1.jpg","contentUrl":"https:\/\/www.minesparis.psl.eu\/isige\/wp-content\/uploads\/sites\/21\/2025\/04\/IMG_0226-768x511-1.jpg","width":768,"height":511},{"@type":"BreadcrumbList","@id":"https:\/\/www.minesparis.psl.eu\/isige\/actualites\/renforcer-les-liens-de-la-communaute-isige-retour-sur-lassemblee-generale-et-lapero-interpromo-isige-alumni\/#breadcrumb","itemListElement":[{"@type":"ListItem","position":1,"name":"Accueil","item":"https:\/\/www.minesparis.psl.eu\/isige\/"},{"@type":"ListItem","position":2,"name":"Renforcer les liens de la communaut\u00e9 ISIGE \u2013 Retour sur l\u2019Assembl\u00e9e G\u00e9n\u00e9rale et l\u2019Ap\u00e9ro Interpromo ISIGE Alumni"}]},{"@type":"WebSite","@id":"https:\/\/www.minesparis.psl.eu\/isige\/#website","url":"https:\/\/www.minesparis.psl.eu\/isige\/","name":"ISIGE Mines Paris - PSL","description":"","publisher":{"@id":"https:\/\/www.minesparis.psl.eu\/isige\/#organization"},"potentialAction":[{"@type":"SearchAction","target":{"@type":"EntryPoint","urlTemplate":"https:\/\/www.minesparis.psl.eu\/isige\/?s={search_term_string}"},"query-input":{"@type":"PropertyValueSpecification","valueRequired":true,"valueName":"search_term_string"}}],"inLanguage":"fr-FR"},{"@type":"Organization","@id":"https:\/\/www.minesparis.psl.eu\/isige\/#organization","name":"ISIGE Mines Paris - PSL","url":"https:\/\/www.minesparis.psl.eu\/isige\/","logo":{"@type":"ImageObject","inLanguage":"fr-FR","@id":"https:\/\/www.minesparis.psl.eu\/isige\/#\/schema\/logo\/image\/","url":"https:\/\/www.minesparis.psl.eu\/isige\/wp-content\/uploads\/sites\/21\/2025\/02\/cropped-MinesParis-PSL-ISIGEOCoRVB-1.png","contentUrl":"https:\/\/www.minesparis.psl.eu\/isige\/wp-content\/uploads\/sites\/21\/2025\/02\/cropped-MinesParis-PSL-ISIGEOCoRVB-1.png","width":1584,"height":360,"caption":"ISIGE Mines Paris - PSL"},"image":{"@id":"https:\/\/www.minesparis.psl.eu\/isige\/#\/schema\/logo\/image\/"}}]}},"_links":{"self":[{"href":"https:\/\/www.minesparis.psl.eu\/isige\/wp-json\/wp\/v2\/actualites\/2577","targetHints":{"allow":["GET"]}}],"collection":[{"href":"https:\/\/www.minesparis.psl.eu\/isige\/wp-json\/wp\/v2\/actualites"}],"about":[{"href":"https:\/\/www.minesparis.psl.eu\/isige\/wp-json\/wp\/v2\/types\/actualites"}],"wp:featuredmedia":[{"embeddable":true,"href":"https:\/\/www.minesparis.psl.eu\/isige\/wp-json\/wp\/v2\/media\/2580"}],"wp:attachment":[{"href":"https:\/\/www.minesparis.psl.eu\/isige\/wp-json\/wp\/v2\/media?parent=2577"}],"wp:term":[{"taxonomy":"actualites-formats","embeddable":true,"href":"https:\/\/www.minesparis.psl.eu\/isige\/wp-json\/wp\/v2\/actualites-formats?post=2577"},{"taxonomy":"actualites-thematiques","embeddable":true,"href":"https:\/\/www.minesparis.psl.eu\/isige\/wp-json\/wp\/v2\/actualites-thematiques?post=2577"}],"curies":[{"name":"wp","href":"https:\/\/api.w.org\/{rel}","templated":true}]}}