{"id":2556,"date":"2024-03-05T16:18:00","date_gmt":"2024-03-05T15:18:00","guid":{"rendered":"https:\/\/www.minesparis.psl.eu\/isige\/?post_type=actualites&#038;p=2556"},"modified":"2025-06-18T12:25:21","modified_gmt":"2025-06-18T10:25:21","slug":"ceremonie-de-remise-des-diplomes-des-masteres-specialises-promotions-2022-2023","status":"publish","type":"actualites","link":"https:\/\/www.minesparis.psl.eu\/isige\/actualites\/ceremonie-de-remise-des-diplomes-des-masteres-specialises-promotions-2022-2023\/","title":{"rendered":"C\u00e9r\u00e9monie de remise des dipl\u00f4mes des Mast\u00e8res Sp\u00e9cialis\u00e9s \u2013 Promotions 2022-2023"},"content":{"rendered":"\n<div class=\"container block-full-largeur\">\n\t<div class=\"row mt-4\">\n\t\t<div class=\"col-md-12\">\n\t\t\t<h2 style=\"text-align: justify\" data-start=\"228\" data-end=\"296\">Un moment fort pour les \u00e9tudiants de l\u2019ISIGE \u2013 MINES Paris \u2013 PSL<\/h2>\n<p class=\"\" style=\"text-align: justify\" data-start=\"629\" data-end=\"971\">\u00c0 cette occasion, les <strong data-start=\"651\" data-end=\"716\">\u00e9tudiants des trois programmes de l\u2019ISIGE \u2013 MINES Paris \u2013 PSL<\/strong>, sp\u00e9cialis\u00e9s dans le champ de l\u2019<strong data-start=\"749\" data-end=\"766\">environnement<\/strong> et du <strong data-start=\"773\" data-end=\"798\">d\u00e9veloppement durable<\/strong>, ont re\u00e7u leur dipl\u00f4me des mains de <strong data-start=\"835\" data-end=\"855\">Vincent Lafl\u00e8che<\/strong>, directeur g\u00e9n\u00e9ral de l\u2019\u00c9cole, sous les <strong data-start=\"896\" data-end=\"970\">applaudissements nourris de leurs pairs, enseignants, familles et amis<\/strong>.<\/p>\n<p data-start=\"629\" data-end=\"971\"><img loading=\"lazy\" decoding=\"async\" class=\"alignnone size-large wp-image-2557\" src=\"https:\/\/www.minesparis.psl.eu\/isige\/wp-content\/uploads\/sites\/21\/2025\/04\/1-4-1024x1024.jpg\" alt=\"\" width=\"1024\" height=\"1024\" srcset=\"https:\/\/www.minesparis.psl.eu\/isige\/wp-content\/uploads\/sites\/21\/2025\/04\/1-4-1024x1024.jpg 1024w, https:\/\/www.minesparis.psl.eu\/isige\/wp-content\/uploads\/sites\/21\/2025\/04\/1-4-300x300.jpg 300w, https:\/\/www.minesparis.psl.eu\/isige\/wp-content\/uploads\/sites\/21\/2025\/04\/1-4-150x150.jpg 150w, https:\/\/www.minesparis.psl.eu\/isige\/wp-content\/uploads\/sites\/21\/2025\/04\/1-4-768x768.jpg 768w, https:\/\/www.minesparis.psl.eu\/isige\/wp-content\/uploads\/sites\/21\/2025\/04\/1-4.jpg 1200w\" sizes=\"auto, (max-width: 1024px) 100vw, 1024px\" \/><\/p>\n<h2 style=\"text-align: justify\" data-start=\"973\" data-end=\"1060\">Trois parcours, un m\u00eame engagement : former les experts de la transition \u00e9cologique<\/h2>\n<p class=\"\" style=\"text-align: justify\" data-start=\"1062\" data-end=\"1448\">F\u00e9licitations aux dipl\u00f4m\u00e9s de la <strong data-start=\"1095\" data-end=\"1111\">Promotion 32<\/strong> du <strong data-start=\"1115\" data-end=\"1245\">Mast\u00e8re Sp\u00e9cialis\u00e9\u00ae Expert en Environnement et D\u00e9veloppement Durable \u2013 parcours Ing\u00e9nierie et Gestion de l\u2019Environnement (IGE)<\/strong>. Ce programme s\u2019adresse \u00e0 de jeunes dipl\u00f4m\u00e9s et professionnels souhaitant se sp\u00e9cialiser dans la gestion de l\u2019environnement, avec une approche \u00e0 la fois scientifique, technique et syst\u00e9mique des enjeux.<\/p>\n<p data-start=\"1062\" data-end=\"1448\">\n<p class=\"\" style=\"text-align: justify\" data-start=\"1450\" data-end=\"1814\">Nos vives f\u00e9licitations \u00e9galement aux dipl\u00f4m\u00e9s de la <strong data-start=\"1503\" data-end=\"1519\">Promotion 15<\/strong> du <strong data-start=\"1523\" data-end=\"1610\">Mast\u00e8re Sp\u00e9cialis\u00e9\u00ae RSEDD \u2013 Management Global de la RSE et du D\u00e9veloppement Durable<\/strong>, programme ex\u00e9cutif con\u00e7u en partenariat avec <strong data-start=\"1657\" data-end=\"1673\">Cegos France<\/strong>, et d\u00e9di\u00e9 aux professionnels en reconversion ou en \u00e9volution de carri\u00e8re souhaitant piloter la transformation responsable des organisations.<\/p>\n<p data-start=\"1450\" data-end=\"1814\"><img loading=\"lazy\" decoding=\"async\" class=\"alignnone size-large wp-image-2558\" src=\"https:\/\/www.minesparis.psl.eu\/isige\/wp-content\/uploads\/sites\/21\/2025\/04\/2-4-1024x1024.jpg\" alt=\"\" width=\"1024\" height=\"1024\" srcset=\"https:\/\/www.minesparis.psl.eu\/isige\/wp-content\/uploads\/sites\/21\/2025\/04\/2-4-1024x1024.jpg 1024w, https:\/\/www.minesparis.psl.eu\/isige\/wp-content\/uploads\/sites\/21\/2025\/04\/2-4-300x300.jpg 300w, https:\/\/www.minesparis.psl.eu\/isige\/wp-content\/uploads\/sites\/21\/2025\/04\/2-4-150x150.jpg 150w, https:\/\/www.minesparis.psl.eu\/isige\/wp-content\/uploads\/sites\/21\/2025\/04\/2-4-768x768.jpg 768w, https:\/\/www.minesparis.psl.eu\/isige\/wp-content\/uploads\/sites\/21\/2025\/04\/2-4.jpg 1200w\" sizes=\"auto, (max-width: 1024px) 100vw, 1024px\" \/><\/p>\n<p data-start=\"1450\" data-end=\"1814\">\n<p class=\"\" style=\"text-align: justify\" data-start=\"1816\" data-end=\"2132\">Enfin, un grand bravo aux \u00e9tudiants de la <strong data-start=\"1858\" data-end=\"1874\">Promotion 16<\/strong> du <strong data-start=\"1878\" data-end=\"1948\">Mast\u00e8re Sp\u00e9cialis\u00e9\u00ae International Environmental Management (EnvIM)<\/strong>, un programme international dispens\u00e9 en anglais, qui propose trois options de parcours (<strong data-start=\"2037\" data-end=\"2062\">Asia, World et Europe<\/strong>) en lien avec des partenaires acad\u00e9miques \u00e9trangers de haut niveau.<\/p>\n<h2 style=\"text-align: justify\" data-start=\"2134\" data-end=\"2184\">Une communaut\u00e9 de dipl\u00f4m\u00e9s engag\u00e9s pour demain<\/h2>\n<p class=\"\" style=\"text-align: justify\" data-start=\"2186\" data-end=\"2440\">Au-del\u00e0 de la remise de dipl\u00f4me, cette c\u00e9r\u00e9monie fut l\u2019occasion de c\u00e9l\u00e9brer <strong data-start=\"2262\" data-end=\"2439\">le chemin parcouru, les efforts fournis, les projets men\u00e9s, les amiti\u00e9s nou\u00e9es, et surtout l\u2019engagement fort de chacun\u00b7e pour les transitions environnementales et soci\u00e9tales<\/strong>.<\/p>\n<p class=\"\" style=\"text-align: justify\" data-start=\"2442\" data-end=\"2691\">Toute l\u2019\u00e9quipe de l\u2019ISIGE \u2013 MINES Paris \u2013 PSL adresse ses plus chaleureuses <strong data-start=\"2521\" data-end=\"2553\">f\u00e9licitations aux dipl\u00f4m\u00e9\u00b7es<\/strong> et leur souhaite <strong data-start=\"2571\" data-end=\"2648\">plein succ\u00e8s dans la suite de leurs parcours professionnels et personnels<\/strong>. Bienvenue dans la communaut\u00e9 des alumni !<\/p>\n\t\t<\/div>\n\t<\/div>\n<\/div>","protected":false},"featured_media":2559,"template":"","actualites-formats":[15],"actualites-thematiques":[20],"class_list":["post-2556","actualites","type-actualites","status-publish","has-post-thumbnail","hentry"],"acf":[],"yoast_head":"<!-- This site is optimized with the Yoast SEO plugin v27.2 - https:\/\/yoast.com\/product\/yoast-seo-wordpress\/ -->\n<title>C\u00e9r\u00e9monie de remise des dipl\u00f4mes des Mast\u00e8res Sp\u00e9cialis\u00e9s \u2013 Promotions 2022-2023 - ISIGE Mines Paris - PSL<\/title>\n<meta name=\"description\" content=\"C\u00e9r\u00e9monie officielle de remise des dipl\u00f4mes des 16 Mast\u00e8res Sp\u00e9cialis\u00e9s propos\u00e9s par MINES Paris \u2013 PSL\" \/>\n<meta name=\"robots\" content=\"index, follow, max-snippet:-1, max-image-preview:large, max-video-preview:-1\" \/>\n<link rel=\"canonical\" href=\"https:\/\/www.minesparis.psl.eu\/isige\/actualites\/ceremonie-de-remise-des-diplomes-des-masteres-specialises-promotions-2022-2023\/\" \/>\n<meta property=\"og:locale\" content=\"fr_FR\" \/>\n<meta property=\"og:type\" content=\"article\" \/>\n<meta property=\"og:title\" content=\"C\u00e9r\u00e9monie de remise des dipl\u00f4mes des Mast\u00e8res Sp\u00e9cialis\u00e9s \u2013 Promotions 2022-2023 - ISIGE Mines Paris - PSL\" \/>\n<meta property=\"og:description\" content=\"C\u00e9r\u00e9monie officielle de remise des dipl\u00f4mes des 16 Mast\u00e8res Sp\u00e9cialis\u00e9s propos\u00e9s par MINES Paris \u2013 PSL\" \/>\n<meta property=\"og:url\" content=\"https:\/\/www.minesparis.psl.eu\/isige\/actualites\/ceremonie-de-remise-des-diplomes-des-masteres-specialises-promotions-2022-2023\/\" \/>\n<meta property=\"og:site_name\" content=\"ISIGE Mines Paris - PSL\" \/>\n<meta property=\"article:modified_time\" content=\"2025-06-18T10:25:21+00:00\" \/>\n<meta property=\"og:image\" content=\"https:\/\/www.minesparis.psl.eu\/isige\/wp-content\/uploads\/sites\/21\/2025\/04\/IMG_3680.jpg\" \/>\n\t<meta property=\"og:image:width\" content=\"1200\" \/>\n\t<meta property=\"og:image:height\" content=\"798\" \/>\n\t<meta property=\"og:image:type\" content=\"image\/jpeg\" \/>\n<meta name=\"twitter:card\" content=\"summary_large_image\" \/>\n<meta name=\"twitter:label1\" content=\"Dur\u00e9e de lecture estim\u00e9e\" \/>\n\t<meta name=\"twitter:data1\" content=\"1 minute\" \/>\n<script type=\"application\/ld+json\" class=\"yoast-schema-graph\">{\"@context\":\"https:\/\/schema.org\",\"@graph\":[{\"@type\":\"WebPage\",\"@id\":\"https:\/\/www.minesparis.psl.eu\/isige\/actualites\/ceremonie-de-remise-des-diplomes-des-masteres-specialises-promotions-2022-2023\/\",\"url\":\"https:\/\/www.minesparis.psl.eu\/isige\/actualites\/ceremonie-de-remise-des-diplomes-des-masteres-specialises-promotions-2022-2023\/\",\"name\":\"C\u00e9r\u00e9monie de remise des dipl\u00f4mes des Mast\u00e8res Sp\u00e9cialis\u00e9s \u2013 Promotions 2022-2023 - ISIGE Mines Paris - PSL\",\"isPartOf\":{\"@id\":\"https:\/\/www.minesparis.psl.eu\/isige\/#website\"},\"primaryImageOfPage\":{\"@id\":\"https:\/\/www.minesparis.psl.eu\/isige\/actualites\/ceremonie-de-remise-des-diplomes-des-masteres-specialises-promotions-2022-2023\/#primaryimage\"},\"image\":{\"@id\":\"https:\/\/www.minesparis.psl.eu\/isige\/actualites\/ceremonie-de-remise-des-diplomes-des-masteres-specialises-promotions-2022-2023\/#primaryimage\"},\"thumbnailUrl\":\"https:\/\/www.minesparis.psl.eu\/isige\/wp-content\/uploads\/sites\/21\/2025\/04\/IMG_3680.jpg\",\"datePublished\":\"2024-03-05T15:18:00+00:00\",\"dateModified\":\"2025-06-18T10:25:21+00:00\",\"description\":\"C\u00e9r\u00e9monie officielle de remise des dipl\u00f4mes des 16 Mast\u00e8res Sp\u00e9cialis\u00e9s propos\u00e9s par MINES Paris \u2013 PSL\",\"breadcrumb\":{\"@id\":\"https:\/\/www.minesparis.psl.eu\/isige\/actualites\/ceremonie-de-remise-des-diplomes-des-masteres-specialises-promotions-2022-2023\/#breadcrumb\"},\"inLanguage\":\"fr-FR\",\"potentialAction\":[{\"@type\":\"ReadAction\",\"target\":[\"https:\/\/www.minesparis.psl.eu\/isige\/actualites\/ceremonie-de-remise-des-diplomes-des-masteres-specialises-promotions-2022-2023\/\"]}]},{\"@type\":\"ImageObject\",\"inLanguage\":\"fr-FR\",\"@id\":\"https:\/\/www.minesparis.psl.eu\/isige\/actualites\/ceremonie-de-remise-des-diplomes-des-masteres-specialises-promotions-2022-2023\/#primaryimage\",\"url\":\"https:\/\/www.minesparis.psl.eu\/isige\/wp-content\/uploads\/sites\/21\/2025\/04\/IMG_3680.jpg\",\"contentUrl\":\"https:\/\/www.minesparis.psl.eu\/isige\/wp-content\/uploads\/sites\/21\/2025\/04\/IMG_3680.jpg\",\"width\":1200,\"height\":798},{\"@type\":\"BreadcrumbList\",\"@id\":\"https:\/\/www.minesparis.psl.eu\/isige\/actualites\/ceremonie-de-remise-des-diplomes-des-masteres-specialises-promotions-2022-2023\/#breadcrumb\",\"itemListElement\":[{\"@type\":\"ListItem\",\"position\":1,\"name\":\"Accueil\",\"item\":\"https:\/\/www.minesparis.psl.eu\/isige\/\"},{\"@type\":\"ListItem\",\"position\":2,\"name\":\"C\u00e9r\u00e9monie de remise des dipl\u00f4mes des Mast\u00e8res Sp\u00e9cialis\u00e9s \u2013 Promotions 2022-2023\"}]},{\"@type\":\"WebSite\",\"@id\":\"https:\/\/www.minesparis.psl.eu\/isige\/#website\",\"url\":\"https:\/\/www.minesparis.psl.eu\/isige\/\",\"name\":\"ISIGE Mines Paris - PSL\",\"description\":\"\",\"publisher\":{\"@id\":\"https:\/\/www.minesparis.psl.eu\/isige\/#organization\"},\"potentialAction\":[{\"@type\":\"SearchAction\",\"target\":{\"@type\":\"EntryPoint\",\"urlTemplate\":\"https:\/\/www.minesparis.psl.eu\/isige\/?s={search_term_string}\"},\"query-input\":{\"@type\":\"PropertyValueSpecification\",\"valueRequired\":true,\"valueName\":\"search_term_string\"}}],\"inLanguage\":\"fr-FR\"},{\"@type\":\"Organization\",\"@id\":\"https:\/\/www.minesparis.psl.eu\/isige\/#organization\",\"name\":\"ISIGE Mines Paris - PSL\",\"url\":\"https:\/\/www.minesparis.psl.eu\/isige\/\",\"logo\":{\"@type\":\"ImageObject\",\"inLanguage\":\"fr-FR\",\"@id\":\"https:\/\/www.minesparis.psl.eu\/isige\/#\/schema\/logo\/image\/\",\"url\":\"https:\/\/www.minesparis.psl.eu\/isige\/wp-content\/uploads\/sites\/21\/2025\/02\/cropped-MinesParis-PSL-ISIGEOCoRVB-1.png\",\"contentUrl\":\"https:\/\/www.minesparis.psl.eu\/isige\/wp-content\/uploads\/sites\/21\/2025\/02\/cropped-MinesParis-PSL-ISIGEOCoRVB-1.png\",\"width\":1584,\"height\":360,\"caption\":\"ISIGE Mines Paris - PSL\"},\"image\":{\"@id\":\"https:\/\/www.minesparis.psl.eu\/isige\/#\/schema\/logo\/image\/\"}}]}<\/script>\n<!-- \/ Yoast SEO plugin. -->","yoast_head_json":{"title":"C\u00e9r\u00e9monie de remise des dipl\u00f4mes des Mast\u00e8res Sp\u00e9cialis\u00e9s \u2013 Promotions 2022-2023 - ISIGE Mines Paris - PSL","description":"C\u00e9r\u00e9monie officielle de remise des dipl\u00f4mes des 16 Mast\u00e8res Sp\u00e9cialis\u00e9s propos\u00e9s par MINES Paris \u2013 PSL","robots":{"index":"index","follow":"follow","max-snippet":"max-snippet:-1","max-image-preview":"max-image-preview:large","max-video-preview":"max-video-preview:-1"},"canonical":"https:\/\/www.minesparis.psl.eu\/isige\/actualites\/ceremonie-de-remise-des-diplomes-des-masteres-specialises-promotions-2022-2023\/","og_locale":"fr_FR","og_type":"article","og_title":"C\u00e9r\u00e9monie de remise des dipl\u00f4mes des Mast\u00e8res Sp\u00e9cialis\u00e9s \u2013 Promotions 2022-2023 - ISIGE Mines Paris - PSL","og_description":"C\u00e9r\u00e9monie officielle de remise des dipl\u00f4mes des 16 Mast\u00e8res Sp\u00e9cialis\u00e9s propos\u00e9s par MINES Paris \u2013 PSL","og_url":"https:\/\/www.minesparis.psl.eu\/isige\/actualites\/ceremonie-de-remise-des-diplomes-des-masteres-specialises-promotions-2022-2023\/","og_site_name":"ISIGE Mines Paris - PSL","article_modified_time":"2025-06-18T10:25:21+00:00","og_image":[{"width":1200,"height":798,"url":"https:\/\/www.minesparis.psl.eu\/isige\/wp-content\/uploads\/sites\/21\/2025\/04\/IMG_3680.jpg","type":"image\/jpeg"}],"twitter_card":"summary_large_image","twitter_misc":{"Dur\u00e9e de lecture estim\u00e9e":"1 minute"},"schema":{"@context":"https:\/\/schema.org","@graph":[{"@type":"WebPage","@id":"https:\/\/www.minesparis.psl.eu\/isige\/actualites\/ceremonie-de-remise-des-diplomes-des-masteres-specialises-promotions-2022-2023\/","url":"https:\/\/www.minesparis.psl.eu\/isige\/actualites\/ceremonie-de-remise-des-diplomes-des-masteres-specialises-promotions-2022-2023\/","name":"C\u00e9r\u00e9monie de remise des dipl\u00f4mes des Mast\u00e8res Sp\u00e9cialis\u00e9s \u2013 Promotions 2022-2023 - ISIGE Mines Paris - PSL","isPartOf":{"@id":"https:\/\/www.minesparis.psl.eu\/isige\/#website"},"primaryImageOfPage":{"@id":"https:\/\/www.minesparis.psl.eu\/isige\/actualites\/ceremonie-de-remise-des-diplomes-des-masteres-specialises-promotions-2022-2023\/#primaryimage"},"image":{"@id":"https:\/\/www.minesparis.psl.eu\/isige\/actualites\/ceremonie-de-remise-des-diplomes-des-masteres-specialises-promotions-2022-2023\/#primaryimage"},"thumbnailUrl":"https:\/\/www.minesparis.psl.eu\/isige\/wp-content\/uploads\/sites\/21\/2025\/04\/IMG_3680.jpg","datePublished":"2024-03-05T15:18:00+00:00","dateModified":"2025-06-18T10:25:21+00:00","description":"C\u00e9r\u00e9monie officielle de remise des dipl\u00f4mes des 16 Mast\u00e8res Sp\u00e9cialis\u00e9s propos\u00e9s par MINES Paris \u2013 PSL","breadcrumb":{"@id":"https:\/\/www.minesparis.psl.eu\/isige\/actualites\/ceremonie-de-remise-des-diplomes-des-masteres-specialises-promotions-2022-2023\/#breadcrumb"},"inLanguage":"fr-FR","potentialAction":[{"@type":"ReadAction","target":["https:\/\/www.minesparis.psl.eu\/isige\/actualites\/ceremonie-de-remise-des-diplomes-des-masteres-specialises-promotions-2022-2023\/"]}]},{"@type":"ImageObject","inLanguage":"fr-FR","@id":"https:\/\/www.minesparis.psl.eu\/isige\/actualites\/ceremonie-de-remise-des-diplomes-des-masteres-specialises-promotions-2022-2023\/#primaryimage","url":"https:\/\/www.minesparis.psl.eu\/isige\/wp-content\/uploads\/sites\/21\/2025\/04\/IMG_3680.jpg","contentUrl":"https:\/\/www.minesparis.psl.eu\/isige\/wp-content\/uploads\/sites\/21\/2025\/04\/IMG_3680.jpg","width":1200,"height":798},{"@type":"BreadcrumbList","@id":"https:\/\/www.minesparis.psl.eu\/isige\/actualites\/ceremonie-de-remise-des-diplomes-des-masteres-specialises-promotions-2022-2023\/#breadcrumb","itemListElement":[{"@type":"ListItem","position":1,"name":"Accueil","item":"https:\/\/www.minesparis.psl.eu\/isige\/"},{"@type":"ListItem","position":2,"name":"C\u00e9r\u00e9monie de remise des dipl\u00f4mes des Mast\u00e8res Sp\u00e9cialis\u00e9s \u2013 Promotions 2022-2023"}]},{"@type":"WebSite","@id":"https:\/\/www.minesparis.psl.eu\/isige\/#website","url":"https:\/\/www.minesparis.psl.eu\/isige\/","name":"ISIGE Mines Paris - PSL","description":"","publisher":{"@id":"https:\/\/www.minesparis.psl.eu\/isige\/#organization"},"potentialAction":[{"@type":"SearchAction","target":{"@type":"EntryPoint","urlTemplate":"https:\/\/www.minesparis.psl.eu\/isige\/?s={search_term_string}"},"query-input":{"@type":"PropertyValueSpecification","valueRequired":true,"valueName":"search_term_string"}}],"inLanguage":"fr-FR"},{"@type":"Organization","@id":"https:\/\/www.minesparis.psl.eu\/isige\/#organization","name":"ISIGE Mines Paris - PSL","url":"https:\/\/www.minesparis.psl.eu\/isige\/","logo":{"@type":"ImageObject","inLanguage":"fr-FR","@id":"https:\/\/www.minesparis.psl.eu\/isige\/#\/schema\/logo\/image\/","url":"https:\/\/www.minesparis.psl.eu\/isige\/wp-content\/uploads\/sites\/21\/2025\/02\/cropped-MinesParis-PSL-ISIGEOCoRVB-1.png","contentUrl":"https:\/\/www.minesparis.psl.eu\/isige\/wp-content\/uploads\/sites\/21\/2025\/02\/cropped-MinesParis-PSL-ISIGEOCoRVB-1.png","width":1584,"height":360,"caption":"ISIGE Mines Paris - PSL"},"image":{"@id":"https:\/\/www.minesparis.psl.eu\/isige\/#\/schema\/logo\/image\/"}}]}},"_links":{"self":[{"href":"https:\/\/www.minesparis.psl.eu\/isige\/wp-json\/wp\/v2\/actualites\/2556","targetHints":{"allow":["GET"]}}],"collection":[{"href":"https:\/\/www.minesparis.psl.eu\/isige\/wp-json\/wp\/v2\/actualites"}],"about":[{"href":"https:\/\/www.minesparis.psl.eu\/isige\/wp-json\/wp\/v2\/types\/actualites"}],"wp:featuredmedia":[{"embeddable":true,"href":"https:\/\/www.minesparis.psl.eu\/isige\/wp-json\/wp\/v2\/media\/2559"}],"wp:attachment":[{"href":"https:\/\/www.minesparis.psl.eu\/isige\/wp-json\/wp\/v2\/media?parent=2556"}],"wp:term":[{"taxonomy":"actualites-formats","embeddable":true,"href":"https:\/\/www.minesparis.psl.eu\/isige\/wp-json\/wp\/v2\/actualites-formats?post=2556"},{"taxonomy":"actualites-thematiques","embeddable":true,"href":"https:\/\/www.minesparis.psl.eu\/isige\/wp-json\/wp\/v2\/actualites-thematiques?post=2556"}],"curies":[{"name":"wp","href":"https:\/\/api.w.org\/{rel}","templated":true}]}}