{"id":2538,"date":"2025-04-16T15:19:07","date_gmt":"2025-04-16T13:19:07","guid":{"rendered":"https:\/\/www.minesparis.psl.eu\/isige\/?post_type=actualites&#038;p=2538"},"modified":"2025-06-18T12:25:00","modified_gmt":"2025-06-18T10:25:00","slug":"changer-dechelle-pour-imaginer-les-territoires-de-demain","status":"publish","type":"actualites","link":"https:\/\/www.minesparis.psl.eu\/isige\/actualites\/changer-dechelle-pour-imaginer-les-territoires-de-demain\/","title":{"rendered":"Changer d\u2019\u00e9chelle pour imaginer les territoires de demain"},"content":{"rendered":"\n<div class=\"container block-full-largeur\">\n\t<div class=\"row mt-4\">\n\t\t<div class=\"col-md-12\">\n\t\t\t<h2 style=\"text-align: justify\" data-start=\"265\" data-end=\"359\">Une immersion territoriale pour les \u00e9tudiant\u00b7es du Mast\u00e8re Sp\u00e9cialis\u00e9\u00ae EEDD \u2013 parcours IGE<\/h2>\n<p class=\"\" style=\"text-align: justify\" data-start=\"726\" data-end=\"973\">Ce s\u00e9jour de terrain, plac\u00e9 sous le signe de <strong data-start=\"771\" data-end=\"847\">l\u2019\u00e9cologie, de la r\u00e9silience territoriale, de la prospective et du r\u00e9cit<\/strong>, leur a permis de mobiliser l\u2019ensemble des comp\u00e9tences acquises depuis le d\u00e9but de la formation, autour d\u2019enjeux concrets :<\/p>\n<ul style=\"text-align: justify\" data-start=\"974\" data-end=\"1245\">\n<li class=\"\" data-start=\"974\" data-end=\"1034\">\n<p class=\"\" data-start=\"976\" data-end=\"1034\">contribuer \u00e0 l\u2019att\u00e9nuation des crises environnementales,<\/p>\n<\/li>\n<li class=\"\" data-start=\"1035\" data-end=\"1109\">\n<p class=\"\" data-start=\"1037\" data-end=\"1109\">concevoir des <strong data-start=\"1051\" data-end=\"1106\">sc\u00e9narios prospectifs d\u2019adaptation et de r\u00e9silience<\/strong>,<\/p>\n<\/li>\n<li class=\"\" data-start=\"1110\" data-end=\"1144\">\n<p class=\"\" data-start=\"1112\" data-end=\"1144\">travailler en <strong data-start=\"1126\" data-end=\"1141\">mode projet<\/strong>,<\/p>\n<\/li>\n<li class=\"\" data-start=\"1145\" data-end=\"1245\">\n<p class=\"\" data-start=\"1147\" data-end=\"1245\">int\u00e9grer une <strong data-start=\"1160\" data-end=\"1195\">vision transverse et syst\u00e9mique<\/strong>, en s\u2019appuyant sur des <strong data-start=\"1219\" data-end=\"1244\">changements d\u2019\u00e9chelle<\/strong>.<\/p>\n<\/li>\n<\/ul>\n<p style=\"text-align: justify\" data-start=\"1247\" data-end=\"1628\"><img loading=\"lazy\" decoding=\"async\" class=\"size-large wp-image-2539 aligncenter\" src=\"https:\/\/www.minesparis.psl.eu\/isige\/wp-content\/uploads\/sites\/21\/2025\/04\/1-1024x1024.jpg\" alt=\"\" width=\"1024\" height=\"1024\" srcset=\"https:\/\/www.minesparis.psl.eu\/isige\/wp-content\/uploads\/sites\/21\/2025\/04\/1-1024x1024.jpg 1024w, https:\/\/www.minesparis.psl.eu\/isige\/wp-content\/uploads\/sites\/21\/2025\/04\/1-300x300.jpg 300w, https:\/\/www.minesparis.psl.eu\/isige\/wp-content\/uploads\/sites\/21\/2025\/04\/1-150x150.jpg 150w, https:\/\/www.minesparis.psl.eu\/isige\/wp-content\/uploads\/sites\/21\/2025\/04\/1-768x768.jpg 768w, https:\/\/www.minesparis.psl.eu\/isige\/wp-content\/uploads\/sites\/21\/2025\/04\/1.jpg 1200w\" sizes=\"auto, (max-width: 1024px) 100vw, 1024px\" \/><\/p>\n<p class=\"\" style=\"text-align: justify\" data-start=\"1247\" data-end=\"1628\">\u00c0 partir de <strong data-start=\"1259\" data-end=\"1310\">t\u00e9moignages de citoyen\u00b7nes, d\u2019\u00e9lu\u00b7es, d\u2019experts<\/strong> locaux et de l\u2019analyse des documents strat\u00e9giques de la collectivit\u00e9, les \u00e9tudiant\u00b7es ont imagin\u00e9 des <strong data-start=\"1413\" data-end=\"1436\">r\u00e9cits territoriaux<\/strong> concrets, r\u00e9alistes et porteurs d\u2019espoir, pens\u00e9s comme leviers d\u2019action. Ces r\u00e9cits ont \u00e9t\u00e9 <strong data-start=\"1529\" data-end=\"1558\">pr\u00e9sent\u00e9s le 4 avril 2025<\/strong> devant une vingtaine d\u2019\u00e9lu\u00b7es de la CCSB, rassembl\u00e9s pour l\u2019occasion.<\/p>\n<p style=\"text-align: justify\" data-start=\"1247\" data-end=\"1628\"><img loading=\"lazy\" decoding=\"async\" class=\"size-large wp-image-2540 aligncenter\" src=\"https:\/\/www.minesparis.psl.eu\/isige\/wp-content\/uploads\/sites\/21\/2025\/04\/2-1024x1024.jpg\" alt=\"\" width=\"1024\" height=\"1024\" srcset=\"https:\/\/www.minesparis.psl.eu\/isige\/wp-content\/uploads\/sites\/21\/2025\/04\/2-1024x1024.jpg 1024w, https:\/\/www.minesparis.psl.eu\/isige\/wp-content\/uploads\/sites\/21\/2025\/04\/2-300x300.jpg 300w, https:\/\/www.minesparis.psl.eu\/isige\/wp-content\/uploads\/sites\/21\/2025\/04\/2-150x150.jpg 150w, https:\/\/www.minesparis.psl.eu\/isige\/wp-content\/uploads\/sites\/21\/2025\/04\/2-768x768.jpg 768w, https:\/\/www.minesparis.psl.eu\/isige\/wp-content\/uploads\/sites\/21\/2025\/04\/2.jpg 1200w\" sizes=\"auto, (max-width: 1024px) 100vw, 1024px\" \/><\/p>\n<p class=\"\" style=\"text-align: justify\" data-start=\"1630\" data-end=\"1893\">Un grand <strong data-start=\"1639\" data-end=\"1674\">merci \u00e0 Monsieur Daniel Spagnou<\/strong>, maire de Sisteron et pr\u00e9sident de la CCSB, pour sa confiance et son accueil, ainsi qu\u2019\u00e0 <strong data-start=\"1764\" data-end=\"1782\">M\u00e9lanie Cottet<\/strong> et <strong data-start=\"1786\" data-end=\"1802\">Julien Giboz<\/strong> (CCSB) pour leur <strong data-start=\"1820\" data-end=\"1839\">engagement fort<\/strong> dans la pr\u00e9paration et l\u2019accompagnement de ce module.<\/p>\n<p style=\"text-align: justify\" data-start=\"1630\" data-end=\"1893\"><img loading=\"lazy\" decoding=\"async\" class=\"size-large wp-image-2541 aligncenter\" src=\"https:\/\/www.minesparis.psl.eu\/isige\/wp-content\/uploads\/sites\/21\/2025\/04\/3-1024x1024.jpg\" alt=\"\" width=\"1024\" height=\"1024\" srcset=\"https:\/\/www.minesparis.psl.eu\/isige\/wp-content\/uploads\/sites\/21\/2025\/04\/3-1024x1024.jpg 1024w, https:\/\/www.minesparis.psl.eu\/isige\/wp-content\/uploads\/sites\/21\/2025\/04\/3-300x300.jpg 300w, https:\/\/www.minesparis.psl.eu\/isige\/wp-content\/uploads\/sites\/21\/2025\/04\/3-150x150.jpg 150w, https:\/\/www.minesparis.psl.eu\/isige\/wp-content\/uploads\/sites\/21\/2025\/04\/3-768x768.jpg 768w, https:\/\/www.minesparis.psl.eu\/isige\/wp-content\/uploads\/sites\/21\/2025\/04\/3.jpg 1200w\" sizes=\"auto, (max-width: 1024px) 100vw, 1024px\" \/><\/p>\n<p class=\"\" style=\"text-align: justify\" data-start=\"1895\" data-end=\"2210\">F\u00e9licitations \u00e0 l\u2019ensemble des \u00e9tudiant\u00b7es pour leur <strong data-start=\"1948\" data-end=\"1972\">rigueur scientifique<\/strong>, leur <strong data-start=\"1979\" data-end=\"1993\">cr\u00e9ativit\u00e9<\/strong>, leur <strong data-start=\"2000\" data-end=\"2043\">talent de narration et de mise en sc\u00e8ne<\/strong>, leur <strong data-start=\"2050\" data-end=\"2072\">coh\u00e9sion de groupe<\/strong>, leur capacit\u00e9 \u00e0 <strong data-start=\"2090\" data-end=\"2109\">faire collectif<\/strong>\u2026 et pour la <strong data-start=\"2122\" data-end=\"2157\">remise d\u2019un rapport de 60 pages<\/strong>, aujourd\u2019hui <strong data-start=\"2171\" data-end=\"2202\">tr\u00e8s attendu par les \u00e9lu\u00b7es<\/strong> locaux.<\/p>\n<p class=\"\" style=\"text-align: justify\" data-start=\"2212\" data-end=\"2397\">Ce module incarne pleinement la mission de l\u2019ISIGE : <strong data-start=\"2265\" data-end=\"2396\">former des professionnel\u00b7les capables d\u2019agir avec justesse, m\u00e9thode et imagination pour relever les d\u00e9fis syst\u00e9miques de demain<\/strong>.<\/p>\n\t\t<\/div>\n\t<\/div>\n<\/div>","protected":false},"featured_media":2542,"template":"","actualites-formats":[15],"actualites-thematiques":[20],"class_list":["post-2538","actualites","type-actualites","status-publish","has-post-thumbnail","hentry"],"acf":[],"yoast_head":"<!-- This site is optimized with the Yoast SEO plugin v27.2 - https:\/\/yoast.com\/product\/yoast-seo-wordpress\/ -->\n<title>Changer d\u2019\u00e9chelle pour imaginer les territoires de demain - ISIGE Mines Paris - PSL<\/title>\n<meta name=\"description\" content=\"Un s\u00e9jour de terrain, plac\u00e9 sous le signe de l\u2019\u00e9cologie, de la r\u00e9silience territoriale, de la prospective et du r\u00e9cit.\" \/>\n<meta name=\"robots\" content=\"index, follow, max-snippet:-1, max-image-preview:large, max-video-preview:-1\" \/>\n<link rel=\"canonical\" href=\"https:\/\/www.minesparis.psl.eu\/isige\/actualites\/changer-dechelle-pour-imaginer-les-territoires-de-demain\/\" \/>\n<meta property=\"og:locale\" content=\"fr_FR\" \/>\n<meta property=\"og:type\" content=\"article\" \/>\n<meta property=\"og:title\" content=\"Changer d\u2019\u00e9chelle pour imaginer les territoires de demain - ISIGE Mines Paris - PSL\" \/>\n<meta property=\"og:description\" content=\"Un s\u00e9jour de terrain, plac\u00e9 sous le signe de l\u2019\u00e9cologie, de la r\u00e9silience territoriale, de la prospective et du r\u00e9cit.\" \/>\n<meta property=\"og:url\" content=\"https:\/\/www.minesparis.psl.eu\/isige\/actualites\/changer-dechelle-pour-imaginer-les-territoires-de-demain\/\" \/>\n<meta property=\"og:site_name\" content=\"ISIGE Mines Paris - PSL\" \/>\n<meta property=\"article:modified_time\" content=\"2025-06-18T10:25:00+00:00\" \/>\n<meta property=\"og:image\" content=\"https:\/\/www.minesparis.psl.eu\/isige\/wp-content\/uploads\/sites\/21\/2025\/04\/IMG_0728.jpg\" \/>\n\t<meta property=\"og:image:width\" content=\"1200\" \/>\n\t<meta property=\"og:image:height\" content=\"754\" \/>\n\t<meta property=\"og:image:type\" content=\"image\/jpeg\" \/>\n<meta name=\"twitter:card\" content=\"summary_large_image\" \/>\n<meta name=\"twitter:label1\" content=\"Dur\u00e9e de lecture estim\u00e9e\" \/>\n\t<meta name=\"twitter:data1\" content=\"1 minute\" \/>\n<script type=\"application\/ld+json\" class=\"yoast-schema-graph\">{\"@context\":\"https:\/\/schema.org\",\"@graph\":[{\"@type\":\"WebPage\",\"@id\":\"https:\/\/www.minesparis.psl.eu\/isige\/actualites\/changer-dechelle-pour-imaginer-les-territoires-de-demain\/\",\"url\":\"https:\/\/www.minesparis.psl.eu\/isige\/actualites\/changer-dechelle-pour-imaginer-les-territoires-de-demain\/\",\"name\":\"Changer d\u2019\u00e9chelle pour imaginer les territoires de demain - ISIGE Mines Paris - PSL\",\"isPartOf\":{\"@id\":\"https:\/\/www.minesparis.psl.eu\/isige\/#website\"},\"primaryImageOfPage\":{\"@id\":\"https:\/\/www.minesparis.psl.eu\/isige\/actualites\/changer-dechelle-pour-imaginer-les-territoires-de-demain\/#primaryimage\"},\"image\":{\"@id\":\"https:\/\/www.minesparis.psl.eu\/isige\/actualites\/changer-dechelle-pour-imaginer-les-territoires-de-demain\/#primaryimage\"},\"thumbnailUrl\":\"https:\/\/www.minesparis.psl.eu\/isige\/wp-content\/uploads\/sites\/21\/2025\/04\/IMG_0728.jpg\",\"datePublished\":\"2025-04-16T13:19:07+00:00\",\"dateModified\":\"2025-06-18T10:25:00+00:00\",\"description\":\"Un s\u00e9jour de terrain, plac\u00e9 sous le signe de l\u2019\u00e9cologie, de la r\u00e9silience territoriale, de la prospective et du r\u00e9cit.\",\"breadcrumb\":{\"@id\":\"https:\/\/www.minesparis.psl.eu\/isige\/actualites\/changer-dechelle-pour-imaginer-les-territoires-de-demain\/#breadcrumb\"},\"inLanguage\":\"fr-FR\",\"potentialAction\":[{\"@type\":\"ReadAction\",\"target\":[\"https:\/\/www.minesparis.psl.eu\/isige\/actualites\/changer-dechelle-pour-imaginer-les-territoires-de-demain\/\"]}]},{\"@type\":\"ImageObject\",\"inLanguage\":\"fr-FR\",\"@id\":\"https:\/\/www.minesparis.psl.eu\/isige\/actualites\/changer-dechelle-pour-imaginer-les-territoires-de-demain\/#primaryimage\",\"url\":\"https:\/\/www.minesparis.psl.eu\/isige\/wp-content\/uploads\/sites\/21\/2025\/04\/IMG_0728.jpg\",\"contentUrl\":\"https:\/\/www.minesparis.psl.eu\/isige\/wp-content\/uploads\/sites\/21\/2025\/04\/IMG_0728.jpg\",\"width\":1200,\"height\":754,\"caption\":\"Changer d\u2019\u00e9chelle pour imaginer les territoires de demain\"},{\"@type\":\"BreadcrumbList\",\"@id\":\"https:\/\/www.minesparis.psl.eu\/isige\/actualites\/changer-dechelle-pour-imaginer-les-territoires-de-demain\/#breadcrumb\",\"itemListElement\":[{\"@type\":\"ListItem\",\"position\":1,\"name\":\"Accueil\",\"item\":\"https:\/\/www.minesparis.psl.eu\/isige\/\"},{\"@type\":\"ListItem\",\"position\":2,\"name\":\"Changer d\u2019\u00e9chelle pour imaginer les territoires de demain\"}]},{\"@type\":\"WebSite\",\"@id\":\"https:\/\/www.minesparis.psl.eu\/isige\/#website\",\"url\":\"https:\/\/www.minesparis.psl.eu\/isige\/\",\"name\":\"ISIGE Mines Paris - PSL\",\"description\":\"\",\"publisher\":{\"@id\":\"https:\/\/www.minesparis.psl.eu\/isige\/#organization\"},\"potentialAction\":[{\"@type\":\"SearchAction\",\"target\":{\"@type\":\"EntryPoint\",\"urlTemplate\":\"https:\/\/www.minesparis.psl.eu\/isige\/?s={search_term_string}\"},\"query-input\":{\"@type\":\"PropertyValueSpecification\",\"valueRequired\":true,\"valueName\":\"search_term_string\"}}],\"inLanguage\":\"fr-FR\"},{\"@type\":\"Organization\",\"@id\":\"https:\/\/www.minesparis.psl.eu\/isige\/#organization\",\"name\":\"ISIGE Mines Paris - PSL\",\"url\":\"https:\/\/www.minesparis.psl.eu\/isige\/\",\"logo\":{\"@type\":\"ImageObject\",\"inLanguage\":\"fr-FR\",\"@id\":\"https:\/\/www.minesparis.psl.eu\/isige\/#\/schema\/logo\/image\/\",\"url\":\"https:\/\/www.minesparis.psl.eu\/isige\/wp-content\/uploads\/sites\/21\/2025\/02\/cropped-MinesParis-PSL-ISIGEOCoRVB-1.png\",\"contentUrl\":\"https:\/\/www.minesparis.psl.eu\/isige\/wp-content\/uploads\/sites\/21\/2025\/02\/cropped-MinesParis-PSL-ISIGEOCoRVB-1.png\",\"width\":1584,\"height\":360,\"caption\":\"ISIGE Mines Paris - PSL\"},\"image\":{\"@id\":\"https:\/\/www.minesparis.psl.eu\/isige\/#\/schema\/logo\/image\/\"}}]}<\/script>\n<!-- \/ Yoast SEO plugin. -->","yoast_head_json":{"title":"Changer d\u2019\u00e9chelle pour imaginer les territoires de demain - ISIGE Mines Paris - PSL","description":"Un s\u00e9jour de terrain, plac\u00e9 sous le signe de l\u2019\u00e9cologie, de la r\u00e9silience territoriale, de la prospective et du r\u00e9cit.","robots":{"index":"index","follow":"follow","max-snippet":"max-snippet:-1","max-image-preview":"max-image-preview:large","max-video-preview":"max-video-preview:-1"},"canonical":"https:\/\/www.minesparis.psl.eu\/isige\/actualites\/changer-dechelle-pour-imaginer-les-territoires-de-demain\/","og_locale":"fr_FR","og_type":"article","og_title":"Changer d\u2019\u00e9chelle pour imaginer les territoires de demain - ISIGE Mines Paris - PSL","og_description":"Un s\u00e9jour de terrain, plac\u00e9 sous le signe de l\u2019\u00e9cologie, de la r\u00e9silience territoriale, de la prospective et du r\u00e9cit.","og_url":"https:\/\/www.minesparis.psl.eu\/isige\/actualites\/changer-dechelle-pour-imaginer-les-territoires-de-demain\/","og_site_name":"ISIGE Mines Paris - PSL","article_modified_time":"2025-06-18T10:25:00+00:00","og_image":[{"width":1200,"height":754,"url":"https:\/\/www.minesparis.psl.eu\/isige\/wp-content\/uploads\/sites\/21\/2025\/04\/IMG_0728.jpg","type":"image\/jpeg"}],"twitter_card":"summary_large_image","twitter_misc":{"Dur\u00e9e de lecture estim\u00e9e":"1 minute"},"schema":{"@context":"https:\/\/schema.org","@graph":[{"@type":"WebPage","@id":"https:\/\/www.minesparis.psl.eu\/isige\/actualites\/changer-dechelle-pour-imaginer-les-territoires-de-demain\/","url":"https:\/\/www.minesparis.psl.eu\/isige\/actualites\/changer-dechelle-pour-imaginer-les-territoires-de-demain\/","name":"Changer d\u2019\u00e9chelle pour imaginer les territoires de demain - ISIGE Mines Paris - PSL","isPartOf":{"@id":"https:\/\/www.minesparis.psl.eu\/isige\/#website"},"primaryImageOfPage":{"@id":"https:\/\/www.minesparis.psl.eu\/isige\/actualites\/changer-dechelle-pour-imaginer-les-territoires-de-demain\/#primaryimage"},"image":{"@id":"https:\/\/www.minesparis.psl.eu\/isige\/actualites\/changer-dechelle-pour-imaginer-les-territoires-de-demain\/#primaryimage"},"thumbnailUrl":"https:\/\/www.minesparis.psl.eu\/isige\/wp-content\/uploads\/sites\/21\/2025\/04\/IMG_0728.jpg","datePublished":"2025-04-16T13:19:07+00:00","dateModified":"2025-06-18T10:25:00+00:00","description":"Un s\u00e9jour de terrain, plac\u00e9 sous le signe de l\u2019\u00e9cologie, de la r\u00e9silience territoriale, de la prospective et du r\u00e9cit.","breadcrumb":{"@id":"https:\/\/www.minesparis.psl.eu\/isige\/actualites\/changer-dechelle-pour-imaginer-les-territoires-de-demain\/#breadcrumb"},"inLanguage":"fr-FR","potentialAction":[{"@type":"ReadAction","target":["https:\/\/www.minesparis.psl.eu\/isige\/actualites\/changer-dechelle-pour-imaginer-les-territoires-de-demain\/"]}]},{"@type":"ImageObject","inLanguage":"fr-FR","@id":"https:\/\/www.minesparis.psl.eu\/isige\/actualites\/changer-dechelle-pour-imaginer-les-territoires-de-demain\/#primaryimage","url":"https:\/\/www.minesparis.psl.eu\/isige\/wp-content\/uploads\/sites\/21\/2025\/04\/IMG_0728.jpg","contentUrl":"https:\/\/www.minesparis.psl.eu\/isige\/wp-content\/uploads\/sites\/21\/2025\/04\/IMG_0728.jpg","width":1200,"height":754,"caption":"Changer d\u2019\u00e9chelle pour imaginer les territoires de demain"},{"@type":"BreadcrumbList","@id":"https:\/\/www.minesparis.psl.eu\/isige\/actualites\/changer-dechelle-pour-imaginer-les-territoires-de-demain\/#breadcrumb","itemListElement":[{"@type":"ListItem","position":1,"name":"Accueil","item":"https:\/\/www.minesparis.psl.eu\/isige\/"},{"@type":"ListItem","position":2,"name":"Changer d\u2019\u00e9chelle pour imaginer les territoires de demain"}]},{"@type":"WebSite","@id":"https:\/\/www.minesparis.psl.eu\/isige\/#website","url":"https:\/\/www.minesparis.psl.eu\/isige\/","name":"ISIGE Mines Paris - PSL","description":"","publisher":{"@id":"https:\/\/www.minesparis.psl.eu\/isige\/#organization"},"potentialAction":[{"@type":"SearchAction","target":{"@type":"EntryPoint","urlTemplate":"https:\/\/www.minesparis.psl.eu\/isige\/?s={search_term_string}"},"query-input":{"@type":"PropertyValueSpecification","valueRequired":true,"valueName":"search_term_string"}}],"inLanguage":"fr-FR"},{"@type":"Organization","@id":"https:\/\/www.minesparis.psl.eu\/isige\/#organization","name":"ISIGE Mines Paris - PSL","url":"https:\/\/www.minesparis.psl.eu\/isige\/","logo":{"@type":"ImageObject","inLanguage":"fr-FR","@id":"https:\/\/www.minesparis.psl.eu\/isige\/#\/schema\/logo\/image\/","url":"https:\/\/www.minesparis.psl.eu\/isige\/wp-content\/uploads\/sites\/21\/2025\/02\/cropped-MinesParis-PSL-ISIGEOCoRVB-1.png","contentUrl":"https:\/\/www.minesparis.psl.eu\/isige\/wp-content\/uploads\/sites\/21\/2025\/02\/cropped-MinesParis-PSL-ISIGEOCoRVB-1.png","width":1584,"height":360,"caption":"ISIGE Mines Paris - PSL"},"image":{"@id":"https:\/\/www.minesparis.psl.eu\/isige\/#\/schema\/logo\/image\/"}}]}},"_links":{"self":[{"href":"https:\/\/www.minesparis.psl.eu\/isige\/wp-json\/wp\/v2\/actualites\/2538","targetHints":{"allow":["GET"]}}],"collection":[{"href":"https:\/\/www.minesparis.psl.eu\/isige\/wp-json\/wp\/v2\/actualites"}],"about":[{"href":"https:\/\/www.minesparis.psl.eu\/isige\/wp-json\/wp\/v2\/types\/actualites"}],"wp:featuredmedia":[{"embeddable":true,"href":"https:\/\/www.minesparis.psl.eu\/isige\/wp-json\/wp\/v2\/media\/2542"}],"wp:attachment":[{"href":"https:\/\/www.minesparis.psl.eu\/isige\/wp-json\/wp\/v2\/media?parent=2538"}],"wp:term":[{"taxonomy":"actualites-formats","embeddable":true,"href":"https:\/\/www.minesparis.psl.eu\/isige\/wp-json\/wp\/v2\/actualites-formats?post=2538"},{"taxonomy":"actualites-thematiques","embeddable":true,"href":"https:\/\/www.minesparis.psl.eu\/isige\/wp-json\/wp\/v2\/actualites-thematiques?post=2538"}],"curies":[{"name":"wp","href":"https:\/\/api.w.org\/{rel}","templated":true}]}}