{"id":2512,"date":"2023-06-01T11:23:00","date_gmt":"2023-06-01T09:23:00","guid":{"rendered":"https:\/\/www.minesparis.psl.eu\/isige\/?post_type=actualites&#038;p=2512"},"modified":"2025-06-18T12:25:23","modified_gmt":"2025-06-18T10:25:23","slug":"retour-sur-la-ceremonie-du-prix-rsedd-cegos-un-moment-cle-pour-les-etudiants-du-ms-management-global-de-la-rse","status":"publish","type":"actualites","link":"https:\/\/www.minesparis.psl.eu\/isige\/actualites\/retour-sur-la-ceremonie-du-prix-rsedd-cegos-un-moment-cle-pour-les-etudiants-du-ms-management-global-de-la-rse\/","title":{"rendered":"Retour sur la C\u00e9r\u00e9monie du Prix RSEDD \/ Cegos : un moment cl\u00e9 pour les \u00e9tudiants du MS Management Global de la RSE"},"content":{"rendered":"\n<div class=\"container block-full-largeur\">\n\t<div class=\"row mt-4\">\n\t\t<div class=\"col-md-12\">\n\t\t\t<p class=\"\" data-start=\"593\" data-end=\"811\">Cette \u00e9dition 2023 a \u00e9t\u00e9 un v\u00e9ritable succ\u00e8s, r\u00e9unissant des initiatives concr\u00e8tes et innovantes qui \u0153uvrent pour un avenir plus durable et responsable. Voici un aper\u00e7u des projets r\u00e9compens\u00e9s lors de cette c\u00e9r\u00e9monie :<\/p>\n<p><img loading=\"lazy\" decoding=\"async\" class=\"size-large wp-image-3847 aligncenter\" src=\"https:\/\/www.isige.minesparis.psl.eu\/wp-content\/uploads\/1-12-1024x1024.png\" alt=\"PRIX RSEDD Cegos France et Mines Paris : d\u00e9couvrez les laur\u00e9ats 2023\" width=\"640\" height=\"640\" \/><\/p>\n<h2 data-start=\"813\" data-end=\"860\"><strong data-start=\"817\" data-end=\"860\">Les Laur\u00e9ats du Prix RSEDD \/ Cegos 2023<\/strong><\/h2>\n<ul data-start=\"862\" data-end=\"2878\">\n<li class=\"\" data-start=\"862\" data-end=\"1598\">\n<p class=\"\" data-start=\"864\" data-end=\"959\"><strong data-start=\"864\" data-end=\"886\">Prix Audace : ELIS<\/strong> pour son projet \u201c<strong data-start=\"904\" data-end=\"928\">Workwear To Workwear<\/strong>\u201d port\u00e9 par <strong data-start=\"940\" data-end=\"959\">Justine Laplaud<\/strong><\/p>\n<ul data-start=\"964\" data-end=\"1598\">\n<li class=\"\" data-start=\"964\" data-end=\"1598\">\n<p class=\"\" data-start=\"966\" data-end=\"1598\">ELIS a \u00e9t\u00e9 r\u00e9compens\u00e9 pour son projet ambitieux de recyclage des v\u00eatements de travail en fin de vie. Gr\u00e2ce \u00e0 un proc\u00e9d\u00e9 de <strong data-start=\"1089\" data-end=\"1112\">recyclage m\u00e9canique<\/strong>, l\u2019entreprise a cr\u00e9\u00e9 un <strong data-start=\"1137\" data-end=\"1157\">fil 100% recycl\u00e9<\/strong> destin\u00e9 \u00e0 la confection de tabliers \u00ab z\u00e9ro g\u00e2chis \u00bb fabriqu\u00e9s en France. Ce fil est compos\u00e9 d\u2019un m\u00e9lange de <strong data-start=\"1266\" data-end=\"1275\">coton<\/strong> et de <strong data-start=\"1282\" data-end=\"1295\">polyester<\/strong> avec 85% de textiles recycl\u00e9s post-consommation. En outre, le patronage des tabliers a \u00e9t\u00e9 con\u00e7u de mani\u00e8re \u00e0 \u00e9viter toute perte de tissu, garantissant ainsi une production <strong data-start=\"1469\" data-end=\"1483\">circulaire<\/strong>. Ces tabliers sont \u00e9galement enti\u00e8rement recyclables, offrant une v\u00e9ritable solution de <strong data-start=\"1572\" data-end=\"1597\">r\u00e9duction des d\u00e9chets<\/strong>.<\/p>\n<\/li>\n<\/ul>\n<\/li>\n<li class=\"\" data-start=\"1600\" data-end=\"2203\">\n<p class=\"\" data-start=\"1602\" data-end=\"1740\"><strong data-start=\"1602\" data-end=\"1631\">Prix \u00c9quilibre : Recyclea<\/strong> pour son projet \u00ab <strong data-start=\"1650\" data-end=\"1709\">L\u2019aventure humaine et responsable depuis plus de 10 ans<\/strong> \u00bb port\u00e9 par <strong data-start=\"1722\" data-end=\"1740\">Isabelle PIRES<\/strong><\/p>\n<ul data-start=\"1745\" data-end=\"2203\">\n<li class=\"\" data-start=\"1745\" data-end=\"2203\">\n<p class=\"\" data-start=\"1747\" data-end=\"2203\">Recyclea, une <strong data-start=\"1761\" data-end=\"1788\">Entreprise Adapt\u00e9e (EA)<\/strong> sp\u00e9cialis\u00e9e dans le <strong data-start=\"1809\" data-end=\"1855\">reconditionnement de mat\u00e9riel informatique<\/strong>, a \u00e9t\u00e9 r\u00e9compens\u00e9e pour son engagement RSE. L\u2019entreprise met un accent particulier sur la <strong data-start=\"1946\" data-end=\"1971\">r\u00e9duction des d\u00e9chets<\/strong>, l\u2019<strong data-start=\"1975\" data-end=\"1988\">inclusion<\/strong> sociale et l\u2019<strong data-start=\"2002\" data-end=\"2025\">engagement soci\u00e9tal<\/strong>. Recyclea s\u2019efforce \u00e9galement d\u2019obtenir des certifications <strong data-start=\"2085\" data-end=\"2092\">ISO<\/strong> et des <strong data-start=\"2100\" data-end=\"2128\">reconnaissances externes<\/strong> afin de renforcer la cr\u00e9dibilit\u00e9 et la port\u00e9e de ses actions responsables.<\/p>\n<\/li>\n<\/ul>\n<\/li>\n<li class=\"\" data-start=\"2205\" data-end=\"2878\">\n<p class=\"\" data-start=\"2207\" data-end=\"2314\"><strong data-start=\"2207\" data-end=\"2262\">Prix Collaboratif : Mairie du Lamentin (Martinique)<\/strong> pour son projet \u00ab <strong data-start=\"2281\" data-end=\"2312\">Sauvons la mangrove \u00e0 2 pas<\/strong> \u00bb<\/p>\n<ul data-start=\"2319\" data-end=\"2878\">\n<li class=\"\" data-start=\"2319\" data-end=\"2878\">\n<p class=\"\" data-start=\"2321\" data-end=\"2878\">Ce projet ambitieux, port\u00e9 par la <strong data-start=\"2355\" data-end=\"2377\">Mairie du Lamentin<\/strong> et ses parties prenantes, vise \u00e0 mobiliser les entreprises locales situ\u00e9es \u00e0 proximit\u00e9 de la mangrove pour contribuer \u00e0 <strong data-start=\"2498\" data-end=\"2528\">reconstituer sa r\u00e9silience<\/strong>. L\u2019objectif est de limiter l\u2019impact des <strong data-start=\"2569\" data-end=\"2590\">al\u00e9as climatiques<\/strong> sur cet \u00e9cosyst\u00e8me fragile tout en sensibilisant les entreprises \u00e0 leur r\u00f4le protecteur envers cet environnement vital. Ce projet illustre parfaitement l\u2019importance des initiatives <strong data-start=\"2772\" data-end=\"2790\">collaboratives<\/strong> pour prot\u00e9ger nos \u00e9cosyst\u00e8mes et renforcer la r\u00e9silience face au changement climatique.<\/p>\n<\/li>\n<\/ul>\n<\/li>\n<\/ul>\n<h2 data-start=\"2880\" data-end=\"2925\"><strong data-start=\"2884\" data-end=\"2925\">Un moment d\u2019inspiration et de partage<\/strong><\/h2>\n<p class=\"\" data-start=\"2927\" data-end=\"3346\">Cette c\u00e9r\u00e9monie n\u2019a pas seulement \u00e9t\u00e9 l\u2019occasion de r\u00e9compenser des projets exceptionnels, mais \u00e9galement de permettre aux <strong data-start=\"3050\" data-end=\"3084\">\u00e9tudiants RSEDD de la Promo 15<\/strong> de rencontrer leurs <strong data-start=\"3105\" data-end=\"3120\">successeurs<\/strong>, favorisant ainsi un \u00e9change enrichissant entre les g\u00e9n\u00e9rations d\u2019\u00e9tudiants. Ce moment de partage a renforc\u00e9 la coh\u00e9sion de la communaut\u00e9 et stimul\u00e9 des discussions sur l&rsquo;avenir de la RSE dans un monde en constante \u00e9volution.<\/p>\n<p><img loading=\"lazy\" decoding=\"async\" class=\"size-large wp-image-3848 aligncenter\" src=\"https:\/\/www.isige.minesparis.psl.eu\/wp-content\/uploads\/2-10-1024x1024.png\" alt=\"La soir\u00e9e a \u00e9galement permis aux \u00e9tudiants RSEDD de la Promo 15 de rencontrer ses successeurs.\" width=\"640\" height=\"640\" \/><\/p>\n<h2 data-start=\"3348\" data-end=\"3431\"><strong data-start=\"3352\" data-end=\"3431\">Intervention inspirante de Sophie Robert-Velut, marraine du Prix RSEDD 2023<\/strong><\/h2>\n<p class=\"\" data-start=\"3433\" data-end=\"3690\">Un grand <strong data-start=\"3442\" data-end=\"3451\">merci<\/strong> \u00e0 <strong data-start=\"3454\" data-end=\"3477\">Sophie Robert-Velut<\/strong>, <strong data-start=\"3479\" data-end=\"3546\">Directrice G\u00e9n\u00e9rale des Activit\u00e9s des Laboratoires Expanscience<\/strong> (Mustela, Babo Botanicals, Piascledine 300) et marraine du Prix RSEDD 2023, qui a cl\u00f4tur\u00e9 la c\u00e9r\u00e9monie en intervenant sur un sujet fascinant :<\/p>\n<p class=\"\" style=\"text-align: center\" data-start=\"3692\" data-end=\"3885\"><span style=\"color: #015d9e\"><strong data-start=\"3692\" data-end=\"3885\">\u00ab Quelles seraient les cons\u00e9quences positives de notre redirection \u00e9co-compatible ? Et si nos offres \u00e9taient essentielles, locales et r\u00e9paratrices des \u00e9cosyst\u00e8mes o\u00f9 les familles vivent ? \u00bb<\/strong><\/span><\/p>\n<p class=\"\" data-start=\"3887\" data-end=\"4100\">Cette intervention a offert une r\u00e9flexion profonde sur la n\u00e9cessit\u00e9 de repenser nos mod\u00e8les \u00e9conomiques et de consommation en les ancrant dans une logique de durabilit\u00e9 et de <strong data-start=\"4062\" data-end=\"4092\">r\u00e9paration des \u00e9cosyst\u00e8mes<\/strong> locaux.<\/p>\n<h2 data-start=\"4102\" data-end=\"4144\"><strong data-start=\"4106\" data-end=\"4144\">Un grand merci aux organisateurs !<\/strong><\/h2>\n<p class=\"\" data-start=\"4146\" data-end=\"4582\">Cette soir\u00e9e fut un v\u00e9ritable succ\u00e8s, et nous tenons \u00e0 f\u00e9liciter chaleureusement les organisateurs pour leur travail acharn\u00e9 qui a permis de cr\u00e9er un espace propice \u00e0 la r\u00e9flexion et \u00e0 l\u2019inspiration. Un grand merci \u00e9galement aux entreprises et collectivit\u00e9s qui ont particip\u00e9 \u00e0 cette belle aventure et qui continuent \u00e0 prouver, par leurs actions, que la transition vers un monde plus durable est non seulement possible, mais n\u00e9cessaire.<\/p>\n<hr class=\"\" data-start=\"4584\" data-end=\"4587\" \/>\n<p class=\"\" style=\"text-align: center\" data-start=\"4589\" data-end=\"4716\"><a class=\"button-mines btn-bleu flech lf-blanc\" href=\"https:\/\/www.youtube.com\/watch?v=YbOf-lAe4dw\"><strong data-start=\"4589\" data-end=\"4640\">Retour en images sur cet \u00e9v\u00e9nement exceptionnel<\/strong><\/a><\/p>\n\t\t<\/div>\n\t<\/div>\n<\/div>","protected":false},"featured_media":2513,"template":"","actualites-formats":[15],"actualites-thematiques":[20],"class_list":["post-2512","actualites","type-actualites","status-publish","has-post-thumbnail","hentry"],"acf":[],"yoast_head":"<!-- This site is optimized with the Yoast SEO plugin v27.2 - https:\/\/yoast.com\/product\/yoast-seo-wordpress\/ -->\n<title>Retour sur la C\u00e9r\u00e9monie du Prix RSEDD \/ Cegos : un moment cl\u00e9 pour les \u00e9tudiants du MS Management Global de la RSE - ISIGE Mines Paris - PSL<\/title>\n<meta name=\"robots\" content=\"index, follow, max-snippet:-1, max-image-preview:large, max-video-preview:-1\" \/>\n<link rel=\"canonical\" href=\"https:\/\/www.minesparis.psl.eu\/isige\/actualites\/retour-sur-la-ceremonie-du-prix-rsedd-cegos-un-moment-cle-pour-les-etudiants-du-ms-management-global-de-la-rse\/\" \/>\n<meta property=\"og:locale\" content=\"fr_FR\" \/>\n<meta property=\"og:type\" content=\"article\" \/>\n<meta property=\"og:title\" content=\"Retour sur la C\u00e9r\u00e9monie du Prix RSEDD \/ Cegos : un moment cl\u00e9 pour les \u00e9tudiants du MS Management Global de la RSE - ISIGE Mines Paris - PSL\" \/>\n<meta property=\"og:url\" content=\"https:\/\/www.minesparis.psl.eu\/isige\/actualites\/retour-sur-la-ceremonie-du-prix-rsedd-cegos-un-moment-cle-pour-les-etudiants-du-ms-management-global-de-la-rse\/\" \/>\n<meta property=\"og:site_name\" content=\"ISIGE Mines Paris - PSL\" \/>\n<meta property=\"article:modified_time\" content=\"2025-06-18T10:25:23+00:00\" \/>\n<meta property=\"og:image\" content=\"https:\/\/www.minesparis.psl.eu\/isige\/wp-content\/uploads\/sites\/21\/2025\/04\/IMAGE-62.jpg\" \/>\n\t<meta property=\"og:image:width\" content=\"1200\" \/>\n\t<meta property=\"og:image:height\" content=\"800\" \/>\n\t<meta property=\"og:image:type\" content=\"image\/jpeg\" \/>\n<meta name=\"twitter:card\" content=\"summary_large_image\" \/>\n<meta name=\"twitter:label1\" content=\"Dur\u00e9e de lecture estim\u00e9e\" \/>\n\t<meta name=\"twitter:data1\" content=\"1 minute\" \/>\n<script type=\"application\/ld+json\" class=\"yoast-schema-graph\">{\"@context\":\"https:\/\/schema.org\",\"@graph\":[{\"@type\":\"WebPage\",\"@id\":\"https:\/\/www.minesparis.psl.eu\/isige\/actualites\/retour-sur-la-ceremonie-du-prix-rsedd-cegos-un-moment-cle-pour-les-etudiants-du-ms-management-global-de-la-rse\/\",\"url\":\"https:\/\/www.minesparis.psl.eu\/isige\/actualites\/retour-sur-la-ceremonie-du-prix-rsedd-cegos-un-moment-cle-pour-les-etudiants-du-ms-management-global-de-la-rse\/\",\"name\":\"Retour sur la C\u00e9r\u00e9monie du Prix RSEDD \/ Cegos : un moment cl\u00e9 pour les \u00e9tudiants du MS Management Global de la RSE - ISIGE Mines Paris - PSL\",\"isPartOf\":{\"@id\":\"https:\/\/www.minesparis.psl.eu\/isige\/#website\"},\"primaryImageOfPage\":{\"@id\":\"https:\/\/www.minesparis.psl.eu\/isige\/actualites\/retour-sur-la-ceremonie-du-prix-rsedd-cegos-un-moment-cle-pour-les-etudiants-du-ms-management-global-de-la-rse\/#primaryimage\"},\"image\":{\"@id\":\"https:\/\/www.minesparis.psl.eu\/isige\/actualites\/retour-sur-la-ceremonie-du-prix-rsedd-cegos-un-moment-cle-pour-les-etudiants-du-ms-management-global-de-la-rse\/#primaryimage\"},\"thumbnailUrl\":\"https:\/\/www.minesparis.psl.eu\/isige\/wp-content\/uploads\/sites\/21\/2025\/04\/IMAGE-62.jpg\",\"datePublished\":\"2023-06-01T09:23:00+00:00\",\"dateModified\":\"2025-06-18T10:25:23+00:00\",\"breadcrumb\":{\"@id\":\"https:\/\/www.minesparis.psl.eu\/isige\/actualites\/retour-sur-la-ceremonie-du-prix-rsedd-cegos-un-moment-cle-pour-les-etudiants-du-ms-management-global-de-la-rse\/#breadcrumb\"},\"inLanguage\":\"fr-FR\",\"potentialAction\":[{\"@type\":\"ReadAction\",\"target\":[\"https:\/\/www.minesparis.psl.eu\/isige\/actualites\/retour-sur-la-ceremonie-du-prix-rsedd-cegos-un-moment-cle-pour-les-etudiants-du-ms-management-global-de-la-rse\/\"]}]},{\"@type\":\"ImageObject\",\"inLanguage\":\"fr-FR\",\"@id\":\"https:\/\/www.minesparis.psl.eu\/isige\/actualites\/retour-sur-la-ceremonie-du-prix-rsedd-cegos-un-moment-cle-pour-les-etudiants-du-ms-management-global-de-la-rse\/#primaryimage\",\"url\":\"https:\/\/www.minesparis.psl.eu\/isige\/wp-content\/uploads\/sites\/21\/2025\/04\/IMAGE-62.jpg\",\"contentUrl\":\"https:\/\/www.minesparis.psl.eu\/isige\/wp-content\/uploads\/sites\/21\/2025\/04\/IMAGE-62.jpg\",\"width\":1200,\"height\":800,\"caption\":\"Retour sur la C\u00e9r\u00e9monie du Prix RSEDD \/ Cegos : un moment cl\u00e9 pour les \u00e9tudiants du MS Management Global de la RSE\"},{\"@type\":\"BreadcrumbList\",\"@id\":\"https:\/\/www.minesparis.psl.eu\/isige\/actualites\/retour-sur-la-ceremonie-du-prix-rsedd-cegos-un-moment-cle-pour-les-etudiants-du-ms-management-global-de-la-rse\/#breadcrumb\",\"itemListElement\":[{\"@type\":\"ListItem\",\"position\":1,\"name\":\"Accueil\",\"item\":\"https:\/\/www.minesparis.psl.eu\/isige\/\"},{\"@type\":\"ListItem\",\"position\":2,\"name\":\"Retour sur la C\u00e9r\u00e9monie du Prix RSEDD \/ Cegos : un moment cl\u00e9 pour les \u00e9tudiants du MS Management Global de la RSE\"}]},{\"@type\":\"WebSite\",\"@id\":\"https:\/\/www.minesparis.psl.eu\/isige\/#website\",\"url\":\"https:\/\/www.minesparis.psl.eu\/isige\/\",\"name\":\"ISIGE Mines Paris - PSL\",\"description\":\"\",\"publisher\":{\"@id\":\"https:\/\/www.minesparis.psl.eu\/isige\/#organization\"},\"potentialAction\":[{\"@type\":\"SearchAction\",\"target\":{\"@type\":\"EntryPoint\",\"urlTemplate\":\"https:\/\/www.minesparis.psl.eu\/isige\/?s={search_term_string}\"},\"query-input\":{\"@type\":\"PropertyValueSpecification\",\"valueRequired\":true,\"valueName\":\"search_term_string\"}}],\"inLanguage\":\"fr-FR\"},{\"@type\":\"Organization\",\"@id\":\"https:\/\/www.minesparis.psl.eu\/isige\/#organization\",\"name\":\"ISIGE Mines Paris - PSL\",\"url\":\"https:\/\/www.minesparis.psl.eu\/isige\/\",\"logo\":{\"@type\":\"ImageObject\",\"inLanguage\":\"fr-FR\",\"@id\":\"https:\/\/www.minesparis.psl.eu\/isige\/#\/schema\/logo\/image\/\",\"url\":\"https:\/\/www.minesparis.psl.eu\/isige\/wp-content\/uploads\/sites\/21\/2025\/02\/cropped-MinesParis-PSL-ISIGEOCoRVB-1.png\",\"contentUrl\":\"https:\/\/www.minesparis.psl.eu\/isige\/wp-content\/uploads\/sites\/21\/2025\/02\/cropped-MinesParis-PSL-ISIGEOCoRVB-1.png\",\"width\":1584,\"height\":360,\"caption\":\"ISIGE Mines Paris - PSL\"},\"image\":{\"@id\":\"https:\/\/www.minesparis.psl.eu\/isige\/#\/schema\/logo\/image\/\"}}]}<\/script>\n<!-- \/ Yoast SEO plugin. -->","yoast_head_json":{"title":"Retour sur la C\u00e9r\u00e9monie du Prix RSEDD \/ Cegos : un moment cl\u00e9 pour les \u00e9tudiants du MS Management Global de la RSE - ISIGE Mines Paris - PSL","robots":{"index":"index","follow":"follow","max-snippet":"max-snippet:-1","max-image-preview":"max-image-preview:large","max-video-preview":"max-video-preview:-1"},"canonical":"https:\/\/www.minesparis.psl.eu\/isige\/actualites\/retour-sur-la-ceremonie-du-prix-rsedd-cegos-un-moment-cle-pour-les-etudiants-du-ms-management-global-de-la-rse\/","og_locale":"fr_FR","og_type":"article","og_title":"Retour sur la C\u00e9r\u00e9monie du Prix RSEDD \/ Cegos : un moment cl\u00e9 pour les \u00e9tudiants du MS Management Global de la RSE - ISIGE Mines Paris - PSL","og_url":"https:\/\/www.minesparis.psl.eu\/isige\/actualites\/retour-sur-la-ceremonie-du-prix-rsedd-cegos-un-moment-cle-pour-les-etudiants-du-ms-management-global-de-la-rse\/","og_site_name":"ISIGE Mines Paris - PSL","article_modified_time":"2025-06-18T10:25:23+00:00","og_image":[{"width":1200,"height":800,"url":"https:\/\/www.minesparis.psl.eu\/isige\/wp-content\/uploads\/sites\/21\/2025\/04\/IMAGE-62.jpg","type":"image\/jpeg"}],"twitter_card":"summary_large_image","twitter_misc":{"Dur\u00e9e de lecture estim\u00e9e":"1 minute"},"schema":{"@context":"https:\/\/schema.org","@graph":[{"@type":"WebPage","@id":"https:\/\/www.minesparis.psl.eu\/isige\/actualites\/retour-sur-la-ceremonie-du-prix-rsedd-cegos-un-moment-cle-pour-les-etudiants-du-ms-management-global-de-la-rse\/","url":"https:\/\/www.minesparis.psl.eu\/isige\/actualites\/retour-sur-la-ceremonie-du-prix-rsedd-cegos-un-moment-cle-pour-les-etudiants-du-ms-management-global-de-la-rse\/","name":"Retour sur la C\u00e9r\u00e9monie du Prix RSEDD \/ Cegos : un moment cl\u00e9 pour les \u00e9tudiants du MS Management Global de la RSE - ISIGE Mines Paris - PSL","isPartOf":{"@id":"https:\/\/www.minesparis.psl.eu\/isige\/#website"},"primaryImageOfPage":{"@id":"https:\/\/www.minesparis.psl.eu\/isige\/actualites\/retour-sur-la-ceremonie-du-prix-rsedd-cegos-un-moment-cle-pour-les-etudiants-du-ms-management-global-de-la-rse\/#primaryimage"},"image":{"@id":"https:\/\/www.minesparis.psl.eu\/isige\/actualites\/retour-sur-la-ceremonie-du-prix-rsedd-cegos-un-moment-cle-pour-les-etudiants-du-ms-management-global-de-la-rse\/#primaryimage"},"thumbnailUrl":"https:\/\/www.minesparis.psl.eu\/isige\/wp-content\/uploads\/sites\/21\/2025\/04\/IMAGE-62.jpg","datePublished":"2023-06-01T09:23:00+00:00","dateModified":"2025-06-18T10:25:23+00:00","breadcrumb":{"@id":"https:\/\/www.minesparis.psl.eu\/isige\/actualites\/retour-sur-la-ceremonie-du-prix-rsedd-cegos-un-moment-cle-pour-les-etudiants-du-ms-management-global-de-la-rse\/#breadcrumb"},"inLanguage":"fr-FR","potentialAction":[{"@type":"ReadAction","target":["https:\/\/www.minesparis.psl.eu\/isige\/actualites\/retour-sur-la-ceremonie-du-prix-rsedd-cegos-un-moment-cle-pour-les-etudiants-du-ms-management-global-de-la-rse\/"]}]},{"@type":"ImageObject","inLanguage":"fr-FR","@id":"https:\/\/www.minesparis.psl.eu\/isige\/actualites\/retour-sur-la-ceremonie-du-prix-rsedd-cegos-un-moment-cle-pour-les-etudiants-du-ms-management-global-de-la-rse\/#primaryimage","url":"https:\/\/www.minesparis.psl.eu\/isige\/wp-content\/uploads\/sites\/21\/2025\/04\/IMAGE-62.jpg","contentUrl":"https:\/\/www.minesparis.psl.eu\/isige\/wp-content\/uploads\/sites\/21\/2025\/04\/IMAGE-62.jpg","width":1200,"height":800,"caption":"Retour sur la C\u00e9r\u00e9monie du Prix RSEDD \/ Cegos : un moment cl\u00e9 pour les \u00e9tudiants du MS Management Global de la RSE"},{"@type":"BreadcrumbList","@id":"https:\/\/www.minesparis.psl.eu\/isige\/actualites\/retour-sur-la-ceremonie-du-prix-rsedd-cegos-un-moment-cle-pour-les-etudiants-du-ms-management-global-de-la-rse\/#breadcrumb","itemListElement":[{"@type":"ListItem","position":1,"name":"Accueil","item":"https:\/\/www.minesparis.psl.eu\/isige\/"},{"@type":"ListItem","position":2,"name":"Retour sur la C\u00e9r\u00e9monie du Prix RSEDD \/ Cegos : un moment cl\u00e9 pour les \u00e9tudiants du MS Management Global de la RSE"}]},{"@type":"WebSite","@id":"https:\/\/www.minesparis.psl.eu\/isige\/#website","url":"https:\/\/www.minesparis.psl.eu\/isige\/","name":"ISIGE Mines Paris - PSL","description":"","publisher":{"@id":"https:\/\/www.minesparis.psl.eu\/isige\/#organization"},"potentialAction":[{"@type":"SearchAction","target":{"@type":"EntryPoint","urlTemplate":"https:\/\/www.minesparis.psl.eu\/isige\/?s={search_term_string}"},"query-input":{"@type":"PropertyValueSpecification","valueRequired":true,"valueName":"search_term_string"}}],"inLanguage":"fr-FR"},{"@type":"Organization","@id":"https:\/\/www.minesparis.psl.eu\/isige\/#organization","name":"ISIGE Mines Paris - PSL","url":"https:\/\/www.minesparis.psl.eu\/isige\/","logo":{"@type":"ImageObject","inLanguage":"fr-FR","@id":"https:\/\/www.minesparis.psl.eu\/isige\/#\/schema\/logo\/image\/","url":"https:\/\/www.minesparis.psl.eu\/isige\/wp-content\/uploads\/sites\/21\/2025\/02\/cropped-MinesParis-PSL-ISIGEOCoRVB-1.png","contentUrl":"https:\/\/www.minesparis.psl.eu\/isige\/wp-content\/uploads\/sites\/21\/2025\/02\/cropped-MinesParis-PSL-ISIGEOCoRVB-1.png","width":1584,"height":360,"caption":"ISIGE Mines Paris - PSL"},"image":{"@id":"https:\/\/www.minesparis.psl.eu\/isige\/#\/schema\/logo\/image\/"}}]}},"_links":{"self":[{"href":"https:\/\/www.minesparis.psl.eu\/isige\/wp-json\/wp\/v2\/actualites\/2512","targetHints":{"allow":["GET"]}}],"collection":[{"href":"https:\/\/www.minesparis.psl.eu\/isige\/wp-json\/wp\/v2\/actualites"}],"about":[{"href":"https:\/\/www.minesparis.psl.eu\/isige\/wp-json\/wp\/v2\/types\/actualites"}],"wp:featuredmedia":[{"embeddable":true,"href":"https:\/\/www.minesparis.psl.eu\/isige\/wp-json\/wp\/v2\/media\/2513"}],"wp:attachment":[{"href":"https:\/\/www.minesparis.psl.eu\/isige\/wp-json\/wp\/v2\/media?parent=2512"}],"wp:term":[{"taxonomy":"actualites-formats","embeddable":true,"href":"https:\/\/www.minesparis.psl.eu\/isige\/wp-json\/wp\/v2\/actualites-formats?post=2512"},{"taxonomy":"actualites-thematiques","embeddable":true,"href":"https:\/\/www.minesparis.psl.eu\/isige\/wp-json\/wp\/v2\/actualites-thematiques?post=2512"}],"curies":[{"name":"wp","href":"https:\/\/api.w.org\/{rel}","templated":true}]}}