{"id":2510,"date":"2023-06-06T11:05:00","date_gmt":"2023-06-06T09:05:00","guid":{"rendered":"https:\/\/www.minesparis.psl.eu\/isige\/?post_type=actualites&#038;p=2510"},"modified":"2025-06-18T12:25:23","modified_gmt":"2025-06-18T10:25:23","slug":"bienvenue-a-nos-etudiants-du-mastere-specialise-envim-option-world","status":"publish","type":"actualites","link":"https:\/\/www.minesparis.psl.eu\/isige\/actualites\/bienvenue-a-nos-etudiants-du-mastere-specialise-envim-option-world\/","title":{"rendered":"Bienvenue \u00e0 nos \u00e9tudiants du Mast\u00e8re Sp\u00e9cialis\u00e9 EnvIM \u2013 Option World !"},"content":{"rendered":"\n<div class=\"container block-full-largeur\">\n\t<div class=\"row mt-4\">\n\t\t<div class=\"col-md-12\">\n\t\t\t<p class=\"\" style=\"text-align: justify\" data-start=\"473\" data-end=\"909\">Ces \u00e9tudiants, qu\u2019ils soient jeunes dipl\u00f4m\u00e9s ou d\u00e9j\u00e0 porteurs d\u2019une premi\u00e8re exp\u00e9rience, sont anim\u00e9s par le d\u00e9sir de se former aux meilleures pratiques et d\u2019acqu\u00e9rir des comp\u00e9tences de pointe pour \u00e9voluer dans un contexte global et interconnect\u00e9. Leur objectif est clair : se pr\u00e9parer \u00e0 une carri\u00e8re internationale dans la gestion de l\u2019environnement, en acqu\u00e9rant les outils n\u00e9cessaires pour relever les d\u00e9fis environnementaux mondiaux.<\/p>\n<p><img loading=\"lazy\" decoding=\"async\" class=\"size-large wp-image-3589 aligncenter\" src=\"https:\/\/www.isige.minesparis.psl.eu\/wp-content\/uploads\/1-2-1024x1024.png\" alt=\"Rentr\u00e9e des \u00e9tudiants Envim \u00e0 Fontainebleau\" width=\"640\" height=\"640\" \/><\/p>\n<h2 style=\"text-align: justify\" data-start=\"911\" data-end=\"960\"><strong data-start=\"915\" data-end=\"960\">Une formation internationale et immersive<\/strong><\/h2>\n<p class=\"\" style=\"text-align: justify\" data-start=\"962\" data-end=\"1429\">Le programme <strong data-start=\"975\" data-end=\"990\">EnvIM World<\/strong> est con\u00e7u pour offrir une immersion compl\u00e8te et une vision globale des enjeux environnementaux \u00e0 l\u2019\u00e9chelle internationale. Compos\u00e9 de <strong data-start=\"1125\" data-end=\"1151\">12 mois d\u2019enseignement<\/strong>, il commence par un tronc commun de <strong data-start=\"1188\" data-end=\"1206\">4 mois \u00e0 Paris<\/strong>, suivi de deux semaines \u00e0 l\u2019<strong data-start=\"1235\" data-end=\"1248\">INSA Lyon<\/strong> (Institut National des Sciences Appliqu\u00e9es de Lyon), une des meilleures \u00e9coles d\u2019ing\u00e9nieurs en France, pour approfondir les connaissances scientifiques et techniques des \u00e9tudiants.<\/p>\n<p><img loading=\"lazy\" decoding=\"async\" class=\"size-large wp-image-3617 aligncenter\" src=\"https:\/\/www.isige.minesparis.psl.eu\/wp-content\/uploads\/rentree-envim-2-1024x1024.png\" alt=\"Rentr\u00e9e \u00e9tudiants Envim \" width=\"640\" height=\"640\" \/><\/p>\n<p class=\"\" style=\"text-align: justify\" data-start=\"1431\" data-end=\"1908\">Le programme se distingue par une approche <strong data-start=\"1474\" data-end=\"1503\">pratique et collaborative<\/strong>, avec des projets de groupe qui placent les \u00e9tudiants dans des situations proches de la r\u00e9alit\u00e9 professionnelle, leur permettant de d\u00e9velopper des comp\u00e9tences en gestion de projet, en travail d\u2019\u00e9quipe et en r\u00e9solution de probl\u00e9matiques complexes. Ce tronc commun est compl\u00e9t\u00e9 par un <strong data-start=\"1787\" data-end=\"1814\">mois de projet appliqu\u00e9<\/strong> sur une question environnementale d&rsquo;actualit\u00e9, qui sera trait\u00e9 de mani\u00e8re approfondie en mai.<\/p>\n<h2 style=\"text-align: justify\" data-start=\"1910\" data-end=\"1983\"><strong data-start=\"1914\" data-end=\"1983\">Nos \u00e9tudiants internationaux : une promotion diverse et dynamique<\/strong><\/h2>\n<p class=\"\" style=\"text-align: justify\" data-start=\"1985\" data-end=\"2270\">Cette ann\u00e9e, l\u2019option <strong data-start=\"2007\" data-end=\"2016\">World<\/strong> du Mast\u00e8re Sp\u00e9cialis\u00e9 EnvIM rassemble <strong data-start=\"2055\" data-end=\"2070\">9 \u00e9tudiants<\/strong> venant de diff\u00e9rents horizons, g\u00e9ographiques et acad\u00e9miques. Une v\u00e9ritable richesse de profils et de cultures, qui promet des \u00e9changes fructueux et des collaborations stimulantes au cours de l\u2019ann\u00e9e.<\/p>\n<p class=\"\" style=\"text-align: justify\" data-start=\"2272\" data-end=\"2393\">Voici les membres de notre promotion 2022-2023, unis par une passion commune pour l\u2019environnement et la gestion durable :<\/p>\n<ul style=\"text-align: justify\" data-start=\"2395\" data-end=\"2873\">\n<li class=\"\" data-start=\"2395\" data-end=\"2459\">\n<p class=\"\" data-start=\"2397\" data-end=\"2459\"><strong data-start=\"2397\" data-end=\"2416\">Hssine Benhrouz<\/strong>, ing\u00e9nieur en hydraulique et environnement<\/p>\n<\/li>\n<li class=\"\" data-start=\"2460\" data-end=\"2513\">\n<p class=\"\" data-start=\"2462\" data-end=\"2513\"><strong data-start=\"2462\" data-end=\"2481\">Aur\u00e9lie Cordier<\/strong>, ing\u00e9nieure en nanotechnologies<\/p>\n<\/li>\n<li class=\"\" data-start=\"2514\" data-end=\"2553\">\n<p class=\"\" data-start=\"2516\" data-end=\"2553\"><strong data-start=\"2516\" data-end=\"2532\">M&rsquo;Aya Fadika<\/strong>, ing\u00e9nieure agronome<\/p>\n<\/li>\n<li class=\"\" data-start=\"2554\" data-end=\"2613\">\n<p class=\"\" data-start=\"2556\" data-end=\"2613\"><strong data-start=\"2556\" data-end=\"2575\">Catherina Daoud<\/strong>, Master en Sciences Environnementales<\/p>\n<\/li>\n<li class=\"\" data-start=\"2614\" data-end=\"2670\">\n<p class=\"\" data-start=\"2616\" data-end=\"2670\"><strong data-start=\"2616\" data-end=\"2632\">Maya Mikaiel<\/strong>, Master en Sciences Environnementales<\/p>\n<\/li>\n<li class=\"\" data-start=\"2671\" data-end=\"2704\">\n<p class=\"\" data-start=\"2673\" data-end=\"2704\"><strong data-start=\"2673\" data-end=\"2687\">Walaa Mrad<\/strong>, ing\u00e9nieur civil<\/p>\n<\/li>\n<li class=\"\" data-start=\"2705\" data-end=\"2759\">\n<p class=\"\" data-start=\"2707\" data-end=\"2759\"><strong data-start=\"2707\" data-end=\"2724\">Valentin Ract<\/strong>, Master en ing\u00e9nierie industrielle<\/p>\n<\/li>\n<li class=\"\" data-start=\"2760\" data-end=\"2811\">\n<p class=\"\" data-start=\"2762\" data-end=\"2811\"><strong data-start=\"2762\" data-end=\"2777\">Maxime Trap<\/strong>, ing\u00e9nieur en syst\u00e8mes m\u00e9caniques<\/p>\n<\/li>\n<li class=\"\" data-start=\"2812\" data-end=\"2873\">\n<p class=\"\" data-start=\"2814\" data-end=\"2873\"><strong data-start=\"2814\" data-end=\"2833\">No\u00ebllie VIENNET<\/strong>, Master en Chimie et Sciences de la Vie<\/p>\n<\/li>\n<\/ul>\n<h2 style=\"text-align: justify\" data-start=\"2875\" data-end=\"2945\"><strong data-start=\"2879\" data-end=\"2945\">Une promotion internationale, riche d\u2019\u00e9changes et de diversit\u00e9<\/strong><\/h2>\n<p class=\"\" style=\"text-align: justify\" data-start=\"2947\" data-end=\"3268\">Nos \u00e9tudiants viennent de <strong data-start=\"2973\" data-end=\"2999\">quatre pays diff\u00e9rents<\/strong> : le <strong data-start=\"3005\" data-end=\"3014\">Liban<\/strong>, la <strong data-start=\"3019\" data-end=\"3036\">C\u00f4te d\u2019Ivoire<\/strong>, la <strong data-start=\"3041\" data-end=\"3052\">Tunisie<\/strong> et la <strong data-start=\"3059\" data-end=\"3069\">France<\/strong>. Cette diversit\u00e9 g\u00e9ographique et culturelle est un v\u00e9ritable atout pour la promotion, favorisant une ouverture d\u2019esprit, des perspectives vari\u00e9es et des solutions innovantes face aux d\u00e9fis mondiaux.<\/p>\n<p class=\"\" style=\"text-align: justify\" data-start=\"3270\" data-end=\"3537\">Nous sommes impatients de voir cette promotion s\u2019\u00e9panouir, \u00e9voluer ensemble et contribuer \u00e0 un avenir plus durable \u00e0 l\u2019\u00e9chelle mondiale. Nous leur souhaitons une ann\u00e9e pleine de d\u00e9couvertes, de succ\u00e8s et d\u2019accomplissements, \u00e0 la fois sur le plan acad\u00e9mique et humain.<\/p>\n\t\t<\/div>\n\t<\/div>\n<\/div>","protected":false},"featured_media":2511,"template":"","actualites-formats":[15],"actualites-thematiques":[20],"class_list":["post-2510","actualites","type-actualites","status-publish","has-post-thumbnail","hentry"],"acf":[],"yoast_head":"<!-- This site is optimized with the Yoast SEO plugin v27.2 - https:\/\/yoast.com\/product\/yoast-seo-wordpress\/ -->\n<title>Bienvenue \u00e0 nos \u00e9tudiants du Mast\u00e8re Sp\u00e9cialis\u00e9 EnvIM - Option World ! - ISIGE Mines Paris - PSL<\/title>\n<meta name=\"description\" content=\"C&#039;est la rentr\u00e9e pour les \u00e9tudiants de la promotion 2022-2023 du Mast\u00e8re Sp\u00e9cialis\u00e9 en Environmental Management (EnvIM), option World.\" \/>\n<meta name=\"robots\" content=\"index, follow, max-snippet:-1, max-image-preview:large, max-video-preview:-1\" \/>\n<link rel=\"canonical\" href=\"https:\/\/www.minesparis.psl.eu\/isige\/actualites\/bienvenue-a-nos-etudiants-du-mastere-specialise-envim-option-world\/\" \/>\n<meta property=\"og:locale\" content=\"fr_FR\" \/>\n<meta property=\"og:type\" content=\"article\" \/>\n<meta property=\"og:title\" content=\"Bienvenue \u00e0 nos \u00e9tudiants du Mast\u00e8re Sp\u00e9cialis\u00e9 EnvIM - Option World ! - ISIGE Mines Paris - PSL\" \/>\n<meta property=\"og:description\" content=\"C&#039;est la rentr\u00e9e pour les \u00e9tudiants de la promotion 2022-2023 du Mast\u00e8re Sp\u00e9cialis\u00e9 en Environmental Management (EnvIM), option World.\" \/>\n<meta property=\"og:url\" content=\"https:\/\/www.minesparis.psl.eu\/isige\/actualites\/bienvenue-a-nos-etudiants-du-mastere-specialise-envim-option-world\/\" \/>\n<meta property=\"og:site_name\" content=\"ISIGE Mines Paris - PSL\" \/>\n<meta property=\"article:modified_time\" content=\"2025-06-18T10:25:23+00:00\" \/>\n<meta property=\"og:image\" content=\"https:\/\/www.minesparis.psl.eu\/isige\/wp-content\/uploads\/sites\/21\/2025\/04\/download1.jpg\" \/>\n\t<meta property=\"og:image:width\" content=\"1200\" \/>\n\t<meta property=\"og:image:height\" content=\"710\" \/>\n\t<meta property=\"og:image:type\" content=\"image\/jpeg\" \/>\n<meta name=\"twitter:card\" content=\"summary_large_image\" \/>\n<meta name=\"twitter:label1\" content=\"Dur\u00e9e de lecture estim\u00e9e\" \/>\n\t<meta name=\"twitter:data1\" content=\"1 minute\" \/>\n<script type=\"application\/ld+json\" class=\"yoast-schema-graph\">{\"@context\":\"https:\/\/schema.org\",\"@graph\":[{\"@type\":\"WebPage\",\"@id\":\"https:\/\/www.minesparis.psl.eu\/isige\/actualites\/bienvenue-a-nos-etudiants-du-mastere-specialise-envim-option-world\/\",\"url\":\"https:\/\/www.minesparis.psl.eu\/isige\/actualites\/bienvenue-a-nos-etudiants-du-mastere-specialise-envim-option-world\/\",\"name\":\"Bienvenue \u00e0 nos \u00e9tudiants du Mast\u00e8re Sp\u00e9cialis\u00e9 EnvIM - Option World ! - ISIGE Mines Paris - PSL\",\"isPartOf\":{\"@id\":\"https:\/\/www.minesparis.psl.eu\/isige\/#website\"},\"primaryImageOfPage\":{\"@id\":\"https:\/\/www.minesparis.psl.eu\/isige\/actualites\/bienvenue-a-nos-etudiants-du-mastere-specialise-envim-option-world\/#primaryimage\"},\"image\":{\"@id\":\"https:\/\/www.minesparis.psl.eu\/isige\/actualites\/bienvenue-a-nos-etudiants-du-mastere-specialise-envim-option-world\/#primaryimage\"},\"thumbnailUrl\":\"https:\/\/www.minesparis.psl.eu\/isige\/wp-content\/uploads\/sites\/21\/2025\/04\/download1.jpg\",\"datePublished\":\"2023-06-06T09:05:00+00:00\",\"dateModified\":\"2025-06-18T10:25:23+00:00\",\"description\":\"C'est la rentr\u00e9e pour les \u00e9tudiants de la promotion 2022-2023 du Mast\u00e8re Sp\u00e9cialis\u00e9 en Environmental Management (EnvIM), option World.\",\"breadcrumb\":{\"@id\":\"https:\/\/www.minesparis.psl.eu\/isige\/actualites\/bienvenue-a-nos-etudiants-du-mastere-specialise-envim-option-world\/#breadcrumb\"},\"inLanguage\":\"fr-FR\",\"potentialAction\":[{\"@type\":\"ReadAction\",\"target\":[\"https:\/\/www.minesparis.psl.eu\/isige\/actualites\/bienvenue-a-nos-etudiants-du-mastere-specialise-envim-option-world\/\"]}]},{\"@type\":\"ImageObject\",\"inLanguage\":\"fr-FR\",\"@id\":\"https:\/\/www.minesparis.psl.eu\/isige\/actualites\/bienvenue-a-nos-etudiants-du-mastere-specialise-envim-option-world\/#primaryimage\",\"url\":\"https:\/\/www.minesparis.psl.eu\/isige\/wp-content\/uploads\/sites\/21\/2025\/04\/download1.jpg\",\"contentUrl\":\"https:\/\/www.minesparis.psl.eu\/isige\/wp-content\/uploads\/sites\/21\/2025\/04\/download1.jpg\",\"width\":1200,\"height\":710,\"caption\":\"C'est la rentr\u00e9e pour les \u00e9tudiants de la section EnvIM de l'ISIGE Mines Paris-PSL\"},{\"@type\":\"BreadcrumbList\",\"@id\":\"https:\/\/www.minesparis.psl.eu\/isige\/actualites\/bienvenue-a-nos-etudiants-du-mastere-specialise-envim-option-world\/#breadcrumb\",\"itemListElement\":[{\"@type\":\"ListItem\",\"position\":1,\"name\":\"Accueil\",\"item\":\"https:\/\/www.minesparis.psl.eu\/isige\/\"},{\"@type\":\"ListItem\",\"position\":2,\"name\":\"Bienvenue \u00e0 nos \u00e9tudiants du Mast\u00e8re Sp\u00e9cialis\u00e9 EnvIM \u2013 Option World !\"}]},{\"@type\":\"WebSite\",\"@id\":\"https:\/\/www.minesparis.psl.eu\/isige\/#website\",\"url\":\"https:\/\/www.minesparis.psl.eu\/isige\/\",\"name\":\"ISIGE Mines Paris - PSL\",\"description\":\"\",\"publisher\":{\"@id\":\"https:\/\/www.minesparis.psl.eu\/isige\/#organization\"},\"potentialAction\":[{\"@type\":\"SearchAction\",\"target\":{\"@type\":\"EntryPoint\",\"urlTemplate\":\"https:\/\/www.minesparis.psl.eu\/isige\/?s={search_term_string}\"},\"query-input\":{\"@type\":\"PropertyValueSpecification\",\"valueRequired\":true,\"valueName\":\"search_term_string\"}}],\"inLanguage\":\"fr-FR\"},{\"@type\":\"Organization\",\"@id\":\"https:\/\/www.minesparis.psl.eu\/isige\/#organization\",\"name\":\"ISIGE Mines Paris - PSL\",\"url\":\"https:\/\/www.minesparis.psl.eu\/isige\/\",\"logo\":{\"@type\":\"ImageObject\",\"inLanguage\":\"fr-FR\",\"@id\":\"https:\/\/www.minesparis.psl.eu\/isige\/#\/schema\/logo\/image\/\",\"url\":\"https:\/\/www.minesparis.psl.eu\/isige\/wp-content\/uploads\/sites\/21\/2025\/02\/cropped-MinesParis-PSL-ISIGEOCoRVB-1.png\",\"contentUrl\":\"https:\/\/www.minesparis.psl.eu\/isige\/wp-content\/uploads\/sites\/21\/2025\/02\/cropped-MinesParis-PSL-ISIGEOCoRVB-1.png\",\"width\":1584,\"height\":360,\"caption\":\"ISIGE Mines Paris - PSL\"},\"image\":{\"@id\":\"https:\/\/www.minesparis.psl.eu\/isige\/#\/schema\/logo\/image\/\"}}]}<\/script>\n<!-- \/ Yoast SEO plugin. -->","yoast_head_json":{"title":"Bienvenue \u00e0 nos \u00e9tudiants du Mast\u00e8re Sp\u00e9cialis\u00e9 EnvIM - Option World ! - ISIGE Mines Paris - PSL","description":"C'est la rentr\u00e9e pour les \u00e9tudiants de la promotion 2022-2023 du Mast\u00e8re Sp\u00e9cialis\u00e9 en Environmental Management (EnvIM), option World.","robots":{"index":"index","follow":"follow","max-snippet":"max-snippet:-1","max-image-preview":"max-image-preview:large","max-video-preview":"max-video-preview:-1"},"canonical":"https:\/\/www.minesparis.psl.eu\/isige\/actualites\/bienvenue-a-nos-etudiants-du-mastere-specialise-envim-option-world\/","og_locale":"fr_FR","og_type":"article","og_title":"Bienvenue \u00e0 nos \u00e9tudiants du Mast\u00e8re Sp\u00e9cialis\u00e9 EnvIM - Option World ! - ISIGE Mines Paris - PSL","og_description":"C'est la rentr\u00e9e pour les \u00e9tudiants de la promotion 2022-2023 du Mast\u00e8re Sp\u00e9cialis\u00e9 en Environmental Management (EnvIM), option World.","og_url":"https:\/\/www.minesparis.psl.eu\/isige\/actualites\/bienvenue-a-nos-etudiants-du-mastere-specialise-envim-option-world\/","og_site_name":"ISIGE Mines Paris - PSL","article_modified_time":"2025-06-18T10:25:23+00:00","og_image":[{"width":1200,"height":710,"url":"https:\/\/www.minesparis.psl.eu\/isige\/wp-content\/uploads\/sites\/21\/2025\/04\/download1.jpg","type":"image\/jpeg"}],"twitter_card":"summary_large_image","twitter_misc":{"Dur\u00e9e de lecture estim\u00e9e":"1 minute"},"schema":{"@context":"https:\/\/schema.org","@graph":[{"@type":"WebPage","@id":"https:\/\/www.minesparis.psl.eu\/isige\/actualites\/bienvenue-a-nos-etudiants-du-mastere-specialise-envim-option-world\/","url":"https:\/\/www.minesparis.psl.eu\/isige\/actualites\/bienvenue-a-nos-etudiants-du-mastere-specialise-envim-option-world\/","name":"Bienvenue \u00e0 nos \u00e9tudiants du Mast\u00e8re Sp\u00e9cialis\u00e9 EnvIM - Option World ! - ISIGE Mines Paris - PSL","isPartOf":{"@id":"https:\/\/www.minesparis.psl.eu\/isige\/#website"},"primaryImageOfPage":{"@id":"https:\/\/www.minesparis.psl.eu\/isige\/actualites\/bienvenue-a-nos-etudiants-du-mastere-specialise-envim-option-world\/#primaryimage"},"image":{"@id":"https:\/\/www.minesparis.psl.eu\/isige\/actualites\/bienvenue-a-nos-etudiants-du-mastere-specialise-envim-option-world\/#primaryimage"},"thumbnailUrl":"https:\/\/www.minesparis.psl.eu\/isige\/wp-content\/uploads\/sites\/21\/2025\/04\/download1.jpg","datePublished":"2023-06-06T09:05:00+00:00","dateModified":"2025-06-18T10:25:23+00:00","description":"C'est la rentr\u00e9e pour les \u00e9tudiants de la promotion 2022-2023 du Mast\u00e8re Sp\u00e9cialis\u00e9 en Environmental Management (EnvIM), option World.","breadcrumb":{"@id":"https:\/\/www.minesparis.psl.eu\/isige\/actualites\/bienvenue-a-nos-etudiants-du-mastere-specialise-envim-option-world\/#breadcrumb"},"inLanguage":"fr-FR","potentialAction":[{"@type":"ReadAction","target":["https:\/\/www.minesparis.psl.eu\/isige\/actualites\/bienvenue-a-nos-etudiants-du-mastere-specialise-envim-option-world\/"]}]},{"@type":"ImageObject","inLanguage":"fr-FR","@id":"https:\/\/www.minesparis.psl.eu\/isige\/actualites\/bienvenue-a-nos-etudiants-du-mastere-specialise-envim-option-world\/#primaryimage","url":"https:\/\/www.minesparis.psl.eu\/isige\/wp-content\/uploads\/sites\/21\/2025\/04\/download1.jpg","contentUrl":"https:\/\/www.minesparis.psl.eu\/isige\/wp-content\/uploads\/sites\/21\/2025\/04\/download1.jpg","width":1200,"height":710,"caption":"C'est la rentr\u00e9e pour les \u00e9tudiants de la section EnvIM de l'ISIGE Mines Paris-PSL"},{"@type":"BreadcrumbList","@id":"https:\/\/www.minesparis.psl.eu\/isige\/actualites\/bienvenue-a-nos-etudiants-du-mastere-specialise-envim-option-world\/#breadcrumb","itemListElement":[{"@type":"ListItem","position":1,"name":"Accueil","item":"https:\/\/www.minesparis.psl.eu\/isige\/"},{"@type":"ListItem","position":2,"name":"Bienvenue \u00e0 nos \u00e9tudiants du Mast\u00e8re Sp\u00e9cialis\u00e9 EnvIM \u2013 Option World !"}]},{"@type":"WebSite","@id":"https:\/\/www.minesparis.psl.eu\/isige\/#website","url":"https:\/\/www.minesparis.psl.eu\/isige\/","name":"ISIGE Mines Paris - PSL","description":"","publisher":{"@id":"https:\/\/www.minesparis.psl.eu\/isige\/#organization"},"potentialAction":[{"@type":"SearchAction","target":{"@type":"EntryPoint","urlTemplate":"https:\/\/www.minesparis.psl.eu\/isige\/?s={search_term_string}"},"query-input":{"@type":"PropertyValueSpecification","valueRequired":true,"valueName":"search_term_string"}}],"inLanguage":"fr-FR"},{"@type":"Organization","@id":"https:\/\/www.minesparis.psl.eu\/isige\/#organization","name":"ISIGE Mines Paris - PSL","url":"https:\/\/www.minesparis.psl.eu\/isige\/","logo":{"@type":"ImageObject","inLanguage":"fr-FR","@id":"https:\/\/www.minesparis.psl.eu\/isige\/#\/schema\/logo\/image\/","url":"https:\/\/www.minesparis.psl.eu\/isige\/wp-content\/uploads\/sites\/21\/2025\/02\/cropped-MinesParis-PSL-ISIGEOCoRVB-1.png","contentUrl":"https:\/\/www.minesparis.psl.eu\/isige\/wp-content\/uploads\/sites\/21\/2025\/02\/cropped-MinesParis-PSL-ISIGEOCoRVB-1.png","width":1584,"height":360,"caption":"ISIGE Mines Paris - PSL"},"image":{"@id":"https:\/\/www.minesparis.psl.eu\/isige\/#\/schema\/logo\/image\/"}}]}},"_links":{"self":[{"href":"https:\/\/www.minesparis.psl.eu\/isige\/wp-json\/wp\/v2\/actualites\/2510","targetHints":{"allow":["GET"]}}],"collection":[{"href":"https:\/\/www.minesparis.psl.eu\/isige\/wp-json\/wp\/v2\/actualites"}],"about":[{"href":"https:\/\/www.minesparis.psl.eu\/isige\/wp-json\/wp\/v2\/types\/actualites"}],"wp:featuredmedia":[{"embeddable":true,"href":"https:\/\/www.minesparis.psl.eu\/isige\/wp-json\/wp\/v2\/media\/2511"}],"wp:attachment":[{"href":"https:\/\/www.minesparis.psl.eu\/isige\/wp-json\/wp\/v2\/media?parent=2510"}],"wp:term":[{"taxonomy":"actualites-formats","embeddable":true,"href":"https:\/\/www.minesparis.psl.eu\/isige\/wp-json\/wp\/v2\/actualites-formats?post=2510"},{"taxonomy":"actualites-thematiques","embeddable":true,"href":"https:\/\/www.minesparis.psl.eu\/isige\/wp-json\/wp\/v2\/actualites-thematiques?post=2510"}],"curies":[{"name":"wp","href":"https:\/\/api.w.org\/{rel}","templated":true}]}}