{"id":2507,"date":"2023-06-29T10:24:00","date_gmt":"2023-06-29T08:24:00","guid":{"rendered":"https:\/\/www.minesparis.psl.eu\/isige\/?post_type=actualites&#038;p=2507"},"modified":"2025-06-18T12:25:23","modified_gmt":"2025-06-18T10:25:23","slug":"ateliers-de-reflexion-pour-un-avenir-bas-carbone-une-initiative-du-campus-de-fontainebleau-mines-paris-psl","status":"publish","type":"actualites","link":"https:\/\/www.minesparis.psl.eu\/isige\/actualites\/ateliers-de-reflexion-pour-un-avenir-bas-carbone-une-initiative-du-campus-de-fontainebleau-mines-paris-psl\/","title":{"rendered":"Ateliers de r\u00e9flexion pour un avenir bas-carbone : une initiative du campus de Fontainebleau Mines Paris-PSL"},"content":{"rendered":"\n<div class=\"container block-full-largeur\">\n\t<div class=\"row mt-4\">\n\t\t<div class=\"col-md-12\">\n\t\t\t<h2 style=\"text-align: justify\" data-start=\"438\" data-end=\"528\"><strong data-start=\"442\" data-end=\"528\">L\u2019objectif de ces ateliers : penser et agir pour limiter le d\u00e9r\u00e8glement climatique<\/strong><\/h2>\n<p class=\"\" style=\"text-align: justify\" data-start=\"530\" data-end=\"943\">Ces ateliers avaient pour ambition de <strong data-start=\"568\" data-end=\"590\">r\u00e9fl\u00e9chir ensemble<\/strong> \u00e0 des actions concr\u00e8tes permettant de lutter efficacement contre le d\u00e9r\u00e8glement climatique. Ils ont mis en lumi\u00e8re qu\u2019une <strong data-start=\"713\" data-end=\"732\">vie bas-carbone<\/strong> n\u2019est pas seulement possible, mais <strong data-start=\"768\" data-end=\"781\">d\u00e9sirable<\/strong>. L\u2019enjeu \u00e9tait de construire une <strong data-start=\"815\" data-end=\"834\">vision positive<\/strong> des futurs possibles, en r\u00e9unissant des id\u00e9es, des solutions et des engagements pour un avenir plus durable.<\/p>\n<p data-start=\"530\" data-end=\"943\"><img loading=\"lazy\" decoding=\"async\" class=\"size-large wp-image-3914 aligncenter\" src=\"https:\/\/www.isige.minesparis.psl.eu\/wp-content\/uploads\/3-7-1024x1024.png\" alt=\"R\u00e9fl\u00e9chir ensemble \u00e0 la mani\u00e8re de limiter le d\u00e9r\u00e8glement climatique et donner des pistes d'action.\" width=\"640\" height=\"640\" \/><\/p>\n<p class=\"\" style=\"text-align: justify\" data-start=\"945\" data-end=\"1182\">Les participants ont eu l\u2019occasion de se projeter dans un monde o\u00f9 les <strong data-start=\"1016\" data-end=\"1041\">d\u00e9cisions collectives<\/strong> et les <strong data-start=\"1049\" data-end=\"1074\">actions individuelles<\/strong> convergent pour limiter les \u00e9missions de gaz \u00e0 effet de serre et pr\u00e9server les \u00e9quilibres environnementaux.<\/p>\n<h2 style=\"text-align: justify\" data-start=\"1184\" data-end=\"1248\"><strong data-start=\"1188\" data-end=\"1248\">Les ateliers : des outils pour une transition collective<\/strong><\/h2>\n<p class=\"\" style=\"text-align: justify\" data-start=\"1250\" data-end=\"1420\">Les ateliers ont \u00e9t\u00e9 anim\u00e9s par <strong data-start=\"1282\" data-end=\"1338\">deux intervenants experts du Campus de la Transition<\/strong>, qui ont guid\u00e9 les participants dans une r\u00e9flexion approfondie et collaborative.<\/p>\n<ul style=\"text-align: justify\" data-start=\"1422\" data-end=\"2308\">\n<li class=\"\" data-start=\"1422\" data-end=\"1817\">\n<p class=\"\" data-start=\"1424\" data-end=\"1817\">Le premier atelier a permis de d\u00e9couvrir et de participer \u00e0 la <strong data-start=\"1487\" data-end=\"1525\">Fresque des fronti\u00e8res plan\u00e9taires<\/strong>, un outil p\u00e9dagogique puissant pour comprendre les grands enjeux environnementaux mondiaux et les interactions complexes entre l&rsquo;homme et la plan\u00e8te. Gr\u00e2ce \u00e0 cette activit\u00e9, chacun a pu prendre conscience des limites \u00e9cologiques du monde et des leviers \u00e0 activer pour \u00e9viter de les franchir.<img loading=\"lazy\" decoding=\"async\" class=\"size-large wp-image-3912 aligncenter\" src=\"https:\/\/www.isige.minesparis.psl.eu\/wp-content\/uploads\/1-13-1024x1024.png\" alt=\"R\u00e9fl\u00e9chir ensemble \u00e0 la mani\u00e8re de limiter le d\u00e9r\u00e8glement climatique et donner des pistes d'action.\" width=\"640\" height=\"640\" \/><\/p>\n<\/li>\n<li class=\"\" data-start=\"1819\" data-end=\"2308\">\n<p class=\"\" data-start=\"1821\" data-end=\"2308\">Le second atelier a \u00e9t\u00e9 consacr\u00e9 \u00e0 <strong data-start=\"1856\" data-end=\"1890\">Nos horizons d\u00e9carbon\u00e9s \u00e0 2050<\/strong>, un jeu immersif bas\u00e9 sur les sc\u00e9narios <strong data-start=\"1931\" data-end=\"1953\">Transition(s) 2050<\/strong> de l&rsquo;<strong data-start=\"1959\" data-end=\"1968\">ADEME<\/strong>. Ce jeu a permis aux participants d\u2019explorer les diff\u00e9rentes trajectoires possibles pour d\u00e9carboner l\u2019\u00e9conomie d\u2019ici 2050, en s&rsquo;appuyant sur des donn\u00e9es scientifiques et des projections r\u00e9alistes \u00e9labor\u00e9es par des acteurs cl\u00e9s tels que <strong data-start=\"2205\" data-end=\"2246\">RTE R\u00e9seau de Transport d&rsquo;\u00c9lectricit\u00e9<\/strong>, <strong data-start=\"2248\" data-end=\"2259\">l&rsquo;INSEE<\/strong> et le <strong data-start=\"2266\" data-end=\"2307\">Minist\u00e8re de la Transition \u00c9cologique<\/strong>.<\/p>\n<\/li>\n<\/ul>\n<h2 style=\"text-align: justify\" data-start=\"2310\" data-end=\"2369\"><strong data-start=\"2314\" data-end=\"2369\">Un grand merci aux intervenants pour leur expertise<\/strong><\/h2>\n<p class=\"\" style=\"text-align: justify\" data-start=\"2371\" data-end=\"2875\">Nous tenons \u00e0 adresser un <strong data-start=\"2397\" data-end=\"2412\">grand merci<\/strong> aux intervenants du <strong data-start=\"2433\" data-end=\"2460\">Campus de la Transition<\/strong> pour leur animation dynamique et enrichissante de ces ateliers. Leur expertise et leur capacit\u00e9 \u00e0 engager les participants dans des discussions constructives ont \u00e9t\u00e9 essentielles pour la r\u00e9ussite de cet \u00e9v\u00e9nement. Gr\u00e2ce \u00e0 eux, ces ateliers ont permis \u00e0 chacun de se sentir acteur de la transition et de repartir avec des id\u00e9es nouvelles et inspirantes pour contribuer \u00e0 un avenir plus respectueux de notre plan\u00e8te.<\/p>\n\t\t<\/div>\n\t<\/div>\n<\/div>","protected":false},"featured_media":2509,"template":"","actualites-formats":[],"actualites-thematiques":[],"class_list":["post-2507","actualites","type-actualites","status-publish","has-post-thumbnail","hentry"],"acf":[],"yoast_head":"<!-- This site is optimized with the Yoast SEO plugin v27.2 - https:\/\/yoast.com\/product\/yoast-seo-wordpress\/ -->\n<title>Ateliers de r\u00e9flexion pour un avenir bas-carbone : une initiative du campus de Fontainebleau Mines Paris-PSL - ISIGE Mines Paris - PSL<\/title>\n<meta name=\"description\" content=\"Ateliers de r\u00e9flexion pour un avenir bas-carbone : penser et agir pour limiter le d\u00e9r\u00e8glement climatique.\" \/>\n<meta name=\"robots\" content=\"index, follow, max-snippet:-1, max-image-preview:large, max-video-preview:-1\" \/>\n<link rel=\"canonical\" href=\"https:\/\/www.minesparis.psl.eu\/isige\/actualites\/ateliers-de-reflexion-pour-un-avenir-bas-carbone-une-initiative-du-campus-de-fontainebleau-mines-paris-psl\/\" \/>\n<meta property=\"og:locale\" content=\"fr_FR\" \/>\n<meta property=\"og:type\" content=\"article\" \/>\n<meta property=\"og:title\" content=\"Ateliers de r\u00e9flexion pour un avenir bas-carbone : une initiative du campus de Fontainebleau Mines Paris-PSL - ISIGE Mines Paris - PSL\" \/>\n<meta property=\"og:description\" content=\"Ateliers de r\u00e9flexion pour un avenir bas-carbone : penser et agir pour limiter le d\u00e9r\u00e8glement climatique.\" \/>\n<meta property=\"og:url\" content=\"https:\/\/www.minesparis.psl.eu\/isige\/actualites\/ateliers-de-reflexion-pour-un-avenir-bas-carbone-une-initiative-du-campus-de-fontainebleau-mines-paris-psl\/\" \/>\n<meta property=\"og:site_name\" content=\"ISIGE Mines Paris - PSL\" \/>\n<meta property=\"article:modified_time\" content=\"2025-06-18T10:25:23+00:00\" \/>\n<meta property=\"og:image\" content=\"https:\/\/www.minesparis.psl.eu\/isige\/wp-content\/uploads\/sites\/21\/2025\/04\/Image1.jpg\" \/>\n\t<meta property=\"og:image:width\" content=\"1200\" \/>\n\t<meta property=\"og:image:height\" content=\"799\" \/>\n\t<meta property=\"og:image:type\" content=\"image\/jpeg\" \/>\n<meta name=\"twitter:card\" content=\"summary_large_image\" \/>\n<meta name=\"twitter:label1\" content=\"Dur\u00e9e de lecture estim\u00e9e\" \/>\n\t<meta name=\"twitter:data1\" content=\"1 minute\" \/>\n<script type=\"application\/ld+json\" class=\"yoast-schema-graph\">{\"@context\":\"https:\/\/schema.org\",\"@graph\":[{\"@type\":\"WebPage\",\"@id\":\"https:\/\/www.minesparis.psl.eu\/isige\/actualites\/ateliers-de-reflexion-pour-un-avenir-bas-carbone-une-initiative-du-campus-de-fontainebleau-mines-paris-psl\/\",\"url\":\"https:\/\/www.minesparis.psl.eu\/isige\/actualites\/ateliers-de-reflexion-pour-un-avenir-bas-carbone-une-initiative-du-campus-de-fontainebleau-mines-paris-psl\/\",\"name\":\"Ateliers de r\u00e9flexion pour un avenir bas-carbone : une initiative du campus de Fontainebleau Mines Paris-PSL - ISIGE Mines Paris - PSL\",\"isPartOf\":{\"@id\":\"https:\/\/www.minesparis.psl.eu\/isige\/#website\"},\"primaryImageOfPage\":{\"@id\":\"https:\/\/www.minesparis.psl.eu\/isige\/actualites\/ateliers-de-reflexion-pour-un-avenir-bas-carbone-une-initiative-du-campus-de-fontainebleau-mines-paris-psl\/#primaryimage\"},\"image\":{\"@id\":\"https:\/\/www.minesparis.psl.eu\/isige\/actualites\/ateliers-de-reflexion-pour-un-avenir-bas-carbone-une-initiative-du-campus-de-fontainebleau-mines-paris-psl\/#primaryimage\"},\"thumbnailUrl\":\"https:\/\/www.minesparis.psl.eu\/isige\/wp-content\/uploads\/sites\/21\/2025\/04\/Image1.jpg\",\"datePublished\":\"2023-06-29T08:24:00+00:00\",\"dateModified\":\"2025-06-18T10:25:23+00:00\",\"description\":\"Ateliers de r\u00e9flexion pour un avenir bas-carbone : penser et agir pour limiter le d\u00e9r\u00e8glement climatique.\",\"breadcrumb\":{\"@id\":\"https:\/\/www.minesparis.psl.eu\/isige\/actualites\/ateliers-de-reflexion-pour-un-avenir-bas-carbone-une-initiative-du-campus-de-fontainebleau-mines-paris-psl\/#breadcrumb\"},\"inLanguage\":\"fr-FR\",\"potentialAction\":[{\"@type\":\"ReadAction\",\"target\":[\"https:\/\/www.minesparis.psl.eu\/isige\/actualites\/ateliers-de-reflexion-pour-un-avenir-bas-carbone-une-initiative-du-campus-de-fontainebleau-mines-paris-psl\/\"]}]},{\"@type\":\"ImageObject\",\"inLanguage\":\"fr-FR\",\"@id\":\"https:\/\/www.minesparis.psl.eu\/isige\/actualites\/ateliers-de-reflexion-pour-un-avenir-bas-carbone-une-initiative-du-campus-de-fontainebleau-mines-paris-psl\/#primaryimage\",\"url\":\"https:\/\/www.minesparis.psl.eu\/isige\/wp-content\/uploads\/sites\/21\/2025\/04\/Image1.jpg\",\"contentUrl\":\"https:\/\/www.minesparis.psl.eu\/isige\/wp-content\/uploads\/sites\/21\/2025\/04\/Image1.jpg\",\"width\":1200,\"height\":799,\"caption\":\"Ateliers de r\u00e9flexion pour un avenir bas-carbone : une initiative du campus de Fontainebleau Mines Paris-PSL\"},{\"@type\":\"BreadcrumbList\",\"@id\":\"https:\/\/www.minesparis.psl.eu\/isige\/actualites\/ateliers-de-reflexion-pour-un-avenir-bas-carbone-une-initiative-du-campus-de-fontainebleau-mines-paris-psl\/#breadcrumb\",\"itemListElement\":[{\"@type\":\"ListItem\",\"position\":1,\"name\":\"Accueil\",\"item\":\"https:\/\/www.minesparis.psl.eu\/isige\/\"},{\"@type\":\"ListItem\",\"position\":2,\"name\":\"Ateliers de r\u00e9flexion pour un avenir bas-carbone : une initiative du campus de Fontainebleau Mines Paris-PSL\"}]},{\"@type\":\"WebSite\",\"@id\":\"https:\/\/www.minesparis.psl.eu\/isige\/#website\",\"url\":\"https:\/\/www.minesparis.psl.eu\/isige\/\",\"name\":\"ISIGE Mines Paris - PSL\",\"description\":\"\",\"publisher\":{\"@id\":\"https:\/\/www.minesparis.psl.eu\/isige\/#organization\"},\"potentialAction\":[{\"@type\":\"SearchAction\",\"target\":{\"@type\":\"EntryPoint\",\"urlTemplate\":\"https:\/\/www.minesparis.psl.eu\/isige\/?s={search_term_string}\"},\"query-input\":{\"@type\":\"PropertyValueSpecification\",\"valueRequired\":true,\"valueName\":\"search_term_string\"}}],\"inLanguage\":\"fr-FR\"},{\"@type\":\"Organization\",\"@id\":\"https:\/\/www.minesparis.psl.eu\/isige\/#organization\",\"name\":\"ISIGE Mines Paris - PSL\",\"url\":\"https:\/\/www.minesparis.psl.eu\/isige\/\",\"logo\":{\"@type\":\"ImageObject\",\"inLanguage\":\"fr-FR\",\"@id\":\"https:\/\/www.minesparis.psl.eu\/isige\/#\/schema\/logo\/image\/\",\"url\":\"https:\/\/www.minesparis.psl.eu\/isige\/wp-content\/uploads\/sites\/21\/2025\/02\/cropped-MinesParis-PSL-ISIGEOCoRVB-1.png\",\"contentUrl\":\"https:\/\/www.minesparis.psl.eu\/isige\/wp-content\/uploads\/sites\/21\/2025\/02\/cropped-MinesParis-PSL-ISIGEOCoRVB-1.png\",\"width\":1584,\"height\":360,\"caption\":\"ISIGE Mines Paris - PSL\"},\"image\":{\"@id\":\"https:\/\/www.minesparis.psl.eu\/isige\/#\/schema\/logo\/image\/\"}}]}<\/script>\n<!-- \/ Yoast SEO plugin. -->","yoast_head_json":{"title":"Ateliers de r\u00e9flexion pour un avenir bas-carbone : une initiative du campus de Fontainebleau Mines Paris-PSL - ISIGE Mines Paris - PSL","description":"Ateliers de r\u00e9flexion pour un avenir bas-carbone : penser et agir pour limiter le d\u00e9r\u00e8glement climatique.","robots":{"index":"index","follow":"follow","max-snippet":"max-snippet:-1","max-image-preview":"max-image-preview:large","max-video-preview":"max-video-preview:-1"},"canonical":"https:\/\/www.minesparis.psl.eu\/isige\/actualites\/ateliers-de-reflexion-pour-un-avenir-bas-carbone-une-initiative-du-campus-de-fontainebleau-mines-paris-psl\/","og_locale":"fr_FR","og_type":"article","og_title":"Ateliers de r\u00e9flexion pour un avenir bas-carbone : une initiative du campus de Fontainebleau Mines Paris-PSL - ISIGE Mines Paris - PSL","og_description":"Ateliers de r\u00e9flexion pour un avenir bas-carbone : penser et agir pour limiter le d\u00e9r\u00e8glement climatique.","og_url":"https:\/\/www.minesparis.psl.eu\/isige\/actualites\/ateliers-de-reflexion-pour-un-avenir-bas-carbone-une-initiative-du-campus-de-fontainebleau-mines-paris-psl\/","og_site_name":"ISIGE Mines Paris - PSL","article_modified_time":"2025-06-18T10:25:23+00:00","og_image":[{"width":1200,"height":799,"url":"https:\/\/www.minesparis.psl.eu\/isige\/wp-content\/uploads\/sites\/21\/2025\/04\/Image1.jpg","type":"image\/jpeg"}],"twitter_card":"summary_large_image","twitter_misc":{"Dur\u00e9e de lecture estim\u00e9e":"1 minute"},"schema":{"@context":"https:\/\/schema.org","@graph":[{"@type":"WebPage","@id":"https:\/\/www.minesparis.psl.eu\/isige\/actualites\/ateliers-de-reflexion-pour-un-avenir-bas-carbone-une-initiative-du-campus-de-fontainebleau-mines-paris-psl\/","url":"https:\/\/www.minesparis.psl.eu\/isige\/actualites\/ateliers-de-reflexion-pour-un-avenir-bas-carbone-une-initiative-du-campus-de-fontainebleau-mines-paris-psl\/","name":"Ateliers de r\u00e9flexion pour un avenir bas-carbone : une initiative du campus de Fontainebleau Mines Paris-PSL - ISIGE Mines Paris - PSL","isPartOf":{"@id":"https:\/\/www.minesparis.psl.eu\/isige\/#website"},"primaryImageOfPage":{"@id":"https:\/\/www.minesparis.psl.eu\/isige\/actualites\/ateliers-de-reflexion-pour-un-avenir-bas-carbone-une-initiative-du-campus-de-fontainebleau-mines-paris-psl\/#primaryimage"},"image":{"@id":"https:\/\/www.minesparis.psl.eu\/isige\/actualites\/ateliers-de-reflexion-pour-un-avenir-bas-carbone-une-initiative-du-campus-de-fontainebleau-mines-paris-psl\/#primaryimage"},"thumbnailUrl":"https:\/\/www.minesparis.psl.eu\/isige\/wp-content\/uploads\/sites\/21\/2025\/04\/Image1.jpg","datePublished":"2023-06-29T08:24:00+00:00","dateModified":"2025-06-18T10:25:23+00:00","description":"Ateliers de r\u00e9flexion pour un avenir bas-carbone : penser et agir pour limiter le d\u00e9r\u00e8glement climatique.","breadcrumb":{"@id":"https:\/\/www.minesparis.psl.eu\/isige\/actualites\/ateliers-de-reflexion-pour-un-avenir-bas-carbone-une-initiative-du-campus-de-fontainebleau-mines-paris-psl\/#breadcrumb"},"inLanguage":"fr-FR","potentialAction":[{"@type":"ReadAction","target":["https:\/\/www.minesparis.psl.eu\/isige\/actualites\/ateliers-de-reflexion-pour-un-avenir-bas-carbone-une-initiative-du-campus-de-fontainebleau-mines-paris-psl\/"]}]},{"@type":"ImageObject","inLanguage":"fr-FR","@id":"https:\/\/www.minesparis.psl.eu\/isige\/actualites\/ateliers-de-reflexion-pour-un-avenir-bas-carbone-une-initiative-du-campus-de-fontainebleau-mines-paris-psl\/#primaryimage","url":"https:\/\/www.minesparis.psl.eu\/isige\/wp-content\/uploads\/sites\/21\/2025\/04\/Image1.jpg","contentUrl":"https:\/\/www.minesparis.psl.eu\/isige\/wp-content\/uploads\/sites\/21\/2025\/04\/Image1.jpg","width":1200,"height":799,"caption":"Ateliers de r\u00e9flexion pour un avenir bas-carbone : une initiative du campus de Fontainebleau Mines Paris-PSL"},{"@type":"BreadcrumbList","@id":"https:\/\/www.minesparis.psl.eu\/isige\/actualites\/ateliers-de-reflexion-pour-un-avenir-bas-carbone-une-initiative-du-campus-de-fontainebleau-mines-paris-psl\/#breadcrumb","itemListElement":[{"@type":"ListItem","position":1,"name":"Accueil","item":"https:\/\/www.minesparis.psl.eu\/isige\/"},{"@type":"ListItem","position":2,"name":"Ateliers de r\u00e9flexion pour un avenir bas-carbone : une initiative du campus de Fontainebleau Mines Paris-PSL"}]},{"@type":"WebSite","@id":"https:\/\/www.minesparis.psl.eu\/isige\/#website","url":"https:\/\/www.minesparis.psl.eu\/isige\/","name":"ISIGE Mines Paris - PSL","description":"","publisher":{"@id":"https:\/\/www.minesparis.psl.eu\/isige\/#organization"},"potentialAction":[{"@type":"SearchAction","target":{"@type":"EntryPoint","urlTemplate":"https:\/\/www.minesparis.psl.eu\/isige\/?s={search_term_string}"},"query-input":{"@type":"PropertyValueSpecification","valueRequired":true,"valueName":"search_term_string"}}],"inLanguage":"fr-FR"},{"@type":"Organization","@id":"https:\/\/www.minesparis.psl.eu\/isige\/#organization","name":"ISIGE Mines Paris - PSL","url":"https:\/\/www.minesparis.psl.eu\/isige\/","logo":{"@type":"ImageObject","inLanguage":"fr-FR","@id":"https:\/\/www.minesparis.psl.eu\/isige\/#\/schema\/logo\/image\/","url":"https:\/\/www.minesparis.psl.eu\/isige\/wp-content\/uploads\/sites\/21\/2025\/02\/cropped-MinesParis-PSL-ISIGEOCoRVB-1.png","contentUrl":"https:\/\/www.minesparis.psl.eu\/isige\/wp-content\/uploads\/sites\/21\/2025\/02\/cropped-MinesParis-PSL-ISIGEOCoRVB-1.png","width":1584,"height":360,"caption":"ISIGE Mines Paris - PSL"},"image":{"@id":"https:\/\/www.minesparis.psl.eu\/isige\/#\/schema\/logo\/image\/"}}]}},"_links":{"self":[{"href":"https:\/\/www.minesparis.psl.eu\/isige\/wp-json\/wp\/v2\/actualites\/2507","targetHints":{"allow":["GET"]}}],"collection":[{"href":"https:\/\/www.minesparis.psl.eu\/isige\/wp-json\/wp\/v2\/actualites"}],"about":[{"href":"https:\/\/www.minesparis.psl.eu\/isige\/wp-json\/wp\/v2\/types\/actualites"}],"wp:featuredmedia":[{"embeddable":true,"href":"https:\/\/www.minesparis.psl.eu\/isige\/wp-json\/wp\/v2\/media\/2509"}],"wp:attachment":[{"href":"https:\/\/www.minesparis.psl.eu\/isige\/wp-json\/wp\/v2\/media?parent=2507"}],"wp:term":[{"taxonomy":"actualites-formats","embeddable":true,"href":"https:\/\/www.minesparis.psl.eu\/isige\/wp-json\/wp\/v2\/actualites-formats?post=2507"},{"taxonomy":"actualites-thematiques","embeddable":true,"href":"https:\/\/www.minesparis.psl.eu\/isige\/wp-json\/wp\/v2\/actualites-thematiques?post=2507"}],"curies":[{"name":"wp","href":"https:\/\/api.w.org\/{rel}","templated":true}]}}