{"id":2492,"date":"2024-03-05T09:29:00","date_gmt":"2024-03-05T08:29:00","guid":{"rendered":"https:\/\/www.minesparis.psl.eu\/isige\/?post_type=actualites&#038;p=2492"},"modified":"2025-06-18T12:25:22","modified_gmt":"2025-06-18T10:25:22","slug":"transition-ecologique-changer-dechelle","status":"publish","type":"actualites","link":"https:\/\/www.minesparis.psl.eu\/isige\/actualites\/transition-ecologique-changer-dechelle\/","title":{"rendered":"Transition \u00e9cologique : changer d\u2019\u00e9chelle"},"content":{"rendered":"\n<div class=\"container block-full-largeur\">\n\t<div class=\"row mt-4\">\n\t\t<div class=\"col-md-12\">\n\t\t\t<p class=\"\" style=\"text-align: justify\" data-start=\"61\" data-end=\"694\">Cette double approche leur a permis de comparer les d\u00e9fis et les solutions adapt\u00e9es \u00e0 ces deux \u00e9chelles de territoire, l&rsquo;une plus locale, l&rsquo;autre plus vaste, tout en mettant en lumi\u00e8re les processus de d\u00e9cision, la mobilisation des acteurs et la diversit\u00e9 des initiatives.<\/p>\n<p data-start=\"61\" data-end=\"694\"><span class=\"break-words \"><span dir=\"ltr\"><img loading=\"lazy\" decoding=\"async\" class=\"aligncenter size-large wp-image-4480\" src=\"https:\/\/www.isige.minesparis.psl.eu\/wp-content\/uploads\/1-9-1024x1024.jpg\" alt=\"\" width=\"640\" height=\"640\" \/><\/span><\/span><\/p>\n<p class=\"\" style=\"text-align: justify\" data-start=\"696\" data-end=\"1441\">Malaunay, situ\u00e9e au nord de la M\u00e9tropole Rouen Normandie, s&rsquo;est engag\u00e9e d\u00e8s 2006 dans une d\u00e9marche innovante de transition \u00e9cologique et sociale. Cette petite ville a opt\u00e9 pour une approche globale et m\u00e9thodique, alliant la rigueur scientifique et la participation active de ses habitants et des acteurs locaux. L&rsquo;un des principaux objectifs de cette d\u00e9marche a \u00e9t\u00e9 de f\u00e9d\u00e9rer et de mettre en mouvement une grande vari\u00e9t\u00e9 d&rsquo;acteurs : des institutions publiques aux entreprises locales, en passant par les citoyens eux-m\u00eames. Ce travail collectif s\u2019est articul\u00e9 autour d\u2019une s\u00e9rie d\u2019actions concr\u00e8tes et cibl\u00e9es visant \u00e0 r\u00e9duire l&#8217;empreinte carbone de la ville, tout en renfor\u00e7ant sa r\u00e9silience face aux d\u00e9fis environnementaux et sociaux actuels.<\/p>\n<p data-start=\"696\" data-end=\"1441\"><img loading=\"lazy\" decoding=\"async\" class=\"aligncenter size-large wp-image-4481\" src=\"https:\/\/www.isige.minesparis.psl.eu\/wp-content\/uploads\/2-9-1024x1024.jpg\" alt=\"\" width=\"640\" height=\"640\" \/><\/p>\n<p class=\"\" style=\"text-align: justify\" data-start=\"1443\" data-end=\"1956\">Le v\u00e9ritable enjeu de cette transition est d&rsquo;offrir une vision int\u00e9gr\u00e9e et p\u00e9renne de la transformation du territoire, \u00e0 la fois respectueuse de l\u2019environnement et favorable \u00e0 une am\u00e9lioration continue de la qualit\u00e9 de vie des habitants. La d\u00e9marche de Malaunay repose ainsi sur l\u2019id\u00e9e d\u2019une co-construction des solutions : une palette d\u2019initiatives vari\u00e9es, allant des projets d\u2019\u00e9nergies renouvelables \u00e0 la gestion durable des ressources, en passant par des actions de sensibilisation et d\u2019implication citoyenne.<\/p>\n<p class=\"\" style=\"text-align: justify\" data-start=\"1958\" data-end=\"2507\">Au cours de leur immersion, les \u00e9tudiants ont eu la chance d\u2019\u00eatre accompagn\u00e9s par Monsieur Fussien Laurent, Directeur G\u00e9n\u00e9ral des Services (DGS) de la ville de Malaunay. Gr\u00e2ce \u00e0 son expertise et \u00e0 son engagement personnel dans la mise en \u0153uvre de cette transition, les \u00e9tudiants ont pu appr\u00e9hender de mani\u00e8re pr\u00e9cise les succ\u00e8s accomplis par la ville, mais aussi les d\u00e9fis restants \u00e0 relever. Ces deux journ\u00e9es ont \u00e9t\u00e9 l\u2019occasion de r\u00e9fl\u00e9chir aux m\u00e9canismes de coop\u00e9ration qui ont permis \u00e0 Malaunay de transformer ses ambitions en actions tangibles.<\/p>\n<p class=\"\" style=\"text-align: justify\" data-start=\"2509\" data-end=\"2957\">Les \u00e9tudiants ont \u00e9galement pu mesurer l&rsquo;importance de la coordination avec diff\u00e9rents acteurs r\u00e9gionaux et nationaux, en particulier la M\u00e9tropole Rouen Normandie, l\u2019ADEME (Agence de l&rsquo;environnement et de la ma\u00eetrise de l&rsquo;\u00e9nergie), ainsi que l&rsquo;ALTERN &#8211; Agence Locale de la Transition Energ\u00e9tique Rouen Normandie. Ce partenariat a permis de renforcer les capacit\u00e9s d\u2019action de la ville, en apportant expertise, financement et soutien institutionnel.<\/p>\n<p class=\"\" style=\"text-align: justify\" data-start=\"2959\" data-end=\"3278\">Nous tenons \u00e0 adresser nos plus sinc\u00e8res remerciements \u00e0 Monsieur Fussien pour sa disponibilit\u00e9 et sa passion communicative, qui ont grandement enrichi cette exp\u00e9rience p\u00e9dagogique. Ce fut une occasion unique pour les \u00e9tudiants de s&rsquo;immerger dans un v\u00e9ritable projet de transition \u00e9cologique \u00e0 l\u2019\u00e9chelle locale.<\/p>\n<p class=\"\" style=\"text-align: justify\" data-start=\"3280\" data-end=\"3714\">Un grand merci \u00e9galement \u00e0 tous les autres acteurs qui ont contribu\u00e9 \u00e0 la r\u00e9ussite de cette initiative, \u00e0 savoir : Fabrice Boissier, Jean-Christophe Boclet, Liv-Fanny Le Faucheur, Directrice du STADE SOTTEVILLAIS CHEMINOT CLUB, Martin Penaud, et Jimy Bercon. Leur engagement et leur expertise ont \u00e9t\u00e9 essentiels pour illustrer l\u2019importance du travail collectif dans la r\u00e9ussite de la transition \u00e9cologique et sociale de notre soci\u00e9t\u00e9.<\/p>\n\t\t<\/div>\n\t<\/div>\n<\/div>","protected":false},"featured_media":2493,"template":"","actualites-formats":[15],"actualites-thematiques":[20],"class_list":["post-2492","actualites","type-actualites","status-publish","has-post-thumbnail","hentry"],"acf":[],"yoast_head":"<!-- This site is optimized with the Yoast SEO plugin v27.2 - https:\/\/yoast.com\/product\/yoast-seo-wordpress\/ -->\n<title>Transition \u00e9cologique : changer d\u2019\u00e9chelle - ISIGE Mines Paris - PSL<\/title>\n<meta name=\"description\" content=\"Illustrer l\u2019importance du travail collectif dans la r\u00e9ussite de la transition \u00e9cologique et sociale de notre soci\u00e9t\u00e9.\" \/>\n<meta name=\"robots\" content=\"index, follow, max-snippet:-1, max-image-preview:large, max-video-preview:-1\" \/>\n<link rel=\"canonical\" href=\"https:\/\/www.minesparis.psl.eu\/isige\/actualites\/transition-ecologique-changer-dechelle\/\" \/>\n<meta property=\"og:locale\" content=\"fr_FR\" \/>\n<meta property=\"og:type\" content=\"article\" \/>\n<meta property=\"og:title\" content=\"Transition \u00e9cologique : changer d\u2019\u00e9chelle - ISIGE Mines Paris - PSL\" \/>\n<meta property=\"og:description\" content=\"Illustrer l\u2019importance du travail collectif dans la r\u00e9ussite de la transition \u00e9cologique et sociale de notre soci\u00e9t\u00e9.\" \/>\n<meta property=\"og:url\" content=\"https:\/\/www.minesparis.psl.eu\/isige\/actualites\/transition-ecologique-changer-dechelle\/\" \/>\n<meta property=\"og:site_name\" content=\"ISIGE Mines Paris - PSL\" \/>\n<meta property=\"article:modified_time\" content=\"2025-06-18T10:25:22+00:00\" \/>\n<meta property=\"og:image\" content=\"https:\/\/www.minesparis.psl.eu\/isige\/wp-content\/uploads\/sites\/21\/2025\/04\/IMG_3328.jpg\" \/>\n\t<meta property=\"og:image:width\" content=\"1200\" \/>\n\t<meta property=\"og:image:height\" content=\"798\" \/>\n\t<meta property=\"og:image:type\" content=\"image\/jpeg\" \/>\n<meta name=\"twitter:card\" content=\"summary_large_image\" \/>\n<meta name=\"twitter:label1\" content=\"Dur\u00e9e de lecture estim\u00e9e\" \/>\n\t<meta name=\"twitter:data1\" content=\"1 minute\" \/>\n<script type=\"application\/ld+json\" class=\"yoast-schema-graph\">{\"@context\":\"https:\/\/schema.org\",\"@graph\":[{\"@type\":\"WebPage\",\"@id\":\"https:\/\/www.minesparis.psl.eu\/isige\/actualites\/transition-ecologique-changer-dechelle\/\",\"url\":\"https:\/\/www.minesparis.psl.eu\/isige\/actualites\/transition-ecologique-changer-dechelle\/\",\"name\":\"Transition \u00e9cologique : changer d\u2019\u00e9chelle - ISIGE Mines Paris - PSL\",\"isPartOf\":{\"@id\":\"https:\/\/www.minesparis.psl.eu\/isige\/#website\"},\"primaryImageOfPage\":{\"@id\":\"https:\/\/www.minesparis.psl.eu\/isige\/actualites\/transition-ecologique-changer-dechelle\/#primaryimage\"},\"image\":{\"@id\":\"https:\/\/www.minesparis.psl.eu\/isige\/actualites\/transition-ecologique-changer-dechelle\/#primaryimage\"},\"thumbnailUrl\":\"https:\/\/www.minesparis.psl.eu\/isige\/wp-content\/uploads\/sites\/21\/2025\/04\/IMG_3328.jpg\",\"datePublished\":\"2024-03-05T08:29:00+00:00\",\"dateModified\":\"2025-06-18T10:25:22+00:00\",\"description\":\"Illustrer l\u2019importance du travail collectif dans la r\u00e9ussite de la transition \u00e9cologique et sociale de notre soci\u00e9t\u00e9.\",\"breadcrumb\":{\"@id\":\"https:\/\/www.minesparis.psl.eu\/isige\/actualites\/transition-ecologique-changer-dechelle\/#breadcrumb\"},\"inLanguage\":\"fr-FR\",\"potentialAction\":[{\"@type\":\"ReadAction\",\"target\":[\"https:\/\/www.minesparis.psl.eu\/isige\/actualites\/transition-ecologique-changer-dechelle\/\"]}]},{\"@type\":\"ImageObject\",\"inLanguage\":\"fr-FR\",\"@id\":\"https:\/\/www.minesparis.psl.eu\/isige\/actualites\/transition-ecologique-changer-dechelle\/#primaryimage\",\"url\":\"https:\/\/www.minesparis.psl.eu\/isige\/wp-content\/uploads\/sites\/21\/2025\/04\/IMG_3328.jpg\",\"contentUrl\":\"https:\/\/www.minesparis.psl.eu\/isige\/wp-content\/uploads\/sites\/21\/2025\/04\/IMG_3328.jpg\",\"width\":1200,\"height\":798,\"caption\":\"\u00ab Transition \u00e9cologique : changer d\u2019\u00e9chelle \u00bb\"},{\"@type\":\"BreadcrumbList\",\"@id\":\"https:\/\/www.minesparis.psl.eu\/isige\/actualites\/transition-ecologique-changer-dechelle\/#breadcrumb\",\"itemListElement\":[{\"@type\":\"ListItem\",\"position\":1,\"name\":\"Accueil\",\"item\":\"https:\/\/www.minesparis.psl.eu\/isige\/\"},{\"@type\":\"ListItem\",\"position\":2,\"name\":\"Transition \u00e9cologique : changer d\u2019\u00e9chelle\"}]},{\"@type\":\"WebSite\",\"@id\":\"https:\/\/www.minesparis.psl.eu\/isige\/#website\",\"url\":\"https:\/\/www.minesparis.psl.eu\/isige\/\",\"name\":\"ISIGE Mines Paris - PSL\",\"description\":\"\",\"publisher\":{\"@id\":\"https:\/\/www.minesparis.psl.eu\/isige\/#organization\"},\"potentialAction\":[{\"@type\":\"SearchAction\",\"target\":{\"@type\":\"EntryPoint\",\"urlTemplate\":\"https:\/\/www.minesparis.psl.eu\/isige\/?s={search_term_string}\"},\"query-input\":{\"@type\":\"PropertyValueSpecification\",\"valueRequired\":true,\"valueName\":\"search_term_string\"}}],\"inLanguage\":\"fr-FR\"},{\"@type\":\"Organization\",\"@id\":\"https:\/\/www.minesparis.psl.eu\/isige\/#organization\",\"name\":\"ISIGE Mines Paris - PSL\",\"url\":\"https:\/\/www.minesparis.psl.eu\/isige\/\",\"logo\":{\"@type\":\"ImageObject\",\"inLanguage\":\"fr-FR\",\"@id\":\"https:\/\/www.minesparis.psl.eu\/isige\/#\/schema\/logo\/image\/\",\"url\":\"https:\/\/www.minesparis.psl.eu\/isige\/wp-content\/uploads\/sites\/21\/2025\/02\/cropped-MinesParis-PSL-ISIGEOCoRVB-1.png\",\"contentUrl\":\"https:\/\/www.minesparis.psl.eu\/isige\/wp-content\/uploads\/sites\/21\/2025\/02\/cropped-MinesParis-PSL-ISIGEOCoRVB-1.png\",\"width\":1584,\"height\":360,\"caption\":\"ISIGE Mines Paris - PSL\"},\"image\":{\"@id\":\"https:\/\/www.minesparis.psl.eu\/isige\/#\/schema\/logo\/image\/\"}}]}<\/script>\n<!-- \/ Yoast SEO plugin. -->","yoast_head_json":{"title":"Transition \u00e9cologique : changer d\u2019\u00e9chelle - ISIGE Mines Paris - PSL","description":"Illustrer l\u2019importance du travail collectif dans la r\u00e9ussite de la transition \u00e9cologique et sociale de notre soci\u00e9t\u00e9.","robots":{"index":"index","follow":"follow","max-snippet":"max-snippet:-1","max-image-preview":"max-image-preview:large","max-video-preview":"max-video-preview:-1"},"canonical":"https:\/\/www.minesparis.psl.eu\/isige\/actualites\/transition-ecologique-changer-dechelle\/","og_locale":"fr_FR","og_type":"article","og_title":"Transition \u00e9cologique : changer d\u2019\u00e9chelle - ISIGE Mines Paris - PSL","og_description":"Illustrer l\u2019importance du travail collectif dans la r\u00e9ussite de la transition \u00e9cologique et sociale de notre soci\u00e9t\u00e9.","og_url":"https:\/\/www.minesparis.psl.eu\/isige\/actualites\/transition-ecologique-changer-dechelle\/","og_site_name":"ISIGE Mines Paris - PSL","article_modified_time":"2025-06-18T10:25:22+00:00","og_image":[{"width":1200,"height":798,"url":"https:\/\/www.minesparis.psl.eu\/isige\/wp-content\/uploads\/sites\/21\/2025\/04\/IMG_3328.jpg","type":"image\/jpeg"}],"twitter_card":"summary_large_image","twitter_misc":{"Dur\u00e9e de lecture estim\u00e9e":"1 minute"},"schema":{"@context":"https:\/\/schema.org","@graph":[{"@type":"WebPage","@id":"https:\/\/www.minesparis.psl.eu\/isige\/actualites\/transition-ecologique-changer-dechelle\/","url":"https:\/\/www.minesparis.psl.eu\/isige\/actualites\/transition-ecologique-changer-dechelle\/","name":"Transition \u00e9cologique : changer d\u2019\u00e9chelle - ISIGE Mines Paris - PSL","isPartOf":{"@id":"https:\/\/www.minesparis.psl.eu\/isige\/#website"},"primaryImageOfPage":{"@id":"https:\/\/www.minesparis.psl.eu\/isige\/actualites\/transition-ecologique-changer-dechelle\/#primaryimage"},"image":{"@id":"https:\/\/www.minesparis.psl.eu\/isige\/actualites\/transition-ecologique-changer-dechelle\/#primaryimage"},"thumbnailUrl":"https:\/\/www.minesparis.psl.eu\/isige\/wp-content\/uploads\/sites\/21\/2025\/04\/IMG_3328.jpg","datePublished":"2024-03-05T08:29:00+00:00","dateModified":"2025-06-18T10:25:22+00:00","description":"Illustrer l\u2019importance du travail collectif dans la r\u00e9ussite de la transition \u00e9cologique et sociale de notre soci\u00e9t\u00e9.","breadcrumb":{"@id":"https:\/\/www.minesparis.psl.eu\/isige\/actualites\/transition-ecologique-changer-dechelle\/#breadcrumb"},"inLanguage":"fr-FR","potentialAction":[{"@type":"ReadAction","target":["https:\/\/www.minesparis.psl.eu\/isige\/actualites\/transition-ecologique-changer-dechelle\/"]}]},{"@type":"ImageObject","inLanguage":"fr-FR","@id":"https:\/\/www.minesparis.psl.eu\/isige\/actualites\/transition-ecologique-changer-dechelle\/#primaryimage","url":"https:\/\/www.minesparis.psl.eu\/isige\/wp-content\/uploads\/sites\/21\/2025\/04\/IMG_3328.jpg","contentUrl":"https:\/\/www.minesparis.psl.eu\/isige\/wp-content\/uploads\/sites\/21\/2025\/04\/IMG_3328.jpg","width":1200,"height":798,"caption":"\u00ab Transition \u00e9cologique : changer d\u2019\u00e9chelle \u00bb"},{"@type":"BreadcrumbList","@id":"https:\/\/www.minesparis.psl.eu\/isige\/actualites\/transition-ecologique-changer-dechelle\/#breadcrumb","itemListElement":[{"@type":"ListItem","position":1,"name":"Accueil","item":"https:\/\/www.minesparis.psl.eu\/isige\/"},{"@type":"ListItem","position":2,"name":"Transition \u00e9cologique : changer d\u2019\u00e9chelle"}]},{"@type":"WebSite","@id":"https:\/\/www.minesparis.psl.eu\/isige\/#website","url":"https:\/\/www.minesparis.psl.eu\/isige\/","name":"ISIGE Mines Paris - PSL","description":"","publisher":{"@id":"https:\/\/www.minesparis.psl.eu\/isige\/#organization"},"potentialAction":[{"@type":"SearchAction","target":{"@type":"EntryPoint","urlTemplate":"https:\/\/www.minesparis.psl.eu\/isige\/?s={search_term_string}"},"query-input":{"@type":"PropertyValueSpecification","valueRequired":true,"valueName":"search_term_string"}}],"inLanguage":"fr-FR"},{"@type":"Organization","@id":"https:\/\/www.minesparis.psl.eu\/isige\/#organization","name":"ISIGE Mines Paris - PSL","url":"https:\/\/www.minesparis.psl.eu\/isige\/","logo":{"@type":"ImageObject","inLanguage":"fr-FR","@id":"https:\/\/www.minesparis.psl.eu\/isige\/#\/schema\/logo\/image\/","url":"https:\/\/www.minesparis.psl.eu\/isige\/wp-content\/uploads\/sites\/21\/2025\/02\/cropped-MinesParis-PSL-ISIGEOCoRVB-1.png","contentUrl":"https:\/\/www.minesparis.psl.eu\/isige\/wp-content\/uploads\/sites\/21\/2025\/02\/cropped-MinesParis-PSL-ISIGEOCoRVB-1.png","width":1584,"height":360,"caption":"ISIGE Mines Paris - PSL"},"image":{"@id":"https:\/\/www.minesparis.psl.eu\/isige\/#\/schema\/logo\/image\/"}}]}},"_links":{"self":[{"href":"https:\/\/www.minesparis.psl.eu\/isige\/wp-json\/wp\/v2\/actualites\/2492","targetHints":{"allow":["GET"]}}],"collection":[{"href":"https:\/\/www.minesparis.psl.eu\/isige\/wp-json\/wp\/v2\/actualites"}],"about":[{"href":"https:\/\/www.minesparis.psl.eu\/isige\/wp-json\/wp\/v2\/types\/actualites"}],"wp:featuredmedia":[{"embeddable":true,"href":"https:\/\/www.minesparis.psl.eu\/isige\/wp-json\/wp\/v2\/media\/2493"}],"wp:attachment":[{"href":"https:\/\/www.minesparis.psl.eu\/isige\/wp-json\/wp\/v2\/media?parent=2492"}],"wp:term":[{"taxonomy":"actualites-formats","embeddable":true,"href":"https:\/\/www.minesparis.psl.eu\/isige\/wp-json\/wp\/v2\/actualites-formats?post=2492"},{"taxonomy":"actualites-thematiques","embeddable":true,"href":"https:\/\/www.minesparis.psl.eu\/isige\/wp-json\/wp\/v2\/actualites-thematiques?post=2492"}],"curies":[{"name":"wp","href":"https:\/\/api.w.org\/{rel}","templated":true}]}}