{"id":2461,"date":"2024-05-16T13:48:00","date_gmt":"2024-05-16T11:48:00","guid":{"rendered":"https:\/\/www.minesparis.psl.eu\/isige\/?post_type=actualites&#038;p=2461"},"modified":"2025-06-18T12:25:05","modified_gmt":"2025-06-18T10:25:05","slug":"voyage-detude-ms-eedd-parcours-rsedd","status":"publish","type":"actualites","link":"https:\/\/www.minesparis.psl.eu\/isige\/actualites\/voyage-detude-ms-eedd-parcours-rsedd\/","title":{"rendered":"Voyage d\u2019\u00e9tude MS EEDD parcours RSEDD"},"content":{"rendered":"\n<div class=\"container block-full-largeur\">\n\t<div class=\"row mt-4\">\n\t\t<div class=\"col-md-12\">\n\t\t\t<p class=\"\" data-start=\"352\" data-end=\"609\">Dunkerque est un territoire cl\u00e9 en mati\u00e8re de transition \u00e9nerg\u00e9tique et industrielle, avec des initiatives fortes en mati\u00e8re de d\u00e9carbonation, d\u2019\u00e9conomie circulaire et de sobri\u00e9t\u00e9 \u00e9nerg\u00e9tique. Parmi les acteurs qu\u2019ils ont pu rencontrer, on peut imaginer :<\/p>\n<ul data-start=\"610\" data-end=\"954\">\n<li class=\"\" data-start=\"610\" data-end=\"717\">\n<p class=\"\" data-start=\"612\" data-end=\"717\"><strong data-start=\"612\" data-end=\"645\">Des industriels en transition<\/strong> (ex. ArcelorMittal et ses projets de r\u00e9duction des \u00e9missions de CO\u2082).<\/p>\n<\/li>\n<li class=\"\" data-start=\"718\" data-end=\"824\">\n<p class=\"\" data-start=\"720\" data-end=\"824\"><strong data-start=\"720\" data-end=\"755\">Des collectivit\u00e9s territoriales<\/strong> qui mettent en place des politiques environnementales ambitieuses.<\/p>\n<\/li>\n<li class=\"\" data-start=\"825\" data-end=\"954\">\n<p class=\"\" data-start=\"827\" data-end=\"954\"><strong data-start=\"827\" data-end=\"867\">Des associations et citoyens engag\u00e9s<\/strong> dans des projets d\u2019\u00e9conomie circulaire, de mobilit\u00e9 durable ou d\u2019agriculture locale.<\/p>\n<\/li>\n<\/ul>\n<p style=\"text-align: justify\"><span class=\"break-words tvm-parent-container \"><span class=\"text-view-model\" dir=\"ltr\"><img loading=\"lazy\" decoding=\"async\" class=\"aligncenter size-large wp-image-4593\" src=\"https:\/\/www.isige.minesparis.psl.eu\/wp-content\/uploads\/1-15-1024x1024.jpg\" alt=\"\" width=\"640\" height=\"640\" \/><\/span><\/span><\/p>\n<p style=\"text-align: justify\">R\u00e9put\u00e9e en mati\u00e8re d\u2019initiatives environnementales, comme pour sa politique de gratuit\u00e9 des transports en commun, la communaut\u00e9 urbaine de Dunkerque doit \u00e9galement sa r\u00e9putation \u00e0 ses travaux avant-gardistes en mati\u00e8re d\u2019\u00e9conomie circulaire appliqu\u00e9e \u00e0 l\u2019industrie.<\/p>\n<p style=\"text-align: justify\"><span class=\"break-words tvm-parent-container \"><span class=\"text-view-model\" dir=\"ltr\"><img loading=\"lazy\" decoding=\"async\" class=\"aligncenter size-large wp-image-4594\" src=\"https:\/\/www.isige.minesparis.psl.eu\/wp-content\/uploads\/2-15-1024x1024.jpg\" alt=\"\" width=\"640\" height=\"640\" \/><\/span><\/span><\/p>\n<p style=\"text-align: justify\">Au cours de ce voyage, les acteurs majeurs du territoire ont pr\u00e9sent\u00e9 et d\u00e9taill\u00e9s les points suivants :<\/p>\n<ul>\n<li style=\"text-align: justify\">Comment embarquer les habitants dans les transitions ?<\/li>\n<li style=\"text-align: justify\">Les toiles industrielles, un outil d&rsquo;aide \u00e0 la d\u00e9cision en mati\u00e8re de strat\u00e9gie industrielle<\/li>\n<li style=\"text-align: justify\">L&rsquo;\u00e9cologie industrielle et territoriale sur le bassin dunkerquois<\/li>\n<li style=\"text-align: justify\">La strat\u00e9gie tourisme et attractivit\u00e9 grand public et pros<\/li>\n<li style=\"text-align: justify\">La Digue : les enjeux li\u00e9s \u00e0 l&rsquo;eau douce et sal\u00e9e<\/li>\n<li style=\"text-align: justify\">Le Grand Port Maritime de Dunkerque, une plateforme industrialo-portuaire sur un polder \u2013 histoire et avenir<\/li>\n<\/ul>\n<p style=\"text-align: justify\"><span class=\"break-words tvm-parent-container \"><span class=\"text-view-model\" dir=\"ltr\"><img loading=\"lazy\" decoding=\"async\" class=\"aligncenter size-large wp-image-4595\" src=\"https:\/\/www.isige.minesparis.psl.eu\/wp-content\/uploads\/3-4-1024x1024.jpg\" alt=\"\" width=\"640\" height=\"640\" \/><\/span><\/span><\/p>\n<p style=\"text-align: justify\">Le point d\u2019orgue industriel de ce voyage \u00e9tait la visite du site d\u2019Arcelor Mittal France Nord et la d\u00e9couverte de son ambitieux projet de d\u00e9carbonation, de sa politique RSE et du Digital Lab d\u00e9di\u00e9 \u00e0 l&rsquo;industrie 4.0.<\/p>\n<p style=\"text-align: justify\"><span class=\"break-words tvm-parent-container \"><span class=\"text-view-model\" dir=\"ltr\"><img loading=\"lazy\" decoding=\"async\" class=\"aligncenter size-large wp-image-4596\" src=\"https:\/\/www.isige.minesparis.psl.eu\/wp-content\/uploads\/4-1-1024x1024.jpg\" alt=\"\" width=\"640\" height=\"640\" \/><\/span><\/span><\/p>\n<p style=\"text-align: justify\">Toutes ces interventions int\u00e9grant les multiples enjeux li\u00e9s \u00e0 la transition \u00e9cologique sous diff\u00e9rents prismes, ont permis \u00e0 la Promo 16 du MS EEDD parcours RSEDD, de mettre en application tous les savoirs et connaissances acquis au cours de leur ann\u00e9e de formation.<\/p>\n<p style=\"text-align: justify\"><span class=\"break-words tvm-parent-container \"><span class=\"text-view-model\" dir=\"ltr\"><img loading=\"lazy\" decoding=\"async\" class=\"aligncenter size-large wp-image-4597\" src=\"https:\/\/www.isige.minesparis.psl.eu\/wp-content\/uploads\/5-1024x1024.jpg\" alt=\"\" width=\"640\" height=\"640\" \/><\/span><\/span><\/p>\n<p style=\"text-align: justify\">Un immense merci \u00e0 tous les intervenants pour ce partage authentique.<\/p>\n\t\t<\/div>\n\t<\/div>\n<\/div>","protected":false},"featured_media":485,"template":"","actualites-formats":[],"actualites-thematiques":[],"class_list":["post-2461","actualites","type-actualites","status-publish","has-post-thumbnail","hentry"],"acf":[],"yoast_head":"<!-- This site is optimized with the Yoast SEO plugin v27.2 - https:\/\/yoast.com\/product\/yoast-seo-wordpress\/ -->\n<title>Voyage d&#039;\u00e9tude MS EEDD parcours RSEDD - ISIGE Mines Paris - PSL<\/title>\n<meta name=\"description\" content=\"Pendant 3 jours, les \u00e9tudiants RSEDD ont rencontr\u00e9 plusieurs acteurs du territoire dunkerquois engag\u00e9s pour la transition \u00e9cologique.\" \/>\n<meta name=\"robots\" content=\"index, follow, max-snippet:-1, max-image-preview:large, max-video-preview:-1\" \/>\n<link rel=\"canonical\" href=\"https:\/\/www.minesparis.psl.eu\/isige\/actualites\/voyage-detude-ms-eedd-parcours-rsedd\/\" \/>\n<meta property=\"og:locale\" content=\"fr_FR\" \/>\n<meta property=\"og:type\" content=\"article\" \/>\n<meta property=\"og:title\" content=\"Voyage d&#039;\u00e9tude MS EEDD parcours RSEDD - ISIGE Mines Paris - PSL\" \/>\n<meta property=\"og:description\" content=\"Pendant 3 jours, les \u00e9tudiants RSEDD ont rencontr\u00e9 plusieurs acteurs du territoire dunkerquois engag\u00e9s pour la transition \u00e9cologique.\" \/>\n<meta property=\"og:url\" content=\"https:\/\/www.minesparis.psl.eu\/isige\/actualites\/voyage-detude-ms-eedd-parcours-rsedd\/\" \/>\n<meta property=\"og:site_name\" content=\"ISIGE Mines Paris - PSL\" \/>\n<meta property=\"article:modified_time\" content=\"2025-06-18T10:25:05+00:00\" \/>\n<meta property=\"og:image\" content=\"https:\/\/www.minesparis.psl.eu\/isige\/wp-content\/uploads\/sites\/21\/2025\/02\/Groupe-Promo-16.jpg\" \/>\n\t<meta property=\"og:image:width\" content=\"1060\" \/>\n\t<meta property=\"og:image:height\" content=\"705\" \/>\n\t<meta property=\"og:image:type\" content=\"image\/jpeg\" \/>\n<meta name=\"twitter:card\" content=\"summary_large_image\" \/>\n<meta name=\"twitter:label1\" content=\"Dur\u00e9e de lecture estim\u00e9e\" \/>\n\t<meta name=\"twitter:data1\" content=\"1 minute\" \/>\n<script type=\"application\/ld+json\" class=\"yoast-schema-graph\">{\"@context\":\"https:\/\/schema.org\",\"@graph\":[{\"@type\":\"WebPage\",\"@id\":\"https:\/\/www.minesparis.psl.eu\/isige\/actualites\/voyage-detude-ms-eedd-parcours-rsedd\/\",\"url\":\"https:\/\/www.minesparis.psl.eu\/isige\/actualites\/voyage-detude-ms-eedd-parcours-rsedd\/\",\"name\":\"Voyage d'\u00e9tude MS EEDD parcours RSEDD - ISIGE Mines Paris - PSL\",\"isPartOf\":{\"@id\":\"https:\/\/www.minesparis.psl.eu\/isige\/#website\"},\"primaryImageOfPage\":{\"@id\":\"https:\/\/www.minesparis.psl.eu\/isige\/actualites\/voyage-detude-ms-eedd-parcours-rsedd\/#primaryimage\"},\"image\":{\"@id\":\"https:\/\/www.minesparis.psl.eu\/isige\/actualites\/voyage-detude-ms-eedd-parcours-rsedd\/#primaryimage\"},\"thumbnailUrl\":\"https:\/\/www.minesparis.psl.eu\/isige\/wp-content\/uploads\/sites\/21\/2025\/02\/Groupe-Promo-16.jpg\",\"datePublished\":\"2024-05-16T11:48:00+00:00\",\"dateModified\":\"2025-06-18T10:25:05+00:00\",\"description\":\"Pendant 3 jours, les \u00e9tudiants RSEDD ont rencontr\u00e9 plusieurs acteurs du territoire dunkerquois engag\u00e9s pour la transition \u00e9cologique.\",\"breadcrumb\":{\"@id\":\"https:\/\/www.minesparis.psl.eu\/isige\/actualites\/voyage-detude-ms-eedd-parcours-rsedd\/#breadcrumb\"},\"inLanguage\":\"fr-FR\",\"potentialAction\":[{\"@type\":\"ReadAction\",\"target\":[\"https:\/\/www.minesparis.psl.eu\/isige\/actualites\/voyage-detude-ms-eedd-parcours-rsedd\/\"]}]},{\"@type\":\"ImageObject\",\"inLanguage\":\"fr-FR\",\"@id\":\"https:\/\/www.minesparis.psl.eu\/isige\/actualites\/voyage-detude-ms-eedd-parcours-rsedd\/#primaryimage\",\"url\":\"https:\/\/www.minesparis.psl.eu\/isige\/wp-content\/uploads\/sites\/21\/2025\/02\/Groupe-Promo-16.jpg\",\"contentUrl\":\"https:\/\/www.minesparis.psl.eu\/isige\/wp-content\/uploads\/sites\/21\/2025\/02\/Groupe-Promo-16.jpg\",\"width\":1060,\"height\":705},{\"@type\":\"BreadcrumbList\",\"@id\":\"https:\/\/www.minesparis.psl.eu\/isige\/actualites\/voyage-detude-ms-eedd-parcours-rsedd\/#breadcrumb\",\"itemListElement\":[{\"@type\":\"ListItem\",\"position\":1,\"name\":\"Accueil\",\"item\":\"https:\/\/www.minesparis.psl.eu\/isige\/\"},{\"@type\":\"ListItem\",\"position\":2,\"name\":\"Voyage d\u2019\u00e9tude MS EEDD parcours RSEDD\"}]},{\"@type\":\"WebSite\",\"@id\":\"https:\/\/www.minesparis.psl.eu\/isige\/#website\",\"url\":\"https:\/\/www.minesparis.psl.eu\/isige\/\",\"name\":\"ISIGE Mines Paris - PSL\",\"description\":\"\",\"publisher\":{\"@id\":\"https:\/\/www.minesparis.psl.eu\/isige\/#organization\"},\"potentialAction\":[{\"@type\":\"SearchAction\",\"target\":{\"@type\":\"EntryPoint\",\"urlTemplate\":\"https:\/\/www.minesparis.psl.eu\/isige\/?s={search_term_string}\"},\"query-input\":{\"@type\":\"PropertyValueSpecification\",\"valueRequired\":true,\"valueName\":\"search_term_string\"}}],\"inLanguage\":\"fr-FR\"},{\"@type\":\"Organization\",\"@id\":\"https:\/\/www.minesparis.psl.eu\/isige\/#organization\",\"name\":\"ISIGE Mines Paris - PSL\",\"url\":\"https:\/\/www.minesparis.psl.eu\/isige\/\",\"logo\":{\"@type\":\"ImageObject\",\"inLanguage\":\"fr-FR\",\"@id\":\"https:\/\/www.minesparis.psl.eu\/isige\/#\/schema\/logo\/image\/\",\"url\":\"https:\/\/www.minesparis.psl.eu\/isige\/wp-content\/uploads\/sites\/21\/2025\/02\/cropped-MinesParis-PSL-ISIGEOCoRVB-1.png\",\"contentUrl\":\"https:\/\/www.minesparis.psl.eu\/isige\/wp-content\/uploads\/sites\/21\/2025\/02\/cropped-MinesParis-PSL-ISIGEOCoRVB-1.png\",\"width\":1584,\"height\":360,\"caption\":\"ISIGE Mines Paris - PSL\"},\"image\":{\"@id\":\"https:\/\/www.minesparis.psl.eu\/isige\/#\/schema\/logo\/image\/\"}}]}<\/script>\n<!-- \/ Yoast SEO plugin. -->","yoast_head_json":{"title":"Voyage d'\u00e9tude MS EEDD parcours RSEDD - ISIGE Mines Paris - PSL","description":"Pendant 3 jours, les \u00e9tudiants RSEDD ont rencontr\u00e9 plusieurs acteurs du territoire dunkerquois engag\u00e9s pour la transition \u00e9cologique.","robots":{"index":"index","follow":"follow","max-snippet":"max-snippet:-1","max-image-preview":"max-image-preview:large","max-video-preview":"max-video-preview:-1"},"canonical":"https:\/\/www.minesparis.psl.eu\/isige\/actualites\/voyage-detude-ms-eedd-parcours-rsedd\/","og_locale":"fr_FR","og_type":"article","og_title":"Voyage d'\u00e9tude MS EEDD parcours RSEDD - ISIGE Mines Paris - PSL","og_description":"Pendant 3 jours, les \u00e9tudiants RSEDD ont rencontr\u00e9 plusieurs acteurs du territoire dunkerquois engag\u00e9s pour la transition \u00e9cologique.","og_url":"https:\/\/www.minesparis.psl.eu\/isige\/actualites\/voyage-detude-ms-eedd-parcours-rsedd\/","og_site_name":"ISIGE Mines Paris - PSL","article_modified_time":"2025-06-18T10:25:05+00:00","og_image":[{"width":1060,"height":705,"url":"https:\/\/www.minesparis.psl.eu\/isige\/wp-content\/uploads\/sites\/21\/2025\/02\/Groupe-Promo-16.jpg","type":"image\/jpeg"}],"twitter_card":"summary_large_image","twitter_misc":{"Dur\u00e9e de lecture estim\u00e9e":"1 minute"},"schema":{"@context":"https:\/\/schema.org","@graph":[{"@type":"WebPage","@id":"https:\/\/www.minesparis.psl.eu\/isige\/actualites\/voyage-detude-ms-eedd-parcours-rsedd\/","url":"https:\/\/www.minesparis.psl.eu\/isige\/actualites\/voyage-detude-ms-eedd-parcours-rsedd\/","name":"Voyage d'\u00e9tude MS EEDD parcours RSEDD - ISIGE Mines Paris - PSL","isPartOf":{"@id":"https:\/\/www.minesparis.psl.eu\/isige\/#website"},"primaryImageOfPage":{"@id":"https:\/\/www.minesparis.psl.eu\/isige\/actualites\/voyage-detude-ms-eedd-parcours-rsedd\/#primaryimage"},"image":{"@id":"https:\/\/www.minesparis.psl.eu\/isige\/actualites\/voyage-detude-ms-eedd-parcours-rsedd\/#primaryimage"},"thumbnailUrl":"https:\/\/www.minesparis.psl.eu\/isige\/wp-content\/uploads\/sites\/21\/2025\/02\/Groupe-Promo-16.jpg","datePublished":"2024-05-16T11:48:00+00:00","dateModified":"2025-06-18T10:25:05+00:00","description":"Pendant 3 jours, les \u00e9tudiants RSEDD ont rencontr\u00e9 plusieurs acteurs du territoire dunkerquois engag\u00e9s pour la transition \u00e9cologique.","breadcrumb":{"@id":"https:\/\/www.minesparis.psl.eu\/isige\/actualites\/voyage-detude-ms-eedd-parcours-rsedd\/#breadcrumb"},"inLanguage":"fr-FR","potentialAction":[{"@type":"ReadAction","target":["https:\/\/www.minesparis.psl.eu\/isige\/actualites\/voyage-detude-ms-eedd-parcours-rsedd\/"]}]},{"@type":"ImageObject","inLanguage":"fr-FR","@id":"https:\/\/www.minesparis.psl.eu\/isige\/actualites\/voyage-detude-ms-eedd-parcours-rsedd\/#primaryimage","url":"https:\/\/www.minesparis.psl.eu\/isige\/wp-content\/uploads\/sites\/21\/2025\/02\/Groupe-Promo-16.jpg","contentUrl":"https:\/\/www.minesparis.psl.eu\/isige\/wp-content\/uploads\/sites\/21\/2025\/02\/Groupe-Promo-16.jpg","width":1060,"height":705},{"@type":"BreadcrumbList","@id":"https:\/\/www.minesparis.psl.eu\/isige\/actualites\/voyage-detude-ms-eedd-parcours-rsedd\/#breadcrumb","itemListElement":[{"@type":"ListItem","position":1,"name":"Accueil","item":"https:\/\/www.minesparis.psl.eu\/isige\/"},{"@type":"ListItem","position":2,"name":"Voyage d\u2019\u00e9tude MS EEDD parcours RSEDD"}]},{"@type":"WebSite","@id":"https:\/\/www.minesparis.psl.eu\/isige\/#website","url":"https:\/\/www.minesparis.psl.eu\/isige\/","name":"ISIGE Mines Paris - PSL","description":"","publisher":{"@id":"https:\/\/www.minesparis.psl.eu\/isige\/#organization"},"potentialAction":[{"@type":"SearchAction","target":{"@type":"EntryPoint","urlTemplate":"https:\/\/www.minesparis.psl.eu\/isige\/?s={search_term_string}"},"query-input":{"@type":"PropertyValueSpecification","valueRequired":true,"valueName":"search_term_string"}}],"inLanguage":"fr-FR"},{"@type":"Organization","@id":"https:\/\/www.minesparis.psl.eu\/isige\/#organization","name":"ISIGE Mines Paris - PSL","url":"https:\/\/www.minesparis.psl.eu\/isige\/","logo":{"@type":"ImageObject","inLanguage":"fr-FR","@id":"https:\/\/www.minesparis.psl.eu\/isige\/#\/schema\/logo\/image\/","url":"https:\/\/www.minesparis.psl.eu\/isige\/wp-content\/uploads\/sites\/21\/2025\/02\/cropped-MinesParis-PSL-ISIGEOCoRVB-1.png","contentUrl":"https:\/\/www.minesparis.psl.eu\/isige\/wp-content\/uploads\/sites\/21\/2025\/02\/cropped-MinesParis-PSL-ISIGEOCoRVB-1.png","width":1584,"height":360,"caption":"ISIGE Mines Paris - PSL"},"image":{"@id":"https:\/\/www.minesparis.psl.eu\/isige\/#\/schema\/logo\/image\/"}}]}},"_links":{"self":[{"href":"https:\/\/www.minesparis.psl.eu\/isige\/wp-json\/wp\/v2\/actualites\/2461","targetHints":{"allow":["GET"]}}],"collection":[{"href":"https:\/\/www.minesparis.psl.eu\/isige\/wp-json\/wp\/v2\/actualites"}],"about":[{"href":"https:\/\/www.minesparis.psl.eu\/isige\/wp-json\/wp\/v2\/types\/actualites"}],"wp:featuredmedia":[{"embeddable":true,"href":"https:\/\/www.minesparis.psl.eu\/isige\/wp-json\/wp\/v2\/media\/485"}],"wp:attachment":[{"href":"https:\/\/www.minesparis.psl.eu\/isige\/wp-json\/wp\/v2\/media?parent=2461"}],"wp:term":[{"taxonomy":"actualites-formats","embeddable":true,"href":"https:\/\/www.minesparis.psl.eu\/isige\/wp-json\/wp\/v2\/actualites-formats?post=2461"},{"taxonomy":"actualites-thematiques","embeddable":true,"href":"https:\/\/www.minesparis.psl.eu\/isige\/wp-json\/wp\/v2\/actualites-thematiques?post=2461"}],"curies":[{"name":"wp","href":"https:\/\/api.w.org\/{rel}","templated":true}]}}