{"id":2346,"date":"2024-09-19T10:23:00","date_gmt":"2024-09-19T08:23:00","guid":{"rendered":"https:\/\/www.minesparis.psl.eu\/isige\/?post_type=actualites&#038;p=2346"},"modified":"2025-06-18T12:25:04","modified_gmt":"2025-06-18T10:25:04","slug":"cest-la-rentree-pour-les-30-nouveaux-etudiants-de-la-33eme-promo-du-ms-eedd-parcours-ige","status":"publish","type":"actualites","link":"https:\/\/www.minesparis.psl.eu\/isige\/actualites\/cest-la-rentree-pour-les-30-nouveaux-etudiants-de-la-33eme-promo-du-ms-eedd-parcours-ige\/","title":{"rendered":"C\u2019est la rentr\u00e9e pour les 30 nouveaux \u00e9tudiants de la 33\u00e8me Promo du MS EEDD parcours IGE"},"content":{"rendered":"\n<div class=\"container block-full-largeur\">\n\t<div class=\"row mt-4\">\n\t\t<div class=\"col-md-12\">\n\t\t\t<p class=\"\" style=\"text-align: justify\" data-start=\"0\" data-end=\"126\"><span class=\"relative -mx-px my-[-0.2rem] rounded px-px py-[0.2rem]\">Le Mast\u00e8re Sp\u00e9cialis\u00e9 EEDD parcours Ing\u00e9nierie et Gestion de l&rsquo;Environnement (IGE) de l&rsquo;ISIGE &#8211; Mines Paris est con\u00e7u pour former des experts capables d&rsquo;appr\u00e9hender et de r\u00e9pondre aux enjeux environnementaux actuels.<\/span> <span class=\"relative -mx-px my-[-0.2rem] rounded px-px py-[0.2rem]\">La formation se d\u00e9roule sur une ann\u00e9e et combine des p\u00e9riodes acad\u00e9miques avec des exp\u00e9riences professionnelles en entreprise.<\/span>\u200b<\/p>\n<h2 style=\"text-align: justify\" data-start=\"128\" data-end=\"159\"><strong data-start=\"128\" data-end=\"159\">Structure de la formation\n<\/strong><\/h2>\n<ul style=\"text-align: justify\" data-start=\"161\" data-end=\"421\">\n<li class=\"\" data-start=\"161\" data-end=\"289\">\n<p class=\"\" data-start=\"163\" data-end=\"289\"><strong data-start=\"163\" data-end=\"207\">P\u00e9riode acad\u00e9mique (septembre \u00e0 avril) :<\/strong> <span class=\"relative -mx-px my-[-0.2rem] rounded px-px py-[0.2rem]\">Durant ces six mois, les \u00e9tudiants alternent entre des blocs de cours en pr\u00e9sentiel de 2 \u00e0 4 semaines et des p\u00e9riodes en entreprise, totalisant 17 semaines de cours. Cette approche permet une immersion progressive dans les concepts th\u00e9oriques tout en les appliquant concr\u00e8tement en milieu professionnel.<\/span>\u200b<\/p>\n<\/li>\n<li class=\"\" data-start=\"291\" data-end=\"421\">\n<p class=\"\" data-start=\"293\" data-end=\"421\"><strong data-start=\"293\" data-end=\"339\">Mission en entreprise (\u00e0 partir d&rsquo;avril) :<\/strong> <span class=\"relative -mx-px my-[-0.2rem] rounded px-px py-[0.2rem]\">Apr\u00e8s la p\u00e9riode acad\u00e9mique, les \u00e9tudiants consacrent 5,5 mois \u00e0 une mission professionnelle \u00e0 temps plein en entreprise. Cette exp\u00e9rience est l&rsquo;occasion de r\u00e9diger une th\u00e8se professionnelle, soutenue en septembre, qui valide les comp\u00e9tences acquises durant le cursus<\/span><span class=\"\" data-state=\"closed\"><span class=\"ml-1 inline-flex max-w-full items-center relative top-[-0.094rem]\">.<\/span><\/span><\/p>\n<\/li>\n<\/ul>\n<p class=\"\" style=\"text-align: justify\" data-start=\"423\" data-end=\"462\"><strong data-start=\"423\" data-end=\"462\">Modules d&rsquo;enseignement principaux :<\/strong><\/p>\n<ol style=\"text-align: justify\" data-start=\"464\" data-end=\"937\">\n<li class=\"\" data-start=\"464\" data-end=\"634\">\n<p class=\"\" data-start=\"467\" data-end=\"634\"><strong data-start=\"467\" data-end=\"552\">Pr\u00e9parer aux fonctions du management du d\u00e9veloppement durable dans l\u2019entreprise :<\/strong> <span class=\"relative -mx-px my-[-0.2rem] rounded px-px py-[0.2rem]\">Ce module vise \u00e0 comprendre l&rsquo;organisation de l&rsquo;entreprise face aux enjeux du d\u00e9veloppement durable, en abordant des th\u00e8mes tels que l&rsquo;\u00e9conomie circulaire, le cadre institutionnel et r\u00e9glementaire, ainsi que les strat\u00e9gies RSE.<\/span><\/p>\n<\/li>\n<li class=\"\" data-start=\"636\" data-end=\"776\">\n<p class=\"\" data-start=\"639\" data-end=\"776\"><strong data-start=\"639\" data-end=\"692\">Analyser et interroger les d\u00e9fis cl\u00e9s de demain :<\/strong> <span class=\"relative -mx-px my-[-0.2rem] rounded px-px py-[0.2rem]\">Les \u00e9tudiants d\u00e9veloppent une capacit\u00e9 d&rsquo;analyse syst\u00e9mique en explorant des sujets comme le changement climatique, la biodiversit\u00e9, les \u00e9nergies renouvelables et la gestion des ressources.<\/span>\u200b<\/p>\n<\/li>\n<li class=\"\" data-start=\"778\" data-end=\"937\">\n<p class=\"\" data-start=\"781\" data-end=\"937\"><strong data-start=\"781\" data-end=\"851\">D\u00e9velopper des projets autour d\u2019outils et d\u2019approches innovantes :<\/strong> <span class=\"relative -mx-px my-[-0.2rem] rounded px-px py-[0.2rem]\">Ce module est ax\u00e9 sur la gestion de projets op\u00e9rationnels et la ma\u00eetrise d&rsquo;outils tels que l&rsquo;analyse du cycle de vie (ACV) et l&#8217;empreinte carbone, appliqu\u00e9s \u00e0 des domaines comme l&rsquo;\u00e9co-conception et l&rsquo;efficacit\u00e9 \u00e9nerg\u00e9tique.<\/span>\u200b<\/p>\n<\/li>\n<\/ol>\n<p class=\"\" style=\"text-align: justify\" data-start=\"939\" data-end=\"1064\"><span class=\"relative -mx-px my-[-0.2rem] rounded px-px py-[0.2rem]\">Cette formation est propos\u00e9e en alternance, permettant aux \u00e9tudiants de financer leur cursus via un contrat de professionnalisation ou d&rsquo;apprentissage.<\/span> <span class=\"relative -mx-px my-[-0.2rem] rounded px-px py-[0.2rem]\">Elle est \u00e9galement accessible en formation continue pour les professionnels en reconversion, avec des p\u00e9riodes d\u00e9di\u00e9es au d\u00e9veloppement de projets personnels ou professionnels.<\/span><\/p>\n<p style=\"text-align: justify\"><span class=\"break-words tvm-parent-container\"><span dir=\"ltr\">Lundi 9 septembre se d\u00e9roulait la rentr\u00e9e pour les 30 nouveaux \u00e9tudiants de la 33\u00e8me Promo du MS EEDD parcours IGE sur le campus de Fontainebleau.<\/span><\/span><\/p>\n<p style=\"text-align: justify\"><img loading=\"lazy\" decoding=\"async\" class=\"size-large wp-image-4748 aligncenter\" src=\"https:\/\/www.isige.minesparis.psl.eu\/wp-content\/uploads\/1-19-1024x1024.jpg\" alt=\"Rentr\u00e9e 2024 MS EEDD Parcours IGE\" width=\"640\" height=\"640\" \/><\/p>\n<p style=\"text-align: justify\"><span class=\"break-words tvm-parent-container\"><span dir=\"ltr\">A l\u2019occasion de cette \u00a0journ\u00e9e d\u2019ouverture, Fr\u00e9d\u00e9ric FONTANE, directeur de l\u2019enseignement de Mines Paris &#8211; PSL, a pr\u00e9sent\u00e9 l\u2019\u00c9cole, son histoire, et ses valeurs, entre th\u00e9orie et pratique. Quant \u00e0 Xavier Caillard, d\u00e9l\u00e9gu\u00e9 du campus de Fontainebleau, il a propos\u00e9 aux \u00e9tudiants une visite des laboratoires de G\u00e9osciences. Tous deux ont soulign\u00e9 l&rsquo;importance de la recherche scientifique dans les activit\u00e9s de l\u2019\u00c9cole.<\/span><\/span><\/p>\n<p style=\"text-align: justify\"><img loading=\"lazy\" decoding=\"async\" class=\"size-large wp-image-4749 aligncenter\" src=\"https:\/\/www.isige.minesparis.psl.eu\/wp-content\/uploads\/2-19-1024x1024.jpg\" alt=\"Rentr\u00e9e 2024 MS EEDD Parcours IGE\" width=\"640\" height=\"640\" \/><\/p>\n<h2 style=\"text-align: justify\"><span class=\"break-words tvm-parent-container\"><span dir=\"ltr\"><strong>Place au terrain<\/strong><\/span><\/span><\/h2>\n<p style=\"text-align: justify\"><span class=\"break-words tvm-parent-container\"><span dir=\"ltr\">Mardi, une sortie en for\u00eat de Pays de Fontainebleau a eu lieu, sur le site de la Grotte-aux-Cristaux et de la Plati\u00e8re de Belle-Croix en compagnie de M\u00e9dard Thiry, ancien enseignant-chercheur \u00e0 l\u2019\u00c9cole des Mines Paris et Marie Nieves Liron, ing\u00e9nieure &#8211; \u00e9cologue et botaniste, pour initier les \u00e9tudiants \u00e0 la g\u00e9ologie du massif de Fontainebleau et aux enjeux de biodiversit\u00e9 li\u00e9s au r\u00e9chauffement climatique.<\/span><\/span><\/p>\n<p style=\"text-align: justify\"><img loading=\"lazy\" decoding=\"async\" class=\"size-large wp-image-4750 aligncenter\" src=\"https:\/\/www.isige.minesparis.psl.eu\/wp-content\/uploads\/3-7-1024x1024.jpg\" alt=\"Rentr\u00e9e 2024 MS EEDD Parcours IGE\" width=\"640\" height=\"640\" \/><\/p>\n<h2 style=\"text-align: justify\"><span class=\"break-words tvm-parent-container\"><span dir=\"ltr\"><strong>Le saviez-vous ?<\/strong><\/span><\/span><\/h2>\n<p style=\"text-align: justify\"><span class=\"break-words tvm-parent-container\"><span dir=\"ltr\">La for\u00eat de Fontainebleau est embl\u00e9matique des actions de pr\u00e9servation des sites naturels depuis le XVIII\u00e8me si\u00e8cle. Landes, mares et tourbi\u00e8res, chaos rocheux sculpt\u00e9s en bestiaire, dunes \u00e9oliennes, pelouses arides, futaies sombres, bois clairs thermophiles et s\u00e9v\u00e8res pin\u00e8des, la mosa\u00efque des paysages de Fontainebleau surprend par sa #diversit\u00e9. C\u2019est de cette juxtaposition d\u2019habitats diversifi\u00e9s \u00a0que se tisse son exceptionnelle biodiversit\u00e9.<\/span><\/span><\/p>\n<p style=\"text-align: justify\"><img loading=\"lazy\" decoding=\"async\" class=\"size-large wp-image-4751 aligncenter\" src=\"https:\/\/www.isige.minesparis.psl.eu\/wp-content\/uploads\/4-2-1024x1024.jpg\" alt=\"Rentr\u00e9e 2024 MS EEDD Parcours IGE\" width=\"640\" height=\"640\" \/><\/p>\n<p style=\"text-align: justify\"><span class=\"break-words tvm-parent-container\"><span dir=\"ltr\">Cette journ\u00e9e en for\u00eat a permis aux \u00e9tudiants de l&rsquo;ISIGE Mines Paris-PSL de mieux appr\u00e9hender les interactions fonctionnelles entre le min\u00e9ral, l\u2019eau et le vivant et d\u2019avoir un aper\u00e7u des probl\u00e9matiques de la gestion de la biodiversit\u00e9.<\/span><\/span><\/p>\n<p style=\"text-align: justify\">Un grand merci aux intervenants qui ont su partager leurs recherches en g\u00e9ologie et leur vision du vivant. Bienvenue \u00e0 nos 30 \u00e9tudiants, nous leur souhaitons une ann\u00e9e de formation riche en apprentissages, r\u00e9flexions et projets.<\/p>\n\t\t<\/div>\n\t<\/div>\n<\/div>","protected":false},"featured_media":2347,"template":"","actualites-formats":[15],"actualites-thematiques":[20,21],"class_list":["post-2346","actualites","type-actualites","status-publish","has-post-thumbnail","hentry"],"acf":[],"yoast_head":"<!-- This site is optimized with the Yoast SEO plugin v27.2 - https:\/\/yoast.com\/product\/yoast-seo-wordpress\/ -->\n<title>C&#039;est la rentr\u00e9e pour les 30 nouveaux \u00e9tudiants de la 33\u00e8me Promo du MS EEDD parcours IGE - ISIGE Mines Paris - PSL<\/title>\n<meta name=\"description\" content=\"Le Mast\u00e8re Sp\u00e9cialis\u00e9 EEDD parcours Ing\u00e9nierie et Gestion de l&#039;Environnement (IGE) est con\u00e7u pour former des experts capables d&#039;appr\u00e9hender et de r\u00e9pondre aux enjeux environnementaux actuels.\" \/>\n<meta name=\"robots\" content=\"index, follow, max-snippet:-1, max-image-preview:large, max-video-preview:-1\" \/>\n<link rel=\"canonical\" href=\"https:\/\/www.minesparis.psl.eu\/isige\/actualites\/cest-la-rentree-pour-les-30-nouveaux-etudiants-de-la-33eme-promo-du-ms-eedd-parcours-ige\/\" \/>\n<meta property=\"og:locale\" content=\"fr_FR\" \/>\n<meta property=\"og:type\" content=\"article\" \/>\n<meta property=\"og:title\" content=\"C&#039;est la rentr\u00e9e pour les 30 nouveaux \u00e9tudiants de la 33\u00e8me Promo du MS EEDD parcours IGE - ISIGE Mines Paris - PSL\" \/>\n<meta property=\"og:description\" content=\"Le Mast\u00e8re Sp\u00e9cialis\u00e9 EEDD parcours Ing\u00e9nierie et Gestion de l&#039;Environnement (IGE) est con\u00e7u pour former des experts capables d&#039;appr\u00e9hender et de r\u00e9pondre aux enjeux environnementaux actuels.\" \/>\n<meta property=\"og:url\" content=\"https:\/\/www.minesparis.psl.eu\/isige\/actualites\/cest-la-rentree-pour-les-30-nouveaux-etudiants-de-la-33eme-promo-du-ms-eedd-parcours-ige\/\" \/>\n<meta property=\"og:site_name\" content=\"ISIGE Mines Paris - PSL\" \/>\n<meta property=\"article:modified_time\" content=\"2025-06-18T10:25:04+00:00\" \/>\n<meta property=\"og:image\" content=\"https:\/\/www.minesparis.psl.eu\/isige\/wp-content\/uploads\/sites\/21\/2025\/03\/IMG_2076.jpg\" \/>\n\t<meta property=\"og:image:width\" content=\"1200\" \/>\n\t<meta property=\"og:image:height\" content=\"798\" \/>\n\t<meta property=\"og:image:type\" content=\"image\/jpeg\" \/>\n<meta name=\"twitter:card\" content=\"summary_large_image\" \/>\n<meta name=\"twitter:label1\" content=\"Dur\u00e9e de lecture estim\u00e9e\" \/>\n\t<meta name=\"twitter:data1\" content=\"1 minute\" \/>\n<script type=\"application\/ld+json\" class=\"yoast-schema-graph\">{\"@context\":\"https:\/\/schema.org\",\"@graph\":[{\"@type\":\"WebPage\",\"@id\":\"https:\/\/www.minesparis.psl.eu\/isige\/actualites\/cest-la-rentree-pour-les-30-nouveaux-etudiants-de-la-33eme-promo-du-ms-eedd-parcours-ige\/\",\"url\":\"https:\/\/www.minesparis.psl.eu\/isige\/actualites\/cest-la-rentree-pour-les-30-nouveaux-etudiants-de-la-33eme-promo-du-ms-eedd-parcours-ige\/\",\"name\":\"C'est la rentr\u00e9e pour les 30 nouveaux \u00e9tudiants de la 33\u00e8me Promo du MS EEDD parcours IGE - ISIGE Mines Paris - PSL\",\"isPartOf\":{\"@id\":\"https:\/\/www.minesparis.psl.eu\/isige\/#website\"},\"primaryImageOfPage\":{\"@id\":\"https:\/\/www.minesparis.psl.eu\/isige\/actualites\/cest-la-rentree-pour-les-30-nouveaux-etudiants-de-la-33eme-promo-du-ms-eedd-parcours-ige\/#primaryimage\"},\"image\":{\"@id\":\"https:\/\/www.minesparis.psl.eu\/isige\/actualites\/cest-la-rentree-pour-les-30-nouveaux-etudiants-de-la-33eme-promo-du-ms-eedd-parcours-ige\/#primaryimage\"},\"thumbnailUrl\":\"https:\/\/www.minesparis.psl.eu\/isige\/wp-content\/uploads\/sites\/21\/2025\/03\/IMG_2076.jpg\",\"datePublished\":\"2024-09-19T08:23:00+00:00\",\"dateModified\":\"2025-06-18T10:25:04+00:00\",\"description\":\"Le Mast\u00e8re Sp\u00e9cialis\u00e9 EEDD parcours Ing\u00e9nierie et Gestion de l'Environnement (IGE) est con\u00e7u pour former des experts capables d'appr\u00e9hender et de r\u00e9pondre aux enjeux environnementaux actuels.\",\"breadcrumb\":{\"@id\":\"https:\/\/www.minesparis.psl.eu\/isige\/actualites\/cest-la-rentree-pour-les-30-nouveaux-etudiants-de-la-33eme-promo-du-ms-eedd-parcours-ige\/#breadcrumb\"},\"inLanguage\":\"fr-FR\",\"potentialAction\":[{\"@type\":\"ReadAction\",\"target\":[\"https:\/\/www.minesparis.psl.eu\/isige\/actualites\/cest-la-rentree-pour-les-30-nouveaux-etudiants-de-la-33eme-promo-du-ms-eedd-parcours-ige\/\"]}]},{\"@type\":\"ImageObject\",\"inLanguage\":\"fr-FR\",\"@id\":\"https:\/\/www.minesparis.psl.eu\/isige\/actualites\/cest-la-rentree-pour-les-30-nouveaux-etudiants-de-la-33eme-promo-du-ms-eedd-parcours-ige\/#primaryimage\",\"url\":\"https:\/\/www.minesparis.psl.eu\/isige\/wp-content\/uploads\/sites\/21\/2025\/03\/IMG_2076.jpg\",\"contentUrl\":\"https:\/\/www.minesparis.psl.eu\/isige\/wp-content\/uploads\/sites\/21\/2025\/03\/IMG_2076.jpg\",\"width\":1200,\"height\":798,\"caption\":\"Rentr\u00e9e IGE\"},{\"@type\":\"BreadcrumbList\",\"@id\":\"https:\/\/www.minesparis.psl.eu\/isige\/actualites\/cest-la-rentree-pour-les-30-nouveaux-etudiants-de-la-33eme-promo-du-ms-eedd-parcours-ige\/#breadcrumb\",\"itemListElement\":[{\"@type\":\"ListItem\",\"position\":1,\"name\":\"Accueil\",\"item\":\"https:\/\/www.minesparis.psl.eu\/isige\/\"},{\"@type\":\"ListItem\",\"position\":2,\"name\":\"C\u2019est la rentr\u00e9e pour les 30 nouveaux \u00e9tudiants de la 33\u00e8me Promo du MS EEDD parcours IGE\"}]},{\"@type\":\"WebSite\",\"@id\":\"https:\/\/www.minesparis.psl.eu\/isige\/#website\",\"url\":\"https:\/\/www.minesparis.psl.eu\/isige\/\",\"name\":\"ISIGE Mines Paris - PSL\",\"description\":\"\",\"publisher\":{\"@id\":\"https:\/\/www.minesparis.psl.eu\/isige\/#organization\"},\"potentialAction\":[{\"@type\":\"SearchAction\",\"target\":{\"@type\":\"EntryPoint\",\"urlTemplate\":\"https:\/\/www.minesparis.psl.eu\/isige\/?s={search_term_string}\"},\"query-input\":{\"@type\":\"PropertyValueSpecification\",\"valueRequired\":true,\"valueName\":\"search_term_string\"}}],\"inLanguage\":\"fr-FR\"},{\"@type\":\"Organization\",\"@id\":\"https:\/\/www.minesparis.psl.eu\/isige\/#organization\",\"name\":\"ISIGE Mines Paris - PSL\",\"url\":\"https:\/\/www.minesparis.psl.eu\/isige\/\",\"logo\":{\"@type\":\"ImageObject\",\"inLanguage\":\"fr-FR\",\"@id\":\"https:\/\/www.minesparis.psl.eu\/isige\/#\/schema\/logo\/image\/\",\"url\":\"https:\/\/www.minesparis.psl.eu\/isige\/wp-content\/uploads\/sites\/21\/2025\/02\/cropped-MinesParis-PSL-ISIGEOCoRVB-1.png\",\"contentUrl\":\"https:\/\/www.minesparis.psl.eu\/isige\/wp-content\/uploads\/sites\/21\/2025\/02\/cropped-MinesParis-PSL-ISIGEOCoRVB-1.png\",\"width\":1584,\"height\":360,\"caption\":\"ISIGE Mines Paris - PSL\"},\"image\":{\"@id\":\"https:\/\/www.minesparis.psl.eu\/isige\/#\/schema\/logo\/image\/\"}}]}<\/script>\n<!-- \/ Yoast SEO plugin. -->","yoast_head_json":{"title":"C'est la rentr\u00e9e pour les 30 nouveaux \u00e9tudiants de la 33\u00e8me Promo du MS EEDD parcours IGE - ISIGE Mines Paris - PSL","description":"Le Mast\u00e8re Sp\u00e9cialis\u00e9 EEDD parcours Ing\u00e9nierie et Gestion de l'Environnement (IGE) est con\u00e7u pour former des experts capables d'appr\u00e9hender et de r\u00e9pondre aux enjeux environnementaux actuels.","robots":{"index":"index","follow":"follow","max-snippet":"max-snippet:-1","max-image-preview":"max-image-preview:large","max-video-preview":"max-video-preview:-1"},"canonical":"https:\/\/www.minesparis.psl.eu\/isige\/actualites\/cest-la-rentree-pour-les-30-nouveaux-etudiants-de-la-33eme-promo-du-ms-eedd-parcours-ige\/","og_locale":"fr_FR","og_type":"article","og_title":"C'est la rentr\u00e9e pour les 30 nouveaux \u00e9tudiants de la 33\u00e8me Promo du MS EEDD parcours IGE - ISIGE Mines Paris - PSL","og_description":"Le Mast\u00e8re Sp\u00e9cialis\u00e9 EEDD parcours Ing\u00e9nierie et Gestion de l'Environnement (IGE) est con\u00e7u pour former des experts capables d'appr\u00e9hender et de r\u00e9pondre aux enjeux environnementaux actuels.","og_url":"https:\/\/www.minesparis.psl.eu\/isige\/actualites\/cest-la-rentree-pour-les-30-nouveaux-etudiants-de-la-33eme-promo-du-ms-eedd-parcours-ige\/","og_site_name":"ISIGE Mines Paris - PSL","article_modified_time":"2025-06-18T10:25:04+00:00","og_image":[{"width":1200,"height":798,"url":"https:\/\/www.minesparis.psl.eu\/isige\/wp-content\/uploads\/sites\/21\/2025\/03\/IMG_2076.jpg","type":"image\/jpeg"}],"twitter_card":"summary_large_image","twitter_misc":{"Dur\u00e9e de lecture estim\u00e9e":"1 minute"},"schema":{"@context":"https:\/\/schema.org","@graph":[{"@type":"WebPage","@id":"https:\/\/www.minesparis.psl.eu\/isige\/actualites\/cest-la-rentree-pour-les-30-nouveaux-etudiants-de-la-33eme-promo-du-ms-eedd-parcours-ige\/","url":"https:\/\/www.minesparis.psl.eu\/isige\/actualites\/cest-la-rentree-pour-les-30-nouveaux-etudiants-de-la-33eme-promo-du-ms-eedd-parcours-ige\/","name":"C'est la rentr\u00e9e pour les 30 nouveaux \u00e9tudiants de la 33\u00e8me Promo du MS EEDD parcours IGE - ISIGE Mines Paris - PSL","isPartOf":{"@id":"https:\/\/www.minesparis.psl.eu\/isige\/#website"},"primaryImageOfPage":{"@id":"https:\/\/www.minesparis.psl.eu\/isige\/actualites\/cest-la-rentree-pour-les-30-nouveaux-etudiants-de-la-33eme-promo-du-ms-eedd-parcours-ige\/#primaryimage"},"image":{"@id":"https:\/\/www.minesparis.psl.eu\/isige\/actualites\/cest-la-rentree-pour-les-30-nouveaux-etudiants-de-la-33eme-promo-du-ms-eedd-parcours-ige\/#primaryimage"},"thumbnailUrl":"https:\/\/www.minesparis.psl.eu\/isige\/wp-content\/uploads\/sites\/21\/2025\/03\/IMG_2076.jpg","datePublished":"2024-09-19T08:23:00+00:00","dateModified":"2025-06-18T10:25:04+00:00","description":"Le Mast\u00e8re Sp\u00e9cialis\u00e9 EEDD parcours Ing\u00e9nierie et Gestion de l'Environnement (IGE) est con\u00e7u pour former des experts capables d'appr\u00e9hender et de r\u00e9pondre aux enjeux environnementaux actuels.","breadcrumb":{"@id":"https:\/\/www.minesparis.psl.eu\/isige\/actualites\/cest-la-rentree-pour-les-30-nouveaux-etudiants-de-la-33eme-promo-du-ms-eedd-parcours-ige\/#breadcrumb"},"inLanguage":"fr-FR","potentialAction":[{"@type":"ReadAction","target":["https:\/\/www.minesparis.psl.eu\/isige\/actualites\/cest-la-rentree-pour-les-30-nouveaux-etudiants-de-la-33eme-promo-du-ms-eedd-parcours-ige\/"]}]},{"@type":"ImageObject","inLanguage":"fr-FR","@id":"https:\/\/www.minesparis.psl.eu\/isige\/actualites\/cest-la-rentree-pour-les-30-nouveaux-etudiants-de-la-33eme-promo-du-ms-eedd-parcours-ige\/#primaryimage","url":"https:\/\/www.minesparis.psl.eu\/isige\/wp-content\/uploads\/sites\/21\/2025\/03\/IMG_2076.jpg","contentUrl":"https:\/\/www.minesparis.psl.eu\/isige\/wp-content\/uploads\/sites\/21\/2025\/03\/IMG_2076.jpg","width":1200,"height":798,"caption":"Rentr\u00e9e IGE"},{"@type":"BreadcrumbList","@id":"https:\/\/www.minesparis.psl.eu\/isige\/actualites\/cest-la-rentree-pour-les-30-nouveaux-etudiants-de-la-33eme-promo-du-ms-eedd-parcours-ige\/#breadcrumb","itemListElement":[{"@type":"ListItem","position":1,"name":"Accueil","item":"https:\/\/www.minesparis.psl.eu\/isige\/"},{"@type":"ListItem","position":2,"name":"C\u2019est la rentr\u00e9e pour les 30 nouveaux \u00e9tudiants de la 33\u00e8me Promo du MS EEDD parcours IGE"}]},{"@type":"WebSite","@id":"https:\/\/www.minesparis.psl.eu\/isige\/#website","url":"https:\/\/www.minesparis.psl.eu\/isige\/","name":"ISIGE Mines Paris - PSL","description":"","publisher":{"@id":"https:\/\/www.minesparis.psl.eu\/isige\/#organization"},"potentialAction":[{"@type":"SearchAction","target":{"@type":"EntryPoint","urlTemplate":"https:\/\/www.minesparis.psl.eu\/isige\/?s={search_term_string}"},"query-input":{"@type":"PropertyValueSpecification","valueRequired":true,"valueName":"search_term_string"}}],"inLanguage":"fr-FR"},{"@type":"Organization","@id":"https:\/\/www.minesparis.psl.eu\/isige\/#organization","name":"ISIGE Mines Paris - PSL","url":"https:\/\/www.minesparis.psl.eu\/isige\/","logo":{"@type":"ImageObject","inLanguage":"fr-FR","@id":"https:\/\/www.minesparis.psl.eu\/isige\/#\/schema\/logo\/image\/","url":"https:\/\/www.minesparis.psl.eu\/isige\/wp-content\/uploads\/sites\/21\/2025\/02\/cropped-MinesParis-PSL-ISIGEOCoRVB-1.png","contentUrl":"https:\/\/www.minesparis.psl.eu\/isige\/wp-content\/uploads\/sites\/21\/2025\/02\/cropped-MinesParis-PSL-ISIGEOCoRVB-1.png","width":1584,"height":360,"caption":"ISIGE Mines Paris - PSL"},"image":{"@id":"https:\/\/www.minesparis.psl.eu\/isige\/#\/schema\/logo\/image\/"}}]}},"_links":{"self":[{"href":"https:\/\/www.minesparis.psl.eu\/isige\/wp-json\/wp\/v2\/actualites\/2346","targetHints":{"allow":["GET"]}}],"collection":[{"href":"https:\/\/www.minesparis.psl.eu\/isige\/wp-json\/wp\/v2\/actualites"}],"about":[{"href":"https:\/\/www.minesparis.psl.eu\/isige\/wp-json\/wp\/v2\/types\/actualites"}],"wp:featuredmedia":[{"embeddable":true,"href":"https:\/\/www.minesparis.psl.eu\/isige\/wp-json\/wp\/v2\/media\/2347"}],"wp:attachment":[{"href":"https:\/\/www.minesparis.psl.eu\/isige\/wp-json\/wp\/v2\/media?parent=2346"}],"wp:term":[{"taxonomy":"actualites-formats","embeddable":true,"href":"https:\/\/www.minesparis.psl.eu\/isige\/wp-json\/wp\/v2\/actualites-formats?post=2346"},{"taxonomy":"actualites-thematiques","embeddable":true,"href":"https:\/\/www.minesparis.psl.eu\/isige\/wp-json\/wp\/v2\/actualites-thematiques?post=2346"}],"curies":[{"name":"wp","href":"https:\/\/api.w.org\/{rel}","templated":true}]}}