{"id":2335,"date":"2024-10-08T13:58:00","date_gmt":"2024-10-08T11:58:00","guid":{"rendered":"https:\/\/www.minesparis.psl.eu\/isige\/?post_type=actualites&#038;p=2335"},"modified":"2025-06-18T12:25:03","modified_gmt":"2025-06-18T10:25:03","slug":"la-marche-du-temps-profond","status":"publish","type":"actualites","link":"https:\/\/www.minesparis.psl.eu\/isige\/actualites\/la-marche-du-temps-profond\/","title":{"rendered":"La Marche du Temps Profond"},"content":{"rendered":"\n<div class=\"container block-full-largeur\">\n\t<div class=\"row mt-4\">\n\t\t<div class=\"col-md-12\">\n\t\t\t<p style=\"text-align: justify\">Mardi 8 octobre apr\u00e8s-midi les \u00e9tudiant.es du MS EEDD Parcours IGE ont \u00e9t\u00e9 convi\u00e9 \u00e0 participer \u00e0 une Marche du Temps Profond, \u00e0 deux pas de l&rsquo;\u00e9cole Mines Paris &#8211; PSL, au c\u0153ur du jardin du Luxembourg.<\/p>\n<p style=\"text-align: justify\"><img loading=\"lazy\" decoding=\"async\" class=\"aligncenter size-large wp-image-4818\" src=\"https:\/\/www.isige.minesparis.psl.eu\/wp-content\/uploads\/1-24-1024x1024.jpg\" alt=\"\" width=\"640\" height=\"640\" \/><\/p>\n<h2 style=\"text-align: justify\">La Marche du temps profond, k\u00e9sako ?<\/h2>\n<p style=\"text-align: justify\">La Marche du Temps Profond propose une exp\u00e9rience qui donne une vision globale de l\u2019histoire de la Terre et du d\u00e9veloppement de la vie.<\/p>\n<p style=\"text-align: justify\">En un parcours de 4,6 km compos\u00e9 d\u2019une vingtaine d\u2019\u00e9tapes, elle retrace les grands jalons des 4,6 milliards d\u2019ann\u00e9es de la vie de notre plan\u00e8te : formation du syst\u00e8me solaire, la formation de la Lune, des oc\u00e9ans, de l\u2019atmosph\u00e8re, apparition de la vie unicellulaire puis multicellulaire, tectonique des plaques, extinctions massives et enfin, l&rsquo;arriv\u00e9e de notre propre esp\u00e8ce &#8211; qui n\u2019arrive que dans les tous derniers centim\u00e8tres.<\/p>\n<p style=\"text-align: justify\"><img loading=\"lazy\" decoding=\"async\" class=\"aligncenter size-large wp-image-4819\" src=\"https:\/\/www.isige.minesparis.psl.eu\/wp-content\/uploads\/2-23-1024x1024.jpg\" alt=\"\" width=\"640\" height=\"640\" \/><\/p>\n<p style=\"text-align: justify\">Chaque m\u00e8tre parcouru par les marcheurs repr\u00e9sente 1 million d\u2019ann\u00e9es de la vie de la Terre.<\/p>\n<h2 style=\"text-align: justify\">Quels ont les objectifs de cette exp\u00e9rience ?<\/h2>\n<p style=\"text-align: justify\">&#8211; Se connecter \u00e0 l\u2019histoire de notre plan\u00e8te au travers de ses propres pas, prendre conscience de l\u2019ampleur de son histoire et de l\u2019\u00e9volution du vivant<\/p>\n<p style=\"text-align: justify\">&#8211; Changer son regard par rapport au vivant, en ayant notamment un aper\u00e7u de l\u2019interconnexion de toute forme de vie<\/p>\n<p style=\"text-align: justify\">&#8211; Prendre conscience que la Terre n\u2019est pas une toile de fond statique et passive sur laquelle les humains r\u00e9sident, mais un ensemble d\u2019acteur\u00b7rice\u00b7s actif\u00b7ve\u00b7s complexes et interd\u00e9pendant\u00b7e\u00b7s qui ont en elles\u00b7eux-m\u00eames la capacit\u00e9 de changer radicalement la Terre.<\/p>\n<p style=\"text-align: justify\"><img loading=\"lazy\" decoding=\"async\" class=\"aligncenter size-large wp-image-4820\" src=\"https:\/\/www.isige.minesparis.psl.eu\/wp-content\/uploads\/3-10-1024x1024.jpg\" alt=\"\" width=\"640\" height=\"640\" \/><\/p>\n<h2 style=\"text-align: justify\" data-start=\"0\" data-end=\"27\">Pourquoi participer ?<\/h2>\n<p class=\"\" style=\"text-align: justify\" data-start=\"29\" data-end=\"91\">Cette exp\u00e9rience immersive offre une opportunit\u00e9 unique de :<\/p>\n<ul style=\"text-align: justify\" data-start=\"93\" data-end=\"578\">\n<li class=\"\" data-start=\"93\" data-end=\"213\">\n<p class=\"\" data-start=\"95\" data-end=\"213\">Prendre du recul : Explorer l\u2019immensit\u00e9 de l\u2019histoire de la Terre et mieux situer notre place dans cette \u00e9pop\u00e9e.<\/p>\n<\/li>\n<li class=\"\" data-start=\"214\" data-end=\"411\">\n<p class=\"\" data-start=\"216\" data-end=\"411\">Changer de perspective : Ressentir l\u2019interconnexion entre la Terre et le vivant, o\u00f9 chaque \u00e9v\u00e9nement, des premi\u00e8res cellules \u00e0 l\u2019\u00e9mergence de l\u2019humanit\u00e9, s\u2019inscrit dans une cha\u00eene complexe.<\/p>\n<\/li>\n<li class=\"\" data-start=\"412\" data-end=\"578\">\n<p class=\"\" data-start=\"414\" data-end=\"578\">S\u2019\u00e9merveiller : Saviez-vous que la m\u00e9duse, apparue il y a 540 millions d\u2019ann\u00e9es, a surv\u00e9cu \u00e0 toutes les extinctions massives, y compris celle des dinosaures ?<\/p>\n<\/li>\n<\/ul>\n<p style=\"text-align: justify\">Bref, c&rsquo;est une exp\u00e9rience forte de mise en perspective et de prise de recul.<\/p>\n<p style=\"text-align: justify\">Un grand merci \u00e0 Sandrine Laplace et J\u00e9r\u00f4me Breton pour leur animation rigoureuse et conviviale.<\/p>\n<p style=\"text-align: center\"><a class=\"button-mines btn-bleu flech lf-blanc\" href=\"https:\/\/www.7eme-generation.org\/lecologie-experientielle\/marche-du-temps-profond\/\">Pour en savoir plus<\/a><\/p>\n\t\t<\/div>\n\t<\/div>\n<\/div>","protected":false},"featured_media":2336,"template":"","actualites-formats":[15],"actualites-thematiques":[20],"class_list":["post-2335","actualites","type-actualites","status-publish","has-post-thumbnail","hentry"],"acf":[],"yoast_head":"<!-- This site is optimized with the Yoast SEO plugin v27.2 - https:\/\/yoast.com\/product\/yoast-seo-wordpress\/ -->\n<title>La Marche du Temps Profond - ISIGE Mines Paris - PSL<\/title>\n<meta name=\"description\" content=\"La Marche du Temps Profond s\u2019adresse \u00e0 tous : particuliers, entreprises, associations et collectivit\u00e9s. Elle s\u2019adapte aux besoins et aux intentions de chaque groupe.\" \/>\n<meta name=\"robots\" content=\"index, follow, max-snippet:-1, max-image-preview:large, max-video-preview:-1\" \/>\n<link rel=\"canonical\" href=\"https:\/\/www.minesparis.psl.eu\/isige\/actualites\/la-marche-du-temps-profond\/\" \/>\n<meta property=\"og:locale\" content=\"fr_FR\" \/>\n<meta property=\"og:type\" content=\"article\" \/>\n<meta property=\"og:title\" content=\"La Marche du Temps Profond - ISIGE Mines Paris - PSL\" \/>\n<meta property=\"og:description\" content=\"La Marche du Temps Profond s\u2019adresse \u00e0 tous : particuliers, entreprises, associations et collectivit\u00e9s. Elle s\u2019adapte aux besoins et aux intentions de chaque groupe.\" \/>\n<meta property=\"og:url\" content=\"https:\/\/www.minesparis.psl.eu\/isige\/actualites\/la-marche-du-temps-profond\/\" \/>\n<meta property=\"og:site_name\" content=\"ISIGE Mines Paris - PSL\" \/>\n<meta property=\"article:modified_time\" content=\"2025-06-18T10:25:03+00:00\" \/>\n<meta property=\"og:image\" content=\"https:\/\/www.minesparis.psl.eu\/isige\/wp-content\/uploads\/sites\/21\/2025\/03\/IMG_5271.jpg\" \/>\n\t<meta property=\"og:image:width\" content=\"1200\" \/>\n\t<meta property=\"og:image:height\" content=\"799\" \/>\n\t<meta property=\"og:image:type\" content=\"image\/jpeg\" \/>\n<meta name=\"twitter:card\" content=\"summary_large_image\" \/>\n<meta name=\"twitter:label1\" content=\"Dur\u00e9e de lecture estim\u00e9e\" \/>\n\t<meta name=\"twitter:data1\" content=\"1 minute\" \/>\n<script type=\"application\/ld+json\" class=\"yoast-schema-graph\">{\"@context\":\"https:\/\/schema.org\",\"@graph\":[{\"@type\":\"WebPage\",\"@id\":\"https:\/\/www.minesparis.psl.eu\/isige\/actualites\/la-marche-du-temps-profond\/\",\"url\":\"https:\/\/www.minesparis.psl.eu\/isige\/actualites\/la-marche-du-temps-profond\/\",\"name\":\"La Marche du Temps Profond - ISIGE Mines Paris - PSL\",\"isPartOf\":{\"@id\":\"https:\/\/www.minesparis.psl.eu\/isige\/#website\"},\"primaryImageOfPage\":{\"@id\":\"https:\/\/www.minesparis.psl.eu\/isige\/actualites\/la-marche-du-temps-profond\/#primaryimage\"},\"image\":{\"@id\":\"https:\/\/www.minesparis.psl.eu\/isige\/actualites\/la-marche-du-temps-profond\/#primaryimage\"},\"thumbnailUrl\":\"https:\/\/www.minesparis.psl.eu\/isige\/wp-content\/uploads\/sites\/21\/2025\/03\/IMG_5271.jpg\",\"datePublished\":\"2024-10-08T11:58:00+00:00\",\"dateModified\":\"2025-06-18T10:25:03+00:00\",\"description\":\"La Marche du Temps Profond s\u2019adresse \u00e0 tous : particuliers, entreprises, associations et collectivit\u00e9s. Elle s\u2019adapte aux besoins et aux intentions de chaque groupe.\",\"breadcrumb\":{\"@id\":\"https:\/\/www.minesparis.psl.eu\/isige\/actualites\/la-marche-du-temps-profond\/#breadcrumb\"},\"inLanguage\":\"fr-FR\",\"potentialAction\":[{\"@type\":\"ReadAction\",\"target\":[\"https:\/\/www.minesparis.psl.eu\/isige\/actualites\/la-marche-du-temps-profond\/\"]}]},{\"@type\":\"ImageObject\",\"inLanguage\":\"fr-FR\",\"@id\":\"https:\/\/www.minesparis.psl.eu\/isige\/actualites\/la-marche-du-temps-profond\/#primaryimage\",\"url\":\"https:\/\/www.minesparis.psl.eu\/isige\/wp-content\/uploads\/sites\/21\/2025\/03\/IMG_5271.jpg\",\"contentUrl\":\"https:\/\/www.minesparis.psl.eu\/isige\/wp-content\/uploads\/sites\/21\/2025\/03\/IMG_5271.jpg\",\"width\":1200,\"height\":799,\"caption\":\"La marche du temps profond ISIGE\"},{\"@type\":\"BreadcrumbList\",\"@id\":\"https:\/\/www.minesparis.psl.eu\/isige\/actualites\/la-marche-du-temps-profond\/#breadcrumb\",\"itemListElement\":[{\"@type\":\"ListItem\",\"position\":1,\"name\":\"Accueil\",\"item\":\"https:\/\/www.minesparis.psl.eu\/isige\/\"},{\"@type\":\"ListItem\",\"position\":2,\"name\":\"La Marche du Temps Profond\"}]},{\"@type\":\"WebSite\",\"@id\":\"https:\/\/www.minesparis.psl.eu\/isige\/#website\",\"url\":\"https:\/\/www.minesparis.psl.eu\/isige\/\",\"name\":\"ISIGE Mines Paris - PSL\",\"description\":\"\",\"publisher\":{\"@id\":\"https:\/\/www.minesparis.psl.eu\/isige\/#organization\"},\"potentialAction\":[{\"@type\":\"SearchAction\",\"target\":{\"@type\":\"EntryPoint\",\"urlTemplate\":\"https:\/\/www.minesparis.psl.eu\/isige\/?s={search_term_string}\"},\"query-input\":{\"@type\":\"PropertyValueSpecification\",\"valueRequired\":true,\"valueName\":\"search_term_string\"}}],\"inLanguage\":\"fr-FR\"},{\"@type\":\"Organization\",\"@id\":\"https:\/\/www.minesparis.psl.eu\/isige\/#organization\",\"name\":\"ISIGE Mines Paris - PSL\",\"url\":\"https:\/\/www.minesparis.psl.eu\/isige\/\",\"logo\":{\"@type\":\"ImageObject\",\"inLanguage\":\"fr-FR\",\"@id\":\"https:\/\/www.minesparis.psl.eu\/isige\/#\/schema\/logo\/image\/\",\"url\":\"https:\/\/www.minesparis.psl.eu\/isige\/wp-content\/uploads\/sites\/21\/2025\/02\/cropped-MinesParis-PSL-ISIGEOCoRVB-1.png\",\"contentUrl\":\"https:\/\/www.minesparis.psl.eu\/isige\/wp-content\/uploads\/sites\/21\/2025\/02\/cropped-MinesParis-PSL-ISIGEOCoRVB-1.png\",\"width\":1584,\"height\":360,\"caption\":\"ISIGE Mines Paris - PSL\"},\"image\":{\"@id\":\"https:\/\/www.minesparis.psl.eu\/isige\/#\/schema\/logo\/image\/\"}}]}<\/script>\n<!-- \/ Yoast SEO plugin. -->","yoast_head_json":{"title":"La Marche du Temps Profond - ISIGE Mines Paris - PSL","description":"La Marche du Temps Profond s\u2019adresse \u00e0 tous : particuliers, entreprises, associations et collectivit\u00e9s. Elle s\u2019adapte aux besoins et aux intentions de chaque groupe.","robots":{"index":"index","follow":"follow","max-snippet":"max-snippet:-1","max-image-preview":"max-image-preview:large","max-video-preview":"max-video-preview:-1"},"canonical":"https:\/\/www.minesparis.psl.eu\/isige\/actualites\/la-marche-du-temps-profond\/","og_locale":"fr_FR","og_type":"article","og_title":"La Marche du Temps Profond - ISIGE Mines Paris - PSL","og_description":"La Marche du Temps Profond s\u2019adresse \u00e0 tous : particuliers, entreprises, associations et collectivit\u00e9s. Elle s\u2019adapte aux besoins et aux intentions de chaque groupe.","og_url":"https:\/\/www.minesparis.psl.eu\/isige\/actualites\/la-marche-du-temps-profond\/","og_site_name":"ISIGE Mines Paris - PSL","article_modified_time":"2025-06-18T10:25:03+00:00","og_image":[{"width":1200,"height":799,"url":"https:\/\/www.minesparis.psl.eu\/isige\/wp-content\/uploads\/sites\/21\/2025\/03\/IMG_5271.jpg","type":"image\/jpeg"}],"twitter_card":"summary_large_image","twitter_misc":{"Dur\u00e9e de lecture estim\u00e9e":"1 minute"},"schema":{"@context":"https:\/\/schema.org","@graph":[{"@type":"WebPage","@id":"https:\/\/www.minesparis.psl.eu\/isige\/actualites\/la-marche-du-temps-profond\/","url":"https:\/\/www.minesparis.psl.eu\/isige\/actualites\/la-marche-du-temps-profond\/","name":"La Marche du Temps Profond - ISIGE Mines Paris - PSL","isPartOf":{"@id":"https:\/\/www.minesparis.psl.eu\/isige\/#website"},"primaryImageOfPage":{"@id":"https:\/\/www.minesparis.psl.eu\/isige\/actualites\/la-marche-du-temps-profond\/#primaryimage"},"image":{"@id":"https:\/\/www.minesparis.psl.eu\/isige\/actualites\/la-marche-du-temps-profond\/#primaryimage"},"thumbnailUrl":"https:\/\/www.minesparis.psl.eu\/isige\/wp-content\/uploads\/sites\/21\/2025\/03\/IMG_5271.jpg","datePublished":"2024-10-08T11:58:00+00:00","dateModified":"2025-06-18T10:25:03+00:00","description":"La Marche du Temps Profond s\u2019adresse \u00e0 tous : particuliers, entreprises, associations et collectivit\u00e9s. Elle s\u2019adapte aux besoins et aux intentions de chaque groupe.","breadcrumb":{"@id":"https:\/\/www.minesparis.psl.eu\/isige\/actualites\/la-marche-du-temps-profond\/#breadcrumb"},"inLanguage":"fr-FR","potentialAction":[{"@type":"ReadAction","target":["https:\/\/www.minesparis.psl.eu\/isige\/actualites\/la-marche-du-temps-profond\/"]}]},{"@type":"ImageObject","inLanguage":"fr-FR","@id":"https:\/\/www.minesparis.psl.eu\/isige\/actualites\/la-marche-du-temps-profond\/#primaryimage","url":"https:\/\/www.minesparis.psl.eu\/isige\/wp-content\/uploads\/sites\/21\/2025\/03\/IMG_5271.jpg","contentUrl":"https:\/\/www.minesparis.psl.eu\/isige\/wp-content\/uploads\/sites\/21\/2025\/03\/IMG_5271.jpg","width":1200,"height":799,"caption":"La marche du temps profond ISIGE"},{"@type":"BreadcrumbList","@id":"https:\/\/www.minesparis.psl.eu\/isige\/actualites\/la-marche-du-temps-profond\/#breadcrumb","itemListElement":[{"@type":"ListItem","position":1,"name":"Accueil","item":"https:\/\/www.minesparis.psl.eu\/isige\/"},{"@type":"ListItem","position":2,"name":"La Marche du Temps Profond"}]},{"@type":"WebSite","@id":"https:\/\/www.minesparis.psl.eu\/isige\/#website","url":"https:\/\/www.minesparis.psl.eu\/isige\/","name":"ISIGE Mines Paris - PSL","description":"","publisher":{"@id":"https:\/\/www.minesparis.psl.eu\/isige\/#organization"},"potentialAction":[{"@type":"SearchAction","target":{"@type":"EntryPoint","urlTemplate":"https:\/\/www.minesparis.psl.eu\/isige\/?s={search_term_string}"},"query-input":{"@type":"PropertyValueSpecification","valueRequired":true,"valueName":"search_term_string"}}],"inLanguage":"fr-FR"},{"@type":"Organization","@id":"https:\/\/www.minesparis.psl.eu\/isige\/#organization","name":"ISIGE Mines Paris - PSL","url":"https:\/\/www.minesparis.psl.eu\/isige\/","logo":{"@type":"ImageObject","inLanguage":"fr-FR","@id":"https:\/\/www.minesparis.psl.eu\/isige\/#\/schema\/logo\/image\/","url":"https:\/\/www.minesparis.psl.eu\/isige\/wp-content\/uploads\/sites\/21\/2025\/02\/cropped-MinesParis-PSL-ISIGEOCoRVB-1.png","contentUrl":"https:\/\/www.minesparis.psl.eu\/isige\/wp-content\/uploads\/sites\/21\/2025\/02\/cropped-MinesParis-PSL-ISIGEOCoRVB-1.png","width":1584,"height":360,"caption":"ISIGE Mines Paris - PSL"},"image":{"@id":"https:\/\/www.minesparis.psl.eu\/isige\/#\/schema\/logo\/image\/"}}]}},"_links":{"self":[{"href":"https:\/\/www.minesparis.psl.eu\/isige\/wp-json\/wp\/v2\/actualites\/2335","targetHints":{"allow":["GET"]}}],"collection":[{"href":"https:\/\/www.minesparis.psl.eu\/isige\/wp-json\/wp\/v2\/actualites"}],"about":[{"href":"https:\/\/www.minesparis.psl.eu\/isige\/wp-json\/wp\/v2\/types\/actualites"}],"wp:featuredmedia":[{"embeddable":true,"href":"https:\/\/www.minesparis.psl.eu\/isige\/wp-json\/wp\/v2\/media\/2336"}],"wp:attachment":[{"href":"https:\/\/www.minesparis.psl.eu\/isige\/wp-json\/wp\/v2\/media?parent=2335"}],"wp:term":[{"taxonomy":"actualites-formats","embeddable":true,"href":"https:\/\/www.minesparis.psl.eu\/isige\/wp-json\/wp\/v2\/actualites-formats?post=2335"},{"taxonomy":"actualites-thematiques","embeddable":true,"href":"https:\/\/www.minesparis.psl.eu\/isige\/wp-json\/wp\/v2\/actualites-thematiques?post=2335"}],"curies":[{"name":"wp","href":"https:\/\/api.w.org\/{rel}","templated":true}]}}