{"id":2322,"date":"2024-10-03T11:32:00","date_gmt":"2024-10-03T09:32:00","guid":{"rendered":"https:\/\/www.minesparis.psl.eu\/isige\/?post_type=actualites&#038;p=2322"},"modified":"2025-06-18T12:25:03","modified_gmt":"2025-06-18T10:25:03","slug":"sejour-au-campus-de-la-transition","status":"publish","type":"actualites","link":"https:\/\/www.minesparis.psl.eu\/isige\/actualites\/sejour-au-campus-de-la-transition\/","title":{"rendered":"S\u00e9jour au Campus de la Transition"},"content":{"rendered":"\n<div class=\"container block-full-largeur\">\n\t<div class=\"row mt-4\">\n\t\t<div class=\"col-md-12\">\n\t\t\t<h1 style=\"text-align: center\"><span class=\"break-words tvm-parent-container\"><span dir=\"ltr\">\u00ab\u00a0Nourrir le groupe pour insuffler une dynamique collective.\u00a0\u00bb<\/span><\/span><\/h1>\n<div class=\"elementor-element elementor-element-6a977fa elementor-widget elementor-widget-heading\" data-id=\"6a977fa\" data-element_type=\"widget\" data-widget_type=\"heading.default\">\n<div class=\"elementor-widget-container\">\n<h4>Par leurs actions, le Campus de la Transition souhaite d\u00e9ployer les comp\u00e9tences transverses indispensables pour agir \u00e0 la hauteur des enjeux \u00e9cologiques, \u00e9conomiques, sociaux et politiques.<\/h4>\n<h2 class=\"elementor-heading-title elementor-size-default\">Des convictions fortes animent le Campus<\/h2>\n<\/div>\n<\/div>\n<div class=\"elementor-element elementor-element-7e6193a elementor-position-left elementor-vertical-align-middle elementor-view-default elementor-widget elementor-widget-icon-box\" data-id=\"7e6193a\" data-element_type=\"widget\" data-widget_type=\"icon-box.default\">\n<div class=\"elementor-widget-container\">\n<div class=\"elementor-icon-box-wrapper\">\n<div class=\"elementor-icon-box-content\">\n<ul>\n<li class=\"elementor-icon-box-description\"><b>L&rsquo;urgence \u00e9cologique et climatique <\/b>ne cesse de s&rsquo;intensifier malgr\u00e9 les alertes r\u00e9p\u00e9t\u00e9es par les scientifiques depuis des d\u00e9cennies<\/li>\n<\/ul>\n<\/div>\n<\/div>\n<\/div>\n<\/div>\n<div class=\"elementor-element elementor-element-5b10d8f elementor-position-left elementor-vertical-align-middle elementor-view-default elementor-widget elementor-widget-icon-box\" data-id=\"5b10d8f\" data-element_type=\"widget\" data-widget_type=\"icon-box.default\">\n<div class=\"elementor-widget-container\">\n<div class=\"elementor-icon-box-wrapper\">\n<div class=\"elementor-icon-box-content\">\n<ul>\n<li class=\"elementor-icon-box-description\"><b>Le d\u00e9passement des limites sociales et plan\u00e9taires <\/b>est d\u00e9j\u00e0 visible et les modes de vie s&rsquo;adaptent trop lentement<\/li>\n<\/ul>\n<\/div>\n<\/div>\n<\/div>\n<\/div>\n<div class=\"elementor-element elementor-element-3902167 elementor-position-left elementor-vertical-align-middle elementor-view-default elementor-widget elementor-widget-icon-box\" data-id=\"3902167\" data-element_type=\"widget\" data-widget_type=\"icon-box.default\">\n<div class=\"elementor-widget-container\">\n<div class=\"elementor-icon-box-wrapper\">\n<div class=\"elementor-icon-box-content\">\n<ul>\n<li class=\"elementor-icon-box-description\"><b>Aucun changement structurel ne pourra se produire sans un alignement des entreprises <\/b>au regard des enjeux sociaux et \u00e9cologiques et une remise en question des mod\u00e8les de \u00e9conomiques<\/li>\n<\/ul>\n<\/div>\n<\/div>\n<\/div>\n<\/div>\n<div class=\"elementor-element elementor-element-8563dc2 elementor-position-left elementor-vertical-align-middle elementor-view-default elementor-widget elementor-widget-icon-box\" data-id=\"8563dc2\" data-element_type=\"widget\" data-widget_type=\"icon-box.default\">\n<div class=\"elementor-widget-container\">\n<div class=\"elementor-icon-box-wrapper\">\n<div class=\"elementor-icon-box-icon\">\n<ul>\n<li class=\"elementor-icon-box-description\"><b>Le cloisonnement des formations des \u00e9tudiants dans l&rsquo;Enseignement Sup\u00e9rieur <\/b>est incompatible avec une compr\u00e9hension et un pouvoir d&rsquo;agir \u00e0 la hauteur de ces d\u00e9fis<\/li>\n<\/ul>\n<\/div>\n<\/div>\n<\/div>\n<\/div>\n<p><span class=\"break-words tvm-parent-container\"><span dir=\"ltr\"><img loading=\"lazy\" decoding=\"async\" class=\"aligncenter size-large wp-image-4790\" src=\"https:\/\/www.isige.minesparis.psl.eu\/wp-content\/uploads\/1-22-1024x1024.jpg\" alt=\"\" width=\"640\" height=\"640\" \/><\/span><\/span><\/p>\n<p>&#8211; Penser la transition \u00e9cologique<br \/>\n&#8211; Sensibiliser par des ateliers pratiques<br \/>\n&#8211; Exp\u00e9rimenter un mode de vie plus sobre<br \/>\n&#8211; Agir pour faire bouger le monde politique et les entreprises.<\/p>\n<p><span class=\"break-words tvm-parent-container\"><span dir=\"ltr\"><img loading=\"lazy\" decoding=\"async\" class=\"aligncenter size-large wp-image-4791\" src=\"https:\/\/www.isige.minesparis.psl.eu\/wp-content\/uploads\/2-22-1024x1024.jpg\" alt=\"\" width=\"640\" height=\"640\" \/><\/span><\/span><\/p>\n<p>Tels \u00e9taient les objectifs p\u00e9dagogiques des \u00e9tudiants du MS EEDD parcours IGE au Campus de la Transition, un \u00e9co-lieu d\u00e9di\u00e9 \u00e0 la transmission des savoirs et savoir-faire de l\u2019\u00e9cologie. Pendant 3 jours, en ce frais d\u00e9but d\u2019automne, les \u00e9tudiant.es ont v\u00e9cu au rythme des repas v\u00e9g\u00e9tariens, de la permaculture et de la <span class=\"break-words tvm-parent-container\"><span dir=\"ltr\">sobri\u00e9t\u00e9 \u00e9nerg\u00e9tique.<\/span><\/span><\/p>\n<p>Apports th\u00e9oriques et ateliers de mise en pratique se sont succ\u00e9d\u00e9 pour mieux permettre aux \u00e9tudiants de se projeter dans un avenir \u00e0 la fois d\u00e9sirable et r\u00e9aliste, \u00e0 l\u2019empreinte environnementale r\u00e9duite, selon la devise du campus : \u00ab\u00a0\u00eatre radical, mais non marginal.\u00a0\u00bb La r\u00e9daction d\u2019un rapport d\u2019\u00e9tonnement permettra aux \u00e9tudiants de prendre du recul par rapport \u00e0 cette exp\u00e9rience, pour mieux ancrer ses diff\u00e9rents enseignements.<\/p>\n<p><span class=\"break-words tvm-parent-container\"><span dir=\"ltr\"><img loading=\"lazy\" decoding=\"async\" class=\"aligncenter size-large wp-image-4792\" src=\"https:\/\/www.isige.minesparis.psl.eu\/wp-content\/uploads\/3-9-1024x1024.jpg\" alt=\"\" width=\"640\" height=\"640\" \/><\/span><\/span><\/p>\n<p>Bravo \u00e0 la nouvelle promotion pour ses analyses, son grand sens du collectif et&#8230; les 300 kg de pommes r\u00e9colt\u00e9es !<\/p>\n<p>Un grand MERCI au Campus de la Transition pour le partage de son exp\u00e9rience, son accueil bienveillant et son accompagnement p\u00e9dagogique de grande qualit\u00e9.<\/p>\n<p style=\"text-align: center\"><a class=\"app-aware-link button-mines btn-bleu flech lf-blanc\" href=\"https:\/\/campus-transition.org\/\" target=\"_self\" rel=\"noopener\" data-test-app-aware-link=\"\">Pour en savoir plus sur le Campus de la Transition <\/a><\/p>\n\t\t<\/div>\n\t<\/div>\n<\/div>","protected":false},"featured_media":2324,"template":"","actualites-formats":[15],"actualites-thematiques":[20],"class_list":["post-2322","actualites","type-actualites","status-publish","has-post-thumbnail","hentry"],"acf":[],"yoast_head":"<!-- This site is optimized with the Yoast SEO plugin v27.2 - https:\/\/yoast.com\/product\/yoast-seo-wordpress\/ -->\n<title>S\u00e9jour au Campus de la Transition - ISIGE Mines Paris - PSL<\/title>\n<meta name=\"description\" content=\"Pendant 3 jours, en ce frais d\u00e9but d\u2019automne, les \u00e9tudiant.es ont v\u00e9cu au rythme des repas v\u00e9g\u00e9tariens, de la permaculture et de la sobri\u00e9t\u00e9 \u00e9nerg\u00e9tique.\" \/>\n<meta name=\"robots\" content=\"index, follow, max-snippet:-1, max-image-preview:large, max-video-preview:-1\" \/>\n<link rel=\"canonical\" href=\"https:\/\/www.minesparis.psl.eu\/isige\/actualites\/sejour-au-campus-de-la-transition\/\" \/>\n<meta property=\"og:locale\" content=\"fr_FR\" \/>\n<meta property=\"og:type\" content=\"article\" \/>\n<meta property=\"og:title\" content=\"S\u00e9jour au Campus de la Transition - ISIGE Mines Paris - PSL\" \/>\n<meta property=\"og:description\" content=\"Pendant 3 jours, en ce frais d\u00e9but d\u2019automne, les \u00e9tudiant.es ont v\u00e9cu au rythme des repas v\u00e9g\u00e9tariens, de la permaculture et de la sobri\u00e9t\u00e9 \u00e9nerg\u00e9tique.\" \/>\n<meta property=\"og:url\" content=\"https:\/\/www.minesparis.psl.eu\/isige\/actualites\/sejour-au-campus-de-la-transition\/\" \/>\n<meta property=\"og:site_name\" content=\"ISIGE Mines Paris - PSL\" \/>\n<meta property=\"article:modified_time\" content=\"2025-06-18T10:25:03+00:00\" \/>\n<meta property=\"og:image\" content=\"https:\/\/www.minesparis.psl.eu\/isige\/wp-content\/uploads\/sites\/21\/2025\/03\/IMG_4918.jpg\" \/>\n\t<meta property=\"og:image:width\" content=\"1200\" \/>\n\t<meta property=\"og:image:height\" content=\"489\" \/>\n\t<meta property=\"og:image:type\" content=\"image\/jpeg\" \/>\n<meta name=\"twitter:card\" content=\"summary_large_image\" \/>\n<meta name=\"twitter:label1\" content=\"Dur\u00e9e de lecture estim\u00e9e\" \/>\n\t<meta name=\"twitter:data1\" content=\"1 minute\" \/>\n<script type=\"application\/ld+json\" class=\"yoast-schema-graph\">{\"@context\":\"https:\/\/schema.org\",\"@graph\":[{\"@type\":\"WebPage\",\"@id\":\"https:\/\/www.minesparis.psl.eu\/isige\/actualites\/sejour-au-campus-de-la-transition\/\",\"url\":\"https:\/\/www.minesparis.psl.eu\/isige\/actualites\/sejour-au-campus-de-la-transition\/\",\"name\":\"S\u00e9jour au Campus de la Transition - ISIGE Mines Paris - PSL\",\"isPartOf\":{\"@id\":\"https:\/\/www.minesparis.psl.eu\/isige\/#website\"},\"primaryImageOfPage\":{\"@id\":\"https:\/\/www.minesparis.psl.eu\/isige\/actualites\/sejour-au-campus-de-la-transition\/#primaryimage\"},\"image\":{\"@id\":\"https:\/\/www.minesparis.psl.eu\/isige\/actualites\/sejour-au-campus-de-la-transition\/#primaryimage\"},\"thumbnailUrl\":\"https:\/\/www.minesparis.psl.eu\/isige\/wp-content\/uploads\/sites\/21\/2025\/03\/IMG_4918.jpg\",\"datePublished\":\"2024-10-03T09:32:00+00:00\",\"dateModified\":\"2025-06-18T10:25:03+00:00\",\"description\":\"Pendant 3 jours, en ce frais d\u00e9but d\u2019automne, les \u00e9tudiant.es ont v\u00e9cu au rythme des repas v\u00e9g\u00e9tariens, de la permaculture et de la sobri\u00e9t\u00e9 \u00e9nerg\u00e9tique.\",\"breadcrumb\":{\"@id\":\"https:\/\/www.minesparis.psl.eu\/isige\/actualites\/sejour-au-campus-de-la-transition\/#breadcrumb\"},\"inLanguage\":\"fr-FR\",\"potentialAction\":[{\"@type\":\"ReadAction\",\"target\":[\"https:\/\/www.minesparis.psl.eu\/isige\/actualites\/sejour-au-campus-de-la-transition\/\"]}]},{\"@type\":\"ImageObject\",\"inLanguage\":\"fr-FR\",\"@id\":\"https:\/\/www.minesparis.psl.eu\/isige\/actualites\/sejour-au-campus-de-la-transition\/#primaryimage\",\"url\":\"https:\/\/www.minesparis.psl.eu\/isige\/wp-content\/uploads\/sites\/21\/2025\/03\/IMG_4918.jpg\",\"contentUrl\":\"https:\/\/www.minesparis.psl.eu\/isige\/wp-content\/uploads\/sites\/21\/2025\/03\/IMG_4918.jpg\",\"width\":1200,\"height\":489,\"caption\":\"IGE au Campus de la Transition\"},{\"@type\":\"BreadcrumbList\",\"@id\":\"https:\/\/www.minesparis.psl.eu\/isige\/actualites\/sejour-au-campus-de-la-transition\/#breadcrumb\",\"itemListElement\":[{\"@type\":\"ListItem\",\"position\":1,\"name\":\"Accueil\",\"item\":\"https:\/\/www.minesparis.psl.eu\/isige\/\"},{\"@type\":\"ListItem\",\"position\":2,\"name\":\"S\u00e9jour au Campus de la Transition\"}]},{\"@type\":\"WebSite\",\"@id\":\"https:\/\/www.minesparis.psl.eu\/isige\/#website\",\"url\":\"https:\/\/www.minesparis.psl.eu\/isige\/\",\"name\":\"ISIGE Mines Paris - PSL\",\"description\":\"\",\"publisher\":{\"@id\":\"https:\/\/www.minesparis.psl.eu\/isige\/#organization\"},\"potentialAction\":[{\"@type\":\"SearchAction\",\"target\":{\"@type\":\"EntryPoint\",\"urlTemplate\":\"https:\/\/www.minesparis.psl.eu\/isige\/?s={search_term_string}\"},\"query-input\":{\"@type\":\"PropertyValueSpecification\",\"valueRequired\":true,\"valueName\":\"search_term_string\"}}],\"inLanguage\":\"fr-FR\"},{\"@type\":\"Organization\",\"@id\":\"https:\/\/www.minesparis.psl.eu\/isige\/#organization\",\"name\":\"ISIGE Mines Paris - PSL\",\"url\":\"https:\/\/www.minesparis.psl.eu\/isige\/\",\"logo\":{\"@type\":\"ImageObject\",\"inLanguage\":\"fr-FR\",\"@id\":\"https:\/\/www.minesparis.psl.eu\/isige\/#\/schema\/logo\/image\/\",\"url\":\"https:\/\/www.minesparis.psl.eu\/isige\/wp-content\/uploads\/sites\/21\/2025\/02\/cropped-MinesParis-PSL-ISIGEOCoRVB-1.png\",\"contentUrl\":\"https:\/\/www.minesparis.psl.eu\/isige\/wp-content\/uploads\/sites\/21\/2025\/02\/cropped-MinesParis-PSL-ISIGEOCoRVB-1.png\",\"width\":1584,\"height\":360,\"caption\":\"ISIGE Mines Paris - PSL\"},\"image\":{\"@id\":\"https:\/\/www.minesparis.psl.eu\/isige\/#\/schema\/logo\/image\/\"}}]}<\/script>\n<!-- \/ Yoast SEO plugin. -->","yoast_head_json":{"title":"S\u00e9jour au Campus de la Transition - ISIGE Mines Paris - PSL","description":"Pendant 3 jours, en ce frais d\u00e9but d\u2019automne, les \u00e9tudiant.es ont v\u00e9cu au rythme des repas v\u00e9g\u00e9tariens, de la permaculture et de la sobri\u00e9t\u00e9 \u00e9nerg\u00e9tique.","robots":{"index":"index","follow":"follow","max-snippet":"max-snippet:-1","max-image-preview":"max-image-preview:large","max-video-preview":"max-video-preview:-1"},"canonical":"https:\/\/www.minesparis.psl.eu\/isige\/actualites\/sejour-au-campus-de-la-transition\/","og_locale":"fr_FR","og_type":"article","og_title":"S\u00e9jour au Campus de la Transition - ISIGE Mines Paris - PSL","og_description":"Pendant 3 jours, en ce frais d\u00e9but d\u2019automne, les \u00e9tudiant.es ont v\u00e9cu au rythme des repas v\u00e9g\u00e9tariens, de la permaculture et de la sobri\u00e9t\u00e9 \u00e9nerg\u00e9tique.","og_url":"https:\/\/www.minesparis.psl.eu\/isige\/actualites\/sejour-au-campus-de-la-transition\/","og_site_name":"ISIGE Mines Paris - PSL","article_modified_time":"2025-06-18T10:25:03+00:00","og_image":[{"width":1200,"height":489,"url":"https:\/\/www.minesparis.psl.eu\/isige\/wp-content\/uploads\/sites\/21\/2025\/03\/IMG_4918.jpg","type":"image\/jpeg"}],"twitter_card":"summary_large_image","twitter_misc":{"Dur\u00e9e de lecture estim\u00e9e":"1 minute"},"schema":{"@context":"https:\/\/schema.org","@graph":[{"@type":"WebPage","@id":"https:\/\/www.minesparis.psl.eu\/isige\/actualites\/sejour-au-campus-de-la-transition\/","url":"https:\/\/www.minesparis.psl.eu\/isige\/actualites\/sejour-au-campus-de-la-transition\/","name":"S\u00e9jour au Campus de la Transition - ISIGE Mines Paris - PSL","isPartOf":{"@id":"https:\/\/www.minesparis.psl.eu\/isige\/#website"},"primaryImageOfPage":{"@id":"https:\/\/www.minesparis.psl.eu\/isige\/actualites\/sejour-au-campus-de-la-transition\/#primaryimage"},"image":{"@id":"https:\/\/www.minesparis.psl.eu\/isige\/actualites\/sejour-au-campus-de-la-transition\/#primaryimage"},"thumbnailUrl":"https:\/\/www.minesparis.psl.eu\/isige\/wp-content\/uploads\/sites\/21\/2025\/03\/IMG_4918.jpg","datePublished":"2024-10-03T09:32:00+00:00","dateModified":"2025-06-18T10:25:03+00:00","description":"Pendant 3 jours, en ce frais d\u00e9but d\u2019automne, les \u00e9tudiant.es ont v\u00e9cu au rythme des repas v\u00e9g\u00e9tariens, de la permaculture et de la sobri\u00e9t\u00e9 \u00e9nerg\u00e9tique.","breadcrumb":{"@id":"https:\/\/www.minesparis.psl.eu\/isige\/actualites\/sejour-au-campus-de-la-transition\/#breadcrumb"},"inLanguage":"fr-FR","potentialAction":[{"@type":"ReadAction","target":["https:\/\/www.minesparis.psl.eu\/isige\/actualites\/sejour-au-campus-de-la-transition\/"]}]},{"@type":"ImageObject","inLanguage":"fr-FR","@id":"https:\/\/www.minesparis.psl.eu\/isige\/actualites\/sejour-au-campus-de-la-transition\/#primaryimage","url":"https:\/\/www.minesparis.psl.eu\/isige\/wp-content\/uploads\/sites\/21\/2025\/03\/IMG_4918.jpg","contentUrl":"https:\/\/www.minesparis.psl.eu\/isige\/wp-content\/uploads\/sites\/21\/2025\/03\/IMG_4918.jpg","width":1200,"height":489,"caption":"IGE au Campus de la Transition"},{"@type":"BreadcrumbList","@id":"https:\/\/www.minesparis.psl.eu\/isige\/actualites\/sejour-au-campus-de-la-transition\/#breadcrumb","itemListElement":[{"@type":"ListItem","position":1,"name":"Accueil","item":"https:\/\/www.minesparis.psl.eu\/isige\/"},{"@type":"ListItem","position":2,"name":"S\u00e9jour au Campus de la Transition"}]},{"@type":"WebSite","@id":"https:\/\/www.minesparis.psl.eu\/isige\/#website","url":"https:\/\/www.minesparis.psl.eu\/isige\/","name":"ISIGE Mines Paris - PSL","description":"","publisher":{"@id":"https:\/\/www.minesparis.psl.eu\/isige\/#organization"},"potentialAction":[{"@type":"SearchAction","target":{"@type":"EntryPoint","urlTemplate":"https:\/\/www.minesparis.psl.eu\/isige\/?s={search_term_string}"},"query-input":{"@type":"PropertyValueSpecification","valueRequired":true,"valueName":"search_term_string"}}],"inLanguage":"fr-FR"},{"@type":"Organization","@id":"https:\/\/www.minesparis.psl.eu\/isige\/#organization","name":"ISIGE Mines Paris - PSL","url":"https:\/\/www.minesparis.psl.eu\/isige\/","logo":{"@type":"ImageObject","inLanguage":"fr-FR","@id":"https:\/\/www.minesparis.psl.eu\/isige\/#\/schema\/logo\/image\/","url":"https:\/\/www.minesparis.psl.eu\/isige\/wp-content\/uploads\/sites\/21\/2025\/02\/cropped-MinesParis-PSL-ISIGEOCoRVB-1.png","contentUrl":"https:\/\/www.minesparis.psl.eu\/isige\/wp-content\/uploads\/sites\/21\/2025\/02\/cropped-MinesParis-PSL-ISIGEOCoRVB-1.png","width":1584,"height":360,"caption":"ISIGE Mines Paris - PSL"},"image":{"@id":"https:\/\/www.minesparis.psl.eu\/isige\/#\/schema\/logo\/image\/"}}]}},"_links":{"self":[{"href":"https:\/\/www.minesparis.psl.eu\/isige\/wp-json\/wp\/v2\/actualites\/2322","targetHints":{"allow":["GET"]}}],"collection":[{"href":"https:\/\/www.minesparis.psl.eu\/isige\/wp-json\/wp\/v2\/actualites"}],"about":[{"href":"https:\/\/www.minesparis.psl.eu\/isige\/wp-json\/wp\/v2\/types\/actualites"}],"wp:featuredmedia":[{"embeddable":true,"href":"https:\/\/www.minesparis.psl.eu\/isige\/wp-json\/wp\/v2\/media\/2324"}],"wp:attachment":[{"href":"https:\/\/www.minesparis.psl.eu\/isige\/wp-json\/wp\/v2\/media?parent=2322"}],"wp:term":[{"taxonomy":"actualites-formats","embeddable":true,"href":"https:\/\/www.minesparis.psl.eu\/isige\/wp-json\/wp\/v2\/actualites-formats?post=2322"},{"taxonomy":"actualites-thematiques","embeddable":true,"href":"https:\/\/www.minesparis.psl.eu\/isige\/wp-json\/wp\/v2\/actualites-thematiques?post=2322"}],"curies":[{"name":"wp","href":"https:\/\/api.w.org\/{rel}","templated":true}]}}