{"id":2310,"date":"2024-11-07T10:35:00","date_gmt":"2024-11-07T09:35:00","guid":{"rendered":"https:\/\/www.minesparis.psl.eu\/isige\/?post_type=actualites&#038;p=2310"},"modified":"2025-06-18T12:25:02","modified_gmt":"2025-06-18T10:25:02","slug":"pole-recherche-kick-off-meeting-pour-le-projet-herbe","status":"publish","type":"actualites","link":"https:\/\/www.minesparis.psl.eu\/isige\/actualites\/pole-recherche-kick-off-meeting-pour-le-projet-herbe\/","title":{"rendered":"P\u00f4le Recherche : Kick off meeting pour le projet HERBE"},"content":{"rendered":"\n<div class=\"container block-full-largeur\">\n\t<div class=\"row mt-4\">\n\t\t<div class=\"col-md-12\">\n\t\t\t<p><span class=\"break-words tvm-parent-container\"><span dir=\"ltr\">Comment une vall\u00e9e vosgienne peut produire des aliments, des mat\u00e9riaux, des fibres et de l\u2019\u00e9nergie, de la fa\u00e7on la plus durable possible, dans un contexte de changements globaux\u00a0?\n<\/span><\/span><\/p>\n<p><span class=\"break-words tvm-parent-container\"><span dir=\"ltr\">C\u2019est la question \u00e0 laquelle Thomas Beaussier et Emmanuel Garbolino &#8211; enseignants-chercheurs de l\u2019ISIGE Mines Paris-PSL &#8211; vont tenter de r\u00e9pondre au cours des trois prochaines ann\u00e9es dans le cadre du projet collaboratif HERBE d\u00e9di\u00e9 au d\u00e9veloppement d&rsquo;un bio-hameau : la Vigotte Lab.<\/span><\/span><\/p>\n<div id=\"attachment_4805\" style=\"width: 650px\" class=\"wp-caption aligncenter\"><img loading=\"lazy\" decoding=\"async\" aria-describedby=\"caption-attachment-4805\" class=\"wp-image-4805 size-large\" src=\"https:\/\/www.isige.minesparis.psl.eu\/wp-content\/uploads\/kick-off-ok-1024x1024.jpg\" alt=\"mesurera la r\u00e9silience \u00e9conomique et environnementale \u00e0 long terme du bio-hameau et de son territoire face au changement climatique, en s\u2019appuyant sur le cadre des limites plan\u00e9taires.\" width=\"640\" height=\"640\" \/><p id=\"caption-attachment-4805\" class=\"wp-caption-text\"><em>Mesurer la r\u00e9silience \u00e9conomique et environnementale \u00e0 long terme du bio-hameau et de son territoire face au changement climatique, en s\u2019appuyant sur le cadre des limites plan\u00e9taires.<\/em><\/p><\/div>\n<h2><span class=\"break-words tvm-parent-container\"><span dir=\"ltr\">Le saviez-vous ?<\/span><\/span><\/h2>\n<p>&#8211; La Vigotte Lab est un bio-hameau de 30 hectares situ\u00e9 dans les Vosges, en amont d\u2019un bassin versant proche de Remiremont, qui rassemble un h\u00f4tel-restaurant, des habitations et quelques activit\u00e9s agricoles et sylvicoles.<\/p>\n<p>&#8211; Cet \u00e9co-lieu est au c\u0153ur d\u2019une approche ambitieuse de recherche-action : concevoir, d\u00e9ployer et analyser des syst\u00e8mes circulaires innovants pour produire de la biomasse, se chauffer, r\u00e9g\u00e9n\u00e9rer les sols et la biodiversit\u00e9, tout en minimisant l\u2019impact sur la ressource en eau.<\/p>\n<p>La finalit\u00e9 est de d\u00e9montrer la pertinence de ces approches, et donc la r\u00e9plicabilit\u00e9 du projet.<\/p>\n<p>Dans cette optique, l\u2019\u00e9quipe du projet HERBE mesurera la r\u00e9silience \u00e9conomique et environnementale \u00e0 long terme du bio-hameau et de son territoire face au changement climatique, en s\u2019appuyant sur le cadre des limites plan\u00e9taires.<\/p>\n<p style=\"text-align: center\"><a class=\"button-mines btn-bleu flech lf-blanc\" href=\"https:\/\/lavigotte.fr\">En savoir plus sur La Vigotte Lab<\/a><\/p>\n<p>Un grand MERCI \u00e0 Antoine Daval, Chlo\u00e9 Peccatte Louise Haran et Morgane Coelho pour leur accueil et la coordination de ce projet exemplaire ainsi qu&rsquo;\u00e0 l\u2019ensemble des participants pour les \u00e9changes stimulants et constructifs autour des questions scientifiques.<\/p>\n<p>&nbsp;<\/p>\n\t\t<\/div>\n\t<\/div>\n<\/div>","protected":false},"featured_media":2317,"template":"","actualites-formats":[15],"actualites-thematiques":[20],"class_list":["post-2310","actualites","type-actualites","status-publish","has-post-thumbnail","hentry"],"acf":[],"yoast_head":"<!-- This site is optimized with the Yoast SEO plugin v27.2 - https:\/\/yoast.com\/product\/yoast-seo-wordpress\/ -->\n<title>P\u00f4le Recherche : Kick off meeting pour le projet HERBE - ISIGE Mines Paris - PSL<\/title>\n<meta name=\"description\" content=\"Comment une vall\u00e9e vosgienne peut produire des aliments, des mat\u00e9riaux, des fibres et de l\u2019\u00e9nergie, de la fa\u00e7on la plus durable possible, dans un contexte de changements globaux\u00a0?\" \/>\n<meta name=\"robots\" content=\"index, follow, max-snippet:-1, max-image-preview:large, max-video-preview:-1\" \/>\n<link rel=\"canonical\" href=\"https:\/\/www.minesparis.psl.eu\/isige\/actualites\/pole-recherche-kick-off-meeting-pour-le-projet-herbe\/\" \/>\n<meta property=\"og:locale\" content=\"fr_FR\" \/>\n<meta property=\"og:type\" content=\"article\" \/>\n<meta property=\"og:title\" content=\"P\u00f4le Recherche : Kick off meeting pour le projet HERBE - ISIGE Mines Paris - PSL\" \/>\n<meta property=\"og:description\" content=\"Comment une vall\u00e9e vosgienne peut produire des aliments, des mat\u00e9riaux, des fibres et de l\u2019\u00e9nergie, de la fa\u00e7on la plus durable possible, dans un contexte de changements globaux\u00a0?\" \/>\n<meta property=\"og:url\" content=\"https:\/\/www.minesparis.psl.eu\/isige\/actualites\/pole-recherche-kick-off-meeting-pour-le-projet-herbe\/\" \/>\n<meta property=\"og:site_name\" content=\"ISIGE Mines Paris - PSL\" \/>\n<meta property=\"article:modified_time\" content=\"2025-06-18T10:25:02+00:00\" \/>\n<meta property=\"og:image\" content=\"https:\/\/www.minesparis.psl.eu\/isige\/wp-content\/uploads\/sites\/21\/2025\/03\/pexels-olga-royanova-12558282.jpg\" \/>\n\t<meta property=\"og:image:width\" content=\"1200\" \/>\n\t<meta property=\"og:image:height\" content=\"752\" \/>\n\t<meta property=\"og:image:type\" content=\"image\/jpeg\" \/>\n<meta name=\"twitter:card\" content=\"summary_large_image\" \/>\n<meta name=\"twitter:label1\" content=\"Dur\u00e9e de lecture estim\u00e9e\" \/>\n\t<meta name=\"twitter:data1\" content=\"1 minute\" \/>\n<script type=\"application\/ld+json\" class=\"yoast-schema-graph\">{\"@context\":\"https:\/\/schema.org\",\"@graph\":[{\"@type\":\"WebPage\",\"@id\":\"https:\/\/www.minesparis.psl.eu\/isige\/actualites\/pole-recherche-kick-off-meeting-pour-le-projet-herbe\/\",\"url\":\"https:\/\/www.minesparis.psl.eu\/isige\/actualites\/pole-recherche-kick-off-meeting-pour-le-projet-herbe\/\",\"name\":\"P\u00f4le Recherche : Kick off meeting pour le projet HERBE - ISIGE Mines Paris - PSL\",\"isPartOf\":{\"@id\":\"https:\/\/www.minesparis.psl.eu\/isige\/#website\"},\"primaryImageOfPage\":{\"@id\":\"https:\/\/www.minesparis.psl.eu\/isige\/actualites\/pole-recherche-kick-off-meeting-pour-le-projet-herbe\/#primaryimage\"},\"image\":{\"@id\":\"https:\/\/www.minesparis.psl.eu\/isige\/actualites\/pole-recherche-kick-off-meeting-pour-le-projet-herbe\/#primaryimage\"},\"thumbnailUrl\":\"https:\/\/www.minesparis.psl.eu\/isige\/wp-content\/uploads\/sites\/21\/2025\/03\/pexels-olga-royanova-12558282.jpg\",\"datePublished\":\"2024-11-07T09:35:00+00:00\",\"dateModified\":\"2025-06-18T10:25:02+00:00\",\"description\":\"Comment une vall\u00e9e vosgienne peut produire des aliments, des mat\u00e9riaux, des fibres et de l\u2019\u00e9nergie, de la fa\u00e7on la plus durable possible, dans un contexte de changements globaux\u00a0?\",\"breadcrumb\":{\"@id\":\"https:\/\/www.minesparis.psl.eu\/isige\/actualites\/pole-recherche-kick-off-meeting-pour-le-projet-herbe\/#breadcrumb\"},\"inLanguage\":\"fr-FR\",\"potentialAction\":[{\"@type\":\"ReadAction\",\"target\":[\"https:\/\/www.minesparis.psl.eu\/isige\/actualites\/pole-recherche-kick-off-meeting-pour-le-projet-herbe\/\"]}]},{\"@type\":\"ImageObject\",\"inLanguage\":\"fr-FR\",\"@id\":\"https:\/\/www.minesparis.psl.eu\/isige\/actualites\/pole-recherche-kick-off-meeting-pour-le-projet-herbe\/#primaryimage\",\"url\":\"https:\/\/www.minesparis.psl.eu\/isige\/wp-content\/uploads\/sites\/21\/2025\/03\/pexels-olga-royanova-12558282.jpg\",\"contentUrl\":\"https:\/\/www.minesparis.psl.eu\/isige\/wp-content\/uploads\/sites\/21\/2025\/03\/pexels-olga-royanova-12558282.jpg\",\"width\":1200,\"height\":752,\"caption\":\"Le projet HERBE mesure la r\u00e9silience \u00e9conomique et environnementale \u00e0 long terme du bio-hameau et de son territoire face au changement climatique, en s\u2019appuyant sur le cadre des limites plan\u00e9taires.\"},{\"@type\":\"BreadcrumbList\",\"@id\":\"https:\/\/www.minesparis.psl.eu\/isige\/actualites\/pole-recherche-kick-off-meeting-pour-le-projet-herbe\/#breadcrumb\",\"itemListElement\":[{\"@type\":\"ListItem\",\"position\":1,\"name\":\"Accueil\",\"item\":\"https:\/\/www.minesparis.psl.eu\/isige\/\"},{\"@type\":\"ListItem\",\"position\":2,\"name\":\"P\u00f4le Recherche : Kick off meeting pour le projet HERBE\"}]},{\"@type\":\"WebSite\",\"@id\":\"https:\/\/www.minesparis.psl.eu\/isige\/#website\",\"url\":\"https:\/\/www.minesparis.psl.eu\/isige\/\",\"name\":\"ISIGE Mines Paris - PSL\",\"description\":\"\",\"publisher\":{\"@id\":\"https:\/\/www.minesparis.psl.eu\/isige\/#organization\"},\"potentialAction\":[{\"@type\":\"SearchAction\",\"target\":{\"@type\":\"EntryPoint\",\"urlTemplate\":\"https:\/\/www.minesparis.psl.eu\/isige\/?s={search_term_string}\"},\"query-input\":{\"@type\":\"PropertyValueSpecification\",\"valueRequired\":true,\"valueName\":\"search_term_string\"}}],\"inLanguage\":\"fr-FR\"},{\"@type\":\"Organization\",\"@id\":\"https:\/\/www.minesparis.psl.eu\/isige\/#organization\",\"name\":\"ISIGE Mines Paris - PSL\",\"url\":\"https:\/\/www.minesparis.psl.eu\/isige\/\",\"logo\":{\"@type\":\"ImageObject\",\"inLanguage\":\"fr-FR\",\"@id\":\"https:\/\/www.minesparis.psl.eu\/isige\/#\/schema\/logo\/image\/\",\"url\":\"https:\/\/www.minesparis.psl.eu\/isige\/wp-content\/uploads\/sites\/21\/2025\/02\/cropped-MinesParis-PSL-ISIGEOCoRVB-1.png\",\"contentUrl\":\"https:\/\/www.minesparis.psl.eu\/isige\/wp-content\/uploads\/sites\/21\/2025\/02\/cropped-MinesParis-PSL-ISIGEOCoRVB-1.png\",\"width\":1584,\"height\":360,\"caption\":\"ISIGE Mines Paris - PSL\"},\"image\":{\"@id\":\"https:\/\/www.minesparis.psl.eu\/isige\/#\/schema\/logo\/image\/\"}}]}<\/script>\n<!-- \/ Yoast SEO plugin. -->","yoast_head_json":{"title":"P\u00f4le Recherche : Kick off meeting pour le projet HERBE - ISIGE Mines Paris - PSL","description":"Comment une vall\u00e9e vosgienne peut produire des aliments, des mat\u00e9riaux, des fibres et de l\u2019\u00e9nergie, de la fa\u00e7on la plus durable possible, dans un contexte de changements globaux\u00a0?","robots":{"index":"index","follow":"follow","max-snippet":"max-snippet:-1","max-image-preview":"max-image-preview:large","max-video-preview":"max-video-preview:-1"},"canonical":"https:\/\/www.minesparis.psl.eu\/isige\/actualites\/pole-recherche-kick-off-meeting-pour-le-projet-herbe\/","og_locale":"fr_FR","og_type":"article","og_title":"P\u00f4le Recherche : Kick off meeting pour le projet HERBE - ISIGE Mines Paris - PSL","og_description":"Comment une vall\u00e9e vosgienne peut produire des aliments, des mat\u00e9riaux, des fibres et de l\u2019\u00e9nergie, de la fa\u00e7on la plus durable possible, dans un contexte de changements globaux\u00a0?","og_url":"https:\/\/www.minesparis.psl.eu\/isige\/actualites\/pole-recherche-kick-off-meeting-pour-le-projet-herbe\/","og_site_name":"ISIGE Mines Paris - PSL","article_modified_time":"2025-06-18T10:25:02+00:00","og_image":[{"width":1200,"height":752,"url":"https:\/\/www.minesparis.psl.eu\/isige\/wp-content\/uploads\/sites\/21\/2025\/03\/pexels-olga-royanova-12558282.jpg","type":"image\/jpeg"}],"twitter_card":"summary_large_image","twitter_misc":{"Dur\u00e9e de lecture estim\u00e9e":"1 minute"},"schema":{"@context":"https:\/\/schema.org","@graph":[{"@type":"WebPage","@id":"https:\/\/www.minesparis.psl.eu\/isige\/actualites\/pole-recherche-kick-off-meeting-pour-le-projet-herbe\/","url":"https:\/\/www.minesparis.psl.eu\/isige\/actualites\/pole-recherche-kick-off-meeting-pour-le-projet-herbe\/","name":"P\u00f4le Recherche : Kick off meeting pour le projet HERBE - ISIGE Mines Paris - PSL","isPartOf":{"@id":"https:\/\/www.minesparis.psl.eu\/isige\/#website"},"primaryImageOfPage":{"@id":"https:\/\/www.minesparis.psl.eu\/isige\/actualites\/pole-recherche-kick-off-meeting-pour-le-projet-herbe\/#primaryimage"},"image":{"@id":"https:\/\/www.minesparis.psl.eu\/isige\/actualites\/pole-recherche-kick-off-meeting-pour-le-projet-herbe\/#primaryimage"},"thumbnailUrl":"https:\/\/www.minesparis.psl.eu\/isige\/wp-content\/uploads\/sites\/21\/2025\/03\/pexels-olga-royanova-12558282.jpg","datePublished":"2024-11-07T09:35:00+00:00","dateModified":"2025-06-18T10:25:02+00:00","description":"Comment une vall\u00e9e vosgienne peut produire des aliments, des mat\u00e9riaux, des fibres et de l\u2019\u00e9nergie, de la fa\u00e7on la plus durable possible, dans un contexte de changements globaux\u00a0?","breadcrumb":{"@id":"https:\/\/www.minesparis.psl.eu\/isige\/actualites\/pole-recherche-kick-off-meeting-pour-le-projet-herbe\/#breadcrumb"},"inLanguage":"fr-FR","potentialAction":[{"@type":"ReadAction","target":["https:\/\/www.minesparis.psl.eu\/isige\/actualites\/pole-recherche-kick-off-meeting-pour-le-projet-herbe\/"]}]},{"@type":"ImageObject","inLanguage":"fr-FR","@id":"https:\/\/www.minesparis.psl.eu\/isige\/actualites\/pole-recherche-kick-off-meeting-pour-le-projet-herbe\/#primaryimage","url":"https:\/\/www.minesparis.psl.eu\/isige\/wp-content\/uploads\/sites\/21\/2025\/03\/pexels-olga-royanova-12558282.jpg","contentUrl":"https:\/\/www.minesparis.psl.eu\/isige\/wp-content\/uploads\/sites\/21\/2025\/03\/pexels-olga-royanova-12558282.jpg","width":1200,"height":752,"caption":"Le projet HERBE mesure la r\u00e9silience \u00e9conomique et environnementale \u00e0 long terme du bio-hameau et de son territoire face au changement climatique, en s\u2019appuyant sur le cadre des limites plan\u00e9taires."},{"@type":"BreadcrumbList","@id":"https:\/\/www.minesparis.psl.eu\/isige\/actualites\/pole-recherche-kick-off-meeting-pour-le-projet-herbe\/#breadcrumb","itemListElement":[{"@type":"ListItem","position":1,"name":"Accueil","item":"https:\/\/www.minesparis.psl.eu\/isige\/"},{"@type":"ListItem","position":2,"name":"P\u00f4le Recherche : Kick off meeting pour le projet HERBE"}]},{"@type":"WebSite","@id":"https:\/\/www.minesparis.psl.eu\/isige\/#website","url":"https:\/\/www.minesparis.psl.eu\/isige\/","name":"ISIGE Mines Paris - PSL","description":"","publisher":{"@id":"https:\/\/www.minesparis.psl.eu\/isige\/#organization"},"potentialAction":[{"@type":"SearchAction","target":{"@type":"EntryPoint","urlTemplate":"https:\/\/www.minesparis.psl.eu\/isige\/?s={search_term_string}"},"query-input":{"@type":"PropertyValueSpecification","valueRequired":true,"valueName":"search_term_string"}}],"inLanguage":"fr-FR"},{"@type":"Organization","@id":"https:\/\/www.minesparis.psl.eu\/isige\/#organization","name":"ISIGE Mines Paris - PSL","url":"https:\/\/www.minesparis.psl.eu\/isige\/","logo":{"@type":"ImageObject","inLanguage":"fr-FR","@id":"https:\/\/www.minesparis.psl.eu\/isige\/#\/schema\/logo\/image\/","url":"https:\/\/www.minesparis.psl.eu\/isige\/wp-content\/uploads\/sites\/21\/2025\/02\/cropped-MinesParis-PSL-ISIGEOCoRVB-1.png","contentUrl":"https:\/\/www.minesparis.psl.eu\/isige\/wp-content\/uploads\/sites\/21\/2025\/02\/cropped-MinesParis-PSL-ISIGEOCoRVB-1.png","width":1584,"height":360,"caption":"ISIGE Mines Paris - PSL"},"image":{"@id":"https:\/\/www.minesparis.psl.eu\/isige\/#\/schema\/logo\/image\/"}}]}},"_links":{"self":[{"href":"https:\/\/www.minesparis.psl.eu\/isige\/wp-json\/wp\/v2\/actualites\/2310","targetHints":{"allow":["GET"]}}],"collection":[{"href":"https:\/\/www.minesparis.psl.eu\/isige\/wp-json\/wp\/v2\/actualites"}],"about":[{"href":"https:\/\/www.minesparis.psl.eu\/isige\/wp-json\/wp\/v2\/types\/actualites"}],"wp:featuredmedia":[{"embeddable":true,"href":"https:\/\/www.minesparis.psl.eu\/isige\/wp-json\/wp\/v2\/media\/2317"}],"wp:attachment":[{"href":"https:\/\/www.minesparis.psl.eu\/isige\/wp-json\/wp\/v2\/media?parent=2310"}],"wp:term":[{"taxonomy":"actualites-formats","embeddable":true,"href":"https:\/\/www.minesparis.psl.eu\/isige\/wp-json\/wp\/v2\/actualites-formats?post=2310"},{"taxonomy":"actualites-thematiques","embeddable":true,"href":"https:\/\/www.minesparis.psl.eu\/isige\/wp-json\/wp\/v2\/actualites-thematiques?post=2310"}],"curies":[{"name":"wp","href":"https:\/\/api.w.org\/{rel}","templated":true}]}}