{"id":2305,"date":"2024-11-14T09:13:00","date_gmt":"2024-11-14T08:13:00","guid":{"rendered":"https:\/\/www.minesparis.psl.eu\/isige\/?post_type=actualites&#038;p=2305"},"modified":"2025-06-18T12:25:02","modified_gmt":"2025-06-18T10:25:02","slug":"julie-cremieux-remporte-le-prix-emergence-jeune-entreprise","status":"publish","type":"actualites","link":"https:\/\/www.minesparis.psl.eu\/isige\/actualites\/julie-cremieux-remporte-le-prix-emergence-jeune-entreprise\/","title":{"rendered":"Julie Cr\u00e9mieux remporte le Prix \u00c9mergence Jeune Entreprise"},"content":{"rendered":"\n<div class=\"container block-full-largeur\">\n\t<div class=\"row mt-4\">\n\t\t<div class=\"col-md-12\">\n\t\t\t<h4 style=\"text-align: center\">Julie Cr\u00e9mieux, alumni de l&rsquo;ISIGE Mines Paris-PSL et co-fondatrice de l&rsquo;entreprise NeoFarm avec Mansour Niang, a remport\u00e9 le Prix \u00c9mergence Jeune Entreprise lors de la c\u00e9r\u00e9monie Prix Entrepreneuriat Mines Paris \u2013 PSL \u2013 Transvalor, coordonn\u00e9 par Philippe Mustar, professeur d\u2019Innovation &amp; Entrepreneuriat. Elle a accept\u00e9 de r\u00e9pondre \u00e0 nos questions.<\/h4>\n<h2 style=\"text-align: justify\">Quel est le concept de NeoFarm ?<\/h2>\n<p style=\"text-align: justify\">NeoFarm s\u2019appuie sur le pouvoir des insectes pour produire des ingr\u00e9dients de haute qualit\u00e9 pour l&rsquo;alimentation animale et la croissance des plantes. Nous avons \u00e9tabli une ferme verticale unique au S\u00e9n\u00e9gal, o\u00f9 nous \u00e9levons la mouche soldat noire dans des conditions optimales.\nA travers la mise en place d\u2019une\u00a0approche d\u2019\u00e9conomie circulaire, nous collectons des d\u00e9chets organiques dans la r\u00e9gion de Dakar que nous utilisons pour \u00e9lever et transformer les larves en prot\u00e9ine \u00e0 forte valeur nutritionnelle pour l\u2019alimentation animale.\nNous produisons \u00e9galement un engrais organique \u00e0 faible co\u00fbt reconnu pour offrir de meilleurs rendements aux agriculteurs.<\/p>\n<h2 style=\"text-align: justify\">Quels sont les objectifs de votre entreprise ?<\/h2>\n<ul style=\"text-align: justify\">\n<li><span style=\"color: #015d9e\"><strong><b>Nourrir une population croissante : <\/b><\/strong><\/span>la cha\u00eene alimentaire actuelle n\u2019est pas adapt\u00e9e pour r\u00e9pondre \u00e0 une demande croissante de prot\u00e9ines animales alors que la population mondiale devrait atteindre 10 milliards de personnes d\u2019ici 2050.<\/li>\n<\/ul>\n<ul style=\"text-align: justify\">\n<li><span style=\"color: #015d9e\"><strong><b>Garantir la s\u00e9curit\u00e9 alimentaire : <\/b><\/strong><\/span>il y a un besoin urgent de trouver des alternatives pour l\u2019alimentation animale, car l\u2019utilisation croissante de farine de soja et de poisson met en p\u00e9ril la s\u00e9curit\u00e9 alimentaire des populations humaines \u00e0 faibles revenus.<\/li>\n<\/ul>\n<ul style=\"text-align: justify\">\n<li><span style=\"color: #015d9e\"><strong><b>Prot\u00e9ger notre biodiversit\u00e9\u00a0:<\/b><\/strong><\/span> la diminution des r\u00e9serves mondiales de poissons coupl\u00e9e \u00e0 la rar\u00e9faction des ressources en eau et en terre nous oblige \u00e0 cr\u00e9er une cha\u00eene de valeur alimentaire plus durable.<\/li>\n<\/ul>\n<p style=\"text-align: justify\">Ainsi, NeoFarm contribue aux objectifs de D\u00e9veloppement Durable des Nations Unies. Chez NeoFarm, nous croyons en l\u2019instinct humain de toujours retrouver le chemin de la nature, mais surtout de prot\u00e9ger sa communaut\u00e9. L\u2019\u00e9levage d\u2019insectes nous aide \u00e0 atteindre ces deux objectifs, combattre l\u2019ins\u00e9curit\u00e9 alimentaire qui nuit \u00e0 nos communaut\u00e9s tout en pr\u00e9servant notre plan\u00e8te, notre bien le plus pr\u00e9cieux.<\/p>\n<h2 style=\"text-align: justify\">Dans quelle mesure ta formation au sein de l&rsquo;ISIGE t\u2019a aid\u00e9 \u00e0 monter ton entreprise ?<\/h2>\n<p style=\"text-align: justify\">La formation du MS EEDD parcours IGE m\u2019a apport\u00e9 des comp\u00e9tences essentielles pour monter une entreprise \u00e0 fort impact social et environnemental, en particulier des comp\u00e9tences techniques pour mettre en place une cha\u00eene de valeur circulaire, c\u0153ur de notre m\u00e9tier. J&rsquo;y ai \u00e9galement acquis des connaissances en gestion de projet, en r\u00e9glementation environnementale, ainsi qu\u2019une approche de durabilit\u00e9, toutes indispensables pour d\u00e9velopper des processus efficaces et conformes dans un secteur biotechnologique comme celui-ci.<\/p>\n<p>Ma formation s\u2019est r\u00e9v\u00e9l\u00e9e d\u00e9terminante dans le lancement de NeoFarm. En observant le potentiel du secteur agroalimentaire en Afrique de l\u2019Ouest et les nombreuses probl\u00e9matiques qui l\u2019entourent, j\u2019ai pu, gr\u00e2ce aux enseignements sur l\u2019\u00e9conomie circulaire et la gestion des d\u00e9chets, apprendre \u00e0 percevoir les biod\u00e9chets comme une ressource valorisable.<\/p>\n<p>Par ailleurs, les projets collaboratifs avec des entreprises et les conf\u00e9rences d\u2019entrepreneurs engag\u00e9s m\u2019ont inspir\u00e9e \u00e0 \u00e9laborer une solution concr\u00e8te pour r\u00e9pondre aux d\u00e9fis environnementaux et alimentaires, en particulier au S\u00e9n\u00e9gal. Enfin, le MS EEDD parcours IGE m\u2019a apport\u00e9 les outils, la vision et la confiance n\u00e9cessaires pour transformer une id\u00e9e innovante en un projet entrepreneurial porteur de sens et d\u2019impact.<\/p>\n<h2 style=\"text-align: justify\"><b><\/b>Que peut-on vous souhaiter pour la suite ?<\/h2>\n<p style=\"text-align: justify\">Nous souhaiter d\u2019abord une r\u00e9ussite dans le lancement de notre premi\u00e8re unit\u00e9 de production industrielle au S\u00e9n\u00e9gal, suivi d\u2019une expansion dans d\u2019autres pays d\u2019Afrique de l\u2019Ouest afin d\u2019apporter nos solutions \u00e0 un plus grand nombre de march\u00e9s en forte croissance. Afin d\u2019atteindre ces objectifs, une lev\u00e9e de fonds est \u00e9galement cl\u00e9 pour acc\u00e9l\u00e9rer notre d\u00e9veloppement et investir dans l\u2019innovation. Nous cherchons \u00e9galement des personnes engag\u00e9es pr\u00eates \u00e0 rejoindre l\u2019aventure NeoFarm. Avec ces soutiens, nous pourrions maximiser notre impact social et environnemental en rendant nos op\u00e9rations plus performantes et accessibles globalement.<\/p>\n<p style=\"text-align: center\"><span style=\"color: #015d9e\"><strong><a class=\"button-mines btn-bleu flech lf-blanc\" href=\"https:\/\/neofarm.sn\/\">En savoir plus sur NeoFarm<\/a>\n<\/strong><\/span><\/p>\n<p style=\"text-align: justify\">Toute l&rsquo;\u00e9quipe de l&rsquo;ISIGE vous f\u00e9licite pour ce projet plein d\u2019espoir, de bon sens et de g\u00e9n\u00e9rosit\u00e9 !<\/p>\n\t\t<\/div>\n\t<\/div>\n<\/div>","protected":false},"featured_media":2306,"template":"","actualites-formats":[17],"actualites-thematiques":[20],"class_list":["post-2305","actualites","type-actualites","status-publish","has-post-thumbnail","hentry"],"acf":[],"yoast_head":"<!-- This site is optimized with the Yoast SEO plugin v27.2 - https:\/\/yoast.com\/product\/yoast-seo-wordpress\/ -->\n<title>Julie Cr\u00e9mieux remporte le Prix \u00c9mergence Jeune Entreprise - ISIGE Mines Paris - PSL<\/title>\n<meta name=\"description\" content=\"J\u2019ai toujours \u00e9t\u00e9 anim\u00e9e par le d\u00e9sir de m\u2019investir dans des projets \u00e0 fort impact social et environnemental, ce qui a motiv\u00e9 ma d\u00e9cision d\u2019int\u00e9grer l\u2019ISIGE.\" \/>\n<meta name=\"robots\" content=\"index, follow, max-snippet:-1, max-image-preview:large, max-video-preview:-1\" \/>\n<link rel=\"canonical\" href=\"https:\/\/www.minesparis.psl.eu\/isige\/actualites\/julie-cremieux-remporte-le-prix-emergence-jeune-entreprise\/\" \/>\n<meta property=\"og:locale\" content=\"fr_FR\" \/>\n<meta property=\"og:type\" content=\"article\" \/>\n<meta property=\"og:title\" content=\"Julie Cr\u00e9mieux remporte le Prix \u00c9mergence Jeune Entreprise - ISIGE Mines Paris - PSL\" \/>\n<meta property=\"og:description\" content=\"J\u2019ai toujours \u00e9t\u00e9 anim\u00e9e par le d\u00e9sir de m\u2019investir dans des projets \u00e0 fort impact social et environnemental, ce qui a motiv\u00e9 ma d\u00e9cision d\u2019int\u00e9grer l\u2019ISIGE.\" \/>\n<meta property=\"og:url\" content=\"https:\/\/www.minesparis.psl.eu\/isige\/actualites\/julie-cremieux-remporte-le-prix-emergence-jeune-entreprise\/\" \/>\n<meta property=\"og:site_name\" content=\"ISIGE Mines Paris - PSL\" \/>\n<meta property=\"article:modified_time\" content=\"2025-06-18T10:25:02+00:00\" \/>\n<meta property=\"og:image\" content=\"https:\/\/www.minesparis.psl.eu\/isige\/wp-content\/uploads\/sites\/21\/2025\/03\/Capture-decran-2024-12-03-154750-768x516-1.png\" \/>\n\t<meta property=\"og:image:width\" content=\"768\" \/>\n\t<meta property=\"og:image:height\" content=\"516\" \/>\n\t<meta property=\"og:image:type\" content=\"image\/png\" \/>\n<meta name=\"twitter:card\" content=\"summary_large_image\" \/>\n<meta name=\"twitter:label1\" content=\"Dur\u00e9e de lecture estim\u00e9e\" \/>\n\t<meta name=\"twitter:data1\" content=\"1 minute\" \/>\n<script type=\"application\/ld+json\" class=\"yoast-schema-graph\">{\"@context\":\"https:\/\/schema.org\",\"@graph\":[{\"@type\":\"WebPage\",\"@id\":\"https:\/\/www.minesparis.psl.eu\/isige\/actualites\/julie-cremieux-remporte-le-prix-emergence-jeune-entreprise\/\",\"url\":\"https:\/\/www.minesparis.psl.eu\/isige\/actualites\/julie-cremieux-remporte-le-prix-emergence-jeune-entreprise\/\",\"name\":\"Julie Cr\u00e9mieux remporte le Prix \u00c9mergence Jeune Entreprise - ISIGE Mines Paris - PSL\",\"isPartOf\":{\"@id\":\"https:\/\/www.minesparis.psl.eu\/isige\/#website\"},\"primaryImageOfPage\":{\"@id\":\"https:\/\/www.minesparis.psl.eu\/isige\/actualites\/julie-cremieux-remporte-le-prix-emergence-jeune-entreprise\/#primaryimage\"},\"image\":{\"@id\":\"https:\/\/www.minesparis.psl.eu\/isige\/actualites\/julie-cremieux-remporte-le-prix-emergence-jeune-entreprise\/#primaryimage\"},\"thumbnailUrl\":\"https:\/\/www.minesparis.psl.eu\/isige\/wp-content\/uploads\/sites\/21\/2025\/03\/Capture-decran-2024-12-03-154750-768x516-1.png\",\"datePublished\":\"2024-11-14T08:13:00+00:00\",\"dateModified\":\"2025-06-18T10:25:02+00:00\",\"description\":\"J\u2019ai toujours \u00e9t\u00e9 anim\u00e9e par le d\u00e9sir de m\u2019investir dans des projets \u00e0 fort impact social et environnemental, ce qui a motiv\u00e9 ma d\u00e9cision d\u2019int\u00e9grer l\u2019ISIGE.\",\"breadcrumb\":{\"@id\":\"https:\/\/www.minesparis.psl.eu\/isige\/actualites\/julie-cremieux-remporte-le-prix-emergence-jeune-entreprise\/#breadcrumb\"},\"inLanguage\":\"fr-FR\",\"potentialAction\":[{\"@type\":\"ReadAction\",\"target\":[\"https:\/\/www.minesparis.psl.eu\/isige\/actualites\/julie-cremieux-remporte-le-prix-emergence-jeune-entreprise\/\"]}]},{\"@type\":\"ImageObject\",\"inLanguage\":\"fr-FR\",\"@id\":\"https:\/\/www.minesparis.psl.eu\/isige\/actualites\/julie-cremieux-remporte-le-prix-emergence-jeune-entreprise\/#primaryimage\",\"url\":\"https:\/\/www.minesparis.psl.eu\/isige\/wp-content\/uploads\/sites\/21\/2025\/03\/Capture-decran-2024-12-03-154750-768x516-1.png\",\"contentUrl\":\"https:\/\/www.minesparis.psl.eu\/isige\/wp-content\/uploads\/sites\/21\/2025\/03\/Capture-decran-2024-12-03-154750-768x516-1.png\",\"width\":768,\"height\":516,\"caption\":\"Julie Cr\u00e9mieux, co-fondatrice de NeoFarm et laur\u00e9ate du Prix \u00c9mergence 2024 Mines Paris \u2013 PSL : transformer les d\u00e9chets organiques en solutions durables\"},{\"@type\":\"BreadcrumbList\",\"@id\":\"https:\/\/www.minesparis.psl.eu\/isige\/actualites\/julie-cremieux-remporte-le-prix-emergence-jeune-entreprise\/#breadcrumb\",\"itemListElement\":[{\"@type\":\"ListItem\",\"position\":1,\"name\":\"Accueil\",\"item\":\"https:\/\/www.minesparis.psl.eu\/isige\/\"},{\"@type\":\"ListItem\",\"position\":2,\"name\":\"Julie Cr\u00e9mieux remporte le Prix \u00c9mergence Jeune Entreprise\"}]},{\"@type\":\"WebSite\",\"@id\":\"https:\/\/www.minesparis.psl.eu\/isige\/#website\",\"url\":\"https:\/\/www.minesparis.psl.eu\/isige\/\",\"name\":\"ISIGE Mines Paris - PSL\",\"description\":\"\",\"publisher\":{\"@id\":\"https:\/\/www.minesparis.psl.eu\/isige\/#organization\"},\"potentialAction\":[{\"@type\":\"SearchAction\",\"target\":{\"@type\":\"EntryPoint\",\"urlTemplate\":\"https:\/\/www.minesparis.psl.eu\/isige\/?s={search_term_string}\"},\"query-input\":{\"@type\":\"PropertyValueSpecification\",\"valueRequired\":true,\"valueName\":\"search_term_string\"}}],\"inLanguage\":\"fr-FR\"},{\"@type\":\"Organization\",\"@id\":\"https:\/\/www.minesparis.psl.eu\/isige\/#organization\",\"name\":\"ISIGE Mines Paris - PSL\",\"url\":\"https:\/\/www.minesparis.psl.eu\/isige\/\",\"logo\":{\"@type\":\"ImageObject\",\"inLanguage\":\"fr-FR\",\"@id\":\"https:\/\/www.minesparis.psl.eu\/isige\/#\/schema\/logo\/image\/\",\"url\":\"https:\/\/www.minesparis.psl.eu\/isige\/wp-content\/uploads\/sites\/21\/2025\/02\/cropped-MinesParis-PSL-ISIGEOCoRVB-1.png\",\"contentUrl\":\"https:\/\/www.minesparis.psl.eu\/isige\/wp-content\/uploads\/sites\/21\/2025\/02\/cropped-MinesParis-PSL-ISIGEOCoRVB-1.png\",\"width\":1584,\"height\":360,\"caption\":\"ISIGE Mines Paris - PSL\"},\"image\":{\"@id\":\"https:\/\/www.minesparis.psl.eu\/isige\/#\/schema\/logo\/image\/\"}}]}<\/script>\n<!-- \/ Yoast SEO plugin. -->","yoast_head_json":{"title":"Julie Cr\u00e9mieux remporte le Prix \u00c9mergence Jeune Entreprise - ISIGE Mines Paris - PSL","description":"J\u2019ai toujours \u00e9t\u00e9 anim\u00e9e par le d\u00e9sir de m\u2019investir dans des projets \u00e0 fort impact social et environnemental, ce qui a motiv\u00e9 ma d\u00e9cision d\u2019int\u00e9grer l\u2019ISIGE.","robots":{"index":"index","follow":"follow","max-snippet":"max-snippet:-1","max-image-preview":"max-image-preview:large","max-video-preview":"max-video-preview:-1"},"canonical":"https:\/\/www.minesparis.psl.eu\/isige\/actualites\/julie-cremieux-remporte-le-prix-emergence-jeune-entreprise\/","og_locale":"fr_FR","og_type":"article","og_title":"Julie Cr\u00e9mieux remporte le Prix \u00c9mergence Jeune Entreprise - ISIGE Mines Paris - PSL","og_description":"J\u2019ai toujours \u00e9t\u00e9 anim\u00e9e par le d\u00e9sir de m\u2019investir dans des projets \u00e0 fort impact social et environnemental, ce qui a motiv\u00e9 ma d\u00e9cision d\u2019int\u00e9grer l\u2019ISIGE.","og_url":"https:\/\/www.minesparis.psl.eu\/isige\/actualites\/julie-cremieux-remporte-le-prix-emergence-jeune-entreprise\/","og_site_name":"ISIGE Mines Paris - PSL","article_modified_time":"2025-06-18T10:25:02+00:00","og_image":[{"width":768,"height":516,"url":"https:\/\/www.minesparis.psl.eu\/isige\/wp-content\/uploads\/sites\/21\/2025\/03\/Capture-decran-2024-12-03-154750-768x516-1.png","type":"image\/png"}],"twitter_card":"summary_large_image","twitter_misc":{"Dur\u00e9e de lecture estim\u00e9e":"1 minute"},"schema":{"@context":"https:\/\/schema.org","@graph":[{"@type":"WebPage","@id":"https:\/\/www.minesparis.psl.eu\/isige\/actualites\/julie-cremieux-remporte-le-prix-emergence-jeune-entreprise\/","url":"https:\/\/www.minesparis.psl.eu\/isige\/actualites\/julie-cremieux-remporte-le-prix-emergence-jeune-entreprise\/","name":"Julie Cr\u00e9mieux remporte le Prix \u00c9mergence Jeune Entreprise - ISIGE Mines Paris - PSL","isPartOf":{"@id":"https:\/\/www.minesparis.psl.eu\/isige\/#website"},"primaryImageOfPage":{"@id":"https:\/\/www.minesparis.psl.eu\/isige\/actualites\/julie-cremieux-remporte-le-prix-emergence-jeune-entreprise\/#primaryimage"},"image":{"@id":"https:\/\/www.minesparis.psl.eu\/isige\/actualites\/julie-cremieux-remporte-le-prix-emergence-jeune-entreprise\/#primaryimage"},"thumbnailUrl":"https:\/\/www.minesparis.psl.eu\/isige\/wp-content\/uploads\/sites\/21\/2025\/03\/Capture-decran-2024-12-03-154750-768x516-1.png","datePublished":"2024-11-14T08:13:00+00:00","dateModified":"2025-06-18T10:25:02+00:00","description":"J\u2019ai toujours \u00e9t\u00e9 anim\u00e9e par le d\u00e9sir de m\u2019investir dans des projets \u00e0 fort impact social et environnemental, ce qui a motiv\u00e9 ma d\u00e9cision d\u2019int\u00e9grer l\u2019ISIGE.","breadcrumb":{"@id":"https:\/\/www.minesparis.psl.eu\/isige\/actualites\/julie-cremieux-remporte-le-prix-emergence-jeune-entreprise\/#breadcrumb"},"inLanguage":"fr-FR","potentialAction":[{"@type":"ReadAction","target":["https:\/\/www.minesparis.psl.eu\/isige\/actualites\/julie-cremieux-remporte-le-prix-emergence-jeune-entreprise\/"]}]},{"@type":"ImageObject","inLanguage":"fr-FR","@id":"https:\/\/www.minesparis.psl.eu\/isige\/actualites\/julie-cremieux-remporte-le-prix-emergence-jeune-entreprise\/#primaryimage","url":"https:\/\/www.minesparis.psl.eu\/isige\/wp-content\/uploads\/sites\/21\/2025\/03\/Capture-decran-2024-12-03-154750-768x516-1.png","contentUrl":"https:\/\/www.minesparis.psl.eu\/isige\/wp-content\/uploads\/sites\/21\/2025\/03\/Capture-decran-2024-12-03-154750-768x516-1.png","width":768,"height":516,"caption":"Julie Cr\u00e9mieux, co-fondatrice de NeoFarm et laur\u00e9ate du Prix \u00c9mergence 2024 Mines Paris \u2013 PSL : transformer les d\u00e9chets organiques en solutions durables"},{"@type":"BreadcrumbList","@id":"https:\/\/www.minesparis.psl.eu\/isige\/actualites\/julie-cremieux-remporte-le-prix-emergence-jeune-entreprise\/#breadcrumb","itemListElement":[{"@type":"ListItem","position":1,"name":"Accueil","item":"https:\/\/www.minesparis.psl.eu\/isige\/"},{"@type":"ListItem","position":2,"name":"Julie Cr\u00e9mieux remporte le Prix \u00c9mergence Jeune Entreprise"}]},{"@type":"WebSite","@id":"https:\/\/www.minesparis.psl.eu\/isige\/#website","url":"https:\/\/www.minesparis.psl.eu\/isige\/","name":"ISIGE Mines Paris - PSL","description":"","publisher":{"@id":"https:\/\/www.minesparis.psl.eu\/isige\/#organization"},"potentialAction":[{"@type":"SearchAction","target":{"@type":"EntryPoint","urlTemplate":"https:\/\/www.minesparis.psl.eu\/isige\/?s={search_term_string}"},"query-input":{"@type":"PropertyValueSpecification","valueRequired":true,"valueName":"search_term_string"}}],"inLanguage":"fr-FR"},{"@type":"Organization","@id":"https:\/\/www.minesparis.psl.eu\/isige\/#organization","name":"ISIGE Mines Paris - PSL","url":"https:\/\/www.minesparis.psl.eu\/isige\/","logo":{"@type":"ImageObject","inLanguage":"fr-FR","@id":"https:\/\/www.minesparis.psl.eu\/isige\/#\/schema\/logo\/image\/","url":"https:\/\/www.minesparis.psl.eu\/isige\/wp-content\/uploads\/sites\/21\/2025\/02\/cropped-MinesParis-PSL-ISIGEOCoRVB-1.png","contentUrl":"https:\/\/www.minesparis.psl.eu\/isige\/wp-content\/uploads\/sites\/21\/2025\/02\/cropped-MinesParis-PSL-ISIGEOCoRVB-1.png","width":1584,"height":360,"caption":"ISIGE Mines Paris - PSL"},"image":{"@id":"https:\/\/www.minesparis.psl.eu\/isige\/#\/schema\/logo\/image\/"}}]}},"_links":{"self":[{"href":"https:\/\/www.minesparis.psl.eu\/isige\/wp-json\/wp\/v2\/actualites\/2305","targetHints":{"allow":["GET"]}}],"collection":[{"href":"https:\/\/www.minesparis.psl.eu\/isige\/wp-json\/wp\/v2\/actualites"}],"about":[{"href":"https:\/\/www.minesparis.psl.eu\/isige\/wp-json\/wp\/v2\/types\/actualites"}],"wp:featuredmedia":[{"embeddable":true,"href":"https:\/\/www.minesparis.psl.eu\/isige\/wp-json\/wp\/v2\/media\/2306"}],"wp:attachment":[{"href":"https:\/\/www.minesparis.psl.eu\/isige\/wp-json\/wp\/v2\/media?parent=2305"}],"wp:term":[{"taxonomy":"actualites-formats","embeddable":true,"href":"https:\/\/www.minesparis.psl.eu\/isige\/wp-json\/wp\/v2\/actualites-formats?post=2305"},{"taxonomy":"actualites-thematiques","embeddable":true,"href":"https:\/\/www.minesparis.psl.eu\/isige\/wp-json\/wp\/v2\/actualites-thematiques?post=2305"}],"curies":[{"name":"wp","href":"https:\/\/api.w.org\/{rel}","templated":true}]}}