{"id":2213,"date":"2024-05-24T15:06:00","date_gmt":"2024-05-24T13:06:00","guid":{"rendered":"https:\/\/www.minesparis.psl.eu\/isige\/?post_type=actualites&#038;p=2213"},"modified":"2025-06-18T12:25:04","modified_gmt":"2025-06-18T10:25:04","slug":"portrait-de-gregory-sonjon-ms-eedd-parcours-rsedd-2024-25","status":"publish","type":"actualites","link":"https:\/\/www.minesparis.psl.eu\/isige\/actualites\/portrait-de-gregory-sonjon-ms-eedd-parcours-rsedd-2024-25\/","title":{"rendered":"Portrait de Gr\u00e9gory Sonjon \u2013 MS EEDD parcours RSEDD, 2024-25"},"content":{"rendered":"\n<div class=\"container block-full-largeur\">\n\t<div class=\"row mt-4\">\n\t\t<div class=\"col-md-12\">\n\t\t\t<h1 style=\"text-align: center\"><em>\u201cPendant toutes ces ann\u00e9es, j\u2019ai eu le sentiment que l\u2019aspect durabilit\u00e9 des activit\u00e9s n\u2019\u00e9tait pas suffisamment pris en compte sans toutefois percevoir de r\u00e9els leviers actionnables \u00e0 mon niveau.\u201d<\/em><\/h1>\n<h2>Quel est ton parcours professionnel Gr\u00e9gory ?<\/h2>\n<p>Dans la premi\u00e8re partie de ma carri\u00e8re d\u2019ing\u00e9nieur, ma curiosit\u00e9 pour la technique et mon go\u00fbt pour le travail en \u00e9quipe m\u2019ont permis de participer \u00e0 des projets industriels de d\u00e9veloppement de produits \u00e0 fort contenu technologique, dans un contexte souvent complexe de management transverse avec une dimension internationale.<br \/>\nJ\u2019ai pu int\u00e9grer en 2012 un grand groupe de l\u2019a\u00e9ronautique pour lequel je travaille toujours aujourd\u2019hui. La taille r\u00e9duite des \u00e9quipes projet et le temps de d\u00e9veloppement relativement court pour le secteur m\u2019a permis de m\u2019impliquer depuis l\u2019appel d\u2019offre jusqu\u2019\u00e0 la mise en production et d\u2019interagir avec une grande diversit\u00e9 de m\u00e9tiers.<\/p>\n<h2>Pourquoi souhaites-tu te former \u00e0 la RSE ?<\/h2>\n<p>Aujourd\u2019hui je souhaite mettre \u00e0 profit mon exp\u00e9rience de terrain pour aider les entreprises \u00e0 prendre en compte efficacement les enjeux environnementaux et soci\u00e9taux dans leurs activit\u00e9s. Pour cela j\u2019avais donc besoin de renforcer mes connaissances sur les aspects juridiques et \u00e9conomiques, et d\u2019avoir un panel d\u2019outils de management pour faciliter les changements n\u00e9cessaires dans les organisations.<br \/>\nLe mast\u00e8re constitue un moyen efficace pour me confronter \u00e0 des cas pratiques et me donner une l\u00e9gitimit\u00e9 indispensable \u00e0 ma reconversion. J\u2019aurai ainsi toutes les cartes en main pour orienter la deuxi\u00e8me partie de ma carri\u00e8re vers les sujets li\u00e9s au D\u00e9veloppement Durable.<\/p>\n<h2>Pourquoi avoir choisi notre formation ?<\/h2>\n<p>Je m\u2019\u00e9tais d\u2019abord form\u00e9 aux m\u00e9thodes Bilan Carbone et \u00e0 l\u2019ACV mais j\u2019avais besoin de mieux comprendre comment raisonnent (et devrait raisonner !) les entreprises pour d\u00e9finir leur strat\u00e9gie RSE. Le mast\u00e8re r\u00e9pond totalement \u00e0 cette probl\u00e9matique. Pendant le cursus il y a beaucoup de moments marquants avec parfois l\u2019impression d\u2019avoir enfin une r\u00e9ponse aux nombreuses questions qu\u2019on se pose sur cette fameuse transition, cela permet de comprendre le point de vue les diff\u00e9rentes parties prenantes. C\u2019est le vrai plus de ce mast\u00e8re qui nous donne une vision \u00e0 360 degr\u00e9s de la durabilit\u00e9.<\/p>\n<h2>Quand as-tu eu le d\u00e9clic pour t\u2019engager en faveur de la transition \u00e9cologique ?<\/h2>\n<p>Pendant toutes ces ann\u00e9es, j\u2019ai eu le sentiment que l\u2019aspect durabilit\u00e9 des activit\u00e9s n\u2019\u00e9tait pas suffisamment pris en compte sans toutefois percevoir de r\u00e9els leviers actionnables \u00e0 mon niveau. C\u2019est en 2019 que j\u2019ai commenc\u00e9 \u00e0 m\u2019int\u00e9resser de pr\u00e8s aux enjeux environnementaux et aux solutions qu\u2019il \u00e9tait possible de d\u00e9ployer. Depuis lors, je me suis efforc\u00e9 d\u2019orienter mes missions vers ces enjeux. Les rencontres se sont alors enchain\u00e9es naturellement et j\u2019ai pu construire mon projet professionnel sur du concret.<\/p>\n<h2>Comment envisages-tu la suite de ta carri\u00e8re ?<\/h2>\n<p>Aujourd\u2019hui, j\u2019aide \u00e0 l\u2019\u00e9tablissement des bonnes pratiques d\u2019\u00e9coconception pour les lignes de produits d\u00e9velopp\u00e9es sur mon site. Progressivement, mon entreprise int\u00e8gre de nouvelles probl\u00e9matiques dans sa strat\u00e9gie RSE. Il y a donc beaucoup \u00e0 faire.<\/p>\n\t\t<\/div>\n\t<\/div>\n<\/div>","protected":false},"featured_media":2183,"template":"","actualites-formats":[17,18],"actualites-thematiques":[20],"class_list":["post-2213","actualites","type-actualites","status-publish","has-post-thumbnail","hentry"],"acf":[],"yoast_head":"<!-- This site is optimized with the Yoast SEO plugin v27.2 - https:\/\/yoast.com\/product\/yoast-seo-wordpress\/ -->\n<title>Portrait de Gr\u00e9gory Sonjon \u2013 MS EEDD parcours RSEDD, 2024-25 - ISIGE Mines Paris - PSL<\/title>\n<meta name=\"description\" content=\"Pendant longtemps, j\u2019ai eu le sentiment que l\u2019aspect durabilit\u00e9 des activit\u00e9s n\u2019\u00e9tait pas pris en compte sans percevoir de r\u00e9els leviers actionnables \u00e0 mon niveau.\" \/>\n<meta name=\"robots\" content=\"index, follow, max-snippet:-1, max-image-preview:large, max-video-preview:-1\" \/>\n<link rel=\"canonical\" href=\"https:\/\/www.minesparis.psl.eu\/isige\/actualites\/portrait-de-gregory-sonjon-ms-eedd-parcours-rsedd-2024-25\/\" \/>\n<meta property=\"og:locale\" content=\"fr_FR\" \/>\n<meta property=\"og:type\" content=\"article\" \/>\n<meta property=\"og:title\" content=\"Portrait de Gr\u00e9gory Sonjon \u2013 MS EEDD parcours RSEDD, 2024-25 - ISIGE Mines Paris - PSL\" \/>\n<meta property=\"og:description\" content=\"Pendant longtemps, j\u2019ai eu le sentiment que l\u2019aspect durabilit\u00e9 des activit\u00e9s n\u2019\u00e9tait pas pris en compte sans percevoir de r\u00e9els leviers actionnables \u00e0 mon niveau.\" \/>\n<meta property=\"og:url\" content=\"https:\/\/www.minesparis.psl.eu\/isige\/actualites\/portrait-de-gregory-sonjon-ms-eedd-parcours-rsedd-2024-25\/\" \/>\n<meta property=\"og:site_name\" content=\"ISIGE Mines Paris - PSL\" \/>\n<meta property=\"article:modified_time\" content=\"2025-06-18T10:25:04+00:00\" \/>\n<meta property=\"og:image\" content=\"https:\/\/www.minesparis.psl.eu\/isige\/wp-content\/uploads\/sites\/21\/2025\/03\/1696156362956-modified-2.png\" \/>\n\t<meta property=\"og:image:width\" content=\"745\" \/>\n\t<meta property=\"og:image:height\" content=\"745\" \/>\n\t<meta property=\"og:image:type\" content=\"image\/png\" \/>\n<meta name=\"twitter:card\" content=\"summary_large_image\" \/>\n<meta name=\"twitter:label1\" content=\"Dur\u00e9e de lecture estim\u00e9e\" \/>\n\t<meta name=\"twitter:data1\" content=\"1 minute\" \/>\n<script type=\"application\/ld+json\" class=\"yoast-schema-graph\">{\"@context\":\"https:\/\/schema.org\",\"@graph\":[{\"@type\":\"WebPage\",\"@id\":\"https:\/\/www.minesparis.psl.eu\/isige\/actualites\/portrait-de-gregory-sonjon-ms-eedd-parcours-rsedd-2024-25\/\",\"url\":\"https:\/\/www.minesparis.psl.eu\/isige\/actualites\/portrait-de-gregory-sonjon-ms-eedd-parcours-rsedd-2024-25\/\",\"name\":\"Portrait de Gr\u00e9gory Sonjon \u2013 MS EEDD parcours RSEDD, 2024-25 - ISIGE Mines Paris - PSL\",\"isPartOf\":{\"@id\":\"https:\/\/www.minesparis.psl.eu\/isige\/#website\"},\"primaryImageOfPage\":{\"@id\":\"https:\/\/www.minesparis.psl.eu\/isige\/actualites\/portrait-de-gregory-sonjon-ms-eedd-parcours-rsedd-2024-25\/#primaryimage\"},\"image\":{\"@id\":\"https:\/\/www.minesparis.psl.eu\/isige\/actualites\/portrait-de-gregory-sonjon-ms-eedd-parcours-rsedd-2024-25\/#primaryimage\"},\"thumbnailUrl\":\"https:\/\/www.minesparis.psl.eu\/isige\/wp-content\/uploads\/sites\/21\/2025\/03\/1696156362956-modified-2.png\",\"datePublished\":\"2024-05-24T13:06:00+00:00\",\"dateModified\":\"2025-06-18T10:25:04+00:00\",\"description\":\"Pendant longtemps, j\u2019ai eu le sentiment que l\u2019aspect durabilit\u00e9 des activit\u00e9s n\u2019\u00e9tait pas pris en compte sans percevoir de r\u00e9els leviers actionnables \u00e0 mon niveau.\",\"breadcrumb\":{\"@id\":\"https:\/\/www.minesparis.psl.eu\/isige\/actualites\/portrait-de-gregory-sonjon-ms-eedd-parcours-rsedd-2024-25\/#breadcrumb\"},\"inLanguage\":\"fr-FR\",\"potentialAction\":[{\"@type\":\"ReadAction\",\"target\":[\"https:\/\/www.minesparis.psl.eu\/isige\/actualites\/portrait-de-gregory-sonjon-ms-eedd-parcours-rsedd-2024-25\/\"]}]},{\"@type\":\"ImageObject\",\"inLanguage\":\"fr-FR\",\"@id\":\"https:\/\/www.minesparis.psl.eu\/isige\/actualites\/portrait-de-gregory-sonjon-ms-eedd-parcours-rsedd-2024-25\/#primaryimage\",\"url\":\"https:\/\/www.minesparis.psl.eu\/isige\/wp-content\/uploads\/sites\/21\/2025\/03\/1696156362956-modified-2.png\",\"contentUrl\":\"https:\/\/www.minesparis.psl.eu\/isige\/wp-content\/uploads\/sites\/21\/2025\/03\/1696156362956-modified-2.png\",\"width\":745,\"height\":745,\"caption\":\"Gr\u00e9gory Sonjon ISIGE\"},{\"@type\":\"BreadcrumbList\",\"@id\":\"https:\/\/www.minesparis.psl.eu\/isige\/actualites\/portrait-de-gregory-sonjon-ms-eedd-parcours-rsedd-2024-25\/#breadcrumb\",\"itemListElement\":[{\"@type\":\"ListItem\",\"position\":1,\"name\":\"Accueil\",\"item\":\"https:\/\/www.minesparis.psl.eu\/isige\/\"},{\"@type\":\"ListItem\",\"position\":2,\"name\":\"Portrait de Gr\u00e9gory Sonjon \u2013 MS EEDD parcours RSEDD, 2024-25\"}]},{\"@type\":\"WebSite\",\"@id\":\"https:\/\/www.minesparis.psl.eu\/isige\/#website\",\"url\":\"https:\/\/www.minesparis.psl.eu\/isige\/\",\"name\":\"ISIGE Mines Paris - PSL\",\"description\":\"\",\"publisher\":{\"@id\":\"https:\/\/www.minesparis.psl.eu\/isige\/#organization\"},\"potentialAction\":[{\"@type\":\"SearchAction\",\"target\":{\"@type\":\"EntryPoint\",\"urlTemplate\":\"https:\/\/www.minesparis.psl.eu\/isige\/?s={search_term_string}\"},\"query-input\":{\"@type\":\"PropertyValueSpecification\",\"valueRequired\":true,\"valueName\":\"search_term_string\"}}],\"inLanguage\":\"fr-FR\"},{\"@type\":\"Organization\",\"@id\":\"https:\/\/www.minesparis.psl.eu\/isige\/#organization\",\"name\":\"ISIGE Mines Paris - PSL\",\"url\":\"https:\/\/www.minesparis.psl.eu\/isige\/\",\"logo\":{\"@type\":\"ImageObject\",\"inLanguage\":\"fr-FR\",\"@id\":\"https:\/\/www.minesparis.psl.eu\/isige\/#\/schema\/logo\/image\/\",\"url\":\"https:\/\/www.minesparis.psl.eu\/isige\/wp-content\/uploads\/sites\/21\/2025\/02\/cropped-MinesParis-PSL-ISIGEOCoRVB-1.png\",\"contentUrl\":\"https:\/\/www.minesparis.psl.eu\/isige\/wp-content\/uploads\/sites\/21\/2025\/02\/cropped-MinesParis-PSL-ISIGEOCoRVB-1.png\",\"width\":1584,\"height\":360,\"caption\":\"ISIGE Mines Paris - PSL\"},\"image\":{\"@id\":\"https:\/\/www.minesparis.psl.eu\/isige\/#\/schema\/logo\/image\/\"}}]}<\/script>\n<!-- \/ Yoast SEO plugin. -->","yoast_head_json":{"title":"Portrait de Gr\u00e9gory Sonjon \u2013 MS EEDD parcours RSEDD, 2024-25 - ISIGE Mines Paris - PSL","description":"Pendant longtemps, j\u2019ai eu le sentiment que l\u2019aspect durabilit\u00e9 des activit\u00e9s n\u2019\u00e9tait pas pris en compte sans percevoir de r\u00e9els leviers actionnables \u00e0 mon niveau.","robots":{"index":"index","follow":"follow","max-snippet":"max-snippet:-1","max-image-preview":"max-image-preview:large","max-video-preview":"max-video-preview:-1"},"canonical":"https:\/\/www.minesparis.psl.eu\/isige\/actualites\/portrait-de-gregory-sonjon-ms-eedd-parcours-rsedd-2024-25\/","og_locale":"fr_FR","og_type":"article","og_title":"Portrait de Gr\u00e9gory Sonjon \u2013 MS EEDD parcours RSEDD, 2024-25 - ISIGE Mines Paris - PSL","og_description":"Pendant longtemps, j\u2019ai eu le sentiment que l\u2019aspect durabilit\u00e9 des activit\u00e9s n\u2019\u00e9tait pas pris en compte sans percevoir de r\u00e9els leviers actionnables \u00e0 mon niveau.","og_url":"https:\/\/www.minesparis.psl.eu\/isige\/actualites\/portrait-de-gregory-sonjon-ms-eedd-parcours-rsedd-2024-25\/","og_site_name":"ISIGE Mines Paris - PSL","article_modified_time":"2025-06-18T10:25:04+00:00","og_image":[{"width":745,"height":745,"url":"https:\/\/www.minesparis.psl.eu\/isige\/wp-content\/uploads\/sites\/21\/2025\/03\/1696156362956-modified-2.png","type":"image\/png"}],"twitter_card":"summary_large_image","twitter_misc":{"Dur\u00e9e de lecture estim\u00e9e":"1 minute"},"schema":{"@context":"https:\/\/schema.org","@graph":[{"@type":"WebPage","@id":"https:\/\/www.minesparis.psl.eu\/isige\/actualites\/portrait-de-gregory-sonjon-ms-eedd-parcours-rsedd-2024-25\/","url":"https:\/\/www.minesparis.psl.eu\/isige\/actualites\/portrait-de-gregory-sonjon-ms-eedd-parcours-rsedd-2024-25\/","name":"Portrait de Gr\u00e9gory Sonjon \u2013 MS EEDD parcours RSEDD, 2024-25 - ISIGE Mines Paris - PSL","isPartOf":{"@id":"https:\/\/www.minesparis.psl.eu\/isige\/#website"},"primaryImageOfPage":{"@id":"https:\/\/www.minesparis.psl.eu\/isige\/actualites\/portrait-de-gregory-sonjon-ms-eedd-parcours-rsedd-2024-25\/#primaryimage"},"image":{"@id":"https:\/\/www.minesparis.psl.eu\/isige\/actualites\/portrait-de-gregory-sonjon-ms-eedd-parcours-rsedd-2024-25\/#primaryimage"},"thumbnailUrl":"https:\/\/www.minesparis.psl.eu\/isige\/wp-content\/uploads\/sites\/21\/2025\/03\/1696156362956-modified-2.png","datePublished":"2024-05-24T13:06:00+00:00","dateModified":"2025-06-18T10:25:04+00:00","description":"Pendant longtemps, j\u2019ai eu le sentiment que l\u2019aspect durabilit\u00e9 des activit\u00e9s n\u2019\u00e9tait pas pris en compte sans percevoir de r\u00e9els leviers actionnables \u00e0 mon niveau.","breadcrumb":{"@id":"https:\/\/www.minesparis.psl.eu\/isige\/actualites\/portrait-de-gregory-sonjon-ms-eedd-parcours-rsedd-2024-25\/#breadcrumb"},"inLanguage":"fr-FR","potentialAction":[{"@type":"ReadAction","target":["https:\/\/www.minesparis.psl.eu\/isige\/actualites\/portrait-de-gregory-sonjon-ms-eedd-parcours-rsedd-2024-25\/"]}]},{"@type":"ImageObject","inLanguage":"fr-FR","@id":"https:\/\/www.minesparis.psl.eu\/isige\/actualites\/portrait-de-gregory-sonjon-ms-eedd-parcours-rsedd-2024-25\/#primaryimage","url":"https:\/\/www.minesparis.psl.eu\/isige\/wp-content\/uploads\/sites\/21\/2025\/03\/1696156362956-modified-2.png","contentUrl":"https:\/\/www.minesparis.psl.eu\/isige\/wp-content\/uploads\/sites\/21\/2025\/03\/1696156362956-modified-2.png","width":745,"height":745,"caption":"Gr\u00e9gory Sonjon ISIGE"},{"@type":"BreadcrumbList","@id":"https:\/\/www.minesparis.psl.eu\/isige\/actualites\/portrait-de-gregory-sonjon-ms-eedd-parcours-rsedd-2024-25\/#breadcrumb","itemListElement":[{"@type":"ListItem","position":1,"name":"Accueil","item":"https:\/\/www.minesparis.psl.eu\/isige\/"},{"@type":"ListItem","position":2,"name":"Portrait de Gr\u00e9gory Sonjon \u2013 MS EEDD parcours RSEDD, 2024-25"}]},{"@type":"WebSite","@id":"https:\/\/www.minesparis.psl.eu\/isige\/#website","url":"https:\/\/www.minesparis.psl.eu\/isige\/","name":"ISIGE Mines Paris - PSL","description":"","publisher":{"@id":"https:\/\/www.minesparis.psl.eu\/isige\/#organization"},"potentialAction":[{"@type":"SearchAction","target":{"@type":"EntryPoint","urlTemplate":"https:\/\/www.minesparis.psl.eu\/isige\/?s={search_term_string}"},"query-input":{"@type":"PropertyValueSpecification","valueRequired":true,"valueName":"search_term_string"}}],"inLanguage":"fr-FR"},{"@type":"Organization","@id":"https:\/\/www.minesparis.psl.eu\/isige\/#organization","name":"ISIGE Mines Paris - PSL","url":"https:\/\/www.minesparis.psl.eu\/isige\/","logo":{"@type":"ImageObject","inLanguage":"fr-FR","@id":"https:\/\/www.minesparis.psl.eu\/isige\/#\/schema\/logo\/image\/","url":"https:\/\/www.minesparis.psl.eu\/isige\/wp-content\/uploads\/sites\/21\/2025\/02\/cropped-MinesParis-PSL-ISIGEOCoRVB-1.png","contentUrl":"https:\/\/www.minesparis.psl.eu\/isige\/wp-content\/uploads\/sites\/21\/2025\/02\/cropped-MinesParis-PSL-ISIGEOCoRVB-1.png","width":1584,"height":360,"caption":"ISIGE Mines Paris - PSL"},"image":{"@id":"https:\/\/www.minesparis.psl.eu\/isige\/#\/schema\/logo\/image\/"}}]}},"_links":{"self":[{"href":"https:\/\/www.minesparis.psl.eu\/isige\/wp-json\/wp\/v2\/actualites\/2213","targetHints":{"allow":["GET"]}}],"collection":[{"href":"https:\/\/www.minesparis.psl.eu\/isige\/wp-json\/wp\/v2\/actualites"}],"about":[{"href":"https:\/\/www.minesparis.psl.eu\/isige\/wp-json\/wp\/v2\/types\/actualites"}],"wp:featuredmedia":[{"embeddable":true,"href":"https:\/\/www.minesparis.psl.eu\/isige\/wp-json\/wp\/v2\/media\/2183"}],"wp:attachment":[{"href":"https:\/\/www.minesparis.psl.eu\/isige\/wp-json\/wp\/v2\/media?parent=2213"}],"wp:term":[{"taxonomy":"actualites-formats","embeddable":true,"href":"https:\/\/www.minesparis.psl.eu\/isige\/wp-json\/wp\/v2\/actualites-formats?post=2213"},{"taxonomy":"actualites-thematiques","embeddable":true,"href":"https:\/\/www.minesparis.psl.eu\/isige\/wp-json\/wp\/v2\/actualites-thematiques?post=2213"}],"curies":[{"name":"wp","href":"https:\/\/api.w.org\/{rel}","templated":true}]}}