{"id":2164,"date":"2024-09-08T10:09:00","date_gmt":"2024-09-08T08:09:00","guid":{"rendered":"https:\/\/www.minesparis.psl.eu\/isige\/?post_type=actualites&#038;p=2164"},"modified":"2025-06-18T12:25:04","modified_gmt":"2025-06-18T10:25:04","slug":"portrait-de-louise-bourachot-ms-eedd-parcours-ige-2024-25","status":"publish","type":"actualites","link":"https:\/\/www.minesparis.psl.eu\/isige\/actualites\/portrait-de-louise-bourachot-ms-eedd-parcours-ige-2024-25\/","title":{"rendered":"Portrait de Louise Bourachot \u2013 MS EEDD parcours IGE, 2024-25"},"content":{"rendered":"\n<div class=\"container block-full-largeur\">\n\t<div class=\"row mt-4\">\n\t\t<div class=\"col-md-12\">\n\t\t\t<h1 style=\"text-align: center\"><em><i>\u00abDans un monde en constante \u00e9volution, je consid\u00e8re ma g\u00e9n\u00e9ration comme celle du changement. C\u2019est pourquoi, je suis d\u00e9termin\u00e9e \u00e0 jouer un r\u00f4le actif et novateur dans cette transition, en apportant des contributions concr\u00e8tes et innovantes.\u00bb<\/i><\/em><\/h1>\n<h2><strong><b>Quel est ton parcours Louise ? <\/b><\/strong><\/h2>\n<p>Apr\u00e8s l\u2019obtention de mon baccalaur\u00e9at scientifique, je me suis orient\u00e9e vers un DUT en physique, o\u00f9 j\u2019ai pu approfondir mes comp\u00e9tences scientifiques et techniques. C\u2019est suite \u00e0 une classe pr\u00e9paratoire ATS en biologie que j\u2019ai pu int\u00e9grer une \u00e9cole d\u2019ing\u00e9nieurs en agronomie.<br \/>\nAu cours de cette formation, j\u2019ai \u00e9t\u00e9 confront\u00e9e aux d\u00e9fis environnementaux li\u00e9s \u00e0 l\u2019agriculture, en particulier lors de ma sp\u00e9cialisation en valorisation des co-produits. Cela m\u2019a apport\u00e9 une meilleure compr\u00e9hension des enjeux industriels dans les domaines de l\u2019\u00e9nergie et du recyclage. Mon engagement pour ce secteur s\u2019est renforc\u00e9 gr\u00e2ce \u00e0 plusieurs exp\u00e9riences professionnelles aupr\u00e8s d\u2019acteurs de la valorisation des d\u00e9chets.<br \/>\nEnfin, une mission de volontariat de quatre mois au Costa Rica, visant \u00e0 former les acteurs locaux \u00e0 l\u2019autonomie alimentaire, a d\u00e9velopp\u00e9 ma capacit\u00e9 \u00e0 communiquer efficacement et \u00e0 vulgariser des informations. Ces comp\u00e9tences sont essentielles pour aborder des probl\u00e9matiques interdisciplinaires.<\/p>\n<h2><strong><b>Quand as-tu commenc\u00e9 \u00e0 t\u2019engager en faveur de la transition \u00e9cologique ? <\/b><\/strong><\/h2>\n<p>Mon investissement en faveur du d\u00e9veloppement durable s\u2019est d\u00e9velopp\u00e9 au cours de mes \u00e9tudes, de mes activit\u00e9s professionnelles et de mes exp\u00e9riences de volontariat. Je suis convaincue qu\u2019une approche innovante est essentielle pour promouvoir une gestion plus durable des ressources et contribuer \u00e0 la transition vers une \u00e9conomie plus respectueuse de l\u2019environnement.<em><i><br \/>\n<\/i><\/em><\/p>\n<h2><strong><b>Pourquoi avoir choisi le MS EEDD parcours IGE ?<\/b><\/strong><\/h2>\n<p>Afin de rencontrer des acteurs cl\u00e9s, approfondir mes connaissances et prendre en main les outils de gestion de l\u2019environnement mais \u00e9galement ma\u00eetriser des r\u00e9glementations et enjeux du domaine. Je suis particuli\u00e8rement int\u00e9ress\u00e9e par les interventions men\u00e9es par des acteurs externes et internes \u00e0 l\u2019\u00e9cole, qui offrent une vision globale des probl\u00e9matiques.<br \/>\nPar ailleurs, l\u2019exp\u00e9rience humaine au sein d\u2019une classe diversifi\u00e9e, tant en \u00e2ge qu\u2019en expertise, constitue une v\u00e9ritable opportunit\u00e9 d\u2019enrichissement mutuel et d\u2019apprentissage de la vulgarisation de l\u2019information. De plus, l\u2019alternance et les projets men\u00e9s avec des entreprises engag\u00e9es dans la d\u00e9carbonation des territoires apportent une dimension concr\u00e8te et appliqu\u00e9e \u00e0 la formation.<br \/>\nEnfin, la reconnaissance du programme dans les sph\u00e8res acad\u00e9mique et professionnelle, illustr\u00e9e par sa premi\u00e8re place au classement SMBG 2023, t\u00e9moigne de sa richesse et de sa grande valeur.<\/p>\n<h2><strong><b>Quel est ton projet professionnel ?<\/b><\/strong><\/h2>\n<h4 style=\"text-align: center\"><em><i>\u00ab Am\u00e9liorer l\u2019impact des entreprises sur les \u00e9cosyst\u00e8mes qui les entourent. \u00bb<\/i><\/em><\/h4>\n<p>J\u2019aimerais int\u00e9grer une entreprise sp\u00e9cialis\u00e9e en \u00e9conomie circulaire en tant que responsable projet, j\u2019ai pour volont\u00e9 d\u2019\u00eatre au c\u0153ur des \u00e9changes entre les diff\u00e9rentes parties prenantes et acteurs sp\u00e9cialis\u00e9s.<br \/>\n\u00catre responsable projet en tant qu\u2019individu conscient des enjeux climatiques et environnementaux offre l\u2019opportunit\u00e9 de soutenir de mani\u00e8re efficace ces pr\u00e9occupations.<br \/>\nCette implication permet d\u2019apporter une vision innovante, notamment dans les contextes o\u00f9 l\u2019int\u00e9gration du d\u00e9veloppement durable reste complexe, bien qu\u2019il s\u2019agisse d\u2019un domaine transversal cl\u00e9, reliant de nombreuses fonctions interd\u00e9pendantes.<\/p>\n\t\t<\/div>\n\t<\/div>\n<\/div>","protected":false},"featured_media":1976,"template":"","actualites-formats":[17,18],"actualites-thematiques":[20],"class_list":["post-2164","actualites","type-actualites","status-publish","has-post-thumbnail","hentry"],"acf":[],"yoast_head":"<!-- This site is optimized with the Yoast SEO plugin v27.2 - https:\/\/yoast.com\/product\/yoast-seo-wordpress\/ -->\n<title>Portrait de Louise Bourachot \u2013 MS EEDD parcours IGE, 2024-25 - ISIGE Mines Paris - PSL<\/title>\n<meta name=\"description\" content=\"Je consid\u00e8re ma g\u00e9n\u00e9ration comme celle du changement, je suis d\u00e9termin\u00e9e \u00e0 jouer un r\u00f4le actif et novateur dans la transition \u00e9cologique.\" \/>\n<meta name=\"robots\" content=\"index, follow, max-snippet:-1, max-image-preview:large, max-video-preview:-1\" \/>\n<link rel=\"canonical\" href=\"https:\/\/www.minesparis.psl.eu\/isige\/actualites\/portrait-de-louise-bourachot-ms-eedd-parcours-ige-2024-25\/\" \/>\n<meta property=\"og:locale\" content=\"fr_FR\" \/>\n<meta property=\"og:type\" content=\"article\" \/>\n<meta property=\"og:title\" content=\"Portrait de Louise Bourachot \u2013 MS EEDD parcours IGE, 2024-25 - ISIGE Mines Paris - PSL\" \/>\n<meta property=\"og:description\" content=\"Je consid\u00e8re ma g\u00e9n\u00e9ration comme celle du changement, je suis d\u00e9termin\u00e9e \u00e0 jouer un r\u00f4le actif et novateur dans la transition \u00e9cologique.\" \/>\n<meta property=\"og:url\" content=\"https:\/\/www.minesparis.psl.eu\/isige\/actualites\/portrait-de-louise-bourachot-ms-eedd-parcours-ige-2024-25\/\" \/>\n<meta property=\"og:site_name\" content=\"ISIGE Mines Paris - PSL\" \/>\n<meta property=\"article:modified_time\" content=\"2025-06-18T10:25:04+00:00\" \/>\n<meta property=\"og:image\" content=\"https:\/\/www.minesparis.psl.eu\/isige\/wp-content\/uploads\/sites\/21\/2025\/03\/Louise-modified.png\" \/>\n\t<meta property=\"og:image:width\" content=\"745\" \/>\n\t<meta property=\"og:image:height\" content=\"745\" \/>\n\t<meta property=\"og:image:type\" content=\"image\/png\" \/>\n<meta name=\"twitter:card\" content=\"summary_large_image\" \/>\n<meta name=\"twitter:label1\" content=\"Dur\u00e9e de lecture estim\u00e9e\" \/>\n\t<meta name=\"twitter:data1\" content=\"1 minute\" \/>\n<script type=\"application\/ld+json\" class=\"yoast-schema-graph\">{\"@context\":\"https:\/\/schema.org\",\"@graph\":[{\"@type\":\"WebPage\",\"@id\":\"https:\/\/www.minesparis.psl.eu\/isige\/actualites\/portrait-de-louise-bourachot-ms-eedd-parcours-ige-2024-25\/\",\"url\":\"https:\/\/www.minesparis.psl.eu\/isige\/actualites\/portrait-de-louise-bourachot-ms-eedd-parcours-ige-2024-25\/\",\"name\":\"Portrait de Louise Bourachot \u2013 MS EEDD parcours IGE, 2024-25 - ISIGE Mines Paris - PSL\",\"isPartOf\":{\"@id\":\"https:\/\/www.minesparis.psl.eu\/isige\/#website\"},\"primaryImageOfPage\":{\"@id\":\"https:\/\/www.minesparis.psl.eu\/isige\/actualites\/portrait-de-louise-bourachot-ms-eedd-parcours-ige-2024-25\/#primaryimage\"},\"image\":{\"@id\":\"https:\/\/www.minesparis.psl.eu\/isige\/actualites\/portrait-de-louise-bourachot-ms-eedd-parcours-ige-2024-25\/#primaryimage\"},\"thumbnailUrl\":\"https:\/\/www.minesparis.psl.eu\/isige\/wp-content\/uploads\/sites\/21\/2025\/03\/Louise-modified.png\",\"datePublished\":\"2024-09-08T08:09:00+00:00\",\"dateModified\":\"2025-06-18T10:25:04+00:00\",\"description\":\"Je consid\u00e8re ma g\u00e9n\u00e9ration comme celle du changement, je suis d\u00e9termin\u00e9e \u00e0 jouer un r\u00f4le actif et novateur dans la transition \u00e9cologique.\",\"breadcrumb\":{\"@id\":\"https:\/\/www.minesparis.psl.eu\/isige\/actualites\/portrait-de-louise-bourachot-ms-eedd-parcours-ige-2024-25\/#breadcrumb\"},\"inLanguage\":\"fr-FR\",\"potentialAction\":[{\"@type\":\"ReadAction\",\"target\":[\"https:\/\/www.minesparis.psl.eu\/isige\/actualites\/portrait-de-louise-bourachot-ms-eedd-parcours-ige-2024-25\/\"]}]},{\"@type\":\"ImageObject\",\"inLanguage\":\"fr-FR\",\"@id\":\"https:\/\/www.minesparis.psl.eu\/isige\/actualites\/portrait-de-louise-bourachot-ms-eedd-parcours-ige-2024-25\/#primaryimage\",\"url\":\"https:\/\/www.minesparis.psl.eu\/isige\/wp-content\/uploads\/sites\/21\/2025\/03\/Louise-modified.png\",\"contentUrl\":\"https:\/\/www.minesparis.psl.eu\/isige\/wp-content\/uploads\/sites\/21\/2025\/03\/Louise-modified.png\",\"width\":745,\"height\":745,\"caption\":\"Louise Bourachot ISIGE\"},{\"@type\":\"BreadcrumbList\",\"@id\":\"https:\/\/www.minesparis.psl.eu\/isige\/actualites\/portrait-de-louise-bourachot-ms-eedd-parcours-ige-2024-25\/#breadcrumb\",\"itemListElement\":[{\"@type\":\"ListItem\",\"position\":1,\"name\":\"Accueil\",\"item\":\"https:\/\/www.minesparis.psl.eu\/isige\/\"},{\"@type\":\"ListItem\",\"position\":2,\"name\":\"Portrait de Louise Bourachot \u2013 MS EEDD parcours IGE, 2024-25\"}]},{\"@type\":\"WebSite\",\"@id\":\"https:\/\/www.minesparis.psl.eu\/isige\/#website\",\"url\":\"https:\/\/www.minesparis.psl.eu\/isige\/\",\"name\":\"ISIGE Mines Paris - PSL\",\"description\":\"\",\"publisher\":{\"@id\":\"https:\/\/www.minesparis.psl.eu\/isige\/#organization\"},\"potentialAction\":[{\"@type\":\"SearchAction\",\"target\":{\"@type\":\"EntryPoint\",\"urlTemplate\":\"https:\/\/www.minesparis.psl.eu\/isige\/?s={search_term_string}\"},\"query-input\":{\"@type\":\"PropertyValueSpecification\",\"valueRequired\":true,\"valueName\":\"search_term_string\"}}],\"inLanguage\":\"fr-FR\"},{\"@type\":\"Organization\",\"@id\":\"https:\/\/www.minesparis.psl.eu\/isige\/#organization\",\"name\":\"ISIGE Mines Paris - PSL\",\"url\":\"https:\/\/www.minesparis.psl.eu\/isige\/\",\"logo\":{\"@type\":\"ImageObject\",\"inLanguage\":\"fr-FR\",\"@id\":\"https:\/\/www.minesparis.psl.eu\/isige\/#\/schema\/logo\/image\/\",\"url\":\"https:\/\/www.minesparis.psl.eu\/isige\/wp-content\/uploads\/sites\/21\/2025\/02\/cropped-MinesParis-PSL-ISIGEOCoRVB-1.png\",\"contentUrl\":\"https:\/\/www.minesparis.psl.eu\/isige\/wp-content\/uploads\/sites\/21\/2025\/02\/cropped-MinesParis-PSL-ISIGEOCoRVB-1.png\",\"width\":1584,\"height\":360,\"caption\":\"ISIGE Mines Paris - PSL\"},\"image\":{\"@id\":\"https:\/\/www.minesparis.psl.eu\/isige\/#\/schema\/logo\/image\/\"}}]}<\/script>\n<!-- \/ Yoast SEO plugin. -->","yoast_head_json":{"title":"Portrait de Louise Bourachot \u2013 MS EEDD parcours IGE, 2024-25 - ISIGE Mines Paris - PSL","description":"Je consid\u00e8re ma g\u00e9n\u00e9ration comme celle du changement, je suis d\u00e9termin\u00e9e \u00e0 jouer un r\u00f4le actif et novateur dans la transition \u00e9cologique.","robots":{"index":"index","follow":"follow","max-snippet":"max-snippet:-1","max-image-preview":"max-image-preview:large","max-video-preview":"max-video-preview:-1"},"canonical":"https:\/\/www.minesparis.psl.eu\/isige\/actualites\/portrait-de-louise-bourachot-ms-eedd-parcours-ige-2024-25\/","og_locale":"fr_FR","og_type":"article","og_title":"Portrait de Louise Bourachot \u2013 MS EEDD parcours IGE, 2024-25 - ISIGE Mines Paris - PSL","og_description":"Je consid\u00e8re ma g\u00e9n\u00e9ration comme celle du changement, je suis d\u00e9termin\u00e9e \u00e0 jouer un r\u00f4le actif et novateur dans la transition \u00e9cologique.","og_url":"https:\/\/www.minesparis.psl.eu\/isige\/actualites\/portrait-de-louise-bourachot-ms-eedd-parcours-ige-2024-25\/","og_site_name":"ISIGE Mines Paris - PSL","article_modified_time":"2025-06-18T10:25:04+00:00","og_image":[{"width":745,"height":745,"url":"https:\/\/www.minesparis.psl.eu\/isige\/wp-content\/uploads\/sites\/21\/2025\/03\/Louise-modified.png","type":"image\/png"}],"twitter_card":"summary_large_image","twitter_misc":{"Dur\u00e9e de lecture estim\u00e9e":"1 minute"},"schema":{"@context":"https:\/\/schema.org","@graph":[{"@type":"WebPage","@id":"https:\/\/www.minesparis.psl.eu\/isige\/actualites\/portrait-de-louise-bourachot-ms-eedd-parcours-ige-2024-25\/","url":"https:\/\/www.minesparis.psl.eu\/isige\/actualites\/portrait-de-louise-bourachot-ms-eedd-parcours-ige-2024-25\/","name":"Portrait de Louise Bourachot \u2013 MS EEDD parcours IGE, 2024-25 - ISIGE Mines Paris - PSL","isPartOf":{"@id":"https:\/\/www.minesparis.psl.eu\/isige\/#website"},"primaryImageOfPage":{"@id":"https:\/\/www.minesparis.psl.eu\/isige\/actualites\/portrait-de-louise-bourachot-ms-eedd-parcours-ige-2024-25\/#primaryimage"},"image":{"@id":"https:\/\/www.minesparis.psl.eu\/isige\/actualites\/portrait-de-louise-bourachot-ms-eedd-parcours-ige-2024-25\/#primaryimage"},"thumbnailUrl":"https:\/\/www.minesparis.psl.eu\/isige\/wp-content\/uploads\/sites\/21\/2025\/03\/Louise-modified.png","datePublished":"2024-09-08T08:09:00+00:00","dateModified":"2025-06-18T10:25:04+00:00","description":"Je consid\u00e8re ma g\u00e9n\u00e9ration comme celle du changement, je suis d\u00e9termin\u00e9e \u00e0 jouer un r\u00f4le actif et novateur dans la transition \u00e9cologique.","breadcrumb":{"@id":"https:\/\/www.minesparis.psl.eu\/isige\/actualites\/portrait-de-louise-bourachot-ms-eedd-parcours-ige-2024-25\/#breadcrumb"},"inLanguage":"fr-FR","potentialAction":[{"@type":"ReadAction","target":["https:\/\/www.minesparis.psl.eu\/isige\/actualites\/portrait-de-louise-bourachot-ms-eedd-parcours-ige-2024-25\/"]}]},{"@type":"ImageObject","inLanguage":"fr-FR","@id":"https:\/\/www.minesparis.psl.eu\/isige\/actualites\/portrait-de-louise-bourachot-ms-eedd-parcours-ige-2024-25\/#primaryimage","url":"https:\/\/www.minesparis.psl.eu\/isige\/wp-content\/uploads\/sites\/21\/2025\/03\/Louise-modified.png","contentUrl":"https:\/\/www.minesparis.psl.eu\/isige\/wp-content\/uploads\/sites\/21\/2025\/03\/Louise-modified.png","width":745,"height":745,"caption":"Louise Bourachot ISIGE"},{"@type":"BreadcrumbList","@id":"https:\/\/www.minesparis.psl.eu\/isige\/actualites\/portrait-de-louise-bourachot-ms-eedd-parcours-ige-2024-25\/#breadcrumb","itemListElement":[{"@type":"ListItem","position":1,"name":"Accueil","item":"https:\/\/www.minesparis.psl.eu\/isige\/"},{"@type":"ListItem","position":2,"name":"Portrait de Louise Bourachot \u2013 MS EEDD parcours IGE, 2024-25"}]},{"@type":"WebSite","@id":"https:\/\/www.minesparis.psl.eu\/isige\/#website","url":"https:\/\/www.minesparis.psl.eu\/isige\/","name":"ISIGE Mines Paris - PSL","description":"","publisher":{"@id":"https:\/\/www.minesparis.psl.eu\/isige\/#organization"},"potentialAction":[{"@type":"SearchAction","target":{"@type":"EntryPoint","urlTemplate":"https:\/\/www.minesparis.psl.eu\/isige\/?s={search_term_string}"},"query-input":{"@type":"PropertyValueSpecification","valueRequired":true,"valueName":"search_term_string"}}],"inLanguage":"fr-FR"},{"@type":"Organization","@id":"https:\/\/www.minesparis.psl.eu\/isige\/#organization","name":"ISIGE Mines Paris - PSL","url":"https:\/\/www.minesparis.psl.eu\/isige\/","logo":{"@type":"ImageObject","inLanguage":"fr-FR","@id":"https:\/\/www.minesparis.psl.eu\/isige\/#\/schema\/logo\/image\/","url":"https:\/\/www.minesparis.psl.eu\/isige\/wp-content\/uploads\/sites\/21\/2025\/02\/cropped-MinesParis-PSL-ISIGEOCoRVB-1.png","contentUrl":"https:\/\/www.minesparis.psl.eu\/isige\/wp-content\/uploads\/sites\/21\/2025\/02\/cropped-MinesParis-PSL-ISIGEOCoRVB-1.png","width":1584,"height":360,"caption":"ISIGE Mines Paris - PSL"},"image":{"@id":"https:\/\/www.minesparis.psl.eu\/isige\/#\/schema\/logo\/image\/"}}]}},"_links":{"self":[{"href":"https:\/\/www.minesparis.psl.eu\/isige\/wp-json\/wp\/v2\/actualites\/2164","targetHints":{"allow":["GET"]}}],"collection":[{"href":"https:\/\/www.minesparis.psl.eu\/isige\/wp-json\/wp\/v2\/actualites"}],"about":[{"href":"https:\/\/www.minesparis.psl.eu\/isige\/wp-json\/wp\/v2\/types\/actualites"}],"wp:featuredmedia":[{"embeddable":true,"href":"https:\/\/www.minesparis.psl.eu\/isige\/wp-json\/wp\/v2\/media\/1976"}],"wp:attachment":[{"href":"https:\/\/www.minesparis.psl.eu\/isige\/wp-json\/wp\/v2\/media?parent=2164"}],"wp:term":[{"taxonomy":"actualites-formats","embeddable":true,"href":"https:\/\/www.minesparis.psl.eu\/isige\/wp-json\/wp\/v2\/actualites-formats?post=2164"},{"taxonomy":"actualites-thematiques","embeddable":true,"href":"https:\/\/www.minesparis.psl.eu\/isige\/wp-json\/wp\/v2\/actualites-thematiques?post=2164"}],"curies":[{"name":"wp","href":"https:\/\/api.w.org\/{rel}","templated":true}]}}