{"id":1986,"date":"2024-09-20T14:59:00","date_gmt":"2024-09-20T12:59:00","guid":{"rendered":"https:\/\/www.minesparis.psl.eu\/isige\/?post_type=actualites&#038;p=1986"},"modified":"2025-06-18T12:25:03","modified_gmt":"2025-06-18T10:25:03","slug":"portrait-de-baptiste-thiberge-ms-eedd-parcours-ige-2024-25","status":"publish","type":"actualites","link":"https:\/\/www.minesparis.psl.eu\/isige\/actualites\/portrait-de-baptiste-thiberge-ms-eedd-parcours-ige-2024-25\/","title":{"rendered":"Portrait de Baptiste Thiberge \u2013 MS EEDD parcours IGE, 2024-25"},"content":{"rendered":"\n<div class=\"container block-full-largeur\">\n\t<div class=\"row mt-4\">\n\t\t<div class=\"col-md-12\">\n\t\t\t<h1 style=\"text-align: center\"><em><i>\u00ab Touch\u00e9 de plein fouet par les questions environnementales il y a quelques ann\u00e9es, j\u2019ai progressivement acquis une culture g\u00e9n\u00e9rale sur le sujet au fil de mes lectures, discussions et autres \u00e9coutes de podcasts. \u00bb<\/i><\/em><\/h1>\n<h2><strong><b>Baptiste, quel est ton parcours ?<\/b><\/strong><\/h2>\n<h4 style=\"text-align: center\"><em><i>\u00ab\u00a0Je suis aujourd\u2019hui ing\u00e9nieur en \u00e9co-conception. L\u2019une de mes principales missions est de mettre sur pied et d\u00e9ployer des outils et m\u00e9thodes permettant de mettre en \u00e9vidence, le plus en amont possible, des compromis permettant de r\u00e9duire certains impacts environnementaux.\u00a0\u00bb<\/i><\/em><\/h4>\n<p>Issu d\u2019une formation g\u00e9n\u00e9raliste , j\u2019\u00e9volue depuis 5 ans dans une industrie par nature hautement interdisciplinaire, \u00e0 des postes qui le sont particuli\u00e8rement. Je me suis orient\u00e9 vers l\u2019a\u00e9ronautique en choisissant Safran Aircraft Engines (SAE), d\u00e9termin\u00e9 \u00e0 rejoindre une soci\u00e9t\u00e9 remplie de d\u00e9fis environnementaux et dispos\u00e9e \u00e0 les relever.\u00a0Mes premi\u00e8res ann\u00e9es en bureau d\u2019\u00e9tudes m\u00e9canique ont cependant fini par engendrer de la frustration, car mes missions ne me permettant pas de m\u2019engager de mani\u00e8re tr\u00e8s concr\u00e8te. L\u2019id\u00e9e de suivre une formation sp\u00e9cialis\u00e9e pr\u00e9parant \u00e0 des m\u00e9tiers davantage tourn\u00e9s vers la transition \u00e9cologique a alors \u00e9merg\u00e9 pour la premi\u00e8re fois.<\/p>\n<p>Ensuite, j\u2019ai eu la chance d\u2019apprendre la cr\u00e9ation du r\u00e9cent d\u00e9partement \u00e9coconception plein d\u2019ambitions au sein de SAE. Il m\u2019a progressivement \u00e9t\u00e9 permis de mettre un pied dans des activit\u00e9s d\u2019\u00e9coconception, pour finalement rejoindre \u00e0 temps plein la jeune \u00e9quipe. Virage professionnel r\u00e9ussi ! Au d\u00e9tail pr\u00e8s que j\u2019effectue des t\u00e2ches pour lesquelles mon bagage th\u00e9orique reste mince. C\u2019est pourquoi l\u2019id\u00e9e de suivre une formation d\u00e9di\u00e9e, toujours pr\u00e9sente, a \u00e9t\u00e9 partag\u00e9e avec ma hi\u00e9rarchie et ma responsable RH.<\/p>\n<h2><strong><b>Pourquoi avoir choisi le MS EEDD parcours IGE ?<\/b><\/strong><\/h2>\n<h4 style=\"text-align: center\"><em><i>\u201cMes pr\u00e9f\u00e9rences personnelles m\u2019am\u00e8nent g\u00e9n\u00e9ralement \u00e0 privil\u00e9gier une bonne vision globale plut\u00f4t qu\u2019une sp\u00e9cialisation dans un domaine tr\u00e8s pointu. Cette raison ainsi que la qualit\u00e9 de l\u2019enseignement des Mines ont fait du parcours IGE dispens\u00e9 par l\u2019ISIGE un choix \u00e9vident pour moi.\u201d<\/i><\/em><\/h4>\n<p><strong><b><br \/>\n<\/b><\/strong>J\u2019aimerais acqu\u00e9rir les notions permettant de\u00a0mieux comprendre l\u2019organisation choisie par Safran en r\u00e9ponse aux enjeux du d\u00e9veloppement durable\u00a0et de\u00a0la\u00a0RSE. De mani\u00e8re plus pragmatique, mon \u00e9quipe a \u00e9galement unanimement soulign\u00e9 une n\u00e9cessit\u00e9 urgente de se familiariser avec les cadres r\u00e9glementaire et normatif auxquels nos produits et nos pratiques doivent ou devront se conformer.<\/p>\n<p>J\u2019ai besoin de mieux appr\u00e9hender certaines connaissances scientifiques afin de perfectionner ma capacit\u00e9\u00a0d\u2019analyse et de proposer des leviers d\u2019action concr\u00e8te \u00e0 mettre en place, par exemple sur des sites de production ou lors du d\u00e9veloppement de nouveaux produits.<\/p>\n<p>Je souhaite revenir aux fondamentaux de l\u2019\u00e9coconception, que je connais principalement de fa\u00e7on appliqu\u00e9e \u00e0 mon domaine, afin de replacer les outils tels que l\u2019ACV au sein d\u2019un panel \u00e9largi et d\u2019adopter un regard critique quant \u00e0 notre mani\u00e8re actuelle de mener nos projets. Enfin, les controverses environnementales et le voyage urbain de fin d\u2019ann\u00e9e me semblent \u00eatre des vecteurs d\u2019ouverture d\u2019esprit importants pour quiconque a l\u2019ambition d\u2019apporter du changement sur des th\u00e8mes complexes, m\u00e9diatis\u00e9s et sujets \u00e0 d\u00e9bat comme ceux qui entourent l\u2019a\u00e9ronautique.<\/p>\n<h2><strong><b>Quel est ton projet professionnel ? <\/b><\/strong><\/h2>\n<h4 style=\"text-align: center\"><em><i>\u00ab\u00a0Je veux participer \u00e0 la conduite du changement pour l\u2019introduction de l\u2019ing\u00e9nierie environnementale dans des entit\u00e9s complexes comme les directions technique ou industrielle de Safran.\u00a0\u00bb<\/i><\/em><\/h4>\n<p>Les motivations de Safran Aircraft Engines pour soutenir mon initiative sont les suivantes : combler certaines difficult\u00e9s \u00e0 recruter des personnes form\u00e9es en environnement, et profiter d\u2019un potentiel de diffusion des comp\u00e9tences acquises au sein du groupe.<\/p>\n<p>La premi\u00e8re brique de mon projet professionnel est de poursuivre, au sein de mon poste actuel, le d\u00e9ploiement de l\u2019\u00e9coconception chez Safran Aircraft Engines. Le chantier promet de rester passionnant pendant de nombreuses ann\u00e9es. A moyen terme, j\u2019aimerais \u00e9voluer vers un poste de management ou de pilotage de projet. Ma volont\u00e9 est de continuer \u00e0 traiter des probl\u00e9matiques transverses, et je suis tr\u00e8s attach\u00e9 au fait de garder une vue haut niveau dans mes activit\u00e9s.<\/p>\n<p>Les opportunit\u00e9s chez Safran ne manqueront pas, tant le nombre de r\u00e9flexions qui \u00e9mergent un peu partout attisent ma curiosit\u00e9 (Bas Carbone au sein de la direction industrielle, achats durables et \u00e9conomie circulaire, projets cibl\u00e9s des moyens g\u00e9n\u00e9raux, de la SSE ou de la maintenance industrielle, etc.).<\/p>\n\t\t<\/div>\n\t<\/div>\n<\/div>","protected":false},"featured_media":1971,"template":"","actualites-formats":[17,18],"actualites-thematiques":[20],"class_list":["post-1986","actualites","type-actualites","status-publish","has-post-thumbnail","hentry"],"acf":[],"yoast_head":"<!-- This site is optimized with the Yoast SEO plugin v27.2 - https:\/\/yoast.com\/product\/yoast-seo-wordpress\/ -->\n<title>Portrait de Baptiste Thiberge \u2013 MS EEDD parcours IGE, 2024-25 - ISIGE Mines Paris - PSL<\/title>\n<meta name=\"description\" content=\"Je suis ing\u00e9nieur en \u00e9co-conception. L\u2019une de mes principales missions est de mettre sur pied et d\u00e9ployer des outils et m\u00e9thodes permettant de mettre en \u00e9vidence des compromis permettant de r\u00e9duire certains impacts environnementaux.\" \/>\n<meta name=\"robots\" content=\"index, follow, max-snippet:-1, max-image-preview:large, max-video-preview:-1\" \/>\n<link rel=\"canonical\" href=\"https:\/\/www.minesparis.psl.eu\/isige\/actualites\/portrait-de-baptiste-thiberge-ms-eedd-parcours-ige-2024-25\/\" \/>\n<meta property=\"og:locale\" content=\"fr_FR\" \/>\n<meta property=\"og:type\" content=\"article\" \/>\n<meta property=\"og:title\" content=\"Portrait de Baptiste Thiberge \u2013 MS EEDD parcours IGE, 2024-25 - ISIGE Mines Paris - PSL\" \/>\n<meta property=\"og:description\" content=\"Je suis ing\u00e9nieur en \u00e9co-conception. L\u2019une de mes principales missions est de mettre sur pied et d\u00e9ployer des outils et m\u00e9thodes permettant de mettre en \u00e9vidence des compromis permettant de r\u00e9duire certains impacts environnementaux.\" \/>\n<meta property=\"og:url\" content=\"https:\/\/www.minesparis.psl.eu\/isige\/actualites\/portrait-de-baptiste-thiberge-ms-eedd-parcours-ige-2024-25\/\" \/>\n<meta property=\"og:site_name\" content=\"ISIGE Mines Paris - PSL\" \/>\n<meta property=\"article:modified_time\" content=\"2025-06-18T10:25:03+00:00\" \/>\n<meta property=\"og:image\" content=\"https:\/\/www.minesparis.psl.eu\/isige\/wp-content\/uploads\/sites\/21\/2025\/03\/Baptiste.png\" \/>\n\t<meta property=\"og:image:width\" content=\"745\" \/>\n\t<meta property=\"og:image:height\" content=\"745\" \/>\n\t<meta property=\"og:image:type\" content=\"image\/png\" \/>\n<meta name=\"twitter:card\" content=\"summary_large_image\" \/>\n<meta name=\"twitter:label1\" content=\"Dur\u00e9e de lecture estim\u00e9e\" \/>\n\t<meta name=\"twitter:data1\" content=\"1 minute\" \/>\n<script type=\"application\/ld+json\" class=\"yoast-schema-graph\">{\"@context\":\"https:\/\/schema.org\",\"@graph\":[{\"@type\":\"WebPage\",\"@id\":\"https:\/\/www.minesparis.psl.eu\/isige\/actualites\/portrait-de-baptiste-thiberge-ms-eedd-parcours-ige-2024-25\/\",\"url\":\"https:\/\/www.minesparis.psl.eu\/isige\/actualites\/portrait-de-baptiste-thiberge-ms-eedd-parcours-ige-2024-25\/\",\"name\":\"Portrait de Baptiste Thiberge \u2013 MS EEDD parcours IGE, 2024-25 - ISIGE Mines Paris - PSL\",\"isPartOf\":{\"@id\":\"https:\/\/www.minesparis.psl.eu\/isige\/#website\"},\"primaryImageOfPage\":{\"@id\":\"https:\/\/www.minesparis.psl.eu\/isige\/actualites\/portrait-de-baptiste-thiberge-ms-eedd-parcours-ige-2024-25\/#primaryimage\"},\"image\":{\"@id\":\"https:\/\/www.minesparis.psl.eu\/isige\/actualites\/portrait-de-baptiste-thiberge-ms-eedd-parcours-ige-2024-25\/#primaryimage\"},\"thumbnailUrl\":\"https:\/\/www.minesparis.psl.eu\/isige\/wp-content\/uploads\/sites\/21\/2025\/03\/Baptiste.png\",\"datePublished\":\"2024-09-20T12:59:00+00:00\",\"dateModified\":\"2025-06-18T10:25:03+00:00\",\"description\":\"Je suis ing\u00e9nieur en \u00e9co-conception. L\u2019une de mes principales missions est de mettre sur pied et d\u00e9ployer des outils et m\u00e9thodes permettant de mettre en \u00e9vidence des compromis permettant de r\u00e9duire certains impacts environnementaux.\",\"breadcrumb\":{\"@id\":\"https:\/\/www.minesparis.psl.eu\/isige\/actualites\/portrait-de-baptiste-thiberge-ms-eedd-parcours-ige-2024-25\/#breadcrumb\"},\"inLanguage\":\"fr-FR\",\"potentialAction\":[{\"@type\":\"ReadAction\",\"target\":[\"https:\/\/www.minesparis.psl.eu\/isige\/actualites\/portrait-de-baptiste-thiberge-ms-eedd-parcours-ige-2024-25\/\"]}]},{\"@type\":\"ImageObject\",\"inLanguage\":\"fr-FR\",\"@id\":\"https:\/\/www.minesparis.psl.eu\/isige\/actualites\/portrait-de-baptiste-thiberge-ms-eedd-parcours-ige-2024-25\/#primaryimage\",\"url\":\"https:\/\/www.minesparis.psl.eu\/isige\/wp-content\/uploads\/sites\/21\/2025\/03\/Baptiste.png\",\"contentUrl\":\"https:\/\/www.minesparis.psl.eu\/isige\/wp-content\/uploads\/sites\/21\/2025\/03\/Baptiste.png\",\"width\":745,\"height\":745,\"caption\":\"Baptiste Thiberge ISIGE\"},{\"@type\":\"BreadcrumbList\",\"@id\":\"https:\/\/www.minesparis.psl.eu\/isige\/actualites\/portrait-de-baptiste-thiberge-ms-eedd-parcours-ige-2024-25\/#breadcrumb\",\"itemListElement\":[{\"@type\":\"ListItem\",\"position\":1,\"name\":\"Accueil\",\"item\":\"https:\/\/www.minesparis.psl.eu\/isige\/\"},{\"@type\":\"ListItem\",\"position\":2,\"name\":\"Portrait de Baptiste Thiberge \u2013 MS EEDD parcours IGE, 2024-25\"}]},{\"@type\":\"WebSite\",\"@id\":\"https:\/\/www.minesparis.psl.eu\/isige\/#website\",\"url\":\"https:\/\/www.minesparis.psl.eu\/isige\/\",\"name\":\"ISIGE Mines Paris - PSL\",\"description\":\"\",\"publisher\":{\"@id\":\"https:\/\/www.minesparis.psl.eu\/isige\/#organization\"},\"potentialAction\":[{\"@type\":\"SearchAction\",\"target\":{\"@type\":\"EntryPoint\",\"urlTemplate\":\"https:\/\/www.minesparis.psl.eu\/isige\/?s={search_term_string}\"},\"query-input\":{\"@type\":\"PropertyValueSpecification\",\"valueRequired\":true,\"valueName\":\"search_term_string\"}}],\"inLanguage\":\"fr-FR\"},{\"@type\":\"Organization\",\"@id\":\"https:\/\/www.minesparis.psl.eu\/isige\/#organization\",\"name\":\"ISIGE Mines Paris - PSL\",\"url\":\"https:\/\/www.minesparis.psl.eu\/isige\/\",\"logo\":{\"@type\":\"ImageObject\",\"inLanguage\":\"fr-FR\",\"@id\":\"https:\/\/www.minesparis.psl.eu\/isige\/#\/schema\/logo\/image\/\",\"url\":\"https:\/\/www.minesparis.psl.eu\/isige\/wp-content\/uploads\/sites\/21\/2025\/02\/cropped-MinesParis-PSL-ISIGEOCoRVB-1.png\",\"contentUrl\":\"https:\/\/www.minesparis.psl.eu\/isige\/wp-content\/uploads\/sites\/21\/2025\/02\/cropped-MinesParis-PSL-ISIGEOCoRVB-1.png\",\"width\":1584,\"height\":360,\"caption\":\"ISIGE Mines Paris - PSL\"},\"image\":{\"@id\":\"https:\/\/www.minesparis.psl.eu\/isige\/#\/schema\/logo\/image\/\"}}]}<\/script>\n<!-- \/ Yoast SEO plugin. -->","yoast_head_json":{"title":"Portrait de Baptiste Thiberge \u2013 MS EEDD parcours IGE, 2024-25 - ISIGE Mines Paris - PSL","description":"Je suis ing\u00e9nieur en \u00e9co-conception. L\u2019une de mes principales missions est de mettre sur pied et d\u00e9ployer des outils et m\u00e9thodes permettant de mettre en \u00e9vidence des compromis permettant de r\u00e9duire certains impacts environnementaux.","robots":{"index":"index","follow":"follow","max-snippet":"max-snippet:-1","max-image-preview":"max-image-preview:large","max-video-preview":"max-video-preview:-1"},"canonical":"https:\/\/www.minesparis.psl.eu\/isige\/actualites\/portrait-de-baptiste-thiberge-ms-eedd-parcours-ige-2024-25\/","og_locale":"fr_FR","og_type":"article","og_title":"Portrait de Baptiste Thiberge \u2013 MS EEDD parcours IGE, 2024-25 - ISIGE Mines Paris - PSL","og_description":"Je suis ing\u00e9nieur en \u00e9co-conception. L\u2019une de mes principales missions est de mettre sur pied et d\u00e9ployer des outils et m\u00e9thodes permettant de mettre en \u00e9vidence des compromis permettant de r\u00e9duire certains impacts environnementaux.","og_url":"https:\/\/www.minesparis.psl.eu\/isige\/actualites\/portrait-de-baptiste-thiberge-ms-eedd-parcours-ige-2024-25\/","og_site_name":"ISIGE Mines Paris - PSL","article_modified_time":"2025-06-18T10:25:03+00:00","og_image":[{"width":745,"height":745,"url":"https:\/\/www.minesparis.psl.eu\/isige\/wp-content\/uploads\/sites\/21\/2025\/03\/Baptiste.png","type":"image\/png"}],"twitter_card":"summary_large_image","twitter_misc":{"Dur\u00e9e de lecture estim\u00e9e":"1 minute"},"schema":{"@context":"https:\/\/schema.org","@graph":[{"@type":"WebPage","@id":"https:\/\/www.minesparis.psl.eu\/isige\/actualites\/portrait-de-baptiste-thiberge-ms-eedd-parcours-ige-2024-25\/","url":"https:\/\/www.minesparis.psl.eu\/isige\/actualites\/portrait-de-baptiste-thiberge-ms-eedd-parcours-ige-2024-25\/","name":"Portrait de Baptiste Thiberge \u2013 MS EEDD parcours IGE, 2024-25 - ISIGE Mines Paris - PSL","isPartOf":{"@id":"https:\/\/www.minesparis.psl.eu\/isige\/#website"},"primaryImageOfPage":{"@id":"https:\/\/www.minesparis.psl.eu\/isige\/actualites\/portrait-de-baptiste-thiberge-ms-eedd-parcours-ige-2024-25\/#primaryimage"},"image":{"@id":"https:\/\/www.minesparis.psl.eu\/isige\/actualites\/portrait-de-baptiste-thiberge-ms-eedd-parcours-ige-2024-25\/#primaryimage"},"thumbnailUrl":"https:\/\/www.minesparis.psl.eu\/isige\/wp-content\/uploads\/sites\/21\/2025\/03\/Baptiste.png","datePublished":"2024-09-20T12:59:00+00:00","dateModified":"2025-06-18T10:25:03+00:00","description":"Je suis ing\u00e9nieur en \u00e9co-conception. L\u2019une de mes principales missions est de mettre sur pied et d\u00e9ployer des outils et m\u00e9thodes permettant de mettre en \u00e9vidence des compromis permettant de r\u00e9duire certains impacts environnementaux.","breadcrumb":{"@id":"https:\/\/www.minesparis.psl.eu\/isige\/actualites\/portrait-de-baptiste-thiberge-ms-eedd-parcours-ige-2024-25\/#breadcrumb"},"inLanguage":"fr-FR","potentialAction":[{"@type":"ReadAction","target":["https:\/\/www.minesparis.psl.eu\/isige\/actualites\/portrait-de-baptiste-thiberge-ms-eedd-parcours-ige-2024-25\/"]}]},{"@type":"ImageObject","inLanguage":"fr-FR","@id":"https:\/\/www.minesparis.psl.eu\/isige\/actualites\/portrait-de-baptiste-thiberge-ms-eedd-parcours-ige-2024-25\/#primaryimage","url":"https:\/\/www.minesparis.psl.eu\/isige\/wp-content\/uploads\/sites\/21\/2025\/03\/Baptiste.png","contentUrl":"https:\/\/www.minesparis.psl.eu\/isige\/wp-content\/uploads\/sites\/21\/2025\/03\/Baptiste.png","width":745,"height":745,"caption":"Baptiste Thiberge ISIGE"},{"@type":"BreadcrumbList","@id":"https:\/\/www.minesparis.psl.eu\/isige\/actualites\/portrait-de-baptiste-thiberge-ms-eedd-parcours-ige-2024-25\/#breadcrumb","itemListElement":[{"@type":"ListItem","position":1,"name":"Accueil","item":"https:\/\/www.minesparis.psl.eu\/isige\/"},{"@type":"ListItem","position":2,"name":"Portrait de Baptiste Thiberge \u2013 MS EEDD parcours IGE, 2024-25"}]},{"@type":"WebSite","@id":"https:\/\/www.minesparis.psl.eu\/isige\/#website","url":"https:\/\/www.minesparis.psl.eu\/isige\/","name":"ISIGE Mines Paris - PSL","description":"","publisher":{"@id":"https:\/\/www.minesparis.psl.eu\/isige\/#organization"},"potentialAction":[{"@type":"SearchAction","target":{"@type":"EntryPoint","urlTemplate":"https:\/\/www.minesparis.psl.eu\/isige\/?s={search_term_string}"},"query-input":{"@type":"PropertyValueSpecification","valueRequired":true,"valueName":"search_term_string"}}],"inLanguage":"fr-FR"},{"@type":"Organization","@id":"https:\/\/www.minesparis.psl.eu\/isige\/#organization","name":"ISIGE Mines Paris - PSL","url":"https:\/\/www.minesparis.psl.eu\/isige\/","logo":{"@type":"ImageObject","inLanguage":"fr-FR","@id":"https:\/\/www.minesparis.psl.eu\/isige\/#\/schema\/logo\/image\/","url":"https:\/\/www.minesparis.psl.eu\/isige\/wp-content\/uploads\/sites\/21\/2025\/02\/cropped-MinesParis-PSL-ISIGEOCoRVB-1.png","contentUrl":"https:\/\/www.minesparis.psl.eu\/isige\/wp-content\/uploads\/sites\/21\/2025\/02\/cropped-MinesParis-PSL-ISIGEOCoRVB-1.png","width":1584,"height":360,"caption":"ISIGE Mines Paris - PSL"},"image":{"@id":"https:\/\/www.minesparis.psl.eu\/isige\/#\/schema\/logo\/image\/"}}]}},"_links":{"self":[{"href":"https:\/\/www.minesparis.psl.eu\/isige\/wp-json\/wp\/v2\/actualites\/1986","targetHints":{"allow":["GET"]}}],"collection":[{"href":"https:\/\/www.minesparis.psl.eu\/isige\/wp-json\/wp\/v2\/actualites"}],"about":[{"href":"https:\/\/www.minesparis.psl.eu\/isige\/wp-json\/wp\/v2\/types\/actualites"}],"wp:featuredmedia":[{"embeddable":true,"href":"https:\/\/www.minesparis.psl.eu\/isige\/wp-json\/wp\/v2\/media\/1971"}],"wp:attachment":[{"href":"https:\/\/www.minesparis.psl.eu\/isige\/wp-json\/wp\/v2\/media?parent=1986"}],"wp:term":[{"taxonomy":"actualites-formats","embeddable":true,"href":"https:\/\/www.minesparis.psl.eu\/isige\/wp-json\/wp\/v2\/actualites-formats?post=1986"},{"taxonomy":"actualites-thematiques","embeddable":true,"href":"https:\/\/www.minesparis.psl.eu\/isige\/wp-json\/wp\/v2\/actualites-thematiques?post=1986"}],"curies":[{"name":"wp","href":"https:\/\/api.w.org\/{rel}","templated":true}]}}