{"id":1138,"date":"2023-06-07T11:28:00","date_gmt":"2023-06-07T09:28:00","guid":{"rendered":"https:\/\/www.minesparis.psl.eu\/isige\/?post_type=actualites&#038;p=1138"},"modified":"2025-06-18T12:25:23","modified_gmt":"2025-06-18T10:25:23","slug":"portrait-de-claire-bregeon-mastere-specialise-eedd-parcours-ige","status":"publish","type":"actualites","link":"https:\/\/www.minesparis.psl.eu\/isige\/actualites\/portrait-de-claire-bregeon-mastere-specialise-eedd-parcours-ige\/","title":{"rendered":"Portrait de Claire Bregeon \u2013 MS EEDD parcours IGE, 2022-23"},"content":{"rendered":"\n<div class=\"container block-full-largeur\">\n\t<div class=\"row mt-4\">\n\t\t<div class=\"col-md-12\">\n\t\t\t<blockquote>\n<p style=\"text-align: center\"><span class=\"break-words tvm-parent-container\"><span dir=\"ltr\"><em>Le monde \u00e9volue et je consid\u00e8re ma g\u00e9n\u00e9ration comme celle du changement. Je veux donc moi aussi agir et devenir partie prenante de cette transition de mani\u00e8re concr\u00e8te et innovante.\u00a0<\/em><\/span><\/span><\/p>\n<\/blockquote>\n<h3><\/h3>\n<h2 style=\"text-align: justify\"><span class=\"break-words tvm-parent-container\"><span dir=\"ltr\">D\u2019o\u00f9 viens-tu Claire ? <\/span><\/span><\/h2>\n<p style=\"text-align: justify\"><span class=\"break-words tvm-parent-container\"><span dir=\"ltr\">En seconde, j\u2019ai suivi une option a\u00e9ronautique et obtenu mon Brevet d\u2019Initiation \u00e0 l\u2019A\u00e9ronautique. Je voulais devenir pilote d\u2019avion. Je suis donc all\u00e9e en en classe pr\u00e9paratoire pour acqu\u00e9rir un socle de connaissance scientifique. Arriv\u00e9e en \u00e9cole d\u2019ing\u00e9nieur, ce socle de connaissances s\u2019est \u00e9largi au travers de ma formation, mais aussi de mes exp\u00e9riences professionnelles et associatives.<\/span><\/span><\/p>\n<h2 style=\"text-align: justify\"><span class=\"break-words tvm-parent-container\"><span dir=\"ltr\">Quel a \u00e9t\u00e9 le d\u00e9clic pour rejoindre une formation li\u00e9e \u00e0 l\u2019environnement ? <\/span><\/span><\/h2>\n<p style=\"text-align: justify\"><span class=\"break-words tvm-parent-container\"><span dir=\"ltr\">Au fil des rencontres, je me suis forg\u00e9 ma propre d\u00e9finition du m\u00e9tier d\u2019ing\u00e9nieur. J\u2019ai toujours ador\u00e9 la nature, c\u2019est au cours d\u2019une randonn\u00e9e que j\u2019ai pris conscience de l\u2019urgence climatique, j\u2019ai alors r\u00e9alis\u00e9 que mon projet professionnel ne pourrait pas se dissocier du domaine de l\u2019environnement.\nC\u2019est pourquoi j\u2019ai d\u00e9cid\u00e9 d\u2019int\u00e9grer Toulouse INP-ENSIACET, l\u2019\u00e9cole de la transformation de la mati\u00e8re et de l\u2019\u00e9nergie, en fili\u00e8re g\u00e9nie industriel. Cela m\u2019a permis d\u2019acqu\u00e9rir des connaissances techniques en proc\u00e9d\u00e9s ou en thermodynamique mais aussi beaucoup de connaissances transverses comme la gestion de projet ou les ressources humaines.<\/span><\/span><\/p>\n<h2 style=\"text-align: justify\"><span class=\"break-words tvm-parent-container\"><span dir=\"ltr\">Pour quelles raisons avoir choisi d\u2019int\u00e9grer le mast\u00e8re IGE ? <\/span><\/span><\/h2>\n<ul>\n<li style=\"text-align: justify\"><span class=\"break-words tvm-parent-container\"><span dir=\"ltr\">Pour la forme d\u2019apprentissage par projet, qui permet une coop\u00e9ration forte entre \u00e9tudiants aux profils vari\u00e9s, ce qui facilite l\u2019identification de solutions innovantes, une approche concr\u00e8te et proche des pratiques du milieu professionnel.<\/span><\/span><\/li>\n<li style=\"text-align: justify\"><span class=\"break-words tvm-parent-container\"><span dir=\"ltr\">Pour l\u2019alternance : l\u2019occasion id\u00e9ale d\u2019appliquer concr\u00e8tement en entreprise les connaissances acquises. Cette proximit\u00e9 avec le monde professionnel me permet de mieux comprendre comment la transition \u00e9nerg\u00e9tique s\u2019articule dans le monde de l\u2019entreprise.<\/span><\/span><\/li>\n<li style=\"text-align: justify\"><span class=\"break-words tvm-parent-container\"><span dir=\"ltr\">Pour l\u2019exp\u00e9rience humaine : la possibilit\u00e9 de rencontrer des \u00e9tudiants et des personnes exp\u00e9riment\u00e9es en cours de reconversion avec des parcours et des domaines d\u2019expertises diff\u00e9rents et vari\u00e9s est une motivation suppl\u00e9mentaire.<\/span><\/span><\/li>\n<li style=\"text-align: justify\"><span class=\"break-words tvm-parent-container\"><span dir=\"ltr\">Pour l\u2019approche d\u2019enseignement globale enrichie des derni\u00e8res avanc\u00e9es scientifiques.<\/span><\/span><\/li>\n<\/ul>\n<h2 style=\"text-align: justify\"><span class=\"break-words tvm-parent-container\"><span dir=\"ltr\">Aujourd\u2019hui, quel est ton projet professionnel ? <\/span><\/span><\/h2>\n<p style=\"text-align: justify\"><span class=\"break-words tvm-parent-container\"><span dir=\"ltr\">Toutes les connaissances acquises me confortent dans ma volont\u00e9 de travailler dans le domaine de la transition \u00e9nerg\u00e9tique. Aujourd\u2019hui, je souhaite devenir ing\u00e9nieure cheffe de projet dans le domaine des \u00e9nergies renouvelables, une ing\u00e9nieure responsable, tourn\u00e9e vers l\u2019avenir en ad\u00e9quation avec mes valeurs.\n\u00c9galement passionn\u00e9e de sport, Claire nous propose un article d\u00e9di\u00e9 : quelles pratiques sportives dans un monde \u00e0 +2\u00b0C ?\n<\/span><\/span><\/p>\n<p style=\"text-align: center\"><a class=\"button-mines btn-bleu flech lf-blanc\" href=\"https:\/\/blog-isige.minesparis.psl.eu\/2023\/01\/24\/quelles-pratiques-sportives-dans-un-monde-a-2c\/\" target=\"_blank\" rel=\"noopener\">Lire son article sur le blog de l&rsquo;ISIGE\u00a0 \u2192<\/a><\/p>\n\t\t<\/div>\n\t<\/div>\n<\/div>","protected":false},"featured_media":228,"template":"","actualites-formats":[17,18],"actualites-thematiques":[21],"class_list":["post-1138","actualites","type-actualites","status-publish","has-post-thumbnail","hentry"],"acf":[],"yoast_head":"<!-- This site is optimized with the Yoast SEO plugin v27.2 - https:\/\/yoast.com\/product\/yoast-seo-wordpress\/ -->\n<title>Portrait de Claire Bregeon - MS EEDD parcours IGE, 2022-23 - ISIGE Mines Paris - PSL<\/title>\n<meta name=\"description\" content=\"Le monde \u00e9volue et je consid\u00e8re ma g\u00e9n\u00e9ration comme celle du changement. Je veux donc moi aussi agir et devenir partie prenante de cette transition de mani\u00e8re concr\u00e8te et innovante.\u00a0\" \/>\n<meta name=\"robots\" content=\"index, follow, max-snippet:-1, max-image-preview:large, max-video-preview:-1\" \/>\n<link rel=\"canonical\" href=\"https:\/\/www.minesparis.psl.eu\/isige\/actualites\/portrait-de-claire-bregeon-mastere-specialise-eedd-parcours-ige\/\" \/>\n<meta property=\"og:locale\" content=\"fr_FR\" \/>\n<meta property=\"og:type\" content=\"article\" \/>\n<meta property=\"og:title\" content=\"Portrait de Claire Bregeon - MS EEDD parcours IGE, 2022-23 - ISIGE Mines Paris - PSL\" \/>\n<meta property=\"og:description\" content=\"Le monde \u00e9volue et je consid\u00e8re ma g\u00e9n\u00e9ration comme celle du changement. Je veux donc moi aussi agir et devenir partie prenante de cette transition de mani\u00e8re concr\u00e8te et innovante.\u00a0\" \/>\n<meta property=\"og:url\" content=\"https:\/\/www.minesparis.psl.eu\/isige\/actualites\/portrait-de-claire-bregeon-mastere-specialise-eedd-parcours-ige\/\" \/>\n<meta property=\"og:site_name\" content=\"ISIGE Mines Paris - PSL\" \/>\n<meta property=\"article:modified_time\" content=\"2025-06-18T10:25:23+00:00\" \/>\n<meta property=\"og:image\" content=\"https:\/\/www.minesparis.psl.eu\/isige\/wp-content\/uploads\/sites\/21\/2025\/01\/Claire-Bregeon.png\" \/>\n\t<meta property=\"og:image:width\" content=\"814\" \/>\n\t<meta property=\"og:image:height\" content=\"814\" \/>\n\t<meta property=\"og:image:type\" content=\"image\/png\" \/>\n<meta name=\"twitter:card\" content=\"summary_large_image\" \/>\n<meta name=\"twitter:label1\" content=\"Dur\u00e9e de lecture estim\u00e9e\" \/>\n\t<meta name=\"twitter:data1\" content=\"1 minute\" \/>\n<script type=\"application\/ld+json\" class=\"yoast-schema-graph\">{\"@context\":\"https:\/\/schema.org\",\"@graph\":[{\"@type\":\"WebPage\",\"@id\":\"https:\/\/www.minesparis.psl.eu\/isige\/actualites\/portrait-de-claire-bregeon-mastere-specialise-eedd-parcours-ige\/\",\"url\":\"https:\/\/www.minesparis.psl.eu\/isige\/actualites\/portrait-de-claire-bregeon-mastere-specialise-eedd-parcours-ige\/\",\"name\":\"Portrait de Claire Bregeon - MS EEDD parcours IGE, 2022-23 - ISIGE Mines Paris - PSL\",\"isPartOf\":{\"@id\":\"https:\/\/www.minesparis.psl.eu\/isige\/#website\"},\"primaryImageOfPage\":{\"@id\":\"https:\/\/www.minesparis.psl.eu\/isige\/actualites\/portrait-de-claire-bregeon-mastere-specialise-eedd-parcours-ige\/#primaryimage\"},\"image\":{\"@id\":\"https:\/\/www.minesparis.psl.eu\/isige\/actualites\/portrait-de-claire-bregeon-mastere-specialise-eedd-parcours-ige\/#primaryimage\"},\"thumbnailUrl\":\"https:\/\/www.minesparis.psl.eu\/isige\/wp-content\/uploads\/sites\/21\/2025\/01\/Claire-Bregeon.png\",\"datePublished\":\"2023-06-07T09:28:00+00:00\",\"dateModified\":\"2025-06-18T10:25:23+00:00\",\"description\":\"Le monde \u00e9volue et je consid\u00e8re ma g\u00e9n\u00e9ration comme celle du changement. Je veux donc moi aussi agir et devenir partie prenante de cette transition de mani\u00e8re concr\u00e8te et innovante.\u00a0\",\"breadcrumb\":{\"@id\":\"https:\/\/www.minesparis.psl.eu\/isige\/actualites\/portrait-de-claire-bregeon-mastere-specialise-eedd-parcours-ige\/#breadcrumb\"},\"inLanguage\":\"fr-FR\",\"potentialAction\":[{\"@type\":\"ReadAction\",\"target\":[\"https:\/\/www.minesparis.psl.eu\/isige\/actualites\/portrait-de-claire-bregeon-mastere-specialise-eedd-parcours-ige\/\"]}]},{\"@type\":\"ImageObject\",\"inLanguage\":\"fr-FR\",\"@id\":\"https:\/\/www.minesparis.psl.eu\/isige\/actualites\/portrait-de-claire-bregeon-mastere-specialise-eedd-parcours-ige\/#primaryimage\",\"url\":\"https:\/\/www.minesparis.psl.eu\/isige\/wp-content\/uploads\/sites\/21\/2025\/01\/Claire-Bregeon.png\",\"contentUrl\":\"https:\/\/www.minesparis.psl.eu\/isige\/wp-content\/uploads\/sites\/21\/2025\/01\/Claire-Bregeon.png\",\"width\":814,\"height\":814},{\"@type\":\"BreadcrumbList\",\"@id\":\"https:\/\/www.minesparis.psl.eu\/isige\/actualites\/portrait-de-claire-bregeon-mastere-specialise-eedd-parcours-ige\/#breadcrumb\",\"itemListElement\":[{\"@type\":\"ListItem\",\"position\":1,\"name\":\"Accueil\",\"item\":\"https:\/\/www.minesparis.psl.eu\/isige\/\"},{\"@type\":\"ListItem\",\"position\":2,\"name\":\"Portrait de Claire Bregeon \u2013 MS EEDD parcours IGE, 2022-23\"}]},{\"@type\":\"WebSite\",\"@id\":\"https:\/\/www.minesparis.psl.eu\/isige\/#website\",\"url\":\"https:\/\/www.minesparis.psl.eu\/isige\/\",\"name\":\"ISIGE Mines Paris - PSL\",\"description\":\"\",\"publisher\":{\"@id\":\"https:\/\/www.minesparis.psl.eu\/isige\/#organization\"},\"potentialAction\":[{\"@type\":\"SearchAction\",\"target\":{\"@type\":\"EntryPoint\",\"urlTemplate\":\"https:\/\/www.minesparis.psl.eu\/isige\/?s={search_term_string}\"},\"query-input\":{\"@type\":\"PropertyValueSpecification\",\"valueRequired\":true,\"valueName\":\"search_term_string\"}}],\"inLanguage\":\"fr-FR\"},{\"@type\":\"Organization\",\"@id\":\"https:\/\/www.minesparis.psl.eu\/isige\/#organization\",\"name\":\"ISIGE Mines Paris - PSL\",\"url\":\"https:\/\/www.minesparis.psl.eu\/isige\/\",\"logo\":{\"@type\":\"ImageObject\",\"inLanguage\":\"fr-FR\",\"@id\":\"https:\/\/www.minesparis.psl.eu\/isige\/#\/schema\/logo\/image\/\",\"url\":\"https:\/\/www.minesparis.psl.eu\/isige\/wp-content\/uploads\/sites\/21\/2025\/02\/cropped-MinesParis-PSL-ISIGEOCoRVB-1.png\",\"contentUrl\":\"https:\/\/www.minesparis.psl.eu\/isige\/wp-content\/uploads\/sites\/21\/2025\/02\/cropped-MinesParis-PSL-ISIGEOCoRVB-1.png\",\"width\":1584,\"height\":360,\"caption\":\"ISIGE Mines Paris - PSL\"},\"image\":{\"@id\":\"https:\/\/www.minesparis.psl.eu\/isige\/#\/schema\/logo\/image\/\"}}]}<\/script>\n<!-- \/ Yoast SEO plugin. -->","yoast_head_json":{"title":"Portrait de Claire Bregeon - MS EEDD parcours IGE, 2022-23 - ISIGE Mines Paris - PSL","description":"Le monde \u00e9volue et je consid\u00e8re ma g\u00e9n\u00e9ration comme celle du changement. Je veux donc moi aussi agir et devenir partie prenante de cette transition de mani\u00e8re concr\u00e8te et innovante.\u00a0","robots":{"index":"index","follow":"follow","max-snippet":"max-snippet:-1","max-image-preview":"max-image-preview:large","max-video-preview":"max-video-preview:-1"},"canonical":"https:\/\/www.minesparis.psl.eu\/isige\/actualites\/portrait-de-claire-bregeon-mastere-specialise-eedd-parcours-ige\/","og_locale":"fr_FR","og_type":"article","og_title":"Portrait de Claire Bregeon - MS EEDD parcours IGE, 2022-23 - ISIGE Mines Paris - PSL","og_description":"Le monde \u00e9volue et je consid\u00e8re ma g\u00e9n\u00e9ration comme celle du changement. Je veux donc moi aussi agir et devenir partie prenante de cette transition de mani\u00e8re concr\u00e8te et innovante.\u00a0","og_url":"https:\/\/www.minesparis.psl.eu\/isige\/actualites\/portrait-de-claire-bregeon-mastere-specialise-eedd-parcours-ige\/","og_site_name":"ISIGE Mines Paris - PSL","article_modified_time":"2025-06-18T10:25:23+00:00","og_image":[{"width":814,"height":814,"url":"https:\/\/www.minesparis.psl.eu\/isige\/wp-content\/uploads\/sites\/21\/2025\/01\/Claire-Bregeon.png","type":"image\/png"}],"twitter_card":"summary_large_image","twitter_misc":{"Dur\u00e9e de lecture estim\u00e9e":"1 minute"},"schema":{"@context":"https:\/\/schema.org","@graph":[{"@type":"WebPage","@id":"https:\/\/www.minesparis.psl.eu\/isige\/actualites\/portrait-de-claire-bregeon-mastere-specialise-eedd-parcours-ige\/","url":"https:\/\/www.minesparis.psl.eu\/isige\/actualites\/portrait-de-claire-bregeon-mastere-specialise-eedd-parcours-ige\/","name":"Portrait de Claire Bregeon - MS EEDD parcours IGE, 2022-23 - ISIGE Mines Paris - PSL","isPartOf":{"@id":"https:\/\/www.minesparis.psl.eu\/isige\/#website"},"primaryImageOfPage":{"@id":"https:\/\/www.minesparis.psl.eu\/isige\/actualites\/portrait-de-claire-bregeon-mastere-specialise-eedd-parcours-ige\/#primaryimage"},"image":{"@id":"https:\/\/www.minesparis.psl.eu\/isige\/actualites\/portrait-de-claire-bregeon-mastere-specialise-eedd-parcours-ige\/#primaryimage"},"thumbnailUrl":"https:\/\/www.minesparis.psl.eu\/isige\/wp-content\/uploads\/sites\/21\/2025\/01\/Claire-Bregeon.png","datePublished":"2023-06-07T09:28:00+00:00","dateModified":"2025-06-18T10:25:23+00:00","description":"Le monde \u00e9volue et je consid\u00e8re ma g\u00e9n\u00e9ration comme celle du changement. Je veux donc moi aussi agir et devenir partie prenante de cette transition de mani\u00e8re concr\u00e8te et innovante.\u00a0","breadcrumb":{"@id":"https:\/\/www.minesparis.psl.eu\/isige\/actualites\/portrait-de-claire-bregeon-mastere-specialise-eedd-parcours-ige\/#breadcrumb"},"inLanguage":"fr-FR","potentialAction":[{"@type":"ReadAction","target":["https:\/\/www.minesparis.psl.eu\/isige\/actualites\/portrait-de-claire-bregeon-mastere-specialise-eedd-parcours-ige\/"]}]},{"@type":"ImageObject","inLanguage":"fr-FR","@id":"https:\/\/www.minesparis.psl.eu\/isige\/actualites\/portrait-de-claire-bregeon-mastere-specialise-eedd-parcours-ige\/#primaryimage","url":"https:\/\/www.minesparis.psl.eu\/isige\/wp-content\/uploads\/sites\/21\/2025\/01\/Claire-Bregeon.png","contentUrl":"https:\/\/www.minesparis.psl.eu\/isige\/wp-content\/uploads\/sites\/21\/2025\/01\/Claire-Bregeon.png","width":814,"height":814},{"@type":"BreadcrumbList","@id":"https:\/\/www.minesparis.psl.eu\/isige\/actualites\/portrait-de-claire-bregeon-mastere-specialise-eedd-parcours-ige\/#breadcrumb","itemListElement":[{"@type":"ListItem","position":1,"name":"Accueil","item":"https:\/\/www.minesparis.psl.eu\/isige\/"},{"@type":"ListItem","position":2,"name":"Portrait de Claire Bregeon \u2013 MS EEDD parcours IGE, 2022-23"}]},{"@type":"WebSite","@id":"https:\/\/www.minesparis.psl.eu\/isige\/#website","url":"https:\/\/www.minesparis.psl.eu\/isige\/","name":"ISIGE Mines Paris - PSL","description":"","publisher":{"@id":"https:\/\/www.minesparis.psl.eu\/isige\/#organization"},"potentialAction":[{"@type":"SearchAction","target":{"@type":"EntryPoint","urlTemplate":"https:\/\/www.minesparis.psl.eu\/isige\/?s={search_term_string}"},"query-input":{"@type":"PropertyValueSpecification","valueRequired":true,"valueName":"search_term_string"}}],"inLanguage":"fr-FR"},{"@type":"Organization","@id":"https:\/\/www.minesparis.psl.eu\/isige\/#organization","name":"ISIGE Mines Paris - PSL","url":"https:\/\/www.minesparis.psl.eu\/isige\/","logo":{"@type":"ImageObject","inLanguage":"fr-FR","@id":"https:\/\/www.minesparis.psl.eu\/isige\/#\/schema\/logo\/image\/","url":"https:\/\/www.minesparis.psl.eu\/isige\/wp-content\/uploads\/sites\/21\/2025\/02\/cropped-MinesParis-PSL-ISIGEOCoRVB-1.png","contentUrl":"https:\/\/www.minesparis.psl.eu\/isige\/wp-content\/uploads\/sites\/21\/2025\/02\/cropped-MinesParis-PSL-ISIGEOCoRVB-1.png","width":1584,"height":360,"caption":"ISIGE Mines Paris - PSL"},"image":{"@id":"https:\/\/www.minesparis.psl.eu\/isige\/#\/schema\/logo\/image\/"}}]}},"_links":{"self":[{"href":"https:\/\/www.minesparis.psl.eu\/isige\/wp-json\/wp\/v2\/actualites\/1138","targetHints":{"allow":["GET"]}}],"collection":[{"href":"https:\/\/www.minesparis.psl.eu\/isige\/wp-json\/wp\/v2\/actualites"}],"about":[{"href":"https:\/\/www.minesparis.psl.eu\/isige\/wp-json\/wp\/v2\/types\/actualites"}],"wp:featuredmedia":[{"embeddable":true,"href":"https:\/\/www.minesparis.psl.eu\/isige\/wp-json\/wp\/v2\/media\/228"}],"wp:attachment":[{"href":"https:\/\/www.minesparis.psl.eu\/isige\/wp-json\/wp\/v2\/media?parent=1138"}],"wp:term":[{"taxonomy":"actualites-formats","embeddable":true,"href":"https:\/\/www.minesparis.psl.eu\/isige\/wp-json\/wp\/v2\/actualites-formats?post=1138"},{"taxonomy":"actualites-thematiques","embeddable":true,"href":"https:\/\/www.minesparis.psl.eu\/isige\/wp-json\/wp\/v2\/actualites-thematiques?post=1138"}],"curies":[{"name":"wp","href":"https:\/\/api.w.org\/{rel}","templated":true}]}}