{"id":1679,"date":"2024-12-18T17:51:00","date_gmt":"2024-12-18T16:51:00","guid":{"rendered":"https:\/\/www.minesparis.psl.eu\/cmat\/?post_type=actualites&#038;p=1679"},"modified":"2025-09-15T18:12:37","modified_gmt":"2025-09-15T16:12:37","slug":"le-prix-jean-mandel","status":"publish","type":"actualites","link":"https:\/\/www.minesparis.psl.eu\/cmat\/actualites\/le-prix-jean-mandel\/","title":{"rendered":"Le Prix Jean Mandel"},"content":{"rendered":"\n<div class=\"container block-full-largeur\">\n\t<div class=\"row mt-4\">\n\t\t<div class=\"col-md-12\">\n\t\t\t<h2 style=\"text-align: justify;\">Le Prix<\/h2>\n<p style=\"text-align: justify;\">Le Prix Jean Mandel, organis\u00e9 par Mines Paris \u2013 PSL et l\u2019\u00c9cole Polytechnique, est une distinction biennale attribu\u00e9e \u00e0 des travaux de recherche innovants en m\u00e9canique des solides et des mat\u00e9riaux. Cr\u00e9\u00e9 en m\u00e9moire de Jean Mandel, figure embl\u00e9matique de ces disciplines, le prix incarne son h\u00e9ritage en encourageant les jeunes g\u00e9n\u00e9rations de chercheurs. Dot\u00e9 d\u2019un montant de 8 000 euros, il met en lumi\u00e8re des contributions<\/p>\n<p style=\"text-align: justify;\">Jean Mandel (1907-1982) a marqu\u00e9 l\u2019histoire des sciences m\u00e9caniques par ses travaux novateurs en plasticit\u00e9, rh\u00e9ologie et mod\u00e9lisation des mat\u00e9riaux h\u00e9t\u00e9rog\u00e8nes. Professeur \u00e0 Mines Paris \u2013 PSL et \u00e0 l\u2019\u00c9cole Polytechnique, il a fond\u00e9 le Laboratoire de M\u00e9canique des Solides et contribu\u00e9 \u00e0 des avanc\u00e9es fondamentales ayant des applications dans le secteur industriel.<\/p>\n<h3 style=\"text-align: justify;\">Modalit\u00e9s de participation<\/h3>\n<p style=\"text-align: justify;\">Le concours est ouvert aux jeunes chercheurs ou \u00e9quipes de chercheurs de moins de 40 ans, fran\u00e7ais ou travaillant en France, ou pour les chercheurs fran\u00e7ais \u00e0 l\u2019\u00e9tranger, ayant int\u00e9gr\u00e9 un laboratoire en France. Il sera n\u00e9cessaire de pr\u00e9senter un dossier au niveau de l\u2019Habilitation \u00e0 Diriger des Recherches ou de d\u00e9montrer une application innovante de travaux connus. Les candidatures, compos\u00e9es d\u2019un CV et de documents scientifiques et d\u2019\u00e9valuations ind\u00e9pendantes, doivent \u00eatre envoy\u00e9es par voie \u00e9lectronique avant la date limite.<\/p>\n<h3 style=\"text-align: justify;\">Contact et informations<\/h3>\n<p style=\"text-align: justify;\">Pour toute question, contactez le secr\u00e9taire du jury, Samuel Forest, au Centre des Mat\u00e9riaux de Mines Paris \u2013 PSL :<\/p>\n<ul>\n<li style=\"text-align: justify;\">Email : samuel.forest@minesparis.psl.eu<\/li>\n<li style=\"text-align: justify;\">Adresse postale : BP 87 \u2013 91003 \u00c9vry \u2013 France<\/li>\n<\/ul>\n<h2>Laur\u00e9ats du Prix Jean Mandel<\/h2>\n<p>Depuis sa cr\u00e9ation, le prix a r\u00e9compens\u00e9 de nombreux chercheurs qui ont marqu\u00e9 leur domaine.<\/p>\n<p style=\"text-align: center;\"><a href=\"https:\/\/www.minesparis.psl.eu\/recherche\/17-centres-de-recherche-5-domaines-disciplinaires\/mecanique-et-materiaux\/le-prix-jean-mandel\/\" target=\"_blank\" class=\"button-mines btn-bleu flech lf-blanc\" rel=\"noopener\">D\u00e9couvrir<\/a><\/p>\n<h2>3 questions \u00e0 Samuel Forest<\/h2>\n<h3>Chercheur \u00e0 Mines Paris \u2013 PSL et laur\u00e9at du Prix Mandel 2001<\/h3>\n<p style=\"text-align: justify;\">Laur\u00e9at lui-m\u00eame avant de devenir coordinateur du prix, Samuel Forest est un sp\u00e9cialiste de la m\u00e9canique des mat\u00e9riaux et de la mod\u00e9lisation multi-\u00e9chelle. Ses contributions \u00e0 l\u2019\u00e9tude du comportement viscoplastique des m\u00e9taux et des structures sont devenues des r\u00e9f\u00e9rences dans le domaine.<\/p>\n\t\t<\/div>\n\t<\/div>\n<\/div>\n\n<div class=\"container bloc-30-70\">\n\t<div class=\"row mt-4\">\n\t\t<div class=\"col-md-4\">\n\t\t\t<p><img loading=\"lazy\" decoding=\"async\" src=\"https:\/\/www.minesparis.psl.eu\/cmat\/wp-content\/uploads\/sites\/8\/2025\/09\/Samuel-Forest-768x774-1-298x300.jpg\" alt=\"\" width=\"298\" height=\"300\" class=\"alignnone size-medium wp-image-1681\" srcset=\"https:\/\/www.minesparis.psl.eu\/cmat\/wp-content\/uploads\/sites\/25\/2025\/09\/Samuel-Forest-768x774-1-298x300.jpg 298w, https:\/\/www.minesparis.psl.eu\/cmat\/wp-content\/uploads\/sites\/25\/2025\/09\/Samuel-Forest-768x774-1-150x150.jpg 150w, https:\/\/www.minesparis.psl.eu\/cmat\/wp-content\/uploads\/sites\/25\/2025\/09\/Samuel-Forest-768x774-1.jpg 768w\" sizes=\"auto, (max-width: 298px) 100vw, 298px\" \/><\/p>\n\t\t<\/div>\n\t\t<div class=\"col-md-8\">\n\t\t\t<p>Il r\u00e9pond \u00e0 3 questions :<\/p>\n<ul>\n<li>En quoi le Prix Jean Mandel refl\u00e8te-t-il l\u2019h\u00e9ritage scientifique de son fondateur dans les disciplines de la m\u00e9canique ?<\/li>\n<li>Quels types de contributions scientifiques vous marquent particuli\u00e8rement dans le cadre de ce prix ?<\/li>\n<li>Quels sont, selon vous, les impacts du Prix Jean Mandel sur les carri\u00e8res des laur\u00e9ats et sur le rayonnement de la recherche fran\u00e7aise en m\u00e9canique ?<\/li>\n<\/ul>\n<p><a href=\"https:\/\/www.minesparis.psl.eu\/blog\/actualites\/valoriser-lexcellence-des-recherches-des-jeunes-chercheurs-en-mecanique-des-solides-et-des-materiaux-trois-questions-a-samuel-forest-sur-le-lancement-du-concour\/\" target=\"_blank\" class=\"button-mines btn-bleu flech lf-blanc\" rel=\"noopener\">Lire<\/a><\/p>\n\t\t<\/div>\n\t<\/div>\n<\/div>","protected":false},"featured_media":1680,"template":"","actualites-formats":[],"actualites-thematiques":[28,29],"class_list":["post-1679","actualites","type-actualites","status-publish","has-post-thumbnail","hentry"],"acf":[],"yoast_head":"<!-- This site is optimized with the Yoast SEO plugin v27.2 - https:\/\/yoast.com\/product\/yoast-seo-wordpress\/ -->\n<title>Le Prix Jean Mandel - Centre des Mat\u00e9riaux Mines Paris - PSL<\/title>\n<meta name=\"robots\" content=\"index, follow, max-snippet:-1, max-image-preview:large, max-video-preview:-1\" \/>\n<link rel=\"canonical\" href=\"https:\/\/www.minesparis.psl.eu\/cmat\/actualites\/le-prix-jean-mandel\/\" \/>\n<meta property=\"og:locale\" content=\"fr_FR\" \/>\n<meta property=\"og:type\" content=\"article\" \/>\n<meta property=\"og:title\" content=\"Le Prix Jean Mandel - Centre des Mat\u00e9riaux Mines Paris - PSL\" \/>\n<meta property=\"og:url\" content=\"https:\/\/www.minesparis.psl.eu\/cmat\/actualites\/le-prix-jean-mandel\/\" \/>\n<meta property=\"og:site_name\" content=\"Centre des Mat\u00e9riaux Mines Paris - PSL\" \/>\n<meta property=\"article:modified_time\" content=\"2025-09-15T16:12:37+00:00\" \/>\n<meta property=\"og:image\" content=\"https:\/\/www.minesparis.psl.eu\/cmat\/wp-content\/uploads\/sites\/25\/2025\/09\/Prix-Jean-Mandel.jpg\" \/>\n\t<meta property=\"og:image:width\" content=\"355\" \/>\n\t<meta property=\"og:image:height\" content=\"174\" \/>\n\t<meta property=\"og:image:type\" content=\"image\/jpeg\" \/>\n<meta name=\"twitter:card\" content=\"summary_large_image\" \/>\n<script type=\"application\/ld+json\" class=\"yoast-schema-graph\">{\"@context\":\"https:\/\/schema.org\",\"@graph\":[{\"@type\":\"WebPage\",\"@id\":\"https:\/\/www.minesparis.psl.eu\/cmat\/actualites\/le-prix-jean-mandel\/\",\"url\":\"https:\/\/www.minesparis.psl.eu\/cmat\/actualites\/le-prix-jean-mandel\/\",\"name\":\"Le Prix Jean Mandel - Centre des Mat\u00e9riaux Mines Paris - PSL\",\"isPartOf\":{\"@id\":\"https:\/\/www.minesparis.psl.eu\/cmat\/#website\"},\"primaryImageOfPage\":{\"@id\":\"https:\/\/www.minesparis.psl.eu\/cmat\/actualites\/le-prix-jean-mandel\/#primaryimage\"},\"image\":{\"@id\":\"https:\/\/www.minesparis.psl.eu\/cmat\/actualites\/le-prix-jean-mandel\/#primaryimage\"},\"thumbnailUrl\":\"https:\/\/www.minesparis.psl.eu\/cmat\/wp-content\/uploads\/sites\/25\/2025\/09\/Prix-Jean-Mandel.jpg\",\"datePublished\":\"2024-12-18T16:51:00+00:00\",\"dateModified\":\"2025-09-15T16:12:37+00:00\",\"breadcrumb\":{\"@id\":\"https:\/\/www.minesparis.psl.eu\/cmat\/actualites\/le-prix-jean-mandel\/#breadcrumb\"},\"inLanguage\":\"fr-FR\",\"potentialAction\":[{\"@type\":\"ReadAction\",\"target\":[\"https:\/\/www.minesparis.psl.eu\/cmat\/actualites\/le-prix-jean-mandel\/\"]}]},{\"@type\":\"ImageObject\",\"inLanguage\":\"fr-FR\",\"@id\":\"https:\/\/www.minesparis.psl.eu\/cmat\/actualites\/le-prix-jean-mandel\/#primaryimage\",\"url\":\"https:\/\/www.minesparis.psl.eu\/cmat\/wp-content\/uploads\/sites\/25\/2025\/09\/Prix-Jean-Mandel.jpg\",\"contentUrl\":\"https:\/\/www.minesparis.psl.eu\/cmat\/wp-content\/uploads\/sites\/25\/2025\/09\/Prix-Jean-Mandel.jpg\",\"width\":355,\"height\":174},{\"@type\":\"BreadcrumbList\",\"@id\":\"https:\/\/www.minesparis.psl.eu\/cmat\/actualites\/le-prix-jean-mandel\/#breadcrumb\",\"itemListElement\":[{\"@type\":\"ListItem\",\"position\":1,\"name\":\"Accueil\",\"item\":\"https:\/\/www.minesparis.psl.eu\/cmat\/\"},{\"@type\":\"ListItem\",\"position\":2,\"name\":\"Le Prix Jean Mandel\"}]},{\"@type\":\"WebSite\",\"@id\":\"https:\/\/www.minesparis.psl.eu\/cmat\/#website\",\"url\":\"https:\/\/www.minesparis.psl.eu\/cmat\/\",\"name\":\"Centre des Mat\u00e9riaux Mines Paris - PSL\",\"description\":\"\",\"publisher\":{\"@id\":\"https:\/\/www.minesparis.psl.eu\/cmat\/#organization\"},\"potentialAction\":[{\"@type\":\"SearchAction\",\"target\":{\"@type\":\"EntryPoint\",\"urlTemplate\":\"https:\/\/www.minesparis.psl.eu\/cmat\/?s={search_term_string}\"},\"query-input\":{\"@type\":\"PropertyValueSpecification\",\"valueRequired\":true,\"valueName\":\"search_term_string\"}}],\"inLanguage\":\"fr-FR\"},{\"@type\":\"Organization\",\"@id\":\"https:\/\/www.minesparis.psl.eu\/cmat\/#organization\",\"name\":\"Centre des Mat\u00e9riaux Mines Paris - PSL\",\"url\":\"https:\/\/www.minesparis.psl.eu\/cmat\/\",\"logo\":{\"@type\":\"ImageObject\",\"inLanguage\":\"fr-FR\",\"@id\":\"https:\/\/www.minesparis.psl.eu\/cmat\/#\/schema\/logo\/image\/\",\"url\":\"https:\/\/www.minesparis.psl.eu\/cmat\/wp-content\/uploads\/sites\/25\/2025\/06\/cropped-Logo-Mines-CNRS-scaled-1.png\",\"contentUrl\":\"https:\/\/www.minesparis.psl.eu\/cmat\/wp-content\/uploads\/sites\/25\/2025\/06\/cropped-Logo-Mines-CNRS-scaled-1.png\",\"width\":2479,\"height\":377,\"caption\":\"Centre des Mat\u00e9riaux Mines Paris - PSL\"},\"image\":{\"@id\":\"https:\/\/www.minesparis.psl.eu\/cmat\/#\/schema\/logo\/image\/\"}}]}<\/script>\n<!-- \/ Yoast SEO plugin. -->","yoast_head_json":{"title":"Le Prix Jean Mandel - Centre des Mat\u00e9riaux Mines Paris - PSL","robots":{"index":"index","follow":"follow","max-snippet":"max-snippet:-1","max-image-preview":"max-image-preview:large","max-video-preview":"max-video-preview:-1"},"canonical":"https:\/\/www.minesparis.psl.eu\/cmat\/actualites\/le-prix-jean-mandel\/","og_locale":"fr_FR","og_type":"article","og_title":"Le Prix Jean Mandel - Centre des Mat\u00e9riaux Mines Paris - PSL","og_url":"https:\/\/www.minesparis.psl.eu\/cmat\/actualites\/le-prix-jean-mandel\/","og_site_name":"Centre des Mat\u00e9riaux Mines Paris - PSL","article_modified_time":"2025-09-15T16:12:37+00:00","og_image":[{"width":355,"height":174,"url":"https:\/\/www.minesparis.psl.eu\/cmat\/wp-content\/uploads\/sites\/25\/2025\/09\/Prix-Jean-Mandel.jpg","type":"image\/jpeg"}],"twitter_card":"summary_large_image","schema":{"@context":"https:\/\/schema.org","@graph":[{"@type":"WebPage","@id":"https:\/\/www.minesparis.psl.eu\/cmat\/actualites\/le-prix-jean-mandel\/","url":"https:\/\/www.minesparis.psl.eu\/cmat\/actualites\/le-prix-jean-mandel\/","name":"Le Prix Jean Mandel - Centre des Mat\u00e9riaux Mines Paris - PSL","isPartOf":{"@id":"https:\/\/www.minesparis.psl.eu\/cmat\/#website"},"primaryImageOfPage":{"@id":"https:\/\/www.minesparis.psl.eu\/cmat\/actualites\/le-prix-jean-mandel\/#primaryimage"},"image":{"@id":"https:\/\/www.minesparis.psl.eu\/cmat\/actualites\/le-prix-jean-mandel\/#primaryimage"},"thumbnailUrl":"https:\/\/www.minesparis.psl.eu\/cmat\/wp-content\/uploads\/sites\/25\/2025\/09\/Prix-Jean-Mandel.jpg","datePublished":"2024-12-18T16:51:00+00:00","dateModified":"2025-09-15T16:12:37+00:00","breadcrumb":{"@id":"https:\/\/www.minesparis.psl.eu\/cmat\/actualites\/le-prix-jean-mandel\/#breadcrumb"},"inLanguage":"fr-FR","potentialAction":[{"@type":"ReadAction","target":["https:\/\/www.minesparis.psl.eu\/cmat\/actualites\/le-prix-jean-mandel\/"]}]},{"@type":"ImageObject","inLanguage":"fr-FR","@id":"https:\/\/www.minesparis.psl.eu\/cmat\/actualites\/le-prix-jean-mandel\/#primaryimage","url":"https:\/\/www.minesparis.psl.eu\/cmat\/wp-content\/uploads\/sites\/25\/2025\/09\/Prix-Jean-Mandel.jpg","contentUrl":"https:\/\/www.minesparis.psl.eu\/cmat\/wp-content\/uploads\/sites\/25\/2025\/09\/Prix-Jean-Mandel.jpg","width":355,"height":174},{"@type":"BreadcrumbList","@id":"https:\/\/www.minesparis.psl.eu\/cmat\/actualites\/le-prix-jean-mandel\/#breadcrumb","itemListElement":[{"@type":"ListItem","position":1,"name":"Accueil","item":"https:\/\/www.minesparis.psl.eu\/cmat\/"},{"@type":"ListItem","position":2,"name":"Le Prix Jean Mandel"}]},{"@type":"WebSite","@id":"https:\/\/www.minesparis.psl.eu\/cmat\/#website","url":"https:\/\/www.minesparis.psl.eu\/cmat\/","name":"Centre des Mat\u00e9riaux Mines Paris - PSL","description":"","publisher":{"@id":"https:\/\/www.minesparis.psl.eu\/cmat\/#organization"},"potentialAction":[{"@type":"SearchAction","target":{"@type":"EntryPoint","urlTemplate":"https:\/\/www.minesparis.psl.eu\/cmat\/?s={search_term_string}"},"query-input":{"@type":"PropertyValueSpecification","valueRequired":true,"valueName":"search_term_string"}}],"inLanguage":"fr-FR"},{"@type":"Organization","@id":"https:\/\/www.minesparis.psl.eu\/cmat\/#organization","name":"Centre des Mat\u00e9riaux Mines Paris - PSL","url":"https:\/\/www.minesparis.psl.eu\/cmat\/","logo":{"@type":"ImageObject","inLanguage":"fr-FR","@id":"https:\/\/www.minesparis.psl.eu\/cmat\/#\/schema\/logo\/image\/","url":"https:\/\/www.minesparis.psl.eu\/cmat\/wp-content\/uploads\/sites\/25\/2025\/06\/cropped-Logo-Mines-CNRS-scaled-1.png","contentUrl":"https:\/\/www.minesparis.psl.eu\/cmat\/wp-content\/uploads\/sites\/25\/2025\/06\/cropped-Logo-Mines-CNRS-scaled-1.png","width":2479,"height":377,"caption":"Centre des Mat\u00e9riaux Mines Paris - PSL"},"image":{"@id":"https:\/\/www.minesparis.psl.eu\/cmat\/#\/schema\/logo\/image\/"}}]}},"_links":{"self":[{"href":"https:\/\/www.minesparis.psl.eu\/cmat\/wp-json\/wp\/v2\/actualites\/1679","targetHints":{"allow":["GET"]}}],"collection":[{"href":"https:\/\/www.minesparis.psl.eu\/cmat\/wp-json\/wp\/v2\/actualites"}],"about":[{"href":"https:\/\/www.minesparis.psl.eu\/cmat\/wp-json\/wp\/v2\/types\/actualites"}],"wp:featuredmedia":[{"embeddable":true,"href":"https:\/\/www.minesparis.psl.eu\/cmat\/wp-json\/wp\/v2\/media\/1680"}],"wp:attachment":[{"href":"https:\/\/www.minesparis.psl.eu\/cmat\/wp-json\/wp\/v2\/media?parent=1679"}],"wp:term":[{"taxonomy":"actualites-formats","embeddable":true,"href":"https:\/\/www.minesparis.psl.eu\/cmat\/wp-json\/wp\/v2\/actualites-formats?post=1679"},{"taxonomy":"actualites-thematiques","embeddable":true,"href":"https:\/\/www.minesparis.psl.eu\/cmat\/wp-json\/wp\/v2\/actualites-thematiques?post=1679"}],"curies":[{"name":"wp","href":"https:\/\/api.w.org\/{rel}","templated":true}]}}